{"id":4980,"date":"2026-02-27T11:31:51","date_gmt":"2026-02-27T11:31:51","guid":{"rendered":"https:\/\/www.africa-press.net\/fr\/home\/que-revelent-les-echanges-de-macron-avec-des-dirigeants-africains"},"modified":"2026-02-27T12:19:02","modified_gmt":"2026-02-27T12:19:02","slug":"que-revelent-les-echanges-de-macron-avec-des-dirigeants-africains","status":"publish","type":"post","link":"https:\/\/www.africa-press.net\/fr\/articles\/que-revelent-les-echanges-de-macron-avec-des-dirigeants-africains","title":{"rendered":"Que Re\u0301ve\u0300lent les E\u0301Changes de Macron avec des Dirigeants Africains?"},"content":{"rendered":"<div class=\"ap-summary\" dir=\"ltr\" lang=\"fr\">\n<h4>CE Qu\u2019Il Faut Savoir<\/h4>\n<p>Le pr\u00e9sident fran\u00e7ais Emmanuel Macron a entam\u00e9 une s\u00e9rie de rencontres avec des dirigeants africains pour renforcer les partenariats politiques, \u00e9conomiques et s\u00e9curitaires. Ces discussions portent sur des enjeux cruciaux tels que la stabilit\u00e9 en Afrique de l&#8217;Est et l&#8217;augmentation des investissements entre la France et ses partenaires africains.<\/p>\n<\/div>\n<p><span class=\"ap-article-header-tag\"> <strong>Africa-Press. <\/strong> <\/span>Le pre\u0301sident franc\u0327ais Emmanuel Macron a entame\u0301 une se\u0301rie de rencontres bilate\u0301rales au Palais de l&#8217;E\u0301lyse\u0301e, axe\u0301es sur la coope\u0301ration politique, se\u0301curitaire et e\u0301conomique avec plusieurs dirigeants africains, dans le cadre d&#8217;efforts pour renforcer les partenariats franc\u0327ais sur le continent.<\/p>\n<p><b>Partenariat Nouveau avec Madagascar<\/b><\/p>\n<p>Macron a rec\u0327u le pre\u0301sident charge\u0301 du processus de &#8220;re\u0301institutionnalisation&#8221; a\u0300 Madagascar, le colonel Mikae\u0308l Randriarin. Un communique\u0301 commun apre\u0300s la rencontre a indique\u0301 que Macron a salue\u0301 &#8220;les progre\u0300s initiaux dans le processus de re\u0301institutionnalisation&#8221;, affirmant le soutien de Paris pour des e\u0301lections libres dans les deux ans.<\/p>\n<p>Les deux parties ont convenu de lancer un partenariat renouvele\u0301 base\u0301 sur trois axes principaux. Sur le plan politique, Paris a souligne\u0301 l&#8217;importance de soutenir les institutions de transition et de renforcer la stabilite\u0301 inte\u0301rieure. En ce qui concerne l&#8217;e\u0301conomie, les deux parties ont convenu d&#8217;e\u0301largir les projets d&#8217;investissement communs pour contribuer a\u0300 la dynamique de de\u0301veloppement.<\/p>\n<p>Concernant la se\u0301curite\u0301, les deux dirigeants ont confirme\u0301 la poursuite de la coope\u0301ration pour faire face aux de\u0301fis re\u0301gionaux menac\u0327ant la stabilite\u0301 dans l&#8217;oce\u0301an Indien.<\/p>\n<p><b>E\u0301conomie et Se\u0301curite\u0301 avec la Co\u0302te d&#8217;Ivoire<\/b><\/p>\n<p>Macron a rencontre\u0301 le pre\u0301sident de la Co\u0302te d&#8217;Ivoire, Alassane Ouattara, et les discussions ont porte\u0301 sur le renforcement de la coope\u0301ration e\u0301conomique entre les deux pays. Les deux parties ont souligne\u0301 l&#8217;importance d&#8217;augmenter le volume des investissements mutuels et de de\u0301velopper des projets de de\u0301veloppement au service des inte\u0301re\u0302ts des deux parties. Ils ont e\u0301galement aborde\u0301 les questions de se\u0301curite\u0301 re\u0301gionale, notamment en Afrique de l&#8217;Ouest, ou\u0300 la re\u0301gion fait face a\u0300 des de\u0301fis lie\u0301s au terrorisme et a\u0300 la criminalite\u0301 organise\u0301e.<\/p>\n<p><b>Crise en Re\u0301publique De\u0301mocratique du Congo et Lutte pour la Francophonie<\/b><\/p>\n<p>Les rencontres se sont poursuivies avec l&#8217;arrive\u0301e du pre\u0301sident de la Re\u0301publique De\u0301mocratique du Congo, Fe\u0301lix Tshisekedi, lors de leur deuxie\u0300me rencontre en moins d&#8217;un mois.<\/p>\n<p>Les discussions ont eu lieu dans un contexte de monte\u0301e de la crise se\u0301curitaire et humanitaire dans l&#8217;est de la Re\u0301publique De\u0301mocratique du Congo, ou\u0300 les deux parties ont discute\u0301 des de\u0301veloppements sur le terrain dans les provinces du Nord et du Sud-Kivu, ainsi que des moyens de soutenir les efforts de cessez-le-feu entre les forces gouvernementales et les groupes arme\u0301s.<\/p>\n<p>Leurs e\u0301changes ont e\u0301galement porte\u0301 sur les initiatives diplomatiques en cours, y compris la me\u0301diation angolaise, ainsi que le ro\u0302le de la mission des Nations Unies (MONUSCO) dans le soutien a\u0300 la stabilite\u0301 et a\u0300 l&#8217;atte\u0301nuation de la souffrance humanitaire.<\/p>\n<p>Cependant, la dimension se\u0301curitaire n&#8217;e\u0301tait pas le seul sujet de discussion, car Tshisekedi a e\u0301galement souleve\u0301 la candidature de son pays au poste de secre\u0301taire ge\u0301ne\u0301ral de l&#8217;Organisation internationale de la Francophonie, une de\u0301marche qui refle\u0300te le de\u0301sir de Kinshasa de renforcer sa pre\u0301sence dans l&#8217;espace francophone. Les deux parties ont qualifie\u0301 la rencontre de &#8220;constructive&#8221;, soulignant l&#8217;importance de poursuivre la coordination sur les questions bilate\u0301rales et re\u0301gionales.<\/p>\n<p><b>Traits d&#8217;un Partenariat Nouveau<\/b><\/p>\n<p>Ces rencontres successives soule\u0300vent des questions sur la volonte\u0301 de Paris de rede\u0301finir sa politique africaine. Entre le soutien aux processus politiques a\u0300 Madagascar, le renforcement de la coope\u0301ration e\u0301conomique et se\u0301curitaire avec la Co\u0302te d&#8217;Ivoire, et l&#8217;engagement a\u0300 traiter la crise complexe en Re\u0301publique De\u0301mocratique du Congo, la France semble de\u0301sireuse de montrer un nouvel engagement sur le continent.<\/p>\n<p>Ces initiatives pourraient refle\u0301ter une tentative de reconstruire la confiance avec des partenaires africains et de re\u0301affirmer le ro\u0302le de Paris en tant qu&#8217;acteur cle\u0301 dans les questions de se\u0301curite\u0301, de de\u0301veloppement et de francophonie, rede\u0301finissant ainsi les contours du partenariat franco-africain a\u0300 une nouvelle e\u0301tape. Cependant, la France fait face a\u0300 des de\u0301fis dans sa pre\u0301sence en Afrique, notamment en Afrique de l&#8217;Ouest, ou\u0300 son influence a diminue\u0301 face a\u0300 des concurrents internationaux et re\u0301gionaux, ce qui rend ces rencontres un test de sa capacite\u0301 a\u0300 restaurer son influence, avant le sommet France-Afrique pre\u0301vu en mai prochain a\u0300 Nairobi, la capitale kenyane.<\/p>\n<p>Depuis plusieurs anne\u0301es, la France cherche a\u0300 rede\u0301finir sa politique en Afrique, face a\u0300 la monte\u0301e de nouveaux acteurs sur le continent. Les relations historiques entre la France et ses anciennes colonies sont souvent marque\u0301es par des tensions et des de\u0301fis, notamment en matie\u0300re de se\u0301curite\u0301 et de de\u0301veloppement. La re\u0301cente intensification des e\u0301changes entre Macron et les dirigeants africains pourrait signaler une volonte\u0301 de re\u0301tablir la confiance et de renforcer les liens bilate\u0301raux.<\/p>\n<p class=\"ap-article-footer-note\">Retrouvez plus d\u2019actualit\u00e9s et d\u2019analyses sur <span class=\"ap-highlight-country\">l\u2019Afrique<\/span> sur le site <span class=\"ap-highlight-brand\">Africa Press<\/span><\/p>\n","protected":false},"excerpt":{"rendered":"<p>CE Qu\u2019Il Faut Savoir Le pr\u00e9sident fran\u00e7ais Emmanuel Macron a entam\u00e9 une s\u00e9rie de rencontres avec des dirigeants africains pour renforcer les partenariats politiques, \u00e9conomiques et s\u00e9curitaires. Ces discussions portent sur des enjeux cruciaux tels que la stabilit\u00e9 en Afrique de l&#8217;Est et l&#8217;augmentation des investissements entre la France et ses partenaires africains. Africa-Press. Le [&hellip;]<\/p>\n","protected":false},"author":82,"featured_media":4979,"comment_status":"open","ping_status":"closed","sticky":false,"template":"","format":"standard","meta":{"footnotes":""},"categories":[75],"tags":[153,398,519,240,385,384,92],"class_list":["post-4980","post","type-post","status-publish","format-standard","has-post-thumbnail","hentry","category-articles","tag-afrique","tag-cooperation-2","tag-economie-2","tag-lafrique","tag-macron","tag-partenariat","tag-securite"],"yoast_head":"<!-- This site is optimized with the Yoast SEO Premium plugin v26.1 (Yoast SEO v27.0) - https:\/\/yoast.com\/product\/yoast-seo-premium-wordpress\/ -->\n<title>Que Re\u0301ve\u0300lent les E\u0301Changes de Macron avec des Dirigeants Africains? - Africa Press France<\/title>\n<meta name=\"description\" content=\"D\u00e9couvrez comment Macron renforce les partenariats avec les dirigeants africains sur des enjeux politiques et \u00e9conomiques.\" \/>\n<meta name=\"robots\" content=\"index, follow, max-snippet:-1, max-image-preview:large, max-video-preview:-1\" \/>\n<link rel=\"canonical\" href=\"https:\/\/www.africa-press.net\/fr\/articles\/que-revelent-les-echanges-de-macron-avec-des-dirigeants-africains\" \/>\n<meta property=\"og:locale\" content=\"en_US\" \/>\n<meta property=\"og:type\" content=\"article\" \/>\n<meta property=\"og:title\" content=\"Que Re\u0301ve\u0300lent les E\u0301Changes de Macron avec des Dirigeants Africains?\" \/>\n<meta property=\"og:description\" content=\"D\u00e9couvrez comment Macron renforce les partenariats avec les dirigeants africains sur des enjeux politiques et \u00e9conomiques.\" \/>\n<meta property=\"og:url\" content=\"https:\/\/www.africa-press.net\/fr\/articles\/que-revelent-les-echanges-de-macron-avec-des-dirigeants-africains\" \/>\n<meta property=\"og:site_name\" content=\"Africa Press France\" \/>\n<meta property=\"article:published_time\" content=\"2026-02-27T11:31:51+00:00\" \/>\n<meta property=\"article:modified_time\" content=\"2026-02-27T12:19:02+00:00\" \/>\n<meta property=\"og:image\" content=\"https:\/\/static.africa-press.net\/africa-home\/sites\/67\/2026\/02\/sm_1772194673.519546.jpg\" \/>\n\t<meta property=\"og:image:width\" content=\"1556\" \/>\n\t<meta property=\"og:image:height\" content=\"1167\" \/>\n\t<meta property=\"og:image:type\" content=\"image\/jpeg\" \/>\n<meta name=\"author\" content=\"cfeditorfr\" \/>\n<meta name=\"twitter:card\" content=\"summary_large_image\" \/>\n<meta name=\"twitter:label1\" content=\"Written by\" \/>\n\t<meta name=\"twitter:data1\" content=\"cfeditorfr\" \/>\n\t<meta name=\"twitter:label2\" content=\"Est. reading time\" \/>\n\t<meta name=\"twitter:data2\" content=\"4 minutes\" \/>\n<script type=\"application\/ld+json\" class=\"yoast-schema-graph\">{\"@context\":\"https:\/\/schema.org\",\"@graph\":[{\"@type\":\"Article\",\"@id\":\"https:\/\/www.africa-press.net\/fr\/articles\/que-revelent-les-echanges-de-macron-avec-des-dirigeants-africains#article\",\"isPartOf\":{\"@id\":\"https:\/\/www.africa-press.net\/fr\/articles\/que-revelent-les-echanges-de-macron-avec-des-dirigeants-africains\"},\"author\":{\"name\":\"cfeditorfr\",\"@id\":\"https:\/\/www.africa-press.net\/fr\/#\/schema\/person\/2b1cf3cd81a31e3cd26889ca66d677f1\"},\"headline\":\"Que Re\u0301ve\u0300lent les E\u0301Changes de Macron avec des Dirigeants Africains?\",\"datePublished\":\"2026-02-27T11:31:51+00:00\",\"dateModified\":\"2026-02-27T12:19:02+00:00\",\"mainEntityOfPage\":{\"@id\":\"https:\/\/www.africa-press.net\/fr\/articles\/que-revelent-les-echanges-de-macron-avec-des-dirigeants-africains\"},\"wordCount\":937,\"commentCount\":0,\"image\":{\"@id\":\"https:\/\/www.africa-press.net\/fr\/articles\/que-revelent-les-echanges-de-macron-avec-des-dirigeants-africains#primaryimage\"},\"thumbnailUrl\":\"https:\/\/static.africa-press.net\/africa-home\/sites\/67\/2026\/02\/sm_1772194673.519546.jpg\",\"keywords\":[\"Afrique\",\"cooperation\",\"\u00c9conomie\",\"l\u2019Afrique\",\"Macron\",\"partenariat\",\"s\u00e9curit\u00e9\"],\"articleSection\":[\"Articles\"],\"inLanguage\":\"en-US\",\"potentialAction\":[{\"@type\":\"CommentAction\",\"name\":\"Comment\",\"target\":[\"https:\/\/www.africa-press.net\/fr\/articles\/que-revelent-les-echanges-de-macron-avec-des-dirigeants-africains#respond\"]}]},{\"@type\":\"WebPage\",\"@id\":\"https:\/\/www.africa-press.net\/fr\/articles\/que-revelent-les-echanges-de-macron-avec-des-dirigeants-africains\",\"url\":\"https:\/\/www.africa-press.net\/fr\/articles\/que-revelent-les-echanges-de-macron-avec-des-dirigeants-africains\",\"name\":\"Que Re\u0301ve\u0300lent les E\u0301Changes de Macron avec des Dirigeants Africains? - Africa Press France\",\"isPartOf\":{\"@id\":\"https:\/\/www.africa-press.net\/fr\/#website\"},\"primaryImageOfPage\":{\"@id\":\"https:\/\/www.africa-press.net\/fr\/articles\/que-revelent-les-echanges-de-macron-avec-des-dirigeants-africains#primaryimage\"},\"image\":{\"@id\":\"https:\/\/www.africa-press.net\/fr\/articles\/que-revelent-les-echanges-de-macron-avec-des-dirigeants-africains#primaryimage\"},\"thumbnailUrl\":\"https:\/\/static.africa-press.net\/africa-home\/sites\/67\/2026\/02\/sm_1772194673.519546.jpg\",\"datePublished\":\"2026-02-27T11:31:51+00:00\",\"dateModified\":\"2026-02-27T12:19:02+00:00\",\"author\":{\"@id\":\"https:\/\/www.africa-press.net\/fr\/#\/schema\/person\/2b1cf3cd81a31e3cd26889ca66d677f1\"},\"description\":\"D\u00e9couvrez comment Macron renforce les partenariats avec les dirigeants africains sur des enjeux politiques et \u00e9conomiques.\",\"breadcrumb\":{\"@id\":\"https:\/\/www.africa-press.net\/fr\/articles\/que-revelent-les-echanges-de-macron-avec-des-dirigeants-africains#breadcrumb\"},\"inLanguage\":\"en-US\",\"potentialAction\":[{\"@type\":\"ReadAction\",\"target\":[\"https:\/\/www.africa-press.net\/fr\/articles\/que-revelent-les-echanges-de-macron-avec-des-dirigeants-africains\"]}]},{\"@type\":\"ImageObject\",\"inLanguage\":\"en-US\",\"@id\":\"https:\/\/www.africa-press.net\/fr\/articles\/que-revelent-les-echanges-de-macron-avec-des-dirigeants-africains#primaryimage\",\"url\":\"https:\/\/static.africa-press.net\/africa-home\/sites\/67\/2026\/02\/sm_1772194673.519546.jpg\",\"contentUrl\":\"https:\/\/static.africa-press.net\/africa-home\/sites\/67\/2026\/02\/sm_1772194673.519546.jpg\",\"width\":1556,\"height\":1167,\"caption\":\"Que Re\u0301ve\u0300lent les E\u0301Changes de Macron avec des Dirigeants Africains?\"},{\"@type\":\"BreadcrumbList\",\"@id\":\"https:\/\/www.africa-press.net\/fr\/articles\/que-revelent-les-echanges-de-macron-avec-des-dirigeants-africains#breadcrumb\",\"itemListElement\":[{\"@type\":\"ListItem\",\"position\":1,\"name\":\"Home\",\"item\":\"https:\/\/www.africa-press.net\/fr\/\"},{\"@type\":\"ListItem\",\"position\":2,\"name\":\"Que Re\u0301ve\u0300lent les E\u0301Changes de Macron avec des Dirigeants Africains?\"}]},{\"@type\":\"WebSite\",\"@id\":\"https:\/\/www.africa-press.net\/fr\/#website\",\"url\":\"https:\/\/www.africa-press.net\/fr\/\",\"name\":\"Africa Press France\",\"description\":\"\u0623\u0648\u0644 \u0645\u0648\u0642\u0639 \u0625\u0641\u0631\u064a\u0642\u064a \u064a\u0643\u062a\u0628 \u0628\u0644\u063a\u0629 \u0628\u0644\u062f\u0627\u0646\u0647\",\"potentialAction\":[{\"@type\":\"SearchAction\",\"target\":{\"@type\":\"EntryPoint\",\"urlTemplate\":\"https:\/\/www.africa-press.net\/fr\/?s={search_term_string}\"},\"query-input\":{\"@type\":\"PropertyValueSpecification\",\"valueRequired\":true,\"valueName\":\"search_term_string\"}}],\"inLanguage\":\"en-US\"},{\"@type\":\"Person\",\"@id\":\"https:\/\/www.africa-press.net\/fr\/#\/schema\/person\/2b1cf3cd81a31e3cd26889ca66d677f1\",\"name\":\"cfeditorfr\"}]}<\/script>\n<!-- \/ Yoast SEO Premium plugin. -->","yoast_head_json":{"title":"Que Re\u0301ve\u0300lent les E\u0301Changes de Macron avec des Dirigeants Africains? - Africa Press France","description":"D\u00e9couvrez comment Macron renforce les partenariats avec les dirigeants africains sur des enjeux politiques et \u00e9conomiques.","robots":{"index":"index","follow":"follow","max-snippet":"max-snippet:-1","max-image-preview":"max-image-preview:large","max-video-preview":"max-video-preview:-1"},"canonical":"https:\/\/www.africa-press.net\/fr\/articles\/que-revelent-les-echanges-de-macron-avec-des-dirigeants-africains","og_locale":"en_US","og_type":"article","og_title":"Que Re\u0301ve\u0300lent les E\u0301Changes de Macron avec des Dirigeants Africains?","og_description":"D\u00e9couvrez comment Macron renforce les partenariats avec les dirigeants africains sur des enjeux politiques et \u00e9conomiques.","og_url":"https:\/\/www.africa-press.net\/fr\/articles\/que-revelent-les-echanges-de-macron-avec-des-dirigeants-africains","og_site_name":"Africa Press France","article_published_time":"2026-02-27T11:31:51+00:00","article_modified_time":"2026-02-27T12:19:02+00:00","og_image":[{"width":1556,"height":1167,"url":"https:\/\/static.africa-press.net\/africa-home\/sites\/67\/2026\/02\/sm_1772194673.519546.jpg","type":"image\/jpeg"}],"author":"cfeditorfr","twitter_card":"summary_large_image","twitter_misc":{"Written by":"cfeditorfr","Est. reading time":"4 minutes"},"schema":{"@context":"https:\/\/schema.org","@graph":[{"@type":"Article","@id":"https:\/\/www.africa-press.net\/fr\/articles\/que-revelent-les-echanges-de-macron-avec-des-dirigeants-africains#article","isPartOf":{"@id":"https:\/\/www.africa-press.net\/fr\/articles\/que-revelent-les-echanges-de-macron-avec-des-dirigeants-africains"},"author":{"name":"cfeditorfr","@id":"https:\/\/www.africa-press.net\/fr\/#\/schema\/person\/2b1cf3cd81a31e3cd26889ca66d677f1"},"headline":"Que Re\u0301ve\u0300lent les E\u0301Changes de Macron avec des Dirigeants Africains?","datePublished":"2026-02-27T11:31:51+00:00","dateModified":"2026-02-27T12:19:02+00:00","mainEntityOfPage":{"@id":"https:\/\/www.africa-press.net\/fr\/articles\/que-revelent-les-echanges-de-macron-avec-des-dirigeants-africains"},"wordCount":937,"commentCount":0,"image":{"@id":"https:\/\/www.africa-press.net\/fr\/articles\/que-revelent-les-echanges-de-macron-avec-des-dirigeants-africains#primaryimage"},"thumbnailUrl":"https:\/\/static.africa-press.net\/africa-home\/sites\/67\/2026\/02\/sm_1772194673.519546.jpg","keywords":["Afrique","cooperation","\u00c9conomie","l\u2019Afrique","Macron","partenariat","s\u00e9curit\u00e9"],"articleSection":["Articles"],"inLanguage":"en-US","potentialAction":[{"@type":"CommentAction","name":"Comment","target":["https:\/\/www.africa-press.net\/fr\/articles\/que-revelent-les-echanges-de-macron-avec-des-dirigeants-africains#respond"]}]},{"@type":"WebPage","@id":"https:\/\/www.africa-press.net\/fr\/articles\/que-revelent-les-echanges-de-macron-avec-des-dirigeants-africains","url":"https:\/\/www.africa-press.net\/fr\/articles\/que-revelent-les-echanges-de-macron-avec-des-dirigeants-africains","name":"Que Re\u0301ve\u0300lent les E\u0301Changes de Macron avec des Dirigeants Africains? - Africa Press France","isPartOf":{"@id":"https:\/\/www.africa-press.net\/fr\/#website"},"primaryImageOfPage":{"@id":"https:\/\/www.africa-press.net\/fr\/articles\/que-revelent-les-echanges-de-macron-avec-des-dirigeants-africains#primaryimage"},"image":{"@id":"https:\/\/www.africa-press.net\/fr\/articles\/que-revelent-les-echanges-de-macron-avec-des-dirigeants-africains#primaryimage"},"thumbnailUrl":"https:\/\/static.africa-press.net\/africa-home\/sites\/67\/2026\/02\/sm_1772194673.519546.jpg","datePublished":"2026-02-27T11:31:51+00:00","dateModified":"2026-02-27T12:19:02+00:00","author":{"@id":"https:\/\/www.africa-press.net\/fr\/#\/schema\/person\/2b1cf3cd81a31e3cd26889ca66d677f1"},"description":"D\u00e9couvrez comment Macron renforce les partenariats avec les dirigeants africains sur des enjeux politiques et \u00e9conomiques.","breadcrumb":{"@id":"https:\/\/www.africa-press.net\/fr\/articles\/que-revelent-les-echanges-de-macron-avec-des-dirigeants-africains#breadcrumb"},"inLanguage":"en-US","potentialAction":[{"@type":"ReadAction","target":["https:\/\/www.africa-press.net\/fr\/articles\/que-revelent-les-echanges-de-macron-avec-des-dirigeants-africains"]}]},{"@type":"ImageObject","inLanguage":"en-US","@id":"https:\/\/www.africa-press.net\/fr\/articles\/que-revelent-les-echanges-de-macron-avec-des-dirigeants-africains#primaryimage","url":"https:\/\/static.africa-press.net\/africa-home\/sites\/67\/2026\/02\/sm_1772194673.519546.jpg","contentUrl":"https:\/\/static.africa-press.net\/africa-home\/sites\/67\/2026\/02\/sm_1772194673.519546.jpg","width":1556,"height":1167,"caption":"Que Re\u0301ve\u0300lent les E\u0301Changes de Macron avec des Dirigeants Africains?"},{"@type":"BreadcrumbList","@id":"https:\/\/www.africa-press.net\/fr\/articles\/que-revelent-les-echanges-de-macron-avec-des-dirigeants-africains#breadcrumb","itemListElement":[{"@type":"ListItem","position":1,"name":"Home","item":"https:\/\/www.africa-press.net\/fr\/"},{"@type":"ListItem","position":2,"name":"Que Re\u0301ve\u0300lent les E\u0301Changes de Macron avec des Dirigeants Africains?"}]},{"@type":"WebSite","@id":"https:\/\/www.africa-press.net\/fr\/#website","url":"https:\/\/www.africa-press.net\/fr\/","name":"Africa Press France","description":"\u0623\u0648\u0644 \u0645\u0648\u0642\u0639 \u0625\u0641\u0631\u064a\u0642\u064a \u064a\u0643\u062a\u0628 \u0628\u0644\u063a\u0629 \u0628\u0644\u062f\u0627\u0646\u0647","potentialAction":[{"@type":"SearchAction","target":{"@type":"EntryPoint","urlTemplate":"https:\/\/www.africa-press.net\/fr\/?s={search_term_string}"},"query-input":{"@type":"PropertyValueSpecification","valueRequired":true,"valueName":"search_term_string"}}],"inLanguage":"en-US"},{"@type":"Person","@id":"https:\/\/www.africa-press.net\/fr\/#\/schema\/person\/2b1cf3cd81a31e3cd26889ca66d677f1","name":"cfeditorfr"}]}},"_links":{"self":[{"href":"https:\/\/www.africa-press.net\/fr\/wp-json\/wp\/v2\/posts\/4980","targetHints":{"allow":["GET"]}}],"collection":[{"href":"https:\/\/www.africa-press.net\/fr\/wp-json\/wp\/v2\/posts"}],"about":[{"href":"https:\/\/www.africa-press.net\/fr\/wp-json\/wp\/v2\/types\/post"}],"author":[{"embeddable":true,"href":"https:\/\/www.africa-press.net\/fr\/wp-json\/wp\/v2\/users\/82"}],"replies":[{"embeddable":true,"href":"https:\/\/www.africa-press.net\/fr\/wp-json\/wp\/v2\/comments?post=4980"}],"version-history":[{"count":0,"href":"https:\/\/www.africa-press.net\/fr\/wp-json\/wp\/v2\/posts\/4980\/revisions"}],"wp:featuredmedia":[{"embeddable":true,"href":"https:\/\/www.africa-press.net\/fr\/wp-json\/wp\/v2\/media\/4979"}],"wp:attachment":[{"href":"https:\/\/www.africa-press.net\/fr\/wp-json\/wp\/v2\/media?parent=4980"}],"wp:term":[{"taxonomy":"category","embeddable":true,"href":"https:\/\/www.africa-press.net\/fr\/wp-json\/wp\/v2\/categories?post=4980"},{"taxonomy":"post_tag","embeddable":true,"href":"https:\/\/www.africa-press.net\/fr\/wp-json\/wp\/v2\/tags?post=4980"}],"curies":[{"name":"wp","href":"https:\/\/api.w.org\/{rel}","templated":true}]}}