{"id":4987,"date":"2026-02-27T23:24:34","date_gmt":"2026-02-27T23:24:34","guid":{"rendered":"https:\/\/www.africa-press.net\/fr\/home\/le-nigeria-fixe-une-date-anticipee-pour-lelection-presidentielle"},"modified":"2026-02-27T23:52:50","modified_gmt":"2026-02-27T23:52:50","slug":"le-nigeria-fixe-une-date-anticipee-pour-lelection-presidentielle","status":"publish","type":"post","link":"https:\/\/www.africa-press.net\/fr\/politique\/le-nigeria-fixe-une-date-anticipee-pour-lelection-presidentielle","title":{"rendered":"Le Nig\u00e9ria Fixe une Date Anticip\u00e9e pour L\u2019\u00e9lection Pr\u00e9sidentielle"},"content":{"rendered":"<div class=\"ap-summary\" dir=\"ltr\" lang=\"fr\">\n<h4>CE Qu\u2019Il Faut Savoir<\/h4>\n<p>La Commission nationale ind\u00e9pendante des \u00e9lections du Nigeria a fix\u00e9 la date des \u00e9lections pr\u00e9sidentielles au 16 janvier 2027. Ce sera la premi\u00e8re fois depuis 1999 que ces \u00e9lections se tiendront en janvier. Les partis politiques doivent organiser leurs \u00e9lections primaires d&#8217;ici mai 2026, avec des \u00e9lections des gouverneurs pr\u00e9vues pour le 6 f\u00e9vrier 2027.<\/p>\n<\/div>\n<p><span class=\"ap-article-header-tag\"> <strong>Africa-Press. <\/strong> <\/span>La Commission nationale inde\u0301pendante des e\u0301lections au Nigeria a annonce\u0301 que les e\u0301lections pre\u0301sidentielles auront lieu le 16 janvier 2027, marquant la premie\u0300re fois que ces e\u0301lections se de\u0301rouleront en janvier depuis le retour a\u0300 un re\u0301gime civil en 1999.<\/p>\n<p>Cette de\u0301cision fait suite a\u0300 l&#8217;annulation de la loi e\u0301lectorale de 2022 et a\u0300 l&#8217;adoption d&#8217;une nouvelle loi en 2026, ce qui a ne\u0301cessite\u0301 des ajustements dans le calendrier des activite\u0301s e\u0301lectorales et a contraint la commission a\u0300 re\u0301organiser les dates. Selon le nouveau calendrier, les e\u0301lections des gouverneurs des E\u0301tats et leurs assemble\u0301es le\u0301gislatives auront lieu le 6 fe\u0301vrier 2027, soit deux semaines apre\u0300s les e\u0301lections fe\u0301de\u0301rales.<\/p>\n<p>Le commissaire national et pre\u0301sident de la commission des me\u0301dias, Mohamed Harouna, a pre\u0301cise\u0301 que les nouvelles dates visent a\u0300 garantir le respect total de la nouvelle loi. Les partis politiques ont e\u0301te\u0301 informe\u0301s de la ne\u0301cessite\u0301 d&#8217;organiser leurs e\u0301lections primaires et de re\u0301soudre leurs diffe\u0301rends entre le 23 avril et le 30 mai 2026, ce qui laisse aux candidats moins de huit mois pour se pre\u0301parer avant le jour du scrutin.<\/p>\n<p>Dans une annonce distincte, la commission a confirme\u0301 que les e\u0301lections de l&#8217;E\u0301tat d&#8217;Osun, initialement pre\u0301vues pour le 8 aou\u0302t 2026, seront reporte\u0301es d&#8217;une semaine et auront lieu le 15 aou\u0302t, notant que certaines pre\u0301parations dans les E\u0301tats d&#8217;Ekiti et d&#8217;Osun avaient de\u0301ja\u0300 commence\u0301 selon l&#8217;ancienne loi, tandis que les activite\u0301s restantes seront mene\u0301es conforme\u0301ment a\u0300 la nouvelle le\u0301gislation.<\/p>\n<p>Depuis le retour a\u0300 un re\u0301gime civil en 1999, le Nigeria a connu plusieurs cycles e\u0301lectoraux, chacun marque\u0301 par des de\u0301fis uniques. Les re\u0301formes e\u0301lectorales ont e\u0301te\u0301 mises en place pour ame\u0301liorer la transparence et l&#8217;inte\u0301grite\u0301 des e\u0301lections, mais des proble\u0300mes persistent, notamment des conflits internes au sein des partis et des pre\u0301occupations concernant la se\u0301curite\u0301 pendant les e\u0301lections. La nouvelle loi e\u0301lectorale de 2026 vise a\u0300 re\u0301pondre a\u0300 ces de\u0301fis en re\u0301visant les de\u0301lais et les proce\u0301dures e\u0301lectorales.<\/p>\n<p class=\"ap-article-footer-note\">Retrouvez plus d\u2019actualit\u00e9s et d\u2019analyses sur <span class=\"ap-highlight-country\">l\u2019Afrique<\/span> sur le site <span class=\"ap-highlight-brand\">Africa Press<\/span><\/p>\n","protected":false},"excerpt":{"rendered":"<p>CE Qu\u2019Il Faut Savoir La Commission nationale ind\u00e9pendante des \u00e9lections du Nigeria a fix\u00e9 la date des \u00e9lections pr\u00e9sidentielles au 16 janvier 2027. Ce sera la premi\u00e8re fois depuis 1999 que ces \u00e9lections se tiendront en janvier. Les partis politiques doivent organiser leurs \u00e9lections primaires d&#8217;ici mai 2026, avec des \u00e9lections des gouverneurs pr\u00e9vues pour [&hellip;]<\/p>\n","protected":false},"author":82,"featured_media":4986,"comment_status":"open","ping_status":"closed","sticky":false,"template":"","format":"standard","meta":{"footnotes":""},"categories":[73],"tags":[986,539,240,269,1159,969],"class_list":["post-4987","post","type-post","status-publish","format-standard","has-post-thumbnail","hentry","category-politique","tag-986","tag-elections-3","tag-lafrique","tag-nigeria-2","tag-presidentielles","tag-reforme"],"yoast_head":"<!-- This site is optimized with the Yoast SEO Premium plugin v26.1 (Yoast SEO v27.0) - https:\/\/yoast.com\/product\/yoast-seo-premium-wordpress\/ -->\n<title>Le Nig\u00e9ria Fixe une Date Anticip\u00e9e pour L\u2019\u00e9lection Pr\u00e9sidentielle - Africa Press France<\/title>\n<meta name=\"description\" content=\"Les \u00e9lections pr\u00e9sidentielles au Nigeria auront lieu le 16 janvier 2027, marquant un changement significatif dans le paysage.\" \/>\n<meta name=\"robots\" content=\"index, follow, max-snippet:-1, max-image-preview:large, max-video-preview:-1\" \/>\n<link rel=\"canonical\" href=\"https:\/\/www.africa-press.net\/fr\/politique\/le-nigeria-fixe-une-date-anticipee-pour-lelection-presidentielle\" \/>\n<meta property=\"og:locale\" content=\"en_US\" \/>\n<meta property=\"og:type\" content=\"article\" \/>\n<meta property=\"og:title\" content=\"Le Nig\u00e9ria Fixe une Date Anticip\u00e9e pour L\u2019\u00e9lection Pr\u00e9sidentielle\" \/>\n<meta property=\"og:description\" content=\"Les \u00e9lections pr\u00e9sidentielles au Nigeria auront lieu le 16 janvier 2027, marquant un changement significatif dans le paysage.\" \/>\n<meta property=\"og:url\" content=\"https:\/\/www.africa-press.net\/fr\/politique\/le-nigeria-fixe-une-date-anticipee-pour-lelection-presidentielle\" \/>\n<meta property=\"og:site_name\" content=\"Africa Press France\" \/>\n<meta property=\"article:published_time\" content=\"2026-02-27T23:24:34+00:00\" \/>\n<meta property=\"article:modified_time\" content=\"2026-02-27T23:52:50+00:00\" \/>\n<meta property=\"og:image\" content=\"https:\/\/static.africa-press.net\/africa-home\/sites\/67\/2026\/02\/sm_1772236299.509085.jpg\" \/>\n\t<meta property=\"og:image:width\" content=\"1556\" \/>\n\t<meta property=\"og:image:height\" content=\"1167\" \/>\n\t<meta property=\"og:image:type\" content=\"image\/jpeg\" \/>\n<meta name=\"author\" content=\"cfeditorfr\" \/>\n<meta name=\"twitter:card\" content=\"summary_large_image\" \/>\n<meta name=\"twitter:label1\" content=\"Written by\" \/>\n\t<meta name=\"twitter:data1\" content=\"cfeditorfr\" \/>\n\t<meta name=\"twitter:label2\" content=\"Est. reading time\" \/>\n\t<meta name=\"twitter:data2\" content=\"2 minutes\" \/>\n<script type=\"application\/ld+json\" class=\"yoast-schema-graph\">{\"@context\":\"https:\/\/schema.org\",\"@graph\":[{\"@type\":\"Article\",\"@id\":\"https:\/\/www.africa-press.net\/fr\/politique\/le-nigeria-fixe-une-date-anticipee-pour-lelection-presidentielle#article\",\"isPartOf\":{\"@id\":\"https:\/\/www.africa-press.net\/fr\/politique\/le-nigeria-fixe-une-date-anticipee-pour-lelection-presidentielle\"},\"author\":{\"name\":\"cfeditorfr\",\"@id\":\"https:\/\/www.africa-press.net\/fr\/#\/schema\/person\/2b1cf3cd81a31e3cd26889ca66d677f1\"},\"headline\":\"Le Nig\u00e9ria Fixe une Date Anticip\u00e9e pour L\u2019\u00e9lection Pr\u00e9sidentielle\",\"datePublished\":\"2026-02-27T23:24:34+00:00\",\"dateModified\":\"2026-02-27T23:52:50+00:00\",\"mainEntityOfPage\":{\"@id\":\"https:\/\/www.africa-press.net\/fr\/politique\/le-nigeria-fixe-une-date-anticipee-pour-lelection-presidentielle\"},\"wordCount\":470,\"commentCount\":0,\"image\":{\"@id\":\"https:\/\/www.africa-press.net\/fr\/politique\/le-nigeria-fixe-une-date-anticipee-pour-lelection-presidentielle#primaryimage\"},\"thumbnailUrl\":\"https:\/\/static.africa-press.net\/africa-home\/sites\/67\/2026\/02\/sm_1772236299.509085.jpg\",\"keywords\":[\"2027\",\"\u00c9lections\",\"l\u2019Afrique\",\"Nigeria\",\"pr\u00e9sidentielles\",\"r\u00e9forme\"],\"articleSection\":[\"Politique\"],\"inLanguage\":\"en-US\",\"potentialAction\":[{\"@type\":\"CommentAction\",\"name\":\"Comment\",\"target\":[\"https:\/\/www.africa-press.net\/fr\/politique\/le-nigeria-fixe-une-date-anticipee-pour-lelection-presidentielle#respond\"]}]},{\"@type\":\"WebPage\",\"@id\":\"https:\/\/www.africa-press.net\/fr\/politique\/le-nigeria-fixe-une-date-anticipee-pour-lelection-presidentielle\",\"url\":\"https:\/\/www.africa-press.net\/fr\/politique\/le-nigeria-fixe-une-date-anticipee-pour-lelection-presidentielle\",\"name\":\"Le Nig\u00e9ria Fixe une Date Anticip\u00e9e pour L\u2019\u00e9lection Pr\u00e9sidentielle - Africa Press France\",\"isPartOf\":{\"@id\":\"https:\/\/www.africa-press.net\/fr\/#website\"},\"primaryImageOfPage\":{\"@id\":\"https:\/\/www.africa-press.net\/fr\/politique\/le-nigeria-fixe-une-date-anticipee-pour-lelection-presidentielle#primaryimage\"},\"image\":{\"@id\":\"https:\/\/www.africa-press.net\/fr\/politique\/le-nigeria-fixe-une-date-anticipee-pour-lelection-presidentielle#primaryimage\"},\"thumbnailUrl\":\"https:\/\/static.africa-press.net\/africa-home\/sites\/67\/2026\/02\/sm_1772236299.509085.jpg\",\"datePublished\":\"2026-02-27T23:24:34+00:00\",\"dateModified\":\"2026-02-27T23:52:50+00:00\",\"author\":{\"@id\":\"https:\/\/www.africa-press.net\/fr\/#\/schema\/person\/2b1cf3cd81a31e3cd26889ca66d677f1\"},\"description\":\"Les \u00e9lections pr\u00e9sidentielles au Nigeria auront lieu le 16 janvier 2027, marquant un changement significatif dans le paysage.\",\"breadcrumb\":{\"@id\":\"https:\/\/www.africa-press.net\/fr\/politique\/le-nigeria-fixe-une-date-anticipee-pour-lelection-presidentielle#breadcrumb\"},\"inLanguage\":\"en-US\",\"potentialAction\":[{\"@type\":\"ReadAction\",\"target\":[\"https:\/\/www.africa-press.net\/fr\/politique\/le-nigeria-fixe-une-date-anticipee-pour-lelection-presidentielle\"]}]},{\"@type\":\"ImageObject\",\"inLanguage\":\"en-US\",\"@id\":\"https:\/\/www.africa-press.net\/fr\/politique\/le-nigeria-fixe-une-date-anticipee-pour-lelection-presidentielle#primaryimage\",\"url\":\"https:\/\/static.africa-press.net\/africa-home\/sites\/67\/2026\/02\/sm_1772236299.509085.jpg\",\"contentUrl\":\"https:\/\/static.africa-press.net\/africa-home\/sites\/67\/2026\/02\/sm_1772236299.509085.jpg\",\"width\":1556,\"height\":1167,\"caption\":\"Le Nig\u00e9ria Fixe une Date Anticip\u00e9e pour L\u2019\u00e9lection Pr\u00e9sidentielle\"},{\"@type\":\"BreadcrumbList\",\"@id\":\"https:\/\/www.africa-press.net\/fr\/politique\/le-nigeria-fixe-une-date-anticipee-pour-lelection-presidentielle#breadcrumb\",\"itemListElement\":[{\"@type\":\"ListItem\",\"position\":1,\"name\":\"Home\",\"item\":\"https:\/\/www.africa-press.net\/fr\/\"},{\"@type\":\"ListItem\",\"position\":2,\"name\":\"Le Nig\u00e9ria Fixe une Date Anticip\u00e9e pour L\u2019\u00e9lection Pr\u00e9sidentielle\"}]},{\"@type\":\"WebSite\",\"@id\":\"https:\/\/www.africa-press.net\/fr\/#website\",\"url\":\"https:\/\/www.africa-press.net\/fr\/\",\"name\":\"Africa Press France\",\"description\":\"\u0623\u0648\u0644 \u0645\u0648\u0642\u0639 \u0625\u0641\u0631\u064a\u0642\u064a \u064a\u0643\u062a\u0628 \u0628\u0644\u063a\u0629 \u0628\u0644\u062f\u0627\u0646\u0647\",\"potentialAction\":[{\"@type\":\"SearchAction\",\"target\":{\"@type\":\"EntryPoint\",\"urlTemplate\":\"https:\/\/www.africa-press.net\/fr\/?s={search_term_string}\"},\"query-input\":{\"@type\":\"PropertyValueSpecification\",\"valueRequired\":true,\"valueName\":\"search_term_string\"}}],\"inLanguage\":\"en-US\"},{\"@type\":\"Person\",\"@id\":\"https:\/\/www.africa-press.net\/fr\/#\/schema\/person\/2b1cf3cd81a31e3cd26889ca66d677f1\",\"name\":\"cfeditorfr\"}]}<\/script>\n<!-- \/ Yoast SEO Premium plugin. -->","yoast_head_json":{"title":"Le Nig\u00e9ria Fixe une Date Anticip\u00e9e pour L\u2019\u00e9lection Pr\u00e9sidentielle - Africa Press France","description":"Les \u00e9lections pr\u00e9sidentielles au Nigeria auront lieu le 16 janvier 2027, marquant un changement significatif dans le paysage.","robots":{"index":"index","follow":"follow","max-snippet":"max-snippet:-1","max-image-preview":"max-image-preview:large","max-video-preview":"max-video-preview:-1"},"canonical":"https:\/\/www.africa-press.net\/fr\/politique\/le-nigeria-fixe-une-date-anticipee-pour-lelection-presidentielle","og_locale":"en_US","og_type":"article","og_title":"Le Nig\u00e9ria Fixe une Date Anticip\u00e9e pour L\u2019\u00e9lection Pr\u00e9sidentielle","og_description":"Les \u00e9lections pr\u00e9sidentielles au Nigeria auront lieu le 16 janvier 2027, marquant un changement significatif dans le paysage.","og_url":"https:\/\/www.africa-press.net\/fr\/politique\/le-nigeria-fixe-une-date-anticipee-pour-lelection-presidentielle","og_site_name":"Africa Press France","article_published_time":"2026-02-27T23:24:34+00:00","article_modified_time":"2026-02-27T23:52:50+00:00","og_image":[{"width":1556,"height":1167,"url":"https:\/\/static.africa-press.net\/africa-home\/sites\/67\/2026\/02\/sm_1772236299.509085.jpg","type":"image\/jpeg"}],"author":"cfeditorfr","twitter_card":"summary_large_image","twitter_misc":{"Written by":"cfeditorfr","Est. reading time":"2 minutes"},"schema":{"@context":"https:\/\/schema.org","@graph":[{"@type":"Article","@id":"https:\/\/www.africa-press.net\/fr\/politique\/le-nigeria-fixe-une-date-anticipee-pour-lelection-presidentielle#article","isPartOf":{"@id":"https:\/\/www.africa-press.net\/fr\/politique\/le-nigeria-fixe-une-date-anticipee-pour-lelection-presidentielle"},"author":{"name":"cfeditorfr","@id":"https:\/\/www.africa-press.net\/fr\/#\/schema\/person\/2b1cf3cd81a31e3cd26889ca66d677f1"},"headline":"Le Nig\u00e9ria Fixe une Date Anticip\u00e9e pour L\u2019\u00e9lection Pr\u00e9sidentielle","datePublished":"2026-02-27T23:24:34+00:00","dateModified":"2026-02-27T23:52:50+00:00","mainEntityOfPage":{"@id":"https:\/\/www.africa-press.net\/fr\/politique\/le-nigeria-fixe-une-date-anticipee-pour-lelection-presidentielle"},"wordCount":470,"commentCount":0,"image":{"@id":"https:\/\/www.africa-press.net\/fr\/politique\/le-nigeria-fixe-une-date-anticipee-pour-lelection-presidentielle#primaryimage"},"thumbnailUrl":"https:\/\/static.africa-press.net\/africa-home\/sites\/67\/2026\/02\/sm_1772236299.509085.jpg","keywords":["2027","\u00c9lections","l\u2019Afrique","Nigeria","pr\u00e9sidentielles","r\u00e9forme"],"articleSection":["Politique"],"inLanguage":"en-US","potentialAction":[{"@type":"CommentAction","name":"Comment","target":["https:\/\/www.africa-press.net\/fr\/politique\/le-nigeria-fixe-une-date-anticipee-pour-lelection-presidentielle#respond"]}]},{"@type":"WebPage","@id":"https:\/\/www.africa-press.net\/fr\/politique\/le-nigeria-fixe-une-date-anticipee-pour-lelection-presidentielle","url":"https:\/\/www.africa-press.net\/fr\/politique\/le-nigeria-fixe-une-date-anticipee-pour-lelection-presidentielle","name":"Le Nig\u00e9ria Fixe une Date Anticip\u00e9e pour L\u2019\u00e9lection Pr\u00e9sidentielle - Africa Press France","isPartOf":{"@id":"https:\/\/www.africa-press.net\/fr\/#website"},"primaryImageOfPage":{"@id":"https:\/\/www.africa-press.net\/fr\/politique\/le-nigeria-fixe-une-date-anticipee-pour-lelection-presidentielle#primaryimage"},"image":{"@id":"https:\/\/www.africa-press.net\/fr\/politique\/le-nigeria-fixe-une-date-anticipee-pour-lelection-presidentielle#primaryimage"},"thumbnailUrl":"https:\/\/static.africa-press.net\/africa-home\/sites\/67\/2026\/02\/sm_1772236299.509085.jpg","datePublished":"2026-02-27T23:24:34+00:00","dateModified":"2026-02-27T23:52:50+00:00","author":{"@id":"https:\/\/www.africa-press.net\/fr\/#\/schema\/person\/2b1cf3cd81a31e3cd26889ca66d677f1"},"description":"Les \u00e9lections pr\u00e9sidentielles au Nigeria auront lieu le 16 janvier 2027, marquant un changement significatif dans le paysage.","breadcrumb":{"@id":"https:\/\/www.africa-press.net\/fr\/politique\/le-nigeria-fixe-une-date-anticipee-pour-lelection-presidentielle#breadcrumb"},"inLanguage":"en-US","potentialAction":[{"@type":"ReadAction","target":["https:\/\/www.africa-press.net\/fr\/politique\/le-nigeria-fixe-une-date-anticipee-pour-lelection-presidentielle"]}]},{"@type":"ImageObject","inLanguage":"en-US","@id":"https:\/\/www.africa-press.net\/fr\/politique\/le-nigeria-fixe-une-date-anticipee-pour-lelection-presidentielle#primaryimage","url":"https:\/\/static.africa-press.net\/africa-home\/sites\/67\/2026\/02\/sm_1772236299.509085.jpg","contentUrl":"https:\/\/static.africa-press.net\/africa-home\/sites\/67\/2026\/02\/sm_1772236299.509085.jpg","width":1556,"height":1167,"caption":"Le Nig\u00e9ria Fixe une Date Anticip\u00e9e pour L\u2019\u00e9lection Pr\u00e9sidentielle"},{"@type":"BreadcrumbList","@id":"https:\/\/www.africa-press.net\/fr\/politique\/le-nigeria-fixe-une-date-anticipee-pour-lelection-presidentielle#breadcrumb","itemListElement":[{"@type":"ListItem","position":1,"name":"Home","item":"https:\/\/www.africa-press.net\/fr\/"},{"@type":"ListItem","position":2,"name":"Le Nig\u00e9ria Fixe une Date Anticip\u00e9e pour L\u2019\u00e9lection Pr\u00e9sidentielle"}]},{"@type":"WebSite","@id":"https:\/\/www.africa-press.net\/fr\/#website","url":"https:\/\/www.africa-press.net\/fr\/","name":"Africa Press France","description":"\u0623\u0648\u0644 \u0645\u0648\u0642\u0639 \u0625\u0641\u0631\u064a\u0642\u064a \u064a\u0643\u062a\u0628 \u0628\u0644\u063a\u0629 \u0628\u0644\u062f\u0627\u0646\u0647","potentialAction":[{"@type":"SearchAction","target":{"@type":"EntryPoint","urlTemplate":"https:\/\/www.africa-press.net\/fr\/?s={search_term_string}"},"query-input":{"@type":"PropertyValueSpecification","valueRequired":true,"valueName":"search_term_string"}}],"inLanguage":"en-US"},{"@type":"Person","@id":"https:\/\/www.africa-press.net\/fr\/#\/schema\/person\/2b1cf3cd81a31e3cd26889ca66d677f1","name":"cfeditorfr"}]}},"_links":{"self":[{"href":"https:\/\/www.africa-press.net\/fr\/wp-json\/wp\/v2\/posts\/4987","targetHints":{"allow":["GET"]}}],"collection":[{"href":"https:\/\/www.africa-press.net\/fr\/wp-json\/wp\/v2\/posts"}],"about":[{"href":"https:\/\/www.africa-press.net\/fr\/wp-json\/wp\/v2\/types\/post"}],"author":[{"embeddable":true,"href":"https:\/\/www.africa-press.net\/fr\/wp-json\/wp\/v2\/users\/82"}],"replies":[{"embeddable":true,"href":"https:\/\/www.africa-press.net\/fr\/wp-json\/wp\/v2\/comments?post=4987"}],"version-history":[{"count":0,"href":"https:\/\/www.africa-press.net\/fr\/wp-json\/wp\/v2\/posts\/4987\/revisions"}],"wp:featuredmedia":[{"embeddable":true,"href":"https:\/\/www.africa-press.net\/fr\/wp-json\/wp\/v2\/media\/4986"}],"wp:attachment":[{"href":"https:\/\/www.africa-press.net\/fr\/wp-json\/wp\/v2\/media?parent=4987"}],"wp:term":[{"taxonomy":"category","embeddable":true,"href":"https:\/\/www.africa-press.net\/fr\/wp-json\/wp\/v2\/categories?post=4987"},{"taxonomy":"post_tag","embeddable":true,"href":"https:\/\/www.africa-press.net\/fr\/wp-json\/wp\/v2\/tags?post=4987"}],"curies":[{"name":"wp","href":"https:\/\/api.w.org\/{rel}","templated":true}]}}