{"id":5025,"date":"2026-03-13T22:12:33","date_gmt":"2026-03-13T22:12:33","guid":{"rendered":"https:\/\/www.africa-press.net\/fr\/home\/le-senegal-annonce-la-revision-des-contrats-denergie-et-miniers"},"modified":"2026-03-13T23:39:57","modified_gmt":"2026-03-13T23:39:57","slug":"le-senegal-annonce-la-revision-des-contrats-denergie-et-miniers","status":"publish","type":"post","link":"https:\/\/www.africa-press.net\/fr\/economie\/le-senegal-annonce-la-revision-des-contrats-denergie-et-miniers","title":{"rendered":"Le S\u00e9n\u00e9gal Annonce la R\u00e9vision des Contrats D\u2019\u00e9nergie et Miniers"},"content":{"rendered":"<p><span class=\"ap-article-header-tag\"> <strong>Africa-Press. <\/strong> <\/span>Le Premier ministre se\u0301ne\u0301galais Ousmane Sonko a annonce\u0301 une se\u0301rie de mesures sans pre\u0301ce\u0301dent visant les contrats d\u2019e\u0301nergie et de minerais, affirmant que cette initiative vise a\u0300 \u00ab reconstruire les finances de l\u2019E\u0301tat \u00bb et a\u0300 corriger ce qu\u2019il qualifie de contrats injustes. Dans un discours diffuse\u0301 a\u0300 la te\u0301le\u0301vision, Sonko a de\u0301crit les contrats gaziers signe\u0301s avec la socie\u0301te\u0301 britannique BP comme \u00ab de\u0301se\u0301quilibre\u0301s \u00bb, indiquant que son gouvernement publiera un document de\u0301taille\u0301 sur les contrats re\u0301vise\u0301s dans les secteurs de l\u2019e\u0301nergie, de la pe\u0302che et des infrastructures.<\/p>\n<p>Le gouvernement se\u0301ne\u0301galais a de\u0301ja\u0300 pris plusieurs mesures, dont le gel des comptes de la Socie\u0301te\u0301 se\u0301ne\u0301galaise des industries chimiques, affilie\u0301e au groupe Indorama, jusqu\u2019au paiement d\u2019environ 380 millions d\u2019euros (environ 411 millions de dollars) dus a\u0300 l\u2019E\u0301tat. Les autorite\u0301s ont e\u0301galement annule\u0301 71 licences minie\u0300res, dont 14 licences d\u2019or, pour non-respect des engagements contractuels. Par ailleurs, plusieurs contrats concernant des champs pe\u0301troliers et gaziers offshore ont e\u0301te\u0301 annule\u0301s, avec un rede\u0301coupage de leurs pe\u0301rime\u0300tres conforme\u0301ment aux \u00ab meilleures pratiques internationales \u00bb.<\/p>\n<p>Sonko a aussi re\u0301ve\u0301le\u0301 que les ne\u0301gociations concernant la nationalisation du projet gazier Yakaar-Teranga, exploite\u0301 par Kosmos Energy, sont presque acheve\u0301es. Selon lui, l\u2019E\u0301tat re\u0301cupe\u0301rera le champ \u00ab sans cou\u0302t \u00bb dans les semaines a\u0300 venir. Il a e\u0301galement indique\u0301 que le gouvernement envisage de rene\u0301gocier le projet gazier Greater Tortue Ahmeyim, exploite\u0301 par BP, sans fournir de nouveaux de\u0301tails sur le projet pe\u0301trolier Sangomar, entre\u0301 en production a\u0300 la mi-2024.<\/p>\n<p><b>Crise de la dette et pressions sociales<\/b><\/p>\n<p>Ces mesures interviennent dans un contexte de grave crise de la dette, qui a atteint 132 % du PIB a\u0300 la fin de 2024, selon le Fonds mone\u0301taire international. Ce dernier a suspendu son programme avec Dakar apre\u0300s la de\u0301couverte d\u2019irre\u0301gularite\u0301s dans certaines donne\u0301es financie\u0300res.<\/p>\n<p>Sur le plan inte\u0301rieur, le gouvernement fait face a\u0300 des protestations d\u2019e\u0301tudiants en raison de retards dans le versement des bourses universitaires, ainsi qu\u2019a\u0300 des gre\u0300ves d\u2019enseignants concernant les salaires et la fiscalite\u0301. Les autorite\u0301s ont annonce\u0301 un plan visant a\u0300 fermer 19 agences gouvernementales afin de re\u0301duire les de\u0301penses publiques.<\/p>\n<p>Sonko a affirme\u0301 que la re\u0301vision des contrats se poursuivra tout au long de son mandat, de\u0301clarant: \u00ab Nous sommes en train de transformer comple\u0300tement la manie\u0300re dont les ressources du pays sont ge\u0301re\u0301es \u00bb. Il a ajoute\u0301 que l\u2019objectif est de fournir du gaz a\u0300 des prix plus bas pour l\u2019industrie et les citoyens, afin de stimuler la croissance e\u0301conomique et d\u2019alle\u0301ger le poids de la dette.<\/p>\n<p class=\"ap-article-footer-note\">Retrouvez plus d\u2019actualit\u00e9s et d\u2019analyses sur <span class=\"ap-highlight-country\">l\u2019Afrique<\/span> sur le site <span class=\"ap-highlight-brand\">Africa Press<\/span><\/p>\n","protected":false},"excerpt":{"rendered":"<p>Africa-Press. Le Premier ministre se\u0301ne\u0301galais Ousmane Sonko a annonce\u0301 une se\u0301rie de mesures sans pre\u0301ce\u0301dent visant les contrats d\u2019e\u0301nergie et de minerais, affirmant que cette initiative vise a\u0300 \u00ab reconstruire les finances de l\u2019E\u0301tat \u00bb et a\u0300 corriger ce qu\u2019il qualifie de contrats injustes. Dans un discours diffuse\u0301 a\u0300 la te\u0301le\u0301vision, Sonko a de\u0301crit les [&hellip;]<\/p>\n","protected":false},"author":82,"featured_media":5024,"comment_status":"open","ping_status":"closed","sticky":false,"template":"","format":"standard","meta":{"footnotes":""},"categories":[74],"tags":[240],"class_list":["post-5025","post","type-post","status-publish","format-standard","has-post-thumbnail","hentry","category-economie","tag-lafrique"],"yoast_head":"<!-- This site is optimized with the Yoast SEO Premium plugin v26.1 (Yoast SEO v27.0) - https:\/\/yoast.com\/product\/yoast-seo-premium-wordpress\/ -->\n<title>Le S\u00e9n\u00e9gal Annonce la R\u00e9vision des Contrats D\u2019\u00e9nergie et Miniers - Africa Press France<\/title>\n<meta name=\"description\" content=\"-article-header-tag&quot;&gt; Africa-Press. Le Premier ministre se\u0301ne\u0301galais Ousmane ...\" \/>\n<meta name=\"robots\" content=\"index, follow, max-snippet:-1, max-image-preview:large, max-video-preview:-1\" \/>\n<link rel=\"canonical\" href=\"https:\/\/www.africa-press.net\/fr\/economie\/le-senegal-annonce-la-revision-des-contrats-denergie-et-miniers\" \/>\n<meta property=\"og:locale\" content=\"en_US\" \/>\n<meta property=\"og:type\" content=\"article\" \/>\n<meta property=\"og:title\" content=\"Le S\u00e9n\u00e9gal Annonce la R\u00e9vision des Contrats D\u2019\u00e9nergie et Miniers\" \/>\n<meta property=\"og:description\" content=\"-article-header-tag&quot;&gt; Africa-Press. Le Premier ministre se\u0301ne\u0301galais Ousmane ...\" \/>\n<meta property=\"og:url\" content=\"https:\/\/www.africa-press.net\/fr\/economie\/le-senegal-annonce-la-revision-des-contrats-denergie-et-miniers\" \/>\n<meta property=\"og:site_name\" content=\"Africa Press France\" \/>\n<meta property=\"article:published_time\" content=\"2026-03-13T22:12:33+00:00\" \/>\n<meta property=\"article:modified_time\" content=\"2026-03-13T23:39:57+00:00\" \/>\n<meta property=\"og:image\" content=\"https:\/\/static.africa-press.net\/africa-home\/sites\/67\/2026\/03\/sm_1773445117.264802.jpg\" \/>\n\t<meta property=\"og:image:width\" content=\"1556\" \/>\n\t<meta property=\"og:image:height\" content=\"1167\" \/>\n\t<meta property=\"og:image:type\" content=\"image\/jpeg\" \/>\n<meta name=\"author\" content=\"cfeditorfr\" \/>\n<meta name=\"twitter:card\" content=\"summary_large_image\" \/>\n<meta name=\"twitter:label1\" content=\"Written by\" \/>\n\t<meta name=\"twitter:data1\" content=\"cfeditorfr\" \/>\n\t<meta name=\"twitter:label2\" content=\"Est. reading time\" \/>\n\t<meta name=\"twitter:data2\" content=\"3 minutes\" \/>\n<script type=\"application\/ld+json\" class=\"yoast-schema-graph\">{\"@context\":\"https:\/\/schema.org\",\"@graph\":[{\"@type\":\"Article\",\"@id\":\"https:\/\/www.africa-press.net\/fr\/economie\/le-senegal-annonce-la-revision-des-contrats-denergie-et-miniers#article\",\"isPartOf\":{\"@id\":\"https:\/\/www.africa-press.net\/fr\/economie\/le-senegal-annonce-la-revision-des-contrats-denergie-et-miniers\"},\"author\":{\"name\":\"cfeditorfr\",\"@id\":\"https:\/\/www.africa-press.net\/fr\/#\/schema\/person\/2b1cf3cd81a31e3cd26889ca66d677f1\"},\"headline\":\"Le S\u00e9n\u00e9gal Annonce la R\u00e9vision des Contrats D\u2019\u00e9nergie et Miniers\",\"datePublished\":\"2026-03-13T22:12:33+00:00\",\"dateModified\":\"2026-03-13T23:39:57+00:00\",\"mainEntityOfPage\":{\"@id\":\"https:\/\/www.africa-press.net\/fr\/economie\/le-senegal-annonce-la-revision-des-contrats-denergie-et-miniers\"},\"wordCount\":514,\"commentCount\":0,\"image\":{\"@id\":\"https:\/\/www.africa-press.net\/fr\/economie\/le-senegal-annonce-la-revision-des-contrats-denergie-et-miniers#primaryimage\"},\"thumbnailUrl\":\"https:\/\/static.africa-press.net\/africa-home\/sites\/67\/2026\/03\/sm_1773445117.264802.jpg\",\"keywords\":[\"l\u2019Afrique\"],\"articleSection\":[\"\u00c9conomie\"],\"inLanguage\":\"en-US\",\"potentialAction\":[{\"@type\":\"CommentAction\",\"name\":\"Comment\",\"target\":[\"https:\/\/www.africa-press.net\/fr\/economie\/le-senegal-annonce-la-revision-des-contrats-denergie-et-miniers#respond\"]}]},{\"@type\":\"WebPage\",\"@id\":\"https:\/\/www.africa-press.net\/fr\/economie\/le-senegal-annonce-la-revision-des-contrats-denergie-et-miniers\",\"url\":\"https:\/\/www.africa-press.net\/fr\/economie\/le-senegal-annonce-la-revision-des-contrats-denergie-et-miniers\",\"name\":\"Le S\u00e9n\u00e9gal Annonce la R\u00e9vision des Contrats D\u2019\u00e9nergie et Miniers - Africa Press France\",\"isPartOf\":{\"@id\":\"https:\/\/www.africa-press.net\/fr\/#website\"},\"primaryImageOfPage\":{\"@id\":\"https:\/\/www.africa-press.net\/fr\/economie\/le-senegal-annonce-la-revision-des-contrats-denergie-et-miniers#primaryimage\"},\"image\":{\"@id\":\"https:\/\/www.africa-press.net\/fr\/economie\/le-senegal-annonce-la-revision-des-contrats-denergie-et-miniers#primaryimage\"},\"thumbnailUrl\":\"https:\/\/static.africa-press.net\/africa-home\/sites\/67\/2026\/03\/sm_1773445117.264802.jpg\",\"datePublished\":\"2026-03-13T22:12:33+00:00\",\"dateModified\":\"2026-03-13T23:39:57+00:00\",\"author\":{\"@id\":\"https:\/\/www.africa-press.net\/fr\/#\/schema\/person\/2b1cf3cd81a31e3cd26889ca66d677f1\"},\"description\":\"-article-header-tag\\\"> Africa-Press. Le Premier ministre se\u0301ne\u0301galais Ousmane ...\",\"breadcrumb\":{\"@id\":\"https:\/\/www.africa-press.net\/fr\/economie\/le-senegal-annonce-la-revision-des-contrats-denergie-et-miniers#breadcrumb\"},\"inLanguage\":\"en-US\",\"potentialAction\":[{\"@type\":\"ReadAction\",\"target\":[\"https:\/\/www.africa-press.net\/fr\/economie\/le-senegal-annonce-la-revision-des-contrats-denergie-et-miniers\"]}]},{\"@type\":\"ImageObject\",\"inLanguage\":\"en-US\",\"@id\":\"https:\/\/www.africa-press.net\/fr\/economie\/le-senegal-annonce-la-revision-des-contrats-denergie-et-miniers#primaryimage\",\"url\":\"https:\/\/static.africa-press.net\/africa-home\/sites\/67\/2026\/03\/sm_1773445117.264802.jpg\",\"contentUrl\":\"https:\/\/static.africa-press.net\/africa-home\/sites\/67\/2026\/03\/sm_1773445117.264802.jpg\",\"width\":1556,\"height\":1167,\"caption\":\"Le S\u00e9n\u00e9gal Annonce la R\u00e9vision des Contrats D\u2019\u00e9nergie et Miniers\"},{\"@type\":\"BreadcrumbList\",\"@id\":\"https:\/\/www.africa-press.net\/fr\/economie\/le-senegal-annonce-la-revision-des-contrats-denergie-et-miniers#breadcrumb\",\"itemListElement\":[{\"@type\":\"ListItem\",\"position\":1,\"name\":\"Home\",\"item\":\"https:\/\/www.africa-press.net\/fr\/\"},{\"@type\":\"ListItem\",\"position\":2,\"name\":\"Le S\u00e9n\u00e9gal Annonce la R\u00e9vision des Contrats D\u2019\u00e9nergie et Miniers\"}]},{\"@type\":\"WebSite\",\"@id\":\"https:\/\/www.africa-press.net\/fr\/#website\",\"url\":\"https:\/\/www.africa-press.net\/fr\/\",\"name\":\"Africa Press France\",\"description\":\"\u0623\u0648\u0644 \u0645\u0648\u0642\u0639 \u0625\u0641\u0631\u064a\u0642\u064a \u064a\u0643\u062a\u0628 \u0628\u0644\u063a\u0629 \u0628\u0644\u062f\u0627\u0646\u0647\",\"potentialAction\":[{\"@type\":\"SearchAction\",\"target\":{\"@type\":\"EntryPoint\",\"urlTemplate\":\"https:\/\/www.africa-press.net\/fr\/?s={search_term_string}\"},\"query-input\":{\"@type\":\"PropertyValueSpecification\",\"valueRequired\":true,\"valueName\":\"search_term_string\"}}],\"inLanguage\":\"en-US\"},{\"@type\":\"Person\",\"@id\":\"https:\/\/www.africa-press.net\/fr\/#\/schema\/person\/2b1cf3cd81a31e3cd26889ca66d677f1\",\"name\":\"cfeditorfr\"}]}<\/script>\n<!-- \/ Yoast SEO Premium plugin. -->","yoast_head_json":{"title":"Le S\u00e9n\u00e9gal Annonce la R\u00e9vision des Contrats D\u2019\u00e9nergie et Miniers - Africa Press France","description":"-article-header-tag\"> Africa-Press. Le Premier ministre se\u0301ne\u0301galais Ousmane ...","robots":{"index":"index","follow":"follow","max-snippet":"max-snippet:-1","max-image-preview":"max-image-preview:large","max-video-preview":"max-video-preview:-1"},"canonical":"https:\/\/www.africa-press.net\/fr\/economie\/le-senegal-annonce-la-revision-des-contrats-denergie-et-miniers","og_locale":"en_US","og_type":"article","og_title":"Le S\u00e9n\u00e9gal Annonce la R\u00e9vision des Contrats D\u2019\u00e9nergie et Miniers","og_description":"-article-header-tag\"> Africa-Press. Le Premier ministre se\u0301ne\u0301galais Ousmane ...","og_url":"https:\/\/www.africa-press.net\/fr\/economie\/le-senegal-annonce-la-revision-des-contrats-denergie-et-miniers","og_site_name":"Africa Press France","article_published_time":"2026-03-13T22:12:33+00:00","article_modified_time":"2026-03-13T23:39:57+00:00","og_image":[{"width":1556,"height":1167,"url":"https:\/\/static.africa-press.net\/africa-home\/sites\/67\/2026\/03\/sm_1773445117.264802.jpg","type":"image\/jpeg"}],"author":"cfeditorfr","twitter_card":"summary_large_image","twitter_misc":{"Written by":"cfeditorfr","Est. reading time":"3 minutes"},"schema":{"@context":"https:\/\/schema.org","@graph":[{"@type":"Article","@id":"https:\/\/www.africa-press.net\/fr\/economie\/le-senegal-annonce-la-revision-des-contrats-denergie-et-miniers#article","isPartOf":{"@id":"https:\/\/www.africa-press.net\/fr\/economie\/le-senegal-annonce-la-revision-des-contrats-denergie-et-miniers"},"author":{"name":"cfeditorfr","@id":"https:\/\/www.africa-press.net\/fr\/#\/schema\/person\/2b1cf3cd81a31e3cd26889ca66d677f1"},"headline":"Le S\u00e9n\u00e9gal Annonce la R\u00e9vision des Contrats D\u2019\u00e9nergie et Miniers","datePublished":"2026-03-13T22:12:33+00:00","dateModified":"2026-03-13T23:39:57+00:00","mainEntityOfPage":{"@id":"https:\/\/www.africa-press.net\/fr\/economie\/le-senegal-annonce-la-revision-des-contrats-denergie-et-miniers"},"wordCount":514,"commentCount":0,"image":{"@id":"https:\/\/www.africa-press.net\/fr\/economie\/le-senegal-annonce-la-revision-des-contrats-denergie-et-miniers#primaryimage"},"thumbnailUrl":"https:\/\/static.africa-press.net\/africa-home\/sites\/67\/2026\/03\/sm_1773445117.264802.jpg","keywords":["l\u2019Afrique"],"articleSection":["\u00c9conomie"],"inLanguage":"en-US","potentialAction":[{"@type":"CommentAction","name":"Comment","target":["https:\/\/www.africa-press.net\/fr\/economie\/le-senegal-annonce-la-revision-des-contrats-denergie-et-miniers#respond"]}]},{"@type":"WebPage","@id":"https:\/\/www.africa-press.net\/fr\/economie\/le-senegal-annonce-la-revision-des-contrats-denergie-et-miniers","url":"https:\/\/www.africa-press.net\/fr\/economie\/le-senegal-annonce-la-revision-des-contrats-denergie-et-miniers","name":"Le S\u00e9n\u00e9gal Annonce la R\u00e9vision des Contrats D\u2019\u00e9nergie et Miniers - Africa Press France","isPartOf":{"@id":"https:\/\/www.africa-press.net\/fr\/#website"},"primaryImageOfPage":{"@id":"https:\/\/www.africa-press.net\/fr\/economie\/le-senegal-annonce-la-revision-des-contrats-denergie-et-miniers#primaryimage"},"image":{"@id":"https:\/\/www.africa-press.net\/fr\/economie\/le-senegal-annonce-la-revision-des-contrats-denergie-et-miniers#primaryimage"},"thumbnailUrl":"https:\/\/static.africa-press.net\/africa-home\/sites\/67\/2026\/03\/sm_1773445117.264802.jpg","datePublished":"2026-03-13T22:12:33+00:00","dateModified":"2026-03-13T23:39:57+00:00","author":{"@id":"https:\/\/www.africa-press.net\/fr\/#\/schema\/person\/2b1cf3cd81a31e3cd26889ca66d677f1"},"description":"-article-header-tag\"> Africa-Press. Le Premier ministre se\u0301ne\u0301galais Ousmane ...","breadcrumb":{"@id":"https:\/\/www.africa-press.net\/fr\/economie\/le-senegal-annonce-la-revision-des-contrats-denergie-et-miniers#breadcrumb"},"inLanguage":"en-US","potentialAction":[{"@type":"ReadAction","target":["https:\/\/www.africa-press.net\/fr\/economie\/le-senegal-annonce-la-revision-des-contrats-denergie-et-miniers"]}]},{"@type":"ImageObject","inLanguage":"en-US","@id":"https:\/\/www.africa-press.net\/fr\/economie\/le-senegal-annonce-la-revision-des-contrats-denergie-et-miniers#primaryimage","url":"https:\/\/static.africa-press.net\/africa-home\/sites\/67\/2026\/03\/sm_1773445117.264802.jpg","contentUrl":"https:\/\/static.africa-press.net\/africa-home\/sites\/67\/2026\/03\/sm_1773445117.264802.jpg","width":1556,"height":1167,"caption":"Le S\u00e9n\u00e9gal Annonce la R\u00e9vision des Contrats D\u2019\u00e9nergie et Miniers"},{"@type":"BreadcrumbList","@id":"https:\/\/www.africa-press.net\/fr\/economie\/le-senegal-annonce-la-revision-des-contrats-denergie-et-miniers#breadcrumb","itemListElement":[{"@type":"ListItem","position":1,"name":"Home","item":"https:\/\/www.africa-press.net\/fr\/"},{"@type":"ListItem","position":2,"name":"Le S\u00e9n\u00e9gal Annonce la R\u00e9vision des Contrats D\u2019\u00e9nergie et Miniers"}]},{"@type":"WebSite","@id":"https:\/\/www.africa-press.net\/fr\/#website","url":"https:\/\/www.africa-press.net\/fr\/","name":"Africa Press France","description":"\u0623\u0648\u0644 \u0645\u0648\u0642\u0639 \u0625\u0641\u0631\u064a\u0642\u064a \u064a\u0643\u062a\u0628 \u0628\u0644\u063a\u0629 \u0628\u0644\u062f\u0627\u0646\u0647","potentialAction":[{"@type":"SearchAction","target":{"@type":"EntryPoint","urlTemplate":"https:\/\/www.africa-press.net\/fr\/?s={search_term_string}"},"query-input":{"@type":"PropertyValueSpecification","valueRequired":true,"valueName":"search_term_string"}}],"inLanguage":"en-US"},{"@type":"Person","@id":"https:\/\/www.africa-press.net\/fr\/#\/schema\/person\/2b1cf3cd81a31e3cd26889ca66d677f1","name":"cfeditorfr"}]}},"_links":{"self":[{"href":"https:\/\/www.africa-press.net\/fr\/wp-json\/wp\/v2\/posts\/5025","targetHints":{"allow":["GET"]}}],"collection":[{"href":"https:\/\/www.africa-press.net\/fr\/wp-json\/wp\/v2\/posts"}],"about":[{"href":"https:\/\/www.africa-press.net\/fr\/wp-json\/wp\/v2\/types\/post"}],"author":[{"embeddable":true,"href":"https:\/\/www.africa-press.net\/fr\/wp-json\/wp\/v2\/users\/82"}],"replies":[{"embeddable":true,"href":"https:\/\/www.africa-press.net\/fr\/wp-json\/wp\/v2\/comments?post=5025"}],"version-history":[{"count":0,"href":"https:\/\/www.africa-press.net\/fr\/wp-json\/wp\/v2\/posts\/5025\/revisions"}],"wp:featuredmedia":[{"embeddable":true,"href":"https:\/\/www.africa-press.net\/fr\/wp-json\/wp\/v2\/media\/5024"}],"wp:attachment":[{"href":"https:\/\/www.africa-press.net\/fr\/wp-json\/wp\/v2\/media?parent=5025"}],"wp:term":[{"taxonomy":"category","embeddable":true,"href":"https:\/\/www.africa-press.net\/fr\/wp-json\/wp\/v2\/categories?post=5025"},{"taxonomy":"post_tag","embeddable":true,"href":"https:\/\/www.africa-press.net\/fr\/wp-json\/wp\/v2\/tags?post=5025"}],"curies":[{"name":"wp","href":"https:\/\/api.w.org\/{rel}","templated":true}]}}