{"id":5070,"date":"2026-04-25T08:59:40","date_gmt":"2026-04-25T08:59:40","guid":{"rendered":"https:\/\/www.africa-press.net\/fr\/home\/afflux-de-refugies-au-tchad-provoque-epidemies"},"modified":"2026-04-25T09:07:44","modified_gmt":"2026-04-25T09:07:44","slug":"afflux-de-refugies-au-tchad-provoque-epidemies","status":"publish","type":"post","link":"https:\/\/www.africa-press.net\/fr\/politique\/afflux-de-refugies-au-tchad-provoque-epidemies","title":{"rendered":"Afflux de R\u00e9fugi\u00e9s au Tchad Provoque \u00c9pid\u00e9mies"},"content":{"rendered":"<p><span class=\"ap-article-header-tag\"> <strong>Africa-Press. <\/strong> <\/span><b>L&#8217;est du Tchad est confronte\u0301 a\u0300 une double e\u0301pide\u0301mie de me\u0301ningite et de rougeole, a de\u0301clare\u0301 jeudi l&#8217;organisation me\u0301dicale humanitaire Me\u0301decins Sans Frontie\u0300res (MSF), alors qu&#8217;un grand nombre de re\u0301fugie\u0301s affluent depuis le Soudan.<\/b><\/p>\n<p>La guerre civile au Soudan entre l&#8217;arme\u0301e et les Forces de soutien rapide (RSF), une milice paramilitaire, a fait des dizaines de milliers de morts depuis avril 2023 et de\u0301place\u0301 plus de 12 millions de personnes, dont pre\u0300s d&#8217;un million ont fui vers le Tchad, selon les Nations unies.<\/p>\n<p>Le Tchad a ferme\u0301 sa frontie\u0300re avec le Soudan en fe\u0301vrier a\u0300 la suite d&#8217;incursions des FSR.<\/p>\n<p>\u00ab L&#8217;arrive\u0301e continue de familles de re\u0301fugie\u0301s en provenance du Soudan, ou\u0300 des e\u0301pide\u0301mies de rougeole et de me\u0301ningite sont en cours \u00bb, alimente la flambe\u0301e des cas de me\u0301ningite et de rougeole dans les zones frontalie\u0300res de l&#8217;est du Tchad, a de\u0301clare\u0301 MSF.<\/p>\n<p>\u00ab Dans les camps, la surpopulation, l&#8217;acce\u0300s limite\u0301 a\u0300 l&#8217;eau et aux soins de sante\u0301, ainsi que la malnutrition facilitent la transmission rapide et augmentent le risque de complications graves, en particulier chez les enfants de moins de cinq ans. \u00bb<\/p>\n<p>L&#8217;organisation a indique\u0301 qu&#8217;a\u0300 Adre, pre\u0300s de la frontie\u0300re, les cas de rougeole e\u0301taient passe\u0301s de 16 en janvier a\u0300 371 en mars, avec 161 cas enregistre\u0301s au cours des deux premie\u0300res semaines d&#8217;avril.<\/p>\n<p>Les cas de me\u0301ningite sont passe\u0301s de 18 en janvier a\u0300 109 en mars et a\u0300 101 a\u0300 la mi-avril.<\/p>\n<p>\u00ab Chaque jour, nous voyons arriver des enfants atteints de rougeole grave, souvent complique\u0301e par une pneumonie, qui ne\u0301cessitent une hospitalisation d\u2019urgence \u00bb, a de\u0301clare\u0301 Isabelle Kavira, responsable des activite\u0301s me\u0301dicales de MSF a\u0300 Adre.<\/p>\n<p>\u00ab Paralle\u0300lement, le taux d\u2019occupation des lits pour la me\u0301ningite est proche de 100 %, saturant nos capacite\u0301s et compromettant la prise en charge d\u2019autres pathologies. \u00bb<\/p>\n<p>L&#8217;organisation me\u0301dicale humanitaire a indique\u0301 qu&#8217;en trois semaines, le ministe\u0300re de la Sante\u0301 tchadien, avec le soutien de MSF, avait mene\u0301 une campagne de vaccination d&#8217;urgence contre la rougeole aupre\u0300s de plus de 95 500 enfants et contre la me\u0301ningite aupre\u0300s de 337 800 personnes.<\/p>\n<p>Cependant, les perturbations dans la chai\u0302ne du froid ne\u0301cessaire a\u0300 la conservation des doses de vaccin et les lacunes dans la vaccination syste\u0301matique \u00ab laissent des populations entie\u0300res expose\u0301es \u00bb, a averti MSF.<\/p>\n<p>Sans un renforcement de la vaccination syste\u0301matique, \u00ab les campagnes re\u0301actives seules ne suffiront pas \u00bb, a-t-elle de\u0301clare\u0301.<\/p>\n<p>Longue de pre\u0300s de 1 400 kilome\u0300tres et situe\u0301e dans une re\u0301gion de\u0301sertique, la frontie\u0300re entre le Tchad et le Soudan est poreuse et difficile a\u0300 contro\u0302ler.<\/p>\n<p class=\"ap-article-footer-note\">Retrouvez plus d\u2019actualit\u00e9s et d\u2019analyses sur <span class=\"ap-highlight-country\">l\u2019Afrique<\/span> sur le site <span class=\"ap-highlight-brand\">Africa Press<\/span><\/p>\n","protected":false},"excerpt":{"rendered":"<p>Africa-Press. L&#8217;est du Tchad est confronte\u0301 a\u0300 une double e\u0301pide\u0301mie de me\u0301ningite et de rougeole, a de\u0301clare\u0301 jeudi l&#8217;organisation me\u0301dicale humanitaire Me\u0301decins Sans Frontie\u0300res (MSF), alors qu&#8217;un grand nombre de re\u0301fugie\u0301s affluent depuis le Soudan. La guerre civile au Soudan entre l&#8217;arme\u0301e et les Forces de soutien rapide (RSF), une milice paramilitaire, a fait des [&hellip;]<\/p>\n","protected":false},"author":82,"featured_media":5068,"comment_status":"open","ping_status":"closed","sticky":false,"template":"","format":"standard","meta":{"footnotes":""},"categories":[73],"tags":[589,240,262,1174,507],"class_list":["post-5070","post","type-post","status-publish","format-standard","has-post-thumbnail","hentry","category-politique","tag-guerre-civile","tag-lafrique","tag-refugies","tag-rougeole","tag-soudan"],"yoast_head":"<!-- This site is optimized with the Yoast SEO Premium plugin v26.1 (Yoast SEO v27.0) - https:\/\/yoast.com\/product\/yoast-seo-premium-wordpress\/ -->\n<title>Afflux de R\u00e9fugi\u00e9s au Tchad Provoque \u00c9pid\u00e9mies - Africa Press France<\/title>\n<meta name=\"description\" content=\"-article-header-tag&quot;&gt; Africa-Press. L&#039;est du Tchad est confronte\u0301 a\u0300 une d ...\" \/>\n<meta name=\"robots\" content=\"index, follow, max-snippet:-1, max-image-preview:large, max-video-preview:-1\" \/>\n<link rel=\"canonical\" href=\"https:\/\/www.africa-press.net\/fr\/politique\/afflux-de-refugies-au-tchad-provoque-epidemies\" \/>\n<meta property=\"og:locale\" content=\"en_US\" \/>\n<meta property=\"og:type\" content=\"article\" \/>\n<meta property=\"og:title\" content=\"Afflux de R\u00e9fugi\u00e9s au Tchad Provoque \u00c9pid\u00e9mies\" \/>\n<meta property=\"og:description\" content=\"-article-header-tag&quot;&gt; Africa-Press. L&#039;est du Tchad est confronte\u0301 a\u0300 une d ...\" \/>\n<meta property=\"og:url\" content=\"https:\/\/www.africa-press.net\/fr\/politique\/afflux-de-refugies-au-tchad-provoque-epidemies\" \/>\n<meta property=\"og:site_name\" content=\"Africa Press France\" \/>\n<meta property=\"article:published_time\" content=\"2026-04-25T08:59:40+00:00\" \/>\n<meta property=\"article:modified_time\" content=\"2026-04-25T09:07:44+00:00\" \/>\n<meta property=\"og:image\" content=\"https:\/\/static.africa-press.net\/africa-home\/sites\/67\/2026\/04\/sm_1777107978.990243.jpg\" \/>\n\t<meta property=\"og:image:width\" content=\"1024\" \/>\n\t<meta property=\"og:image:height\" content=\"538\" \/>\n\t<meta property=\"og:image:type\" content=\"image\/jpeg\" \/>\n<meta name=\"author\" content=\"cfeditorfr\" \/>\n<meta name=\"twitter:card\" content=\"summary_large_image\" \/>\n<meta name=\"twitter:label1\" content=\"Written by\" \/>\n\t<meta name=\"twitter:data1\" content=\"cfeditorfr\" \/>\n\t<meta name=\"twitter:label2\" content=\"Est. reading time\" \/>\n\t<meta name=\"twitter:data2\" content=\"3 minutes\" \/>\n<script type=\"application\/ld+json\" class=\"yoast-schema-graph\">{\"@context\":\"https:\/\/schema.org\",\"@graph\":[{\"@type\":\"Article\",\"@id\":\"https:\/\/www.africa-press.net\/fr\/politique\/afflux-de-refugies-au-tchad-provoque-epidemies#article\",\"isPartOf\":{\"@id\":\"https:\/\/www.africa-press.net\/fr\/politique\/afflux-de-refugies-au-tchad-provoque-epidemies\"},\"author\":{\"name\":\"cfeditorfr\",\"@id\":\"https:\/\/www.africa-press.net\/fr\/#\/schema\/person\/2b1cf3cd81a31e3cd26889ca66d677f1\"},\"headline\":\"Afflux de R\u00e9fugi\u00e9s au Tchad Provoque \u00c9pid\u00e9mies\",\"datePublished\":\"2026-04-25T08:59:40+00:00\",\"dateModified\":\"2026-04-25T09:07:44+00:00\",\"mainEntityOfPage\":{\"@id\":\"https:\/\/www.africa-press.net\/fr\/politique\/afflux-de-refugies-au-tchad-provoque-epidemies\"},\"wordCount\":503,\"commentCount\":0,\"image\":{\"@id\":\"https:\/\/www.africa-press.net\/fr\/politique\/afflux-de-refugies-au-tchad-provoque-epidemies#primaryimage\"},\"thumbnailUrl\":\"https:\/\/static.africa-press.net\/africa-home\/sites\/67\/2026\/04\/sm_1777107978.990243.jpg\",\"keywords\":[\"guerre civile\",\"l\u2019Afrique\",\"r\u00e9fugi\u00e9s\",\"Rougeole\",\"Soudan\"],\"articleSection\":[\"Politique\"],\"inLanguage\":\"en-US\",\"potentialAction\":[{\"@type\":\"CommentAction\",\"name\":\"Comment\",\"target\":[\"https:\/\/www.africa-press.net\/fr\/politique\/afflux-de-refugies-au-tchad-provoque-epidemies#respond\"]}]},{\"@type\":\"WebPage\",\"@id\":\"https:\/\/www.africa-press.net\/fr\/politique\/afflux-de-refugies-au-tchad-provoque-epidemies\",\"url\":\"https:\/\/www.africa-press.net\/fr\/politique\/afflux-de-refugies-au-tchad-provoque-epidemies\",\"name\":\"Afflux de R\u00e9fugi\u00e9s au Tchad Provoque \u00c9pid\u00e9mies - Africa Press France\",\"isPartOf\":{\"@id\":\"https:\/\/www.africa-press.net\/fr\/#website\"},\"primaryImageOfPage\":{\"@id\":\"https:\/\/www.africa-press.net\/fr\/politique\/afflux-de-refugies-au-tchad-provoque-epidemies#primaryimage\"},\"image\":{\"@id\":\"https:\/\/www.africa-press.net\/fr\/politique\/afflux-de-refugies-au-tchad-provoque-epidemies#primaryimage\"},\"thumbnailUrl\":\"https:\/\/static.africa-press.net\/africa-home\/sites\/67\/2026\/04\/sm_1777107978.990243.jpg\",\"datePublished\":\"2026-04-25T08:59:40+00:00\",\"dateModified\":\"2026-04-25T09:07:44+00:00\",\"author\":{\"@id\":\"https:\/\/www.africa-press.net\/fr\/#\/schema\/person\/2b1cf3cd81a31e3cd26889ca66d677f1\"},\"description\":\"-article-header-tag\\\"> Africa-Press. L'est du Tchad est confronte\u0301 a\u0300 une d ...\",\"breadcrumb\":{\"@id\":\"https:\/\/www.africa-press.net\/fr\/politique\/afflux-de-refugies-au-tchad-provoque-epidemies#breadcrumb\"},\"inLanguage\":\"en-US\",\"potentialAction\":[{\"@type\":\"ReadAction\",\"target\":[\"https:\/\/www.africa-press.net\/fr\/politique\/afflux-de-refugies-au-tchad-provoque-epidemies\"]}]},{\"@type\":\"ImageObject\",\"inLanguage\":\"en-US\",\"@id\":\"https:\/\/www.africa-press.net\/fr\/politique\/afflux-de-refugies-au-tchad-provoque-epidemies#primaryimage\",\"url\":\"https:\/\/static.africa-press.net\/africa-home\/sites\/67\/2026\/04\/sm_1777107978.990243.jpg\",\"contentUrl\":\"https:\/\/static.africa-press.net\/africa-home\/sites\/67\/2026\/04\/sm_1777107978.990243.jpg\",\"width\":1024,\"height\":538,\"caption\":\"Afflux de R\u00e9fugi\u00e9s au Tchad Provoque \u00c9pid\u00e9mies\"},{\"@type\":\"BreadcrumbList\",\"@id\":\"https:\/\/www.africa-press.net\/fr\/politique\/afflux-de-refugies-au-tchad-provoque-epidemies#breadcrumb\",\"itemListElement\":[{\"@type\":\"ListItem\",\"position\":1,\"name\":\"Home\",\"item\":\"https:\/\/www.africa-press.net\/fr\/\"},{\"@type\":\"ListItem\",\"position\":2,\"name\":\"Afflux de R\u00e9fugi\u00e9s au Tchad Provoque \u00c9pid\u00e9mies\"}]},{\"@type\":\"WebSite\",\"@id\":\"https:\/\/www.africa-press.net\/fr\/#website\",\"url\":\"https:\/\/www.africa-press.net\/fr\/\",\"name\":\"Africa Press France\",\"description\":\"\u0623\u0648\u0644 \u0645\u0648\u0642\u0639 \u0625\u0641\u0631\u064a\u0642\u064a \u064a\u0643\u062a\u0628 \u0628\u0644\u063a\u0629 \u0628\u0644\u062f\u0627\u0646\u0647\",\"potentialAction\":[{\"@type\":\"SearchAction\",\"target\":{\"@type\":\"EntryPoint\",\"urlTemplate\":\"https:\/\/www.africa-press.net\/fr\/?s={search_term_string}\"},\"query-input\":{\"@type\":\"PropertyValueSpecification\",\"valueRequired\":true,\"valueName\":\"search_term_string\"}}],\"inLanguage\":\"en-US\"},{\"@type\":\"Person\",\"@id\":\"https:\/\/www.africa-press.net\/fr\/#\/schema\/person\/2b1cf3cd81a31e3cd26889ca66d677f1\",\"name\":\"cfeditorfr\"}]}<\/script>\n<!-- \/ Yoast SEO Premium plugin. -->","yoast_head_json":{"title":"Afflux de R\u00e9fugi\u00e9s au Tchad Provoque \u00c9pid\u00e9mies - Africa Press France","description":"-article-header-tag\"> Africa-Press. L'est du Tchad est confronte\u0301 a\u0300 une d ...","robots":{"index":"index","follow":"follow","max-snippet":"max-snippet:-1","max-image-preview":"max-image-preview:large","max-video-preview":"max-video-preview:-1"},"canonical":"https:\/\/www.africa-press.net\/fr\/politique\/afflux-de-refugies-au-tchad-provoque-epidemies","og_locale":"en_US","og_type":"article","og_title":"Afflux de R\u00e9fugi\u00e9s au Tchad Provoque \u00c9pid\u00e9mies","og_description":"-article-header-tag\"> Africa-Press. L'est du Tchad est confronte\u0301 a\u0300 une d ...","og_url":"https:\/\/www.africa-press.net\/fr\/politique\/afflux-de-refugies-au-tchad-provoque-epidemies","og_site_name":"Africa Press France","article_published_time":"2026-04-25T08:59:40+00:00","article_modified_time":"2026-04-25T09:07:44+00:00","og_image":[{"width":1024,"height":538,"url":"https:\/\/static.africa-press.net\/africa-home\/sites\/67\/2026\/04\/sm_1777107978.990243.jpg","type":"image\/jpeg"}],"author":"cfeditorfr","twitter_card":"summary_large_image","twitter_misc":{"Written by":"cfeditorfr","Est. reading time":"3 minutes"},"schema":{"@context":"https:\/\/schema.org","@graph":[{"@type":"Article","@id":"https:\/\/www.africa-press.net\/fr\/politique\/afflux-de-refugies-au-tchad-provoque-epidemies#article","isPartOf":{"@id":"https:\/\/www.africa-press.net\/fr\/politique\/afflux-de-refugies-au-tchad-provoque-epidemies"},"author":{"name":"cfeditorfr","@id":"https:\/\/www.africa-press.net\/fr\/#\/schema\/person\/2b1cf3cd81a31e3cd26889ca66d677f1"},"headline":"Afflux de R\u00e9fugi\u00e9s au Tchad Provoque \u00c9pid\u00e9mies","datePublished":"2026-04-25T08:59:40+00:00","dateModified":"2026-04-25T09:07:44+00:00","mainEntityOfPage":{"@id":"https:\/\/www.africa-press.net\/fr\/politique\/afflux-de-refugies-au-tchad-provoque-epidemies"},"wordCount":503,"commentCount":0,"image":{"@id":"https:\/\/www.africa-press.net\/fr\/politique\/afflux-de-refugies-au-tchad-provoque-epidemies#primaryimage"},"thumbnailUrl":"https:\/\/static.africa-press.net\/africa-home\/sites\/67\/2026\/04\/sm_1777107978.990243.jpg","keywords":["guerre civile","l\u2019Afrique","r\u00e9fugi\u00e9s","Rougeole","Soudan"],"articleSection":["Politique"],"inLanguage":"en-US","potentialAction":[{"@type":"CommentAction","name":"Comment","target":["https:\/\/www.africa-press.net\/fr\/politique\/afflux-de-refugies-au-tchad-provoque-epidemies#respond"]}]},{"@type":"WebPage","@id":"https:\/\/www.africa-press.net\/fr\/politique\/afflux-de-refugies-au-tchad-provoque-epidemies","url":"https:\/\/www.africa-press.net\/fr\/politique\/afflux-de-refugies-au-tchad-provoque-epidemies","name":"Afflux de R\u00e9fugi\u00e9s au Tchad Provoque \u00c9pid\u00e9mies - Africa Press France","isPartOf":{"@id":"https:\/\/www.africa-press.net\/fr\/#website"},"primaryImageOfPage":{"@id":"https:\/\/www.africa-press.net\/fr\/politique\/afflux-de-refugies-au-tchad-provoque-epidemies#primaryimage"},"image":{"@id":"https:\/\/www.africa-press.net\/fr\/politique\/afflux-de-refugies-au-tchad-provoque-epidemies#primaryimage"},"thumbnailUrl":"https:\/\/static.africa-press.net\/africa-home\/sites\/67\/2026\/04\/sm_1777107978.990243.jpg","datePublished":"2026-04-25T08:59:40+00:00","dateModified":"2026-04-25T09:07:44+00:00","author":{"@id":"https:\/\/www.africa-press.net\/fr\/#\/schema\/person\/2b1cf3cd81a31e3cd26889ca66d677f1"},"description":"-article-header-tag\"> Africa-Press. L'est du Tchad est confronte\u0301 a\u0300 une d ...","breadcrumb":{"@id":"https:\/\/www.africa-press.net\/fr\/politique\/afflux-de-refugies-au-tchad-provoque-epidemies#breadcrumb"},"inLanguage":"en-US","potentialAction":[{"@type":"ReadAction","target":["https:\/\/www.africa-press.net\/fr\/politique\/afflux-de-refugies-au-tchad-provoque-epidemies"]}]},{"@type":"ImageObject","inLanguage":"en-US","@id":"https:\/\/www.africa-press.net\/fr\/politique\/afflux-de-refugies-au-tchad-provoque-epidemies#primaryimage","url":"https:\/\/static.africa-press.net\/africa-home\/sites\/67\/2026\/04\/sm_1777107978.990243.jpg","contentUrl":"https:\/\/static.africa-press.net\/africa-home\/sites\/67\/2026\/04\/sm_1777107978.990243.jpg","width":1024,"height":538,"caption":"Afflux de R\u00e9fugi\u00e9s au Tchad Provoque \u00c9pid\u00e9mies"},{"@type":"BreadcrumbList","@id":"https:\/\/www.africa-press.net\/fr\/politique\/afflux-de-refugies-au-tchad-provoque-epidemies#breadcrumb","itemListElement":[{"@type":"ListItem","position":1,"name":"Home","item":"https:\/\/www.africa-press.net\/fr\/"},{"@type":"ListItem","position":2,"name":"Afflux de R\u00e9fugi\u00e9s au Tchad Provoque \u00c9pid\u00e9mies"}]},{"@type":"WebSite","@id":"https:\/\/www.africa-press.net\/fr\/#website","url":"https:\/\/www.africa-press.net\/fr\/","name":"Africa Press France","description":"\u0623\u0648\u0644 \u0645\u0648\u0642\u0639 \u0625\u0641\u0631\u064a\u0642\u064a \u064a\u0643\u062a\u0628 \u0628\u0644\u063a\u0629 \u0628\u0644\u062f\u0627\u0646\u0647","potentialAction":[{"@type":"SearchAction","target":{"@type":"EntryPoint","urlTemplate":"https:\/\/www.africa-press.net\/fr\/?s={search_term_string}"},"query-input":{"@type":"PropertyValueSpecification","valueRequired":true,"valueName":"search_term_string"}}],"inLanguage":"en-US"},{"@type":"Person","@id":"https:\/\/www.africa-press.net\/fr\/#\/schema\/person\/2b1cf3cd81a31e3cd26889ca66d677f1","name":"cfeditorfr"}]}},"_links":{"self":[{"href":"https:\/\/www.africa-press.net\/fr\/wp-json\/wp\/v2\/posts\/5070","targetHints":{"allow":["GET"]}}],"collection":[{"href":"https:\/\/www.africa-press.net\/fr\/wp-json\/wp\/v2\/posts"}],"about":[{"href":"https:\/\/www.africa-press.net\/fr\/wp-json\/wp\/v2\/types\/post"}],"author":[{"embeddable":true,"href":"https:\/\/www.africa-press.net\/fr\/wp-json\/wp\/v2\/users\/82"}],"replies":[{"embeddable":true,"href":"https:\/\/www.africa-press.net\/fr\/wp-json\/wp\/v2\/comments?post=5070"}],"version-history":[{"count":1,"href":"https:\/\/www.africa-press.net\/fr\/wp-json\/wp\/v2\/posts\/5070\/revisions"}],"predecessor-version":[{"id":5072,"href":"https:\/\/www.africa-press.net\/fr\/wp-json\/wp\/v2\/posts\/5070\/revisions\/5072"}],"wp:featuredmedia":[{"embeddable":true,"href":"https:\/\/www.africa-press.net\/fr\/wp-json\/wp\/v2\/media\/5068"}],"wp:attachment":[{"href":"https:\/\/www.africa-press.net\/fr\/wp-json\/wp\/v2\/media?parent=5070"}],"wp:term":[{"taxonomy":"category","embeddable":true,"href":"https:\/\/www.africa-press.net\/fr\/wp-json\/wp\/v2\/categories?post=5070"},{"taxonomy":"post_tag","embeddable":true,"href":"https:\/\/www.africa-press.net\/fr\/wp-json\/wp\/v2\/tags?post=5070"}],"curies":[{"name":"wp","href":"https:\/\/api.w.org\/{rel}","templated":true}]}}