{"id":1017,"date":"2021-07-17T18:02:27","date_gmt":"2021-07-17T18:02:27","guid":{"rendered":"https:\/\/www.africa-press.net\/gabon\/?p=1017"},"modified":"2021-07-17T17:59:11","modified_gmt":"2021-07-17T17:59:11","slug":"gabon-guy-patrick-obiang-ndong-lance-le-projet-prevention-covid-19-ssr","status":"publish","type":"post","link":"https:\/\/www.africa-press.net\/gabon\/politique\/gabon-guy-patrick-obiang-ndong-lance-le-projet-prevention-covid-19-ssr","title":{"rendered":"Gabon: Guy Patrick Obiang Ndong lance le projet pr\u00e9vention covid-19\/SSR"},"content":{"rendered":"<p><span style=\"color: #ff6600\"><strong><a href=\"https:\/\/www.africa-press.net\/\">Africa-Press<\/a> &#8211; <a href=\"https:\/\/www.africa-press.net\/gabon\">Gabon<\/a>. <\/strong><\/span><b><b>Initi\u00e9 par l\u2019ONG 3S en collaboration avec l\u2019Association des sages-femmes du Gabon, ce projet qui a commenc\u00e9 dans l\u2019Estuaire, int\u00e8gre six des neufs provinces du Gabon. Il consiste en la remise d\u2019une importante dotation en \u00e9quipements de protection individuelle et d\u2019outils de sensibilisation et de communication \u00e0 huit services de sant\u00e9 maternelle et infantile dans le grand Libreville.<br \/>\n<\/b>Initi\u00e9 par l\u2019ONG 3S en collaboration avec l\u2019Association des sages-femmes du Gabon, ce projet qui a commenc\u00e9 dans l\u2019Estuaire, int\u00e8gre six des neufs provinces du Gabon. Il consiste en la remise d\u2019une importante dotation en \u00e9quipements de protection individuelle et d\u2019outils de sensibilisation et de communication \u00e0 huit services de sant\u00e9 maternelle et infantile dans le grand Libreville.<br \/>\nCe don est essentiellement compos\u00e9 de supports de sensibilisation et de communication dont 12 banderoles pr\u00e9vention covid-19\/SSR, 36 730 flyers pr\u00e9vention covid-19 et 20 000 flyers droits en sant\u00e9 sexuelle et de la reproduction\/contraception, de 4450 surblouses jetables, 18 000 masques, 150 litres de solution hydro alcoolique et de 9600 paires de gants non st\u00e9riles. Il vise \u00e0 offrir un acc\u00e8s s\u00e9curis\u00e9 aux services de planification familiale, de contraception et de d\u00e9pistage du VIH.<br \/>\nSelon le ministre de la Sant\u00e9 Dr. Guy Patrick Obiang Ndong, cet ambitieux projet enti\u00e8rement financ\u00e9 par l\u2019Union europ\u00e9enne vient en appui \u00e0 la riposte nationale contre le covid-19, la sant\u00e9 sexuelle et de la reproduction.<\/b><\/p>\n","protected":false},"excerpt":{"rendered":"<p>Africa-Press &#8211; Gabon. Initi\u00e9 par l\u2019ONG 3S en collaboration avec l\u2019Association des sages-femmes du Gabon, ce projet qui a commenc\u00e9 dans l\u2019Estuaire, int\u00e8gre six des neufs provinces du Gabon. Il consiste en la remise d\u2019une importante dotation en \u00e9quipements de protection individuelle et d\u2019outils de sensibilisation et de communication \u00e0 huit services de sant\u00e9 maternelle [&hellip;]<\/p>\n","protected":false},"author":82,"featured_media":1016,"comment_status":"open","ping_status":"closed","sticky":false,"template":"","format":"standard","meta":{"footnotes":""},"categories":[11,2,10],"tags":[36,50,49,56,71],"class_list":["post-1017","post","type-post","status-publish","format-standard","has-post-thumbnail","hentry","category-homepage-french","category-politique","category-toutes-les-actualites","tag-africa-press","tag-africa-press-gabon","tag-gabon","tag-guy-patrick-obiang-ndong","tag-le-projet-prevention-covid-19-ssr"],"yoast_head":"<!-- This site is optimized with the Yoast SEO Premium plugin v26.1 (Yoast SEO v27.0) - https:\/\/yoast.com\/product\/yoast-seo-premium-wordpress\/ -->\n<title>Gabon: Guy Patrick Obiang Ndong lance le projet pr\u00e9vention covid-19\/SSR - Gabon<\/title>\n<meta name=\"description\" content=\"Initi\u00e9 par l\u2019ONG 3S en collaboration avec l\u2019Association des sages-femmes du Gabon, ce projet qui a commenc\u00e9 dans l ...\" \/>\n<meta name=\"robots\" content=\"index, follow, max-snippet:-1, max-image-preview:large, max-video-preview:-1\" \/>\n<link rel=\"canonical\" href=\"https:\/\/www.africa-press.net\/gabon\/politique\/gabon-guy-patrick-obiang-ndong-lance-le-projet-prevention-covid-19-ssr\" \/>\n<meta property=\"og:locale\" content=\"fr_FR\" \/>\n<meta property=\"og:type\" content=\"article\" \/>\n<meta property=\"og:title\" content=\"Gabon: Guy Patrick Obiang Ndong lance le projet pr\u00e9vention covid-19\/SSR\" \/>\n<meta property=\"og:description\" content=\"Initi\u00e9 par l\u2019ONG 3S en collaboration avec l\u2019Association des sages-femmes du Gabon, ce projet qui a commenc\u00e9 dans l ...\" \/>\n<meta property=\"og:url\" content=\"https:\/\/www.africa-press.net\/gabon\/politique\/gabon-guy-patrick-obiang-ndong-lance-le-projet-prevention-covid-19-ssr\" \/>\n<meta property=\"og:site_name\" content=\"Gabon\" \/>\n<meta property=\"article:published_time\" content=\"2021-07-17T18:02:27+00:00\" \/>\n<meta property=\"og:image\" content=\"https:\/\/static.africa-press.net\/centrafricaine\/sites\/54\/2021\/07\/img-60f31a3663668.jpg\" \/>\n\t<meta property=\"og:image:width\" content=\"696\" \/>\n\t<meta property=\"og:image:height\" content=\"385\" \/>\n\t<meta property=\"og:image:type\" content=\"image\/jpeg\" \/>\n<meta name=\"author\" content=\"cfeditorfr\" \/>\n<meta name=\"twitter:card\" content=\"summary_large_image\" \/>\n<meta name=\"twitter:label1\" content=\"\u00c9crit par\" \/>\n\t<meta name=\"twitter:data1\" content=\"cfeditorfr\" \/>\n\t<meta name=\"twitter:label2\" content=\"Dur\u00e9e de lecture estim\u00e9e\" \/>\n\t<meta name=\"twitter:data2\" content=\"1 minute\" \/>\n<script type=\"application\/ld+json\" class=\"yoast-schema-graph\">{\"@context\":\"https:\/\/schema.org\",\"@graph\":[{\"@type\":\"Article\",\"@id\":\"https:\/\/www.africa-press.net\/gabon\/politique\/gabon-guy-patrick-obiang-ndong-lance-le-projet-prevention-covid-19-ssr#article\",\"isPartOf\":{\"@id\":\"https:\/\/www.africa-press.net\/gabon\/politique\/gabon-guy-patrick-obiang-ndong-lance-le-projet-prevention-covid-19-ssr\"},\"author\":{\"name\":\"cfeditorfr\",\"@id\":\"https:\/\/www.africa-press.net\/gabon\/#\/schema\/person\/2b1cf3cd81a31e3cd26889ca66d677f1\"},\"headline\":\"Gabon: Guy Patrick Obiang Ndong lance le projet pr\u00e9vention covid-19\/SSR\",\"datePublished\":\"2021-07-17T18:02:27+00:00\",\"mainEntityOfPage\":{\"@id\":\"https:\/\/www.africa-press.net\/gabon\/politique\/gabon-guy-patrick-obiang-ndong-lance-le-projet-prevention-covid-19-ssr\"},\"wordCount\":250,\"commentCount\":0,\"image\":{\"@id\":\"https:\/\/www.africa-press.net\/gabon\/politique\/gabon-guy-patrick-obiang-ndong-lance-le-projet-prevention-covid-19-ssr#primaryimage\"},\"thumbnailUrl\":\"https:\/\/static.africa-press.net\/centrafricaine\/sites\/54\/2021\/07\/img-60f31a3663668.jpg\",\"keywords\":[\"Africa Press\",\"Africa Press-Gabon\",\"Gabon\",\"Guy Patrick Obiang Ndong\",\"le projet pr\u00e9vention covid-19\/SSR\"],\"articleSection\":[\"homepage-french\",\"Politique\",\"Toutes les actualit\u00e9s\"],\"inLanguage\":\"fr-FR\",\"potentialAction\":[{\"@type\":\"CommentAction\",\"name\":\"Comment\",\"target\":[\"https:\/\/www.africa-press.net\/gabon\/politique\/gabon-guy-patrick-obiang-ndong-lance-le-projet-prevention-covid-19-ssr#respond\"]}]},{\"@type\":\"WebPage\",\"@id\":\"https:\/\/www.africa-press.net\/gabon\/politique\/gabon-guy-patrick-obiang-ndong-lance-le-projet-prevention-covid-19-ssr\",\"url\":\"https:\/\/www.africa-press.net\/gabon\/politique\/gabon-guy-patrick-obiang-ndong-lance-le-projet-prevention-covid-19-ssr\",\"name\":\"Gabon: Guy Patrick Obiang Ndong lance le projet pr\u00e9vention covid-19\/SSR - Gabon\",\"isPartOf\":{\"@id\":\"https:\/\/www.africa-press.net\/gabon\/#website\"},\"primaryImageOfPage\":{\"@id\":\"https:\/\/www.africa-press.net\/gabon\/politique\/gabon-guy-patrick-obiang-ndong-lance-le-projet-prevention-covid-19-ssr#primaryimage\"},\"image\":{\"@id\":\"https:\/\/www.africa-press.net\/gabon\/politique\/gabon-guy-patrick-obiang-ndong-lance-le-projet-prevention-covid-19-ssr#primaryimage\"},\"thumbnailUrl\":\"https:\/\/static.africa-press.net\/centrafricaine\/sites\/54\/2021\/07\/img-60f31a3663668.jpg\",\"datePublished\":\"2021-07-17T18:02:27+00:00\",\"author\":{\"@id\":\"https:\/\/www.africa-press.net\/gabon\/#\/schema\/person\/2b1cf3cd81a31e3cd26889ca66d677f1\"},\"description\":\"Initi\u00e9 par l\u2019ONG 3S en collaboration avec l\u2019Association des sages-femmes du Gabon, ce projet qui a commenc\u00e9 dans l ...\",\"breadcrumb\":{\"@id\":\"https:\/\/www.africa-press.net\/gabon\/politique\/gabon-guy-patrick-obiang-ndong-lance-le-projet-prevention-covid-19-ssr#breadcrumb\"},\"inLanguage\":\"fr-FR\",\"potentialAction\":[{\"@type\":\"ReadAction\",\"target\":[\"https:\/\/www.africa-press.net\/gabon\/politique\/gabon-guy-patrick-obiang-ndong-lance-le-projet-prevention-covid-19-ssr\"]}]},{\"@type\":\"ImageObject\",\"inLanguage\":\"fr-FR\",\"@id\":\"https:\/\/www.africa-press.net\/gabon\/politique\/gabon-guy-patrick-obiang-ndong-lance-le-projet-prevention-covid-19-ssr#primaryimage\",\"url\":\"https:\/\/static.africa-press.net\/centrafricaine\/sites\/54\/2021\/07\/img-60f31a3663668.jpg\",\"contentUrl\":\"https:\/\/static.africa-press.net\/centrafricaine\/sites\/54\/2021\/07\/img-60f31a3663668.jpg\",\"width\":696,\"height\":385,\"caption\":\"Gabon: Guy Patrick Obiang Ndong lance le projet pr\u00e9vention covid-19\/SSR\"},{\"@type\":\"BreadcrumbList\",\"@id\":\"https:\/\/www.africa-press.net\/gabon\/politique\/gabon-guy-patrick-obiang-ndong-lance-le-projet-prevention-covid-19-ssr#breadcrumb\",\"itemListElement\":[{\"@type\":\"ListItem\",\"position\":1,\"name\":\"Accueil\",\"item\":\"https:\/\/www.africa-press.net\/gabon\/\"},{\"@type\":\"ListItem\",\"position\":2,\"name\":\"Gabon: Guy Patrick Obiang Ndong lance le projet pr\u00e9vention covid-19\/SSR\"}]},{\"@type\":\"WebSite\",\"@id\":\"https:\/\/www.africa-press.net\/gabon\/#website\",\"url\":\"https:\/\/www.africa-press.net\/gabon\/\",\"name\":\"Gabon\",\"description\":\"Just another Africa News Agency Sites site\",\"potentialAction\":[{\"@type\":\"SearchAction\",\"target\":{\"@type\":\"EntryPoint\",\"urlTemplate\":\"https:\/\/www.africa-press.net\/gabon\/?s={search_term_string}\"},\"query-input\":{\"@type\":\"PropertyValueSpecification\",\"valueRequired\":true,\"valueName\":\"search_term_string\"}}],\"inLanguage\":\"fr-FR\"},{\"@type\":\"Person\",\"@id\":\"https:\/\/www.africa-press.net\/gabon\/#\/schema\/person\/2b1cf3cd81a31e3cd26889ca66d677f1\",\"name\":\"cfeditorfr\"}]}<\/script>\n<!-- \/ Yoast SEO Premium plugin. -->","yoast_head_json":{"title":"Gabon: Guy Patrick Obiang Ndong lance le projet pr\u00e9vention covid-19\/SSR - Gabon","description":"Initi\u00e9 par l\u2019ONG 3S en collaboration avec l\u2019Association des sages-femmes du Gabon, ce projet qui a commenc\u00e9 dans l ...","robots":{"index":"index","follow":"follow","max-snippet":"max-snippet:-1","max-image-preview":"max-image-preview:large","max-video-preview":"max-video-preview:-1"},"canonical":"https:\/\/www.africa-press.net\/gabon\/politique\/gabon-guy-patrick-obiang-ndong-lance-le-projet-prevention-covid-19-ssr","og_locale":"fr_FR","og_type":"article","og_title":"Gabon: Guy Patrick Obiang Ndong lance le projet pr\u00e9vention covid-19\/SSR","og_description":"Initi\u00e9 par l\u2019ONG 3S en collaboration avec l\u2019Association des sages-femmes du Gabon, ce projet qui a commenc\u00e9 dans l ...","og_url":"https:\/\/www.africa-press.net\/gabon\/politique\/gabon-guy-patrick-obiang-ndong-lance-le-projet-prevention-covid-19-ssr","og_site_name":"Gabon","article_published_time":"2021-07-17T18:02:27+00:00","og_image":[{"width":696,"height":385,"url":"https:\/\/static.africa-press.net\/centrafricaine\/sites\/54\/2021\/07\/img-60f31a3663668.jpg","type":"image\/jpeg"}],"author":"cfeditorfr","twitter_card":"summary_large_image","twitter_misc":{"\u00c9crit par":"cfeditorfr","Dur\u00e9e de lecture estim\u00e9e":"1 minute"},"schema":{"@context":"https:\/\/schema.org","@graph":[{"@type":"Article","@id":"https:\/\/www.africa-press.net\/gabon\/politique\/gabon-guy-patrick-obiang-ndong-lance-le-projet-prevention-covid-19-ssr#article","isPartOf":{"@id":"https:\/\/www.africa-press.net\/gabon\/politique\/gabon-guy-patrick-obiang-ndong-lance-le-projet-prevention-covid-19-ssr"},"author":{"name":"cfeditorfr","@id":"https:\/\/www.africa-press.net\/gabon\/#\/schema\/person\/2b1cf3cd81a31e3cd26889ca66d677f1"},"headline":"Gabon: Guy Patrick Obiang Ndong lance le projet pr\u00e9vention covid-19\/SSR","datePublished":"2021-07-17T18:02:27+00:00","mainEntityOfPage":{"@id":"https:\/\/www.africa-press.net\/gabon\/politique\/gabon-guy-patrick-obiang-ndong-lance-le-projet-prevention-covid-19-ssr"},"wordCount":250,"commentCount":0,"image":{"@id":"https:\/\/www.africa-press.net\/gabon\/politique\/gabon-guy-patrick-obiang-ndong-lance-le-projet-prevention-covid-19-ssr#primaryimage"},"thumbnailUrl":"https:\/\/static.africa-press.net\/centrafricaine\/sites\/54\/2021\/07\/img-60f31a3663668.jpg","keywords":["Africa Press","Africa Press-Gabon","Gabon","Guy Patrick Obiang Ndong","le projet pr\u00e9vention covid-19\/SSR"],"articleSection":["homepage-french","Politique","Toutes les actualit\u00e9s"],"inLanguage":"fr-FR","potentialAction":[{"@type":"CommentAction","name":"Comment","target":["https:\/\/www.africa-press.net\/gabon\/politique\/gabon-guy-patrick-obiang-ndong-lance-le-projet-prevention-covid-19-ssr#respond"]}]},{"@type":"WebPage","@id":"https:\/\/www.africa-press.net\/gabon\/politique\/gabon-guy-patrick-obiang-ndong-lance-le-projet-prevention-covid-19-ssr","url":"https:\/\/www.africa-press.net\/gabon\/politique\/gabon-guy-patrick-obiang-ndong-lance-le-projet-prevention-covid-19-ssr","name":"Gabon: Guy Patrick Obiang Ndong lance le projet pr\u00e9vention covid-19\/SSR - Gabon","isPartOf":{"@id":"https:\/\/www.africa-press.net\/gabon\/#website"},"primaryImageOfPage":{"@id":"https:\/\/www.africa-press.net\/gabon\/politique\/gabon-guy-patrick-obiang-ndong-lance-le-projet-prevention-covid-19-ssr#primaryimage"},"image":{"@id":"https:\/\/www.africa-press.net\/gabon\/politique\/gabon-guy-patrick-obiang-ndong-lance-le-projet-prevention-covid-19-ssr#primaryimage"},"thumbnailUrl":"https:\/\/static.africa-press.net\/centrafricaine\/sites\/54\/2021\/07\/img-60f31a3663668.jpg","datePublished":"2021-07-17T18:02:27+00:00","author":{"@id":"https:\/\/www.africa-press.net\/gabon\/#\/schema\/person\/2b1cf3cd81a31e3cd26889ca66d677f1"},"description":"Initi\u00e9 par l\u2019ONG 3S en collaboration avec l\u2019Association des sages-femmes du Gabon, ce projet qui a commenc\u00e9 dans l ...","breadcrumb":{"@id":"https:\/\/www.africa-press.net\/gabon\/politique\/gabon-guy-patrick-obiang-ndong-lance-le-projet-prevention-covid-19-ssr#breadcrumb"},"inLanguage":"fr-FR","potentialAction":[{"@type":"ReadAction","target":["https:\/\/www.africa-press.net\/gabon\/politique\/gabon-guy-patrick-obiang-ndong-lance-le-projet-prevention-covid-19-ssr"]}]},{"@type":"ImageObject","inLanguage":"fr-FR","@id":"https:\/\/www.africa-press.net\/gabon\/politique\/gabon-guy-patrick-obiang-ndong-lance-le-projet-prevention-covid-19-ssr#primaryimage","url":"https:\/\/static.africa-press.net\/centrafricaine\/sites\/54\/2021\/07\/img-60f31a3663668.jpg","contentUrl":"https:\/\/static.africa-press.net\/centrafricaine\/sites\/54\/2021\/07\/img-60f31a3663668.jpg","width":696,"height":385,"caption":"Gabon: Guy Patrick Obiang Ndong lance le projet pr\u00e9vention covid-19\/SSR"},{"@type":"BreadcrumbList","@id":"https:\/\/www.africa-press.net\/gabon\/politique\/gabon-guy-patrick-obiang-ndong-lance-le-projet-prevention-covid-19-ssr#breadcrumb","itemListElement":[{"@type":"ListItem","position":1,"name":"Accueil","item":"https:\/\/www.africa-press.net\/gabon\/"},{"@type":"ListItem","position":2,"name":"Gabon: Guy Patrick Obiang Ndong lance le projet pr\u00e9vention covid-19\/SSR"}]},{"@type":"WebSite","@id":"https:\/\/www.africa-press.net\/gabon\/#website","url":"https:\/\/www.africa-press.net\/gabon\/","name":"Gabon","description":"Just another Africa News Agency Sites site","potentialAction":[{"@type":"SearchAction","target":{"@type":"EntryPoint","urlTemplate":"https:\/\/www.africa-press.net\/gabon\/?s={search_term_string}"},"query-input":{"@type":"PropertyValueSpecification","valueRequired":true,"valueName":"search_term_string"}}],"inLanguage":"fr-FR"},{"@type":"Person","@id":"https:\/\/www.africa-press.net\/gabon\/#\/schema\/person\/2b1cf3cd81a31e3cd26889ca66d677f1","name":"cfeditorfr"}]}},"_links":{"self":[{"href":"https:\/\/www.africa-press.net\/gabon\/wp-json\/wp\/v2\/posts\/1017","targetHints":{"allow":["GET"]}}],"collection":[{"href":"https:\/\/www.africa-press.net\/gabon\/wp-json\/wp\/v2\/posts"}],"about":[{"href":"https:\/\/www.africa-press.net\/gabon\/wp-json\/wp\/v2\/types\/post"}],"author":[{"embeddable":true,"href":"https:\/\/www.africa-press.net\/gabon\/wp-json\/wp\/v2\/users\/82"}],"replies":[{"embeddable":true,"href":"https:\/\/www.africa-press.net\/gabon\/wp-json\/wp\/v2\/comments?post=1017"}],"version-history":[{"count":0,"href":"https:\/\/www.africa-press.net\/gabon\/wp-json\/wp\/v2\/posts\/1017\/revisions"}],"wp:featuredmedia":[{"embeddable":true,"href":"https:\/\/www.africa-press.net\/gabon\/wp-json\/wp\/v2\/media\/1016"}],"wp:attachment":[{"href":"https:\/\/www.africa-press.net\/gabon\/wp-json\/wp\/v2\/media?parent=1017"}],"wp:term":[{"taxonomy":"category","embeddable":true,"href":"https:\/\/www.africa-press.net\/gabon\/wp-json\/wp\/v2\/categories?post=1017"},{"taxonomy":"post_tag","embeddable":true,"href":"https:\/\/www.africa-press.net\/gabon\/wp-json\/wp\/v2\/tags?post=1017"}],"curies":[{"name":"wp","href":"https:\/\/api.w.org\/{rel}","templated":true}]}}