{"id":1126,"date":"2021-07-21T21:56:33","date_gmt":"2021-07-21T21:56:33","guid":{"rendered":"https:\/\/www.africa-press.net\/gabon\/?p=1126"},"modified":"2021-07-21T21:55:09","modified_gmt":"2021-07-21T21:55:09","slug":"allie-controverse-dali-bongo-lupg-reve-daligner-son-candidat-a-la-presidentielle-de-2023","status":"publish","type":"post","link":"https:\/\/www.africa-press.net\/gabon\/politique\/allie-controverse-dali-bongo-lupg-reve-daligner-son-candidat-a-la-presidentielle-de-2023","title":{"rendered":"Alli\u00e9 controvers\u00e9 d\u2019Ali Bongo, l\u2019UPG r\u00eave d\u2019aligner son candidat \u00e0 la pr\u00e9sidentielle de 2023"},"content":{"rendered":"<p><span style=\"color: #ff6600\"><strong><a href=\"https:\/\/www.africa-press.net\/\">Africa-Press<\/a> &#8211; <a href=\"https:\/\/www.africa-press.net\/gabon\">Gabon<\/a>. <\/strong><\/span>L\u2019Union du peuple gabonais (UPG, opposition mod\u00e9r\u00e9e) veut se r\u00e9attribuer la stature de son feu pr\u00e9sident fondateur Pierre Mamboundou. C\u00e9l\u00e9brant le 14 juillet dernier son 32e anniversaire, le parti d\u00e9sormais dirig\u00e9 par Mathieu Mboumba Nziengui a promis de tenter de faire battre Ali Bongo \u00e0 la pr\u00e9sidentielle gabonaise de 2023. Pour y parvenir, le parti entend y pr\u00e9senter son propre candidat. Ce qui serait une premi\u00e8re depuis le d\u00e9c\u00e8s de Mamboundou. Une v\u00e9ritable r\u00e9volution pour ce parti autrefois fleuron de l\u2019opposition radicale au r\u00e9gime demi-centenaire de la famille Bongo.<\/p>\n<p>L\u2019UPG continue de se chercher un nouveau souffle apr\u00e8s le d\u00e9c\u00e8s en 2011 de son pr\u00e9sident historique Pierre Mamboundou. Apr\u00e8s avoir finalement d\u00e9cid\u00e9 de travailler avec Ali Bongo que le parti combattait jusque-l\u00e0, l\u2019UPG n\u2019est plus que le l\u2019ombre de lui m\u00eame enchainant d\u00e9sertion et versatilit\u00e9 id\u00e9ologique. Le parti qui a perdu ses avantages gouvernementaux avec l\u2019\u00e9viction de son pr\u00e9sident Mathieu Mboumba Nziengui du gouvernement en 2016, semble avoir repris sa libert\u00e9 politique fusionn\u00e9e aux volont\u00e9s du pouvoir gabonais.<br \/>\nAu terme des comm\u00e9morations de leur 32e ann\u00e9e d\u2019existence, le parti cher \u00e0 Pierre Mamboundou promet d\u2019aligner un challenger en face d\u2019Ali Bongo et donc au futur candidat du parti au pouvoir \u00e0 la pr\u00e9sidentielle gabonaise d\u2019aout 2023 qui anime d\u00e9j\u00e0 les passions dans l\u2019ar\u00e8ne politique gabonaise. \u00ab Notre parti doit pr\u00e9senter son candidat pour d\u00e9fendre ses id\u00e9es sur la base d\u2019un projet de soci\u00e9t\u00e9 devant convenir \u00e0 notre peuple \u00bb, a d\u00e9clar\u00e9 le 14 juillet Mathieu Mboumba Nziengui en marge de leurs festivit\u00e9s partisanes.<br \/>\nMalgr\u00e9 les \u00e9checs r\u00e9p\u00e9t\u00e9s de Pierre Mamboundou \u00e0 ces \u00e9ch\u00e9ances pr\u00e9sidentielles remport\u00e9es \u00e0 chaque fois par le candidat PDG, le parti de Mboumba Nziengui y croit d\u00e9sormais dur comme fer. \u00ab L\u2019\u00e9chec n\u2019est pas une fatalit\u00e9. Nous devons continuer la marche vers la victoire aux prochaines \u00e9lectorales \u00bb, a-t-il rajout\u00e9. Un r\u00e9veil tardif pour l\u2019ex grand parti de l\u2019opposition gabonaise victime de ses revirements avec le pouvoir gabonais avec \u00e0 la cl\u00e9 aucun \u00e9lu UPG \u00e0 l\u2019Assembl\u00e9e nationale ou encore au S\u00e9nat.<br \/>\nReste \u00e0 connaitre qui fera le poids pour d\u00e9fier leur ancien alli\u00e9 du PDG. L\u2019UPG ayant depuis ce ralliement perdu beaucoup de plumes et la ferveur ancienne de ses militants. Et de promettre : \u00ab Notre candidat sera choisi \u00e0 l\u2019occasion du prochain congr\u00e8s dont nous annonceront la date d\u2019organisation d\u00e8s que les conditions indispensables \u00e0 l\u2019ouverture de ces assises seront r\u00e9unies \u00bb, a promis le pr\u00e9sident de l\u2019UPG. Une perspective digne des 12 travaux d\u2019Hercules.<\/p>\n","protected":false},"excerpt":{"rendered":"<p>Africa-Press &#8211; Gabon. L\u2019Union du peuple gabonais (UPG, opposition mod\u00e9r\u00e9e) veut se r\u00e9attribuer la stature de son feu pr\u00e9sident fondateur Pierre Mamboundou. C\u00e9l\u00e9brant le 14 juillet dernier son 32e anniversaire, le parti d\u00e9sormais dirig\u00e9 par Mathieu Mboumba Nziengui a promis de tenter de faire battre Ali Bongo \u00e0 la pr\u00e9sidentielle gabonaise de 2023. Pour y [&hellip;]<\/p>\n","protected":false},"author":82,"featured_media":1125,"comment_status":"open","ping_status":"closed","sticky":false,"template":"","format":"standard","meta":{"footnotes":""},"categories":[11,2,10],"tags":[36,50,165,49,166,164],"class_list":["post-1126","post","type-post","status-publish","format-standard","has-post-thumbnail","hentry","category-homepage-french","category-politique","category-toutes-les-actualites","tag-africa-press","tag-africa-press-gabon","tag-ali-bongo","tag-gabon","tag-lupg","tag-la-presidentielle-de-2023"],"yoast_head":"<!-- This site is optimized with the Yoast SEO Premium plugin v26.1 (Yoast SEO v27.0) - https:\/\/yoast.com\/product\/yoast-seo-premium-wordpress\/ -->\n<title>Alli\u00e9 controvers\u00e9 d\u2019Ali Bongo, l\u2019UPG r\u00eave d\u2019aligner son candidat \u00e0 la pr\u00e9sidentielle de 2023 - Gabon<\/title>\n<meta name=\"description\" content=\"L\u2019Union du peuple gabonais (UPG, opposition mod\u00e9r\u00e9e) veut se r\u00e9attribuer la stature de son feu pr\u00e9sident fondateur Pierr ...\" \/>\n<meta name=\"robots\" content=\"index, follow, max-snippet:-1, max-image-preview:large, max-video-preview:-1\" \/>\n<link rel=\"canonical\" href=\"https:\/\/www.africa-press.net\/gabon\/politique\/allie-controverse-dali-bongo-lupg-reve-daligner-son-candidat-a-la-presidentielle-de-2023\" \/>\n<meta property=\"og:locale\" content=\"fr_FR\" \/>\n<meta property=\"og:type\" content=\"article\" \/>\n<meta property=\"og:title\" content=\"Alli\u00e9 controvers\u00e9 d\u2019Ali Bongo, l\u2019UPG r\u00eave d\u2019aligner son candidat \u00e0 la pr\u00e9sidentielle de 2023\" \/>\n<meta property=\"og:description\" content=\"L\u2019Union du peuple gabonais (UPG, opposition mod\u00e9r\u00e9e) veut se r\u00e9attribuer la stature de son feu pr\u00e9sident fondateur Pierr ...\" \/>\n<meta property=\"og:url\" content=\"https:\/\/www.africa-press.net\/gabon\/politique\/allie-controverse-dali-bongo-lupg-reve-daligner-son-candidat-a-la-presidentielle-de-2023\" \/>\n<meta property=\"og:site_name\" content=\"Gabon\" \/>\n<meta property=\"article:published_time\" content=\"2021-07-21T21:56:33+00:00\" \/>\n<meta property=\"og:image\" content=\"https:\/\/static.africa-press.net\/centrafricaine\/sites\/54\/2021\/07\/img-60f8978c6a09a.png\" \/>\n\t<meta property=\"og:image:width\" content=\"660\" \/>\n\t<meta property=\"og:image:height\" content=\"350\" \/>\n\t<meta property=\"og:image:type\" content=\"image\/png\" \/>\n<meta name=\"author\" content=\"cfeditorfr\" \/>\n<meta name=\"twitter:card\" content=\"summary_large_image\" \/>\n<meta name=\"twitter:label1\" content=\"\u00c9crit par\" \/>\n\t<meta name=\"twitter:data1\" content=\"cfeditorfr\" \/>\n\t<meta name=\"twitter:label2\" content=\"Dur\u00e9e de lecture estim\u00e9e\" \/>\n\t<meta name=\"twitter:data2\" content=\"2 minutes\" \/>\n<script type=\"application\/ld+json\" class=\"yoast-schema-graph\">{\"@context\":\"https:\/\/schema.org\",\"@graph\":[{\"@type\":\"Article\",\"@id\":\"https:\/\/www.africa-press.net\/gabon\/politique\/allie-controverse-dali-bongo-lupg-reve-daligner-son-candidat-a-la-presidentielle-de-2023#article\",\"isPartOf\":{\"@id\":\"https:\/\/www.africa-press.net\/gabon\/politique\/allie-controverse-dali-bongo-lupg-reve-daligner-son-candidat-a-la-presidentielle-de-2023\"},\"author\":{\"name\":\"cfeditorfr\",\"@id\":\"https:\/\/www.africa-press.net\/gabon\/#\/schema\/person\/2b1cf3cd81a31e3cd26889ca66d677f1\"},\"headline\":\"Alli\u00e9 controvers\u00e9 d\u2019Ali Bongo, l\u2019UPG r\u00eave d\u2019aligner son candidat \u00e0 la pr\u00e9sidentielle de 2023\",\"datePublished\":\"2021-07-21T21:56:33+00:00\",\"mainEntityOfPage\":{\"@id\":\"https:\/\/www.africa-press.net\/gabon\/politique\/allie-controverse-dali-bongo-lupg-reve-daligner-son-candidat-a-la-presidentielle-de-2023\"},\"wordCount\":483,\"commentCount\":0,\"image\":{\"@id\":\"https:\/\/www.africa-press.net\/gabon\/politique\/allie-controverse-dali-bongo-lupg-reve-daligner-son-candidat-a-la-presidentielle-de-2023#primaryimage\"},\"thumbnailUrl\":\"https:\/\/static.africa-press.net\/centrafricaine\/sites\/54\/2021\/07\/img-60f8978c6a09a.png\",\"keywords\":[\"Africa Press\",\"Africa Press-Gabon\",\"Ali Bongo\",\"Gabon\",\"l\u2019UPG\",\"la pr\u00e9sidentielle de 2023\"],\"articleSection\":[\"homepage-french\",\"Politique\",\"Toutes les actualit\u00e9s\"],\"inLanguage\":\"fr-FR\",\"potentialAction\":[{\"@type\":\"CommentAction\",\"name\":\"Comment\",\"target\":[\"https:\/\/www.africa-press.net\/gabon\/politique\/allie-controverse-dali-bongo-lupg-reve-daligner-son-candidat-a-la-presidentielle-de-2023#respond\"]}]},{\"@type\":\"WebPage\",\"@id\":\"https:\/\/www.africa-press.net\/gabon\/politique\/allie-controverse-dali-bongo-lupg-reve-daligner-son-candidat-a-la-presidentielle-de-2023\",\"url\":\"https:\/\/www.africa-press.net\/gabon\/politique\/allie-controverse-dali-bongo-lupg-reve-daligner-son-candidat-a-la-presidentielle-de-2023\",\"name\":\"Alli\u00e9 controvers\u00e9 d\u2019Ali Bongo, l\u2019UPG r\u00eave d\u2019aligner son candidat \u00e0 la pr\u00e9sidentielle de 2023 - Gabon\",\"isPartOf\":{\"@id\":\"https:\/\/www.africa-press.net\/gabon\/#website\"},\"primaryImageOfPage\":{\"@id\":\"https:\/\/www.africa-press.net\/gabon\/politique\/allie-controverse-dali-bongo-lupg-reve-daligner-son-candidat-a-la-presidentielle-de-2023#primaryimage\"},\"image\":{\"@id\":\"https:\/\/www.africa-press.net\/gabon\/politique\/allie-controverse-dali-bongo-lupg-reve-daligner-son-candidat-a-la-presidentielle-de-2023#primaryimage\"},\"thumbnailUrl\":\"https:\/\/static.africa-press.net\/centrafricaine\/sites\/54\/2021\/07\/img-60f8978c6a09a.png\",\"datePublished\":\"2021-07-21T21:56:33+00:00\",\"author\":{\"@id\":\"https:\/\/www.africa-press.net\/gabon\/#\/schema\/person\/2b1cf3cd81a31e3cd26889ca66d677f1\"},\"description\":\"L\u2019Union du peuple gabonais (UPG, opposition mod\u00e9r\u00e9e) veut se r\u00e9attribuer la stature de son feu pr\u00e9sident fondateur Pierr ...\",\"breadcrumb\":{\"@id\":\"https:\/\/www.africa-press.net\/gabon\/politique\/allie-controverse-dali-bongo-lupg-reve-daligner-son-candidat-a-la-presidentielle-de-2023#breadcrumb\"},\"inLanguage\":\"fr-FR\",\"potentialAction\":[{\"@type\":\"ReadAction\",\"target\":[\"https:\/\/www.africa-press.net\/gabon\/politique\/allie-controverse-dali-bongo-lupg-reve-daligner-son-candidat-a-la-presidentielle-de-2023\"]}]},{\"@type\":\"ImageObject\",\"inLanguage\":\"fr-FR\",\"@id\":\"https:\/\/www.africa-press.net\/gabon\/politique\/allie-controverse-dali-bongo-lupg-reve-daligner-son-candidat-a-la-presidentielle-de-2023#primaryimage\",\"url\":\"https:\/\/static.africa-press.net\/centrafricaine\/sites\/54\/2021\/07\/img-60f8978c6a09a.png\",\"contentUrl\":\"https:\/\/static.africa-press.net\/centrafricaine\/sites\/54\/2021\/07\/img-60f8978c6a09a.png\",\"width\":660,\"height\":350,\"caption\":\"Alli\u00e9 controvers\u00e9 d\u2019Ali Bongo, l\u2019UPG r\u00eave d\u2019aligner son candidat \u00e0 la pr\u00e9sidentielle de 2023\"},{\"@type\":\"BreadcrumbList\",\"@id\":\"https:\/\/www.africa-press.net\/gabon\/politique\/allie-controverse-dali-bongo-lupg-reve-daligner-son-candidat-a-la-presidentielle-de-2023#breadcrumb\",\"itemListElement\":[{\"@type\":\"ListItem\",\"position\":1,\"name\":\"Accueil\",\"item\":\"https:\/\/www.africa-press.net\/gabon\/\"},{\"@type\":\"ListItem\",\"position\":2,\"name\":\"Alli\u00e9 controvers\u00e9 d\u2019Ali Bongo, l\u2019UPG r\u00eave d\u2019aligner son candidat \u00e0 la pr\u00e9sidentielle de 2023\"}]},{\"@type\":\"WebSite\",\"@id\":\"https:\/\/www.africa-press.net\/gabon\/#website\",\"url\":\"https:\/\/www.africa-press.net\/gabon\/\",\"name\":\"Gabon\",\"description\":\"Just another Africa News Agency Sites site\",\"potentialAction\":[{\"@type\":\"SearchAction\",\"target\":{\"@type\":\"EntryPoint\",\"urlTemplate\":\"https:\/\/www.africa-press.net\/gabon\/?s={search_term_string}\"},\"query-input\":{\"@type\":\"PropertyValueSpecification\",\"valueRequired\":true,\"valueName\":\"search_term_string\"}}],\"inLanguage\":\"fr-FR\"},{\"@type\":\"Person\",\"@id\":\"https:\/\/www.africa-press.net\/gabon\/#\/schema\/person\/2b1cf3cd81a31e3cd26889ca66d677f1\",\"name\":\"cfeditorfr\"}]}<\/script>\n<!-- \/ Yoast SEO Premium plugin. -->","yoast_head_json":{"title":"Alli\u00e9 controvers\u00e9 d\u2019Ali Bongo, l\u2019UPG r\u00eave d\u2019aligner son candidat \u00e0 la pr\u00e9sidentielle de 2023 - Gabon","description":"L\u2019Union du peuple gabonais (UPG, opposition mod\u00e9r\u00e9e) veut se r\u00e9attribuer la stature de son feu pr\u00e9sident fondateur Pierr ...","robots":{"index":"index","follow":"follow","max-snippet":"max-snippet:-1","max-image-preview":"max-image-preview:large","max-video-preview":"max-video-preview:-1"},"canonical":"https:\/\/www.africa-press.net\/gabon\/politique\/allie-controverse-dali-bongo-lupg-reve-daligner-son-candidat-a-la-presidentielle-de-2023","og_locale":"fr_FR","og_type":"article","og_title":"Alli\u00e9 controvers\u00e9 d\u2019Ali Bongo, l\u2019UPG r\u00eave d\u2019aligner son candidat \u00e0 la pr\u00e9sidentielle de 2023","og_description":"L\u2019Union du peuple gabonais (UPG, opposition mod\u00e9r\u00e9e) veut se r\u00e9attribuer la stature de son feu pr\u00e9sident fondateur Pierr ...","og_url":"https:\/\/www.africa-press.net\/gabon\/politique\/allie-controverse-dali-bongo-lupg-reve-daligner-son-candidat-a-la-presidentielle-de-2023","og_site_name":"Gabon","article_published_time":"2021-07-21T21:56:33+00:00","og_image":[{"width":660,"height":350,"url":"https:\/\/static.africa-press.net\/centrafricaine\/sites\/54\/2021\/07\/img-60f8978c6a09a.png","type":"image\/png"}],"author":"cfeditorfr","twitter_card":"summary_large_image","twitter_misc":{"\u00c9crit par":"cfeditorfr","Dur\u00e9e de lecture estim\u00e9e":"2 minutes"},"schema":{"@context":"https:\/\/schema.org","@graph":[{"@type":"Article","@id":"https:\/\/www.africa-press.net\/gabon\/politique\/allie-controverse-dali-bongo-lupg-reve-daligner-son-candidat-a-la-presidentielle-de-2023#article","isPartOf":{"@id":"https:\/\/www.africa-press.net\/gabon\/politique\/allie-controverse-dali-bongo-lupg-reve-daligner-son-candidat-a-la-presidentielle-de-2023"},"author":{"name":"cfeditorfr","@id":"https:\/\/www.africa-press.net\/gabon\/#\/schema\/person\/2b1cf3cd81a31e3cd26889ca66d677f1"},"headline":"Alli\u00e9 controvers\u00e9 d\u2019Ali Bongo, l\u2019UPG r\u00eave d\u2019aligner son candidat \u00e0 la pr\u00e9sidentielle de 2023","datePublished":"2021-07-21T21:56:33+00:00","mainEntityOfPage":{"@id":"https:\/\/www.africa-press.net\/gabon\/politique\/allie-controverse-dali-bongo-lupg-reve-daligner-son-candidat-a-la-presidentielle-de-2023"},"wordCount":483,"commentCount":0,"image":{"@id":"https:\/\/www.africa-press.net\/gabon\/politique\/allie-controverse-dali-bongo-lupg-reve-daligner-son-candidat-a-la-presidentielle-de-2023#primaryimage"},"thumbnailUrl":"https:\/\/static.africa-press.net\/centrafricaine\/sites\/54\/2021\/07\/img-60f8978c6a09a.png","keywords":["Africa Press","Africa Press-Gabon","Ali Bongo","Gabon","l\u2019UPG","la pr\u00e9sidentielle de 2023"],"articleSection":["homepage-french","Politique","Toutes les actualit\u00e9s"],"inLanguage":"fr-FR","potentialAction":[{"@type":"CommentAction","name":"Comment","target":["https:\/\/www.africa-press.net\/gabon\/politique\/allie-controverse-dali-bongo-lupg-reve-daligner-son-candidat-a-la-presidentielle-de-2023#respond"]}]},{"@type":"WebPage","@id":"https:\/\/www.africa-press.net\/gabon\/politique\/allie-controverse-dali-bongo-lupg-reve-daligner-son-candidat-a-la-presidentielle-de-2023","url":"https:\/\/www.africa-press.net\/gabon\/politique\/allie-controverse-dali-bongo-lupg-reve-daligner-son-candidat-a-la-presidentielle-de-2023","name":"Alli\u00e9 controvers\u00e9 d\u2019Ali Bongo, l\u2019UPG r\u00eave d\u2019aligner son candidat \u00e0 la pr\u00e9sidentielle de 2023 - Gabon","isPartOf":{"@id":"https:\/\/www.africa-press.net\/gabon\/#website"},"primaryImageOfPage":{"@id":"https:\/\/www.africa-press.net\/gabon\/politique\/allie-controverse-dali-bongo-lupg-reve-daligner-son-candidat-a-la-presidentielle-de-2023#primaryimage"},"image":{"@id":"https:\/\/www.africa-press.net\/gabon\/politique\/allie-controverse-dali-bongo-lupg-reve-daligner-son-candidat-a-la-presidentielle-de-2023#primaryimage"},"thumbnailUrl":"https:\/\/static.africa-press.net\/centrafricaine\/sites\/54\/2021\/07\/img-60f8978c6a09a.png","datePublished":"2021-07-21T21:56:33+00:00","author":{"@id":"https:\/\/www.africa-press.net\/gabon\/#\/schema\/person\/2b1cf3cd81a31e3cd26889ca66d677f1"},"description":"L\u2019Union du peuple gabonais (UPG, opposition mod\u00e9r\u00e9e) veut se r\u00e9attribuer la stature de son feu pr\u00e9sident fondateur Pierr ...","breadcrumb":{"@id":"https:\/\/www.africa-press.net\/gabon\/politique\/allie-controverse-dali-bongo-lupg-reve-daligner-son-candidat-a-la-presidentielle-de-2023#breadcrumb"},"inLanguage":"fr-FR","potentialAction":[{"@type":"ReadAction","target":["https:\/\/www.africa-press.net\/gabon\/politique\/allie-controverse-dali-bongo-lupg-reve-daligner-son-candidat-a-la-presidentielle-de-2023"]}]},{"@type":"ImageObject","inLanguage":"fr-FR","@id":"https:\/\/www.africa-press.net\/gabon\/politique\/allie-controverse-dali-bongo-lupg-reve-daligner-son-candidat-a-la-presidentielle-de-2023#primaryimage","url":"https:\/\/static.africa-press.net\/centrafricaine\/sites\/54\/2021\/07\/img-60f8978c6a09a.png","contentUrl":"https:\/\/static.africa-press.net\/centrafricaine\/sites\/54\/2021\/07\/img-60f8978c6a09a.png","width":660,"height":350,"caption":"Alli\u00e9 controvers\u00e9 d\u2019Ali Bongo, l\u2019UPG r\u00eave d\u2019aligner son candidat \u00e0 la pr\u00e9sidentielle de 2023"},{"@type":"BreadcrumbList","@id":"https:\/\/www.africa-press.net\/gabon\/politique\/allie-controverse-dali-bongo-lupg-reve-daligner-son-candidat-a-la-presidentielle-de-2023#breadcrumb","itemListElement":[{"@type":"ListItem","position":1,"name":"Accueil","item":"https:\/\/www.africa-press.net\/gabon\/"},{"@type":"ListItem","position":2,"name":"Alli\u00e9 controvers\u00e9 d\u2019Ali Bongo, l\u2019UPG r\u00eave d\u2019aligner son candidat \u00e0 la pr\u00e9sidentielle de 2023"}]},{"@type":"WebSite","@id":"https:\/\/www.africa-press.net\/gabon\/#website","url":"https:\/\/www.africa-press.net\/gabon\/","name":"Gabon","description":"Just another Africa News Agency Sites site","potentialAction":[{"@type":"SearchAction","target":{"@type":"EntryPoint","urlTemplate":"https:\/\/www.africa-press.net\/gabon\/?s={search_term_string}"},"query-input":{"@type":"PropertyValueSpecification","valueRequired":true,"valueName":"search_term_string"}}],"inLanguage":"fr-FR"},{"@type":"Person","@id":"https:\/\/www.africa-press.net\/gabon\/#\/schema\/person\/2b1cf3cd81a31e3cd26889ca66d677f1","name":"cfeditorfr"}]}},"_links":{"self":[{"href":"https:\/\/www.africa-press.net\/gabon\/wp-json\/wp\/v2\/posts\/1126","targetHints":{"allow":["GET"]}}],"collection":[{"href":"https:\/\/www.africa-press.net\/gabon\/wp-json\/wp\/v2\/posts"}],"about":[{"href":"https:\/\/www.africa-press.net\/gabon\/wp-json\/wp\/v2\/types\/post"}],"author":[{"embeddable":true,"href":"https:\/\/www.africa-press.net\/gabon\/wp-json\/wp\/v2\/users\/82"}],"replies":[{"embeddable":true,"href":"https:\/\/www.africa-press.net\/gabon\/wp-json\/wp\/v2\/comments?post=1126"}],"version-history":[{"count":0,"href":"https:\/\/www.africa-press.net\/gabon\/wp-json\/wp\/v2\/posts\/1126\/revisions"}],"wp:featuredmedia":[{"embeddable":true,"href":"https:\/\/www.africa-press.net\/gabon\/wp-json\/wp\/v2\/media\/1125"}],"wp:attachment":[{"href":"https:\/\/www.africa-press.net\/gabon\/wp-json\/wp\/v2\/media?parent=1126"}],"wp:term":[{"taxonomy":"category","embeddable":true,"href":"https:\/\/www.africa-press.net\/gabon\/wp-json\/wp\/v2\/categories?post=1126"},{"taxonomy":"post_tag","embeddable":true,"href":"https:\/\/www.africa-press.net\/gabon\/wp-json\/wp\/v2\/tags?post=1126"}],"curies":[{"name":"wp","href":"https:\/\/api.w.org\/{rel}","templated":true}]}}