{"id":1144,"date":"2021-07-23T07:23:00","date_gmt":"2021-07-23T07:23:00","guid":{"rendered":"https:\/\/www.africa-press.net\/gabon\/?p=1144"},"modified":"2021-07-23T07:19:36","modified_gmt":"2021-07-23T07:19:36","slug":"quest-ce-quossouka-raponda-a-t-elle-dit-au-nouveau-maire-de-libreville","status":"publish","type":"post","link":"https:\/\/www.africa-press.net\/gabon\/politique\/quest-ce-quossouka-raponda-a-t-elle-dit-au-nouveau-maire-de-libreville","title":{"rendered":"Qu\u2019est-ce qu\u2019Ossouka Raponda a-t-elle dit au nouveau maire de Libreville ?"},"content":{"rendered":"<p><span style=\"color: #ff6600\"><strong><a href=\"https:\/\/www.africa-press.net\/\">Africa-Press<\/a> &#8211; <a href=\"https:\/\/www.africa-press.net\/gabon\">Gabon<\/a>. <\/strong><\/span> Une semaine apr\u00e8s sa prise de fonctions, le nouveau maire de Libreville, Christine Mba Ndutume \u00e9pouse Mihindou a r\u00e9serv\u00e9 sa premi\u00e8re visite officielle au Premier ministre, Rose Christiane Ossouka Raponda, elle-m\u00eame ancienne maire de la capitale gabonaise.<br \/>\n\u00ab Echange tr\u00e8s chaleureux ce jeudi \u00e0 la Primature avec le nouveau maire de #Libreville, Mme Marie Christine Mba Ndutume. Je l\u2019ai f\u00e9licit\u00e9e pour son \u00e9lection, lui ai t\u00e9moign\u00e9 mon entier soutien et lui ai dispens\u00e9 quelques conseils tir\u00e9s de mon exp\u00e9rience \u00e0 ce poste de 2014 \u00e0 2019 \u00bb, a tweet\u00e9 le Premier ministre, sans plus.<br \/>\nCommentant l\u2019\u00e9lection de Mme Mba Ndutume \u00e9pouse Mihindou \u00e0 la mairie de Libreville, plusieurs analystes ont soup\u00e7onn\u00e9 le Parti d\u00e9mocratique gabonais (PDG, au pouvoir) d\u2019avoir favoris\u00e9 cette dame inexp\u00e9riment\u00e9e pour pr\u00e9parer le retour d\u2019Ossouka Raponda \u00e0 la mairie de Libreville dans la perspective de son limogeage \u00ab envisag\u00e9 \u00bb de la primature.<br \/>\nContr\u00f4l\u00e9 par les \u00e9lus PDG, le conseil municipal de Libreville connait une grande instabilit\u00e9. En une ann\u00e9e, Mme Marie Christine Mba Ndutume est le 3\u00e8me maire de Libreville apr\u00e8s la destitution de L\u00e9andre Nzue et d\u2019Eug\u00e8ne Mba dans un intervalle de 6 mois.<br \/>\nCarl Nsitou<\/p>\n","protected":false},"excerpt":{"rendered":"<p>Africa-Press &#8211; Gabon. Une semaine apr\u00e8s sa prise de fonctions, le nouveau maire de Libreville, Christine Mba Ndutume \u00e9pouse Mihindou a r\u00e9serv\u00e9 sa premi\u00e8re visite officielle au Premier ministre, Rose Christiane Ossouka Raponda, elle-m\u00eame ancienne maire de la capitale gabonaise. \u00ab Echange tr\u00e8s chaleureux ce jeudi \u00e0 la Primature avec le nouveau maire de #Libreville, [&hellip;]<\/p>\n","protected":false},"author":82,"featured_media":1143,"comment_status":"open","ping_status":"closed","sticky":false,"template":"","format":"standard","meta":{"footnotes":""},"categories":[11,2,10],"tags":[36,50,49,185,97,184],"class_list":["post-1144","post","type-post","status-publish","format-standard","has-post-thumbnail","hentry","category-homepage-french","category-politique","category-toutes-les-actualites","tag-africa-press","tag-africa-press-gabon","tag-gabon","tag-le-nouveau-maire","tag-libreville","tag-ossouka-raponda"],"yoast_head":"<!-- This site is optimized with the Yoast SEO Premium plugin v26.1 (Yoast SEO v27.0) - https:\/\/yoast.com\/product\/yoast-seo-premium-wordpress\/ -->\n<title>Qu\u2019est-ce qu\u2019Ossouka Raponda a-t-elle dit au nouveau maire de Libreville ? - Gabon<\/title>\n<meta name=\"description\" content=\"Une semaine apr\u00e8s sa prise de fonctions, le nouveau maire de Libreville, Christine Mba Ndutume \u00e9pouse Mihindou a r\u00e9serv ...\" \/>\n<meta name=\"robots\" content=\"index, follow, max-snippet:-1, max-image-preview:large, max-video-preview:-1\" \/>\n<link rel=\"canonical\" href=\"https:\/\/www.africa-press.net\/gabon\/politique\/quest-ce-quossouka-raponda-a-t-elle-dit-au-nouveau-maire-de-libreville\" \/>\n<meta property=\"og:locale\" content=\"fr_FR\" \/>\n<meta property=\"og:type\" content=\"article\" \/>\n<meta property=\"og:title\" content=\"Qu\u2019est-ce qu\u2019Ossouka Raponda a-t-elle dit au nouveau maire de Libreville ?\" \/>\n<meta property=\"og:description\" content=\"Une semaine apr\u00e8s sa prise de fonctions, le nouveau maire de Libreville, Christine Mba Ndutume \u00e9pouse Mihindou a r\u00e9serv ...\" \/>\n<meta property=\"og:url\" content=\"https:\/\/www.africa-press.net\/gabon\/politique\/quest-ce-quossouka-raponda-a-t-elle-dit-au-nouveau-maire-de-libreville\" \/>\n<meta property=\"og:site_name\" content=\"Gabon\" \/>\n<meta property=\"article:published_time\" content=\"2021-07-23T07:23:00+00:00\" \/>\n<meta property=\"og:image\" content=\"https:\/\/static.africa-press.net\/centrafricaine\/sites\/54\/2021\/07\/img-60fa6d50a8e71.png\" \/>\n\t<meta property=\"og:image:width\" content=\"845\" \/>\n\t<meta property=\"og:image:height\" content=\"510\" \/>\n\t<meta property=\"og:image:type\" content=\"image\/png\" \/>\n<meta name=\"author\" content=\"cfeditorfr\" \/>\n<meta name=\"twitter:card\" content=\"summary_large_image\" \/>\n<meta name=\"twitter:label1\" content=\"\u00c9crit par\" \/>\n\t<meta name=\"twitter:data1\" content=\"cfeditorfr\" \/>\n\t<meta name=\"twitter:label2\" content=\"Dur\u00e9e de lecture estim\u00e9e\" \/>\n\t<meta name=\"twitter:data2\" content=\"1 minute\" \/>\n<script type=\"application\/ld+json\" class=\"yoast-schema-graph\">{\"@context\":\"https:\/\/schema.org\",\"@graph\":[{\"@type\":\"Article\",\"@id\":\"https:\/\/www.africa-press.net\/gabon\/politique\/quest-ce-quossouka-raponda-a-t-elle-dit-au-nouveau-maire-de-libreville#article\",\"isPartOf\":{\"@id\":\"https:\/\/www.africa-press.net\/gabon\/politique\/quest-ce-quossouka-raponda-a-t-elle-dit-au-nouveau-maire-de-libreville\"},\"author\":{\"name\":\"cfeditorfr\",\"@id\":\"https:\/\/www.africa-press.net\/gabon\/#\/schema\/person\/2b1cf3cd81a31e3cd26889ca66d677f1\"},\"headline\":\"Qu\u2019est-ce qu\u2019Ossouka Raponda a-t-elle dit au nouveau maire de Libreville ?\",\"datePublished\":\"2021-07-23T07:23:00+00:00\",\"mainEntityOfPage\":{\"@id\":\"https:\/\/www.africa-press.net\/gabon\/politique\/quest-ce-quossouka-raponda-a-t-elle-dit-au-nouveau-maire-de-libreville\"},\"wordCount\":219,\"commentCount\":0,\"image\":{\"@id\":\"https:\/\/www.africa-press.net\/gabon\/politique\/quest-ce-quossouka-raponda-a-t-elle-dit-au-nouveau-maire-de-libreville#primaryimage\"},\"thumbnailUrl\":\"https:\/\/static.africa-press.net\/centrafricaine\/sites\/54\/2021\/07\/img-60fa6d50a8e71.png\",\"keywords\":[\"Africa Press\",\"Africa Press-Gabon\",\"Gabon\",\"le nouveau maire\",\"Libreville\",\"Ossouka Raponda\"],\"articleSection\":[\"homepage-french\",\"Politique\",\"Toutes les actualit\u00e9s\"],\"inLanguage\":\"fr-FR\",\"potentialAction\":[{\"@type\":\"CommentAction\",\"name\":\"Comment\",\"target\":[\"https:\/\/www.africa-press.net\/gabon\/politique\/quest-ce-quossouka-raponda-a-t-elle-dit-au-nouveau-maire-de-libreville#respond\"]}]},{\"@type\":\"WebPage\",\"@id\":\"https:\/\/www.africa-press.net\/gabon\/politique\/quest-ce-quossouka-raponda-a-t-elle-dit-au-nouveau-maire-de-libreville\",\"url\":\"https:\/\/www.africa-press.net\/gabon\/politique\/quest-ce-quossouka-raponda-a-t-elle-dit-au-nouveau-maire-de-libreville\",\"name\":\"Qu\u2019est-ce qu\u2019Ossouka Raponda a-t-elle dit au nouveau maire de Libreville ? - Gabon\",\"isPartOf\":{\"@id\":\"https:\/\/www.africa-press.net\/gabon\/#website\"},\"primaryImageOfPage\":{\"@id\":\"https:\/\/www.africa-press.net\/gabon\/politique\/quest-ce-quossouka-raponda-a-t-elle-dit-au-nouveau-maire-de-libreville#primaryimage\"},\"image\":{\"@id\":\"https:\/\/www.africa-press.net\/gabon\/politique\/quest-ce-quossouka-raponda-a-t-elle-dit-au-nouveau-maire-de-libreville#primaryimage\"},\"thumbnailUrl\":\"https:\/\/static.africa-press.net\/centrafricaine\/sites\/54\/2021\/07\/img-60fa6d50a8e71.png\",\"datePublished\":\"2021-07-23T07:23:00+00:00\",\"author\":{\"@id\":\"https:\/\/www.africa-press.net\/gabon\/#\/schema\/person\/2b1cf3cd81a31e3cd26889ca66d677f1\"},\"description\":\"Une semaine apr\u00e8s sa prise de fonctions, le nouveau maire de Libreville, Christine Mba Ndutume \u00e9pouse Mihindou a r\u00e9serv ...\",\"breadcrumb\":{\"@id\":\"https:\/\/www.africa-press.net\/gabon\/politique\/quest-ce-quossouka-raponda-a-t-elle-dit-au-nouveau-maire-de-libreville#breadcrumb\"},\"inLanguage\":\"fr-FR\",\"potentialAction\":[{\"@type\":\"ReadAction\",\"target\":[\"https:\/\/www.africa-press.net\/gabon\/politique\/quest-ce-quossouka-raponda-a-t-elle-dit-au-nouveau-maire-de-libreville\"]}]},{\"@type\":\"ImageObject\",\"inLanguage\":\"fr-FR\",\"@id\":\"https:\/\/www.africa-press.net\/gabon\/politique\/quest-ce-quossouka-raponda-a-t-elle-dit-au-nouveau-maire-de-libreville#primaryimage\",\"url\":\"https:\/\/static.africa-press.net\/centrafricaine\/sites\/54\/2021\/07\/img-60fa6d50a8e71.png\",\"contentUrl\":\"https:\/\/static.africa-press.net\/centrafricaine\/sites\/54\/2021\/07\/img-60fa6d50a8e71.png\",\"width\":845,\"height\":510,\"caption\":\"Qu\u2019est-ce qu\u2019Ossouka Raponda a-t-elle dit au nouveau maire de Libreville ?\"},{\"@type\":\"BreadcrumbList\",\"@id\":\"https:\/\/www.africa-press.net\/gabon\/politique\/quest-ce-quossouka-raponda-a-t-elle-dit-au-nouveau-maire-de-libreville#breadcrumb\",\"itemListElement\":[{\"@type\":\"ListItem\",\"position\":1,\"name\":\"Accueil\",\"item\":\"https:\/\/www.africa-press.net\/gabon\/\"},{\"@type\":\"ListItem\",\"position\":2,\"name\":\"Qu\u2019est-ce qu\u2019Ossouka Raponda a-t-elle dit au nouveau maire de Libreville ?\"}]},{\"@type\":\"WebSite\",\"@id\":\"https:\/\/www.africa-press.net\/gabon\/#website\",\"url\":\"https:\/\/www.africa-press.net\/gabon\/\",\"name\":\"Gabon\",\"description\":\"Just another Africa News Agency Sites site\",\"potentialAction\":[{\"@type\":\"SearchAction\",\"target\":{\"@type\":\"EntryPoint\",\"urlTemplate\":\"https:\/\/www.africa-press.net\/gabon\/?s={search_term_string}\"},\"query-input\":{\"@type\":\"PropertyValueSpecification\",\"valueRequired\":true,\"valueName\":\"search_term_string\"}}],\"inLanguage\":\"fr-FR\"},{\"@type\":\"Person\",\"@id\":\"https:\/\/www.africa-press.net\/gabon\/#\/schema\/person\/2b1cf3cd81a31e3cd26889ca66d677f1\",\"name\":\"cfeditorfr\"}]}<\/script>\n<!-- \/ Yoast SEO Premium plugin. -->","yoast_head_json":{"title":"Qu\u2019est-ce qu\u2019Ossouka Raponda a-t-elle dit au nouveau maire de Libreville ? - Gabon","description":"Une semaine apr\u00e8s sa prise de fonctions, le nouveau maire de Libreville, Christine Mba Ndutume \u00e9pouse Mihindou a r\u00e9serv ...","robots":{"index":"index","follow":"follow","max-snippet":"max-snippet:-1","max-image-preview":"max-image-preview:large","max-video-preview":"max-video-preview:-1"},"canonical":"https:\/\/www.africa-press.net\/gabon\/politique\/quest-ce-quossouka-raponda-a-t-elle-dit-au-nouveau-maire-de-libreville","og_locale":"fr_FR","og_type":"article","og_title":"Qu\u2019est-ce qu\u2019Ossouka Raponda a-t-elle dit au nouveau maire de Libreville ?","og_description":"Une semaine apr\u00e8s sa prise de fonctions, le nouveau maire de Libreville, Christine Mba Ndutume \u00e9pouse Mihindou a r\u00e9serv ...","og_url":"https:\/\/www.africa-press.net\/gabon\/politique\/quest-ce-quossouka-raponda-a-t-elle-dit-au-nouveau-maire-de-libreville","og_site_name":"Gabon","article_published_time":"2021-07-23T07:23:00+00:00","og_image":[{"width":845,"height":510,"url":"https:\/\/static.africa-press.net\/centrafricaine\/sites\/54\/2021\/07\/img-60fa6d50a8e71.png","type":"image\/png"}],"author":"cfeditorfr","twitter_card":"summary_large_image","twitter_misc":{"\u00c9crit par":"cfeditorfr","Dur\u00e9e de lecture estim\u00e9e":"1 minute"},"schema":{"@context":"https:\/\/schema.org","@graph":[{"@type":"Article","@id":"https:\/\/www.africa-press.net\/gabon\/politique\/quest-ce-quossouka-raponda-a-t-elle-dit-au-nouveau-maire-de-libreville#article","isPartOf":{"@id":"https:\/\/www.africa-press.net\/gabon\/politique\/quest-ce-quossouka-raponda-a-t-elle-dit-au-nouveau-maire-de-libreville"},"author":{"name":"cfeditorfr","@id":"https:\/\/www.africa-press.net\/gabon\/#\/schema\/person\/2b1cf3cd81a31e3cd26889ca66d677f1"},"headline":"Qu\u2019est-ce qu\u2019Ossouka Raponda a-t-elle dit au nouveau maire de Libreville ?","datePublished":"2021-07-23T07:23:00+00:00","mainEntityOfPage":{"@id":"https:\/\/www.africa-press.net\/gabon\/politique\/quest-ce-quossouka-raponda-a-t-elle-dit-au-nouveau-maire-de-libreville"},"wordCount":219,"commentCount":0,"image":{"@id":"https:\/\/www.africa-press.net\/gabon\/politique\/quest-ce-quossouka-raponda-a-t-elle-dit-au-nouveau-maire-de-libreville#primaryimage"},"thumbnailUrl":"https:\/\/static.africa-press.net\/centrafricaine\/sites\/54\/2021\/07\/img-60fa6d50a8e71.png","keywords":["Africa Press","Africa Press-Gabon","Gabon","le nouveau maire","Libreville","Ossouka Raponda"],"articleSection":["homepage-french","Politique","Toutes les actualit\u00e9s"],"inLanguage":"fr-FR","potentialAction":[{"@type":"CommentAction","name":"Comment","target":["https:\/\/www.africa-press.net\/gabon\/politique\/quest-ce-quossouka-raponda-a-t-elle-dit-au-nouveau-maire-de-libreville#respond"]}]},{"@type":"WebPage","@id":"https:\/\/www.africa-press.net\/gabon\/politique\/quest-ce-quossouka-raponda-a-t-elle-dit-au-nouveau-maire-de-libreville","url":"https:\/\/www.africa-press.net\/gabon\/politique\/quest-ce-quossouka-raponda-a-t-elle-dit-au-nouveau-maire-de-libreville","name":"Qu\u2019est-ce qu\u2019Ossouka Raponda a-t-elle dit au nouveau maire de Libreville ? - Gabon","isPartOf":{"@id":"https:\/\/www.africa-press.net\/gabon\/#website"},"primaryImageOfPage":{"@id":"https:\/\/www.africa-press.net\/gabon\/politique\/quest-ce-quossouka-raponda-a-t-elle-dit-au-nouveau-maire-de-libreville#primaryimage"},"image":{"@id":"https:\/\/www.africa-press.net\/gabon\/politique\/quest-ce-quossouka-raponda-a-t-elle-dit-au-nouveau-maire-de-libreville#primaryimage"},"thumbnailUrl":"https:\/\/static.africa-press.net\/centrafricaine\/sites\/54\/2021\/07\/img-60fa6d50a8e71.png","datePublished":"2021-07-23T07:23:00+00:00","author":{"@id":"https:\/\/www.africa-press.net\/gabon\/#\/schema\/person\/2b1cf3cd81a31e3cd26889ca66d677f1"},"description":"Une semaine apr\u00e8s sa prise de fonctions, le nouveau maire de Libreville, Christine Mba Ndutume \u00e9pouse Mihindou a r\u00e9serv ...","breadcrumb":{"@id":"https:\/\/www.africa-press.net\/gabon\/politique\/quest-ce-quossouka-raponda-a-t-elle-dit-au-nouveau-maire-de-libreville#breadcrumb"},"inLanguage":"fr-FR","potentialAction":[{"@type":"ReadAction","target":["https:\/\/www.africa-press.net\/gabon\/politique\/quest-ce-quossouka-raponda-a-t-elle-dit-au-nouveau-maire-de-libreville"]}]},{"@type":"ImageObject","inLanguage":"fr-FR","@id":"https:\/\/www.africa-press.net\/gabon\/politique\/quest-ce-quossouka-raponda-a-t-elle-dit-au-nouveau-maire-de-libreville#primaryimage","url":"https:\/\/static.africa-press.net\/centrafricaine\/sites\/54\/2021\/07\/img-60fa6d50a8e71.png","contentUrl":"https:\/\/static.africa-press.net\/centrafricaine\/sites\/54\/2021\/07\/img-60fa6d50a8e71.png","width":845,"height":510,"caption":"Qu\u2019est-ce qu\u2019Ossouka Raponda a-t-elle dit au nouveau maire de Libreville ?"},{"@type":"BreadcrumbList","@id":"https:\/\/www.africa-press.net\/gabon\/politique\/quest-ce-quossouka-raponda-a-t-elle-dit-au-nouveau-maire-de-libreville#breadcrumb","itemListElement":[{"@type":"ListItem","position":1,"name":"Accueil","item":"https:\/\/www.africa-press.net\/gabon\/"},{"@type":"ListItem","position":2,"name":"Qu\u2019est-ce qu\u2019Ossouka Raponda a-t-elle dit au nouveau maire de Libreville ?"}]},{"@type":"WebSite","@id":"https:\/\/www.africa-press.net\/gabon\/#website","url":"https:\/\/www.africa-press.net\/gabon\/","name":"Gabon","description":"Just another Africa News Agency Sites site","potentialAction":[{"@type":"SearchAction","target":{"@type":"EntryPoint","urlTemplate":"https:\/\/www.africa-press.net\/gabon\/?s={search_term_string}"},"query-input":{"@type":"PropertyValueSpecification","valueRequired":true,"valueName":"search_term_string"}}],"inLanguage":"fr-FR"},{"@type":"Person","@id":"https:\/\/www.africa-press.net\/gabon\/#\/schema\/person\/2b1cf3cd81a31e3cd26889ca66d677f1","name":"cfeditorfr"}]}},"_links":{"self":[{"href":"https:\/\/www.africa-press.net\/gabon\/wp-json\/wp\/v2\/posts\/1144","targetHints":{"allow":["GET"]}}],"collection":[{"href":"https:\/\/www.africa-press.net\/gabon\/wp-json\/wp\/v2\/posts"}],"about":[{"href":"https:\/\/www.africa-press.net\/gabon\/wp-json\/wp\/v2\/types\/post"}],"author":[{"embeddable":true,"href":"https:\/\/www.africa-press.net\/gabon\/wp-json\/wp\/v2\/users\/82"}],"replies":[{"embeddable":true,"href":"https:\/\/www.africa-press.net\/gabon\/wp-json\/wp\/v2\/comments?post=1144"}],"version-history":[{"count":0,"href":"https:\/\/www.africa-press.net\/gabon\/wp-json\/wp\/v2\/posts\/1144\/revisions"}],"wp:featuredmedia":[{"embeddable":true,"href":"https:\/\/www.africa-press.net\/gabon\/wp-json\/wp\/v2\/media\/1143"}],"wp:attachment":[{"href":"https:\/\/www.africa-press.net\/gabon\/wp-json\/wp\/v2\/media?parent=1144"}],"wp:term":[{"taxonomy":"category","embeddable":true,"href":"https:\/\/www.africa-press.net\/gabon\/wp-json\/wp\/v2\/categories?post=1144"},{"taxonomy":"post_tag","embeddable":true,"href":"https:\/\/www.africa-press.net\/gabon\/wp-json\/wp\/v2\/tags?post=1144"}],"curies":[{"name":"wp","href":"https:\/\/api.w.org\/{rel}","templated":true}]}}