{"id":1177,"date":"2021-07-24T13:05:09","date_gmt":"2021-07-24T13:05:09","guid":{"rendered":"https:\/\/www.africa-press.net\/gabon\/?p=1177"},"modified":"2021-07-24T13:01:43","modified_gmt":"2021-07-24T13:01:43","slug":"libreville-des-biafrais-devant-les-nations-unies-pour-la-liberation-de-mazi-nnamdi-kanu","status":"publish","type":"post","link":"https:\/\/www.africa-press.net\/gabon\/politique\/libreville-des-biafrais-devant-les-nations-unies-pour-la-liberation-de-mazi-nnamdi-kanu","title":{"rendered":"Libreville : Des Biafrais devant les Nations unies pour la lib\u00e9ration de Mazi Nnamdi Kanu"},"content":{"rendered":"<p><span style=\"color: #ff6600\"><strong><a href=\"https:\/\/www.africa-press.net\/\">Africa-Press<\/a> &#8211; <a href=\"https:\/\/www.africa-press.net\/gabon\">Gabon<\/a>. <\/strong><\/span> Comme en 2017, les membres du \u00abIndigenous people of Biafra (Ipob) \u2013 (Mouvement ind\u00e9pendantiste pour les peuples indig\u00e8nes du Biafra, ndlr)\u00bb, ont une nouvelle fois port\u00e9 \u00able combat pour leur libert\u00e9 et la lib\u00e9ration de leur leader, Mazi Nnamdi Kanu\u00bb devant le si\u00e8ge des Nations unies \u00e0 Libreville. Le 23 juillet, ils ont voulu davantage attirer l\u2019attention sur le sort de leur chef arr\u00eat\u00e9 et extrad\u00e9 du Kenya vers le Nig\u00e9ria, il y a quelques jours, ainsi que sur le r\u00e9f\u00e9rendum d\u2019autod\u00e9termination qu\u2019ils demandent depuis des d\u00e9cennies.<br \/>\nRessortissants de Port Harcourt (Ville p\u00e9troli\u00e8re) et de l\u2019\u00c9tat d\u2019Abia (Nig\u00e9ria), les Biafrais r\u00e9sidents \u00e0 Libreville ont manifest\u00e9 le 23 juillet, devant le si\u00e8ge des Nations unies. Si le pr\u00e9texte \u00e9tait la demande de \u00abla lib\u00e9ration imm\u00e9diate\u00bb du leader de l\u2019Indigenous people of Biafra (Ipob), Mazi Nnamdi Kanu, arr\u00eat\u00e9 le 19 juin dernier lors d\u2019une escale au Kenya et extrad\u00e9 au Nig\u00e9ria, ils en ont \u00e9galement profit\u00e9 pour rappeler le diff\u00e9rend qui les oppose aux autorit\u00e9s f\u00e9d\u00e9rales du Nig\u00e9ria. Ces derniers, diss\u00e9min\u00e9s \u00e0 travers le monde, r\u00e9clament en effet un r\u00e9f\u00e9rendum d\u2019autod\u00e9termination.<br \/>\nSe r\u00e9clamant non-violents, (mais class\u00e9s terroristes par les autorit\u00e9s du Nig\u00e9ria) les membres de l\u2019Ipob se sont d\u00e9ploy\u00e9s massivement devant le si\u00e8ge des Nations unies \u00e0 Libreville. Pr\u00e8s de trois cent personnes, selon les estimations, ont voulu \u00abd\u00e9noncer les exactions et violences dont sont victimes leur peuple\u00bb. \u00abLa manifestation de ce matin consiste \u00e0 demander aux Nations unies que nos leaders soient lib\u00e9r\u00e9s, notamment Mazi Nnamdi Kanu qui a \u00e9t\u00e9 ill\u00e9galement arr\u00eat\u00e9 au K\u00e9nya et extrad\u00e9 au Nig\u00e9ria\u00bb, a fait savoir le Secr\u00e9taire g\u00e9n\u00e9ral de l\u2019Ipob au Gabon, David Chukumah. \u00abA l\u2019heure o\u00f9 je vous parle, il est dans les mains des agents secrets du Nig\u00e9ria. Nous sommes l\u00e0 pour demander sa lib\u00e9ration\u00bb, a-t-il expliqu\u00e9.<br \/>\nBrandissant des pancartes, drapeaux, banderoles et portant des tee-shirts aux couleurs du Biafra, les membres de l\u2019Ipob tenaient \u00e9galement \u00e0 marquer les esprits \u00e0 travers des chants et des slogans patriotiques de leur r\u00e9gion. \u00abNous demandons aux Nations unies de nous venir en aide\u00bb, \u00abNous demandons aux Nations unies de dire au Nig\u00e9ria de nous lib\u00e9rer\u00bb, \u00abArr\u00eater de tuer au Nig\u00e9ria !\u00bb, \u00abTrop de sang a \u00e9t\u00e9 vers\u00e9 !\u00bb, \u00abLibert\u00e9 pour le peuple non-arm\u00e9\u00bb, \u00ables Biafrais ne sont pas terroristes\u00bb, \u00ables Biafrais souhaitent leur ind\u00e9pendance\u00bb, pouvait-on lire sur les pancartes et banderoles.<br \/>\nLes responsables du mouvement ont \u00e9t\u00e9 re\u00e7us par le directeur de cabinet du Chef du Bureau r\u00e9gional des Nations unies pour l\u2019Afrique centrale (Unoca), Anatole Ayissi. Ces derniers ont \u00e9t\u00e9 rassur\u00e9s par les diplomates onusiens qui, bien que n\u2019ayant pas juridiction sur l\u2019Afrique de l\u2019ouest, ont promis de transf\u00e9rer les documents \u00e0 leurs coll\u00e8gues de l\u2019Afrique de l\u2019ouest (Bureau des Nations unies pour l\u2019Afrique de l\u2019ouest et le Sahel (Unowas), ainsi qu\u2019aux Nations unies.<br \/>\nAu sujet de la situation actuelle dans leur pays, les Biafrais continuent de r\u00e9clamer un r\u00e9f\u00e9rendum. Cette consultation devrait porter sur la situation g\u00e9n\u00e9rale, laisse entendre le Secr\u00e9taire g\u00e9n\u00e9ral de de l\u2019Indigenous people of Biafra, expliquant que \u00abqui veut rester dans le Nig\u00e9ria et qui ne veut pas rester dans le Nig\u00e9ria devrait pouvoir faire un choix\u00bb. \u00abLe r\u00e9f\u00e9rendum est une chose normale dans un \u00c9tat d\u00e9mocratique et que le gouvernement du Nig\u00e9ria continue de nous refuser\u00bb, a fustig\u00e9 le Secr\u00e9taire g\u00e9n\u00e9ral de l\u2019Ipob.<br \/>\nLe pr\u00e9sident du mouvement biafrais au Gabon, Amadi Chima, n\u2019a pas manqu\u00e9 de souligner qu\u2019avec les repr\u00e9sentants de la chancellerie nig\u00e9riane au Gabon, les relations sont au beau fixe. \u00abOn n\u2019a pas de probl\u00e8me avec l\u2019ambassade du Nig\u00e9ria au Gabon. On leur a laiss\u00e9 notre lettre le 23 juin et on y retournera le 26 juillet pour demander de lib\u00e9rer notre leader qui porte la parole de nous tous. On va davantage lui demander de nous donner l\u2019opportunit\u00e9 de faire le r\u00e9f\u00e9rendum\u00bb, a-t-il d\u00e9clar\u00e9.<br \/>\nLa guerre du Biafra est finie depuis 1970. Mais, le mouvement biafrais Ipob a \u00e9t\u00e9 cr\u00e9\u00e9 en 2013. Ses membres r\u00e9clament l\u2019ind\u00e9pendance des r\u00e9gions du Sud-est du Nig\u00e9ria appel\u00e9es Delta du Niger.<\/p>\n","protected":false},"excerpt":{"rendered":"<p>Africa-Press &#8211; Gabon. Comme en 2017, les membres du \u00abIndigenous people of Biafra (Ipob) \u2013 (Mouvement ind\u00e9pendantiste pour les peuples indig\u00e8nes du Biafra, ndlr)\u00bb, ont une nouvelle fois port\u00e9 \u00able combat pour leur libert\u00e9 et la lib\u00e9ration de leur leader, Mazi Nnamdi Kanu\u00bb devant le si\u00e8ge des Nations unies \u00e0 Libreville. Le 23 juillet, ils [&hellip;]<\/p>\n","protected":false},"author":82,"featured_media":1176,"comment_status":"open","ping_status":"closed","sticky":false,"template":"","format":"standard","meta":{"footnotes":""},"categories":[11,2,10],"tags":[36,50,211,49,213,97,210,212],"class_list":["post-1177","post","type-post","status-publish","format-standard","has-post-thumbnail","hentry","category-homepage-french","category-politique","category-toutes-les-actualites","tag-africa-press","tag-africa-press-gabon","tag-biafrais","tag-gabon","tag-la-liberation","tag-libreville","tag-mazi-nnamdi-kanu","tag-nations-unies"],"yoast_head":"<!-- This site is optimized with the Yoast SEO Premium plugin v26.1 (Yoast SEO v27.0) - https:\/\/yoast.com\/product\/yoast-seo-premium-wordpress\/ -->\n<title>Libreville : Des Biafrais devant les Nations unies pour la lib\u00e9ration de Mazi Nnamdi Kanu - Gabon<\/title>\n<meta name=\"description\" content=\"Comme en 2017, les membres du \u00abIndigenous people of Biafra (Ipob) \u2013 (Mouvement ind\u00e9pendantiste pour les peuples indig\u00e8n ...\" \/>\n<meta name=\"robots\" content=\"index, follow, max-snippet:-1, max-image-preview:large, max-video-preview:-1\" \/>\n<link rel=\"canonical\" href=\"https:\/\/www.africa-press.net\/gabon\/politique\/libreville-des-biafrais-devant-les-nations-unies-pour-la-liberation-de-mazi-nnamdi-kanu\" \/>\n<meta property=\"og:locale\" content=\"fr_FR\" \/>\n<meta property=\"og:type\" content=\"article\" \/>\n<meta property=\"og:title\" content=\"Libreville : Des Biafrais devant les Nations unies pour la lib\u00e9ration de Mazi Nnamdi Kanu\" \/>\n<meta property=\"og:description\" content=\"Comme en 2017, les membres du \u00abIndigenous people of Biafra (Ipob) \u2013 (Mouvement ind\u00e9pendantiste pour les peuples indig\u00e8n ...\" \/>\n<meta property=\"og:url\" content=\"https:\/\/www.africa-press.net\/gabon\/politique\/libreville-des-biafrais-devant-les-nations-unies-pour-la-liberation-de-mazi-nnamdi-kanu\" \/>\n<meta property=\"og:site_name\" content=\"Gabon\" \/>\n<meta property=\"article:published_time\" content=\"2021-07-24T13:05:09+00:00\" \/>\n<meta property=\"og:image\" content=\"https:\/\/static.africa-press.net\/centrafricaine\/sites\/54\/2021\/07\/img-60fc0f04d1592.jpg\" \/>\n\t<meta property=\"og:image:width\" content=\"640\" \/>\n\t<meta property=\"og:image:height\" content=\"427\" \/>\n\t<meta property=\"og:image:type\" content=\"image\/jpeg\" \/>\n<meta name=\"author\" content=\"cfeditorfr\" \/>\n<meta name=\"twitter:card\" content=\"summary_large_image\" \/>\n<meta name=\"twitter:label1\" content=\"\u00c9crit par\" \/>\n\t<meta name=\"twitter:data1\" content=\"cfeditorfr\" \/>\n\t<meta name=\"twitter:label2\" content=\"Dur\u00e9e de lecture estim\u00e9e\" \/>\n\t<meta name=\"twitter:data2\" content=\"4 minutes\" \/>\n<script type=\"application\/ld+json\" class=\"yoast-schema-graph\">{\"@context\":\"https:\/\/schema.org\",\"@graph\":[{\"@type\":\"Article\",\"@id\":\"https:\/\/www.africa-press.net\/gabon\/politique\/libreville-des-biafrais-devant-les-nations-unies-pour-la-liberation-de-mazi-nnamdi-kanu#article\",\"isPartOf\":{\"@id\":\"https:\/\/www.africa-press.net\/gabon\/politique\/libreville-des-biafrais-devant-les-nations-unies-pour-la-liberation-de-mazi-nnamdi-kanu\"},\"author\":{\"name\":\"cfeditorfr\",\"@id\":\"https:\/\/www.africa-press.net\/gabon\/#\/schema\/person\/2b1cf3cd81a31e3cd26889ca66d677f1\"},\"headline\":\"Libreville : Des Biafrais devant les Nations unies pour la lib\u00e9ration de Mazi Nnamdi Kanu\",\"datePublished\":\"2021-07-24T13:05:09+00:00\",\"mainEntityOfPage\":{\"@id\":\"https:\/\/www.africa-press.net\/gabon\/politique\/libreville-des-biafrais-devant-les-nations-unies-pour-la-liberation-de-mazi-nnamdi-kanu\"},\"wordCount\":781,\"commentCount\":0,\"image\":{\"@id\":\"https:\/\/www.africa-press.net\/gabon\/politique\/libreville-des-biafrais-devant-les-nations-unies-pour-la-liberation-de-mazi-nnamdi-kanu#primaryimage\"},\"thumbnailUrl\":\"https:\/\/static.africa-press.net\/centrafricaine\/sites\/54\/2021\/07\/img-60fc0f04d1592.jpg\",\"keywords\":[\"Africa Press\",\"Africa Press-Gabon\",\"Biafrais\",\"Gabon\",\"la lib\u00e9ration\",\"Libreville\",\"Mazi Nnamdi Kanu\",\"Nations unies\"],\"articleSection\":[\"homepage-french\",\"Politique\",\"Toutes les actualit\u00e9s\"],\"inLanguage\":\"fr-FR\",\"potentialAction\":[{\"@type\":\"CommentAction\",\"name\":\"Comment\",\"target\":[\"https:\/\/www.africa-press.net\/gabon\/politique\/libreville-des-biafrais-devant-les-nations-unies-pour-la-liberation-de-mazi-nnamdi-kanu#respond\"]}]},{\"@type\":\"WebPage\",\"@id\":\"https:\/\/www.africa-press.net\/gabon\/politique\/libreville-des-biafrais-devant-les-nations-unies-pour-la-liberation-de-mazi-nnamdi-kanu\",\"url\":\"https:\/\/www.africa-press.net\/gabon\/politique\/libreville-des-biafrais-devant-les-nations-unies-pour-la-liberation-de-mazi-nnamdi-kanu\",\"name\":\"Libreville : Des Biafrais devant les Nations unies pour la lib\u00e9ration de Mazi Nnamdi Kanu - Gabon\",\"isPartOf\":{\"@id\":\"https:\/\/www.africa-press.net\/gabon\/#website\"},\"primaryImageOfPage\":{\"@id\":\"https:\/\/www.africa-press.net\/gabon\/politique\/libreville-des-biafrais-devant-les-nations-unies-pour-la-liberation-de-mazi-nnamdi-kanu#primaryimage\"},\"image\":{\"@id\":\"https:\/\/www.africa-press.net\/gabon\/politique\/libreville-des-biafrais-devant-les-nations-unies-pour-la-liberation-de-mazi-nnamdi-kanu#primaryimage\"},\"thumbnailUrl\":\"https:\/\/static.africa-press.net\/centrafricaine\/sites\/54\/2021\/07\/img-60fc0f04d1592.jpg\",\"datePublished\":\"2021-07-24T13:05:09+00:00\",\"author\":{\"@id\":\"https:\/\/www.africa-press.net\/gabon\/#\/schema\/person\/2b1cf3cd81a31e3cd26889ca66d677f1\"},\"description\":\"Comme en 2017, les membres du \u00abIndigenous people of Biafra (Ipob) \u2013 (Mouvement ind\u00e9pendantiste pour les peuples indig\u00e8n ...\",\"breadcrumb\":{\"@id\":\"https:\/\/www.africa-press.net\/gabon\/politique\/libreville-des-biafrais-devant-les-nations-unies-pour-la-liberation-de-mazi-nnamdi-kanu#breadcrumb\"},\"inLanguage\":\"fr-FR\",\"potentialAction\":[{\"@type\":\"ReadAction\",\"target\":[\"https:\/\/www.africa-press.net\/gabon\/politique\/libreville-des-biafrais-devant-les-nations-unies-pour-la-liberation-de-mazi-nnamdi-kanu\"]}]},{\"@type\":\"ImageObject\",\"inLanguage\":\"fr-FR\",\"@id\":\"https:\/\/www.africa-press.net\/gabon\/politique\/libreville-des-biafrais-devant-les-nations-unies-pour-la-liberation-de-mazi-nnamdi-kanu#primaryimage\",\"url\":\"https:\/\/static.africa-press.net\/centrafricaine\/sites\/54\/2021\/07\/img-60fc0f04d1592.jpg\",\"contentUrl\":\"https:\/\/static.africa-press.net\/centrafricaine\/sites\/54\/2021\/07\/img-60fc0f04d1592.jpg\",\"width\":640,\"height\":427,\"caption\":\"Libreville : Des Biafrais devant les Nations unies pour la lib\u00e9ration de Mazi Nnamdi Kanu\"},{\"@type\":\"BreadcrumbList\",\"@id\":\"https:\/\/www.africa-press.net\/gabon\/politique\/libreville-des-biafrais-devant-les-nations-unies-pour-la-liberation-de-mazi-nnamdi-kanu#breadcrumb\",\"itemListElement\":[{\"@type\":\"ListItem\",\"position\":1,\"name\":\"Accueil\",\"item\":\"https:\/\/www.africa-press.net\/gabon\/\"},{\"@type\":\"ListItem\",\"position\":2,\"name\":\"Libreville : Des Biafrais devant les Nations unies pour la lib\u00e9ration de Mazi Nnamdi Kanu\"}]},{\"@type\":\"WebSite\",\"@id\":\"https:\/\/www.africa-press.net\/gabon\/#website\",\"url\":\"https:\/\/www.africa-press.net\/gabon\/\",\"name\":\"Gabon\",\"description\":\"Just another Africa News Agency Sites site\",\"potentialAction\":[{\"@type\":\"SearchAction\",\"target\":{\"@type\":\"EntryPoint\",\"urlTemplate\":\"https:\/\/www.africa-press.net\/gabon\/?s={search_term_string}\"},\"query-input\":{\"@type\":\"PropertyValueSpecification\",\"valueRequired\":true,\"valueName\":\"search_term_string\"}}],\"inLanguage\":\"fr-FR\"},{\"@type\":\"Person\",\"@id\":\"https:\/\/www.africa-press.net\/gabon\/#\/schema\/person\/2b1cf3cd81a31e3cd26889ca66d677f1\",\"name\":\"cfeditorfr\"}]}<\/script>\n<!-- \/ Yoast SEO Premium plugin. -->","yoast_head_json":{"title":"Libreville : Des Biafrais devant les Nations unies pour la lib\u00e9ration de Mazi Nnamdi Kanu - Gabon","description":"Comme en 2017, les membres du \u00abIndigenous people of Biafra (Ipob) \u2013 (Mouvement ind\u00e9pendantiste pour les peuples indig\u00e8n ...","robots":{"index":"index","follow":"follow","max-snippet":"max-snippet:-1","max-image-preview":"max-image-preview:large","max-video-preview":"max-video-preview:-1"},"canonical":"https:\/\/www.africa-press.net\/gabon\/politique\/libreville-des-biafrais-devant-les-nations-unies-pour-la-liberation-de-mazi-nnamdi-kanu","og_locale":"fr_FR","og_type":"article","og_title":"Libreville : Des Biafrais devant les Nations unies pour la lib\u00e9ration de Mazi Nnamdi Kanu","og_description":"Comme en 2017, les membres du \u00abIndigenous people of Biafra (Ipob) \u2013 (Mouvement ind\u00e9pendantiste pour les peuples indig\u00e8n ...","og_url":"https:\/\/www.africa-press.net\/gabon\/politique\/libreville-des-biafrais-devant-les-nations-unies-pour-la-liberation-de-mazi-nnamdi-kanu","og_site_name":"Gabon","article_published_time":"2021-07-24T13:05:09+00:00","og_image":[{"width":640,"height":427,"url":"https:\/\/static.africa-press.net\/centrafricaine\/sites\/54\/2021\/07\/img-60fc0f04d1592.jpg","type":"image\/jpeg"}],"author":"cfeditorfr","twitter_card":"summary_large_image","twitter_misc":{"\u00c9crit par":"cfeditorfr","Dur\u00e9e de lecture estim\u00e9e":"4 minutes"},"schema":{"@context":"https:\/\/schema.org","@graph":[{"@type":"Article","@id":"https:\/\/www.africa-press.net\/gabon\/politique\/libreville-des-biafrais-devant-les-nations-unies-pour-la-liberation-de-mazi-nnamdi-kanu#article","isPartOf":{"@id":"https:\/\/www.africa-press.net\/gabon\/politique\/libreville-des-biafrais-devant-les-nations-unies-pour-la-liberation-de-mazi-nnamdi-kanu"},"author":{"name":"cfeditorfr","@id":"https:\/\/www.africa-press.net\/gabon\/#\/schema\/person\/2b1cf3cd81a31e3cd26889ca66d677f1"},"headline":"Libreville : Des Biafrais devant les Nations unies pour la lib\u00e9ration de Mazi Nnamdi Kanu","datePublished":"2021-07-24T13:05:09+00:00","mainEntityOfPage":{"@id":"https:\/\/www.africa-press.net\/gabon\/politique\/libreville-des-biafrais-devant-les-nations-unies-pour-la-liberation-de-mazi-nnamdi-kanu"},"wordCount":781,"commentCount":0,"image":{"@id":"https:\/\/www.africa-press.net\/gabon\/politique\/libreville-des-biafrais-devant-les-nations-unies-pour-la-liberation-de-mazi-nnamdi-kanu#primaryimage"},"thumbnailUrl":"https:\/\/static.africa-press.net\/centrafricaine\/sites\/54\/2021\/07\/img-60fc0f04d1592.jpg","keywords":["Africa Press","Africa Press-Gabon","Biafrais","Gabon","la lib\u00e9ration","Libreville","Mazi Nnamdi Kanu","Nations unies"],"articleSection":["homepage-french","Politique","Toutes les actualit\u00e9s"],"inLanguage":"fr-FR","potentialAction":[{"@type":"CommentAction","name":"Comment","target":["https:\/\/www.africa-press.net\/gabon\/politique\/libreville-des-biafrais-devant-les-nations-unies-pour-la-liberation-de-mazi-nnamdi-kanu#respond"]}]},{"@type":"WebPage","@id":"https:\/\/www.africa-press.net\/gabon\/politique\/libreville-des-biafrais-devant-les-nations-unies-pour-la-liberation-de-mazi-nnamdi-kanu","url":"https:\/\/www.africa-press.net\/gabon\/politique\/libreville-des-biafrais-devant-les-nations-unies-pour-la-liberation-de-mazi-nnamdi-kanu","name":"Libreville : Des Biafrais devant les Nations unies pour la lib\u00e9ration de Mazi Nnamdi Kanu - Gabon","isPartOf":{"@id":"https:\/\/www.africa-press.net\/gabon\/#website"},"primaryImageOfPage":{"@id":"https:\/\/www.africa-press.net\/gabon\/politique\/libreville-des-biafrais-devant-les-nations-unies-pour-la-liberation-de-mazi-nnamdi-kanu#primaryimage"},"image":{"@id":"https:\/\/www.africa-press.net\/gabon\/politique\/libreville-des-biafrais-devant-les-nations-unies-pour-la-liberation-de-mazi-nnamdi-kanu#primaryimage"},"thumbnailUrl":"https:\/\/static.africa-press.net\/centrafricaine\/sites\/54\/2021\/07\/img-60fc0f04d1592.jpg","datePublished":"2021-07-24T13:05:09+00:00","author":{"@id":"https:\/\/www.africa-press.net\/gabon\/#\/schema\/person\/2b1cf3cd81a31e3cd26889ca66d677f1"},"description":"Comme en 2017, les membres du \u00abIndigenous people of Biafra (Ipob) \u2013 (Mouvement ind\u00e9pendantiste pour les peuples indig\u00e8n ...","breadcrumb":{"@id":"https:\/\/www.africa-press.net\/gabon\/politique\/libreville-des-biafrais-devant-les-nations-unies-pour-la-liberation-de-mazi-nnamdi-kanu#breadcrumb"},"inLanguage":"fr-FR","potentialAction":[{"@type":"ReadAction","target":["https:\/\/www.africa-press.net\/gabon\/politique\/libreville-des-biafrais-devant-les-nations-unies-pour-la-liberation-de-mazi-nnamdi-kanu"]}]},{"@type":"ImageObject","inLanguage":"fr-FR","@id":"https:\/\/www.africa-press.net\/gabon\/politique\/libreville-des-biafrais-devant-les-nations-unies-pour-la-liberation-de-mazi-nnamdi-kanu#primaryimage","url":"https:\/\/static.africa-press.net\/centrafricaine\/sites\/54\/2021\/07\/img-60fc0f04d1592.jpg","contentUrl":"https:\/\/static.africa-press.net\/centrafricaine\/sites\/54\/2021\/07\/img-60fc0f04d1592.jpg","width":640,"height":427,"caption":"Libreville : Des Biafrais devant les Nations unies pour la lib\u00e9ration de Mazi Nnamdi Kanu"},{"@type":"BreadcrumbList","@id":"https:\/\/www.africa-press.net\/gabon\/politique\/libreville-des-biafrais-devant-les-nations-unies-pour-la-liberation-de-mazi-nnamdi-kanu#breadcrumb","itemListElement":[{"@type":"ListItem","position":1,"name":"Accueil","item":"https:\/\/www.africa-press.net\/gabon\/"},{"@type":"ListItem","position":2,"name":"Libreville : Des Biafrais devant les Nations unies pour la lib\u00e9ration de Mazi Nnamdi Kanu"}]},{"@type":"WebSite","@id":"https:\/\/www.africa-press.net\/gabon\/#website","url":"https:\/\/www.africa-press.net\/gabon\/","name":"Gabon","description":"Just another Africa News Agency Sites site","potentialAction":[{"@type":"SearchAction","target":{"@type":"EntryPoint","urlTemplate":"https:\/\/www.africa-press.net\/gabon\/?s={search_term_string}"},"query-input":{"@type":"PropertyValueSpecification","valueRequired":true,"valueName":"search_term_string"}}],"inLanguage":"fr-FR"},{"@type":"Person","@id":"https:\/\/www.africa-press.net\/gabon\/#\/schema\/person\/2b1cf3cd81a31e3cd26889ca66d677f1","name":"cfeditorfr"}]}},"_links":{"self":[{"href":"https:\/\/www.africa-press.net\/gabon\/wp-json\/wp\/v2\/posts\/1177","targetHints":{"allow":["GET"]}}],"collection":[{"href":"https:\/\/www.africa-press.net\/gabon\/wp-json\/wp\/v2\/posts"}],"about":[{"href":"https:\/\/www.africa-press.net\/gabon\/wp-json\/wp\/v2\/types\/post"}],"author":[{"embeddable":true,"href":"https:\/\/www.africa-press.net\/gabon\/wp-json\/wp\/v2\/users\/82"}],"replies":[{"embeddable":true,"href":"https:\/\/www.africa-press.net\/gabon\/wp-json\/wp\/v2\/comments?post=1177"}],"version-history":[{"count":0,"href":"https:\/\/www.africa-press.net\/gabon\/wp-json\/wp\/v2\/posts\/1177\/revisions"}],"wp:featuredmedia":[{"embeddable":true,"href":"https:\/\/www.africa-press.net\/gabon\/wp-json\/wp\/v2\/media\/1176"}],"wp:attachment":[{"href":"https:\/\/www.africa-press.net\/gabon\/wp-json\/wp\/v2\/media?parent=1177"}],"wp:term":[{"taxonomy":"category","embeddable":true,"href":"https:\/\/www.africa-press.net\/gabon\/wp-json\/wp\/v2\/categories?post=1177"},{"taxonomy":"post_tag","embeddable":true,"href":"https:\/\/www.africa-press.net\/gabon\/wp-json\/wp\/v2\/tags?post=1177"}],"curies":[{"name":"wp","href":"https:\/\/api.w.org\/{rel}","templated":true}]}}