{"id":1221,"date":"2021-07-27T07:33:45","date_gmt":"2021-07-27T07:33:45","guid":{"rendered":"https:\/\/www.africa-press.net\/gabon\/politique\/totalenergies-un-gabonais-pour-la-premiere-fois-a-la-tete-de-la-branche-afrique"},"modified":"2021-07-27T07:33:45","modified_gmt":"2021-07-27T07:33:45","slug":"totalenergies-un-gabonais-pour-la-premiere-fois-a-la-tete-de-la-branche-afrique","status":"publish","type":"post","link":"https:\/\/www.africa-press.net\/gabon\/politique\/totalenergies-un-gabonais-pour-la-premiere-fois-a-la-tete-de-la-branche-afrique","title":{"rendered":"TotalEnergies : un Gabonais pour la premi\u00e8re fois \u00e0 la t\u00eate de la branche Afrique ?"},"content":{"rendered":"<p><span style=\"color: #ff6600\"><strong><a href=\"https:\/\/www.africa-press.net\/\">Africa-Press<\/a> &#8211; <a href=\"https:\/\/www.africa-press.net\/gabon\">Gabon<\/a>. <\/strong><\/span>Si rien n\u2019est encore officiel en attendant les nouvelles nominations cens\u00e9es intervenir d\u2019ici \u00e0 septembre prochain, le Gabonais Henri-Max Ndong Nzue, ancien directeur g\u00e9n\u00e9ral de Total Gabon, est pressenti pour occuper le poste de directeur Afrique du groupe TotalEnergies.<br \/>\nIl faudra encore attendre plusieurs semaines, selon certaines sources. Mais Africa Intelligence croit d\u00e9j\u00e0 savoir que c\u2019est bien un natif du continent qui occupera en septembre prochain le poste de directeur Afrique de TotalEnergies. \u00c0 en croire nos confr\u00e8res, le choix des instances du groupe devrait se porter sur Henri-Max Ndong Nzue, actuel secr\u00e9taire g\u00e9n\u00e9ral et directeur Am\u00e9riques \u00e0 Total Marketing &amp; Services.<br \/>\nDipl\u00f4m\u00e9 de l\u2019\u00c9cole Polytechnique, en France, le Gabonais devrait remplacer Nicolas Terraz. L\u2019actuel directeur Afrique de l\u2019exploration-production du groupe est quant \u00e0 lui pressenti au poste de pr\u00e9sident du d\u00e9partement Exploration-Production, en remplacement d\u2019Arnaud Breuillac qui aurait d\u00e9cid\u00e9 de prendre sa retraite 6 mois plus t\u00f4t en raison de ses rapports tendus avec le PDG Patrick Pouyann\u00e9.<br \/>\nPour m\u00e9moire, Henri-Max Ndong Nzue a \u00e9t\u00e9 le premier directeur g\u00e9n\u00e9ral de Total Gabon originaire du pays. Il devrait \u00e9galement \u00eatre le tout premier Africain \u00e0 diriger le d\u00e9partement Exploration-Production de TotalEnergies au sud du Sahara, indique Agenceecofin.com. <\/p>\n","protected":false},"excerpt":{"rendered":"<p>Africa-Press &#8211; Gabon. Si rien n\u2019est encore officiel en attendant les nouvelles nominations cens\u00e9es intervenir d\u2019ici \u00e0 septembre prochain, le Gabonais Henri-Max Ndong Nzue, ancien directeur g\u00e9n\u00e9ral de Total Gabon, est pressenti pour occuper le poste de directeur Afrique du groupe TotalEnergies. Il faudra encore attendre plusieurs semaines, selon certaines sources. Mais Africa Intelligence croit [&hellip;]<\/p>\n","protected":false},"author":82,"featured_media":1220,"comment_status":"open","ping_status":"closed","sticky":false,"template":"","format":"standard","meta":{"footnotes":""},"categories":[11,2,10],"tags":[36,50,49,258,259,257],"class_list":["post-1221","post","type-post","status-publish","format-standard","has-post-thumbnail","hentry","category-homepage-french","category-politique","category-toutes-les-actualites","tag-africa-press","tag-africa-press-gabon","tag-gabon","tag-henri-max-ndong-nzue","tag-la-branche-afrique","tag-totalenergies"],"yoast_head":"<!-- This site is optimized with the Yoast SEO Premium plugin v26.1 (Yoast SEO v27.0) - https:\/\/yoast.com\/product\/yoast-seo-premium-wordpress\/ -->\n<title>TotalEnergies : un Gabonais pour la premi\u00e8re fois \u00e0 la t\u00eate de la branche Afrique ? - Gabon<\/title>\n<meta name=\"robots\" content=\"index, follow, max-snippet:-1, max-image-preview:large, max-video-preview:-1\" \/>\n<link rel=\"canonical\" href=\"https:\/\/www.africa-press.net\/gabon\/politique\/totalenergies-un-gabonais-pour-la-premiere-fois-a-la-tete-de-la-branche-afrique\" \/>\n<meta property=\"og:locale\" content=\"fr_FR\" \/>\n<meta property=\"og:type\" content=\"article\" \/>\n<meta property=\"og:title\" content=\"TotalEnergies : un Gabonais pour la premi\u00e8re fois \u00e0 la t\u00eate de la branche Afrique ?\" \/>\n<meta property=\"og:description\" content=\"Africa-Press &#8211; Gabon. Si rien n\u2019est encore officiel en attendant les nouvelles nominations cens\u00e9es intervenir d\u2019ici \u00e0 septembre prochain, le Gabonais Henri-Max Ndong Nzue, ancien directeur g\u00e9n\u00e9ral de Total Gabon, est pressenti pour occuper le poste de directeur Afrique du groupe TotalEnergies. Il faudra encore attendre plusieurs semaines, selon certaines sources. Mais Africa Intelligence croit [&hellip;]\" \/>\n<meta property=\"og:url\" content=\"https:\/\/www.africa-press.net\/gabon\/politique\/totalenergies-un-gabonais-pour-la-premiere-fois-a-la-tete-de-la-branche-afrique\" \/>\n<meta property=\"og:site_name\" content=\"Gabon\" \/>\n<meta property=\"article:published_time\" content=\"2021-07-27T07:33:45+00:00\" \/>\n<meta property=\"og:image\" content=\"https:\/\/static.africa-press.net\/centrafricaine\/sites\/54\/2021\/07\/img-60ffb68fa23d8.jpg\" \/>\n\t<meta property=\"og:image:width\" content=\"640\" \/>\n\t<meta property=\"og:image:height\" content=\"479\" \/>\n\t<meta property=\"og:image:type\" content=\"image\/jpeg\" \/>\n<meta name=\"author\" content=\"cfeditorfr\" \/>\n<meta name=\"twitter:card\" content=\"summary_large_image\" \/>\n<meta name=\"twitter:label1\" content=\"\u00c9crit par\" \/>\n\t<meta name=\"twitter:data1\" content=\"cfeditorfr\" \/>\n\t<meta name=\"twitter:label2\" content=\"Dur\u00e9e de lecture estim\u00e9e\" \/>\n\t<meta name=\"twitter:data2\" content=\"1 minute\" \/>\n<script type=\"application\/ld+json\" class=\"yoast-schema-graph\">{\"@context\":\"https:\/\/schema.org\",\"@graph\":[{\"@type\":\"Article\",\"@id\":\"https:\/\/www.africa-press.net\/gabon\/politique\/totalenergies-un-gabonais-pour-la-premiere-fois-a-la-tete-de-la-branche-afrique#article\",\"isPartOf\":{\"@id\":\"https:\/\/www.africa-press.net\/gabon\/politique\/totalenergies-un-gabonais-pour-la-premiere-fois-a-la-tete-de-la-branche-afrique\"},\"author\":{\"name\":\"cfeditorfr\",\"@id\":\"https:\/\/www.africa-press.net\/gabon\/#\/schema\/person\/2b1cf3cd81a31e3cd26889ca66d677f1\"},\"headline\":\"TotalEnergies : un Gabonais pour la premi\u00e8re fois \u00e0 la t\u00eate de la branche Afrique ?\",\"datePublished\":\"2021-07-27T07:33:45+00:00\",\"mainEntityOfPage\":{\"@id\":\"https:\/\/www.africa-press.net\/gabon\/politique\/totalenergies-un-gabonais-pour-la-premiere-fois-a-la-tete-de-la-branche-afrique\"},\"wordCount\":235,\"commentCount\":0,\"image\":{\"@id\":\"https:\/\/www.africa-press.net\/gabon\/politique\/totalenergies-un-gabonais-pour-la-premiere-fois-a-la-tete-de-la-branche-afrique#primaryimage\"},\"thumbnailUrl\":\"https:\/\/static.africa-press.net\/centrafricaine\/sites\/54\/2021\/07\/img-60ffb68fa23d8.jpg\",\"keywords\":[\"Africa Press\",\"Africa Press-Gabon\",\"Gabon\",\"Henri-Max Ndong Nzue\",\"la branche Afrique\",\"TotalEnergies\"],\"articleSection\":[\"homepage-french\",\"Politique\",\"Toutes les actualit\u00e9s\"],\"inLanguage\":\"fr-FR\",\"potentialAction\":[{\"@type\":\"CommentAction\",\"name\":\"Comment\",\"target\":[\"https:\/\/www.africa-press.net\/gabon\/politique\/totalenergies-un-gabonais-pour-la-premiere-fois-a-la-tete-de-la-branche-afrique#respond\"]}]},{\"@type\":\"WebPage\",\"@id\":\"https:\/\/www.africa-press.net\/gabon\/politique\/totalenergies-un-gabonais-pour-la-premiere-fois-a-la-tete-de-la-branche-afrique\",\"url\":\"https:\/\/www.africa-press.net\/gabon\/politique\/totalenergies-un-gabonais-pour-la-premiere-fois-a-la-tete-de-la-branche-afrique\",\"name\":\"TotalEnergies : un Gabonais pour la premi\u00e8re fois \u00e0 la t\u00eate de la branche Afrique ? - Gabon\",\"isPartOf\":{\"@id\":\"https:\/\/www.africa-press.net\/gabon\/#website\"},\"primaryImageOfPage\":{\"@id\":\"https:\/\/www.africa-press.net\/gabon\/politique\/totalenergies-un-gabonais-pour-la-premiere-fois-a-la-tete-de-la-branche-afrique#primaryimage\"},\"image\":{\"@id\":\"https:\/\/www.africa-press.net\/gabon\/politique\/totalenergies-un-gabonais-pour-la-premiere-fois-a-la-tete-de-la-branche-afrique#primaryimage\"},\"thumbnailUrl\":\"https:\/\/static.africa-press.net\/centrafricaine\/sites\/54\/2021\/07\/img-60ffb68fa23d8.jpg\",\"datePublished\":\"2021-07-27T07:33:45+00:00\",\"author\":{\"@id\":\"https:\/\/www.africa-press.net\/gabon\/#\/schema\/person\/2b1cf3cd81a31e3cd26889ca66d677f1\"},\"breadcrumb\":{\"@id\":\"https:\/\/www.africa-press.net\/gabon\/politique\/totalenergies-un-gabonais-pour-la-premiere-fois-a-la-tete-de-la-branche-afrique#breadcrumb\"},\"inLanguage\":\"fr-FR\",\"potentialAction\":[{\"@type\":\"ReadAction\",\"target\":[\"https:\/\/www.africa-press.net\/gabon\/politique\/totalenergies-un-gabonais-pour-la-premiere-fois-a-la-tete-de-la-branche-afrique\"]}]},{\"@type\":\"ImageObject\",\"inLanguage\":\"fr-FR\",\"@id\":\"https:\/\/www.africa-press.net\/gabon\/politique\/totalenergies-un-gabonais-pour-la-premiere-fois-a-la-tete-de-la-branche-afrique#primaryimage\",\"url\":\"https:\/\/static.africa-press.net\/centrafricaine\/sites\/54\/2021\/07\/img-60ffb68fa23d8.jpg\",\"contentUrl\":\"https:\/\/static.africa-press.net\/centrafricaine\/sites\/54\/2021\/07\/img-60ffb68fa23d8.jpg\",\"width\":640,\"height\":479,\"caption\":\"TotalEnergies : un Gabonais pour la premi\u00e8re fois \u00e0 la t\u00eate de la branche Afrique ?\"},{\"@type\":\"BreadcrumbList\",\"@id\":\"https:\/\/www.africa-press.net\/gabon\/politique\/totalenergies-un-gabonais-pour-la-premiere-fois-a-la-tete-de-la-branche-afrique#breadcrumb\",\"itemListElement\":[{\"@type\":\"ListItem\",\"position\":1,\"name\":\"Accueil\",\"item\":\"https:\/\/www.africa-press.net\/gabon\/\"},{\"@type\":\"ListItem\",\"position\":2,\"name\":\"TotalEnergies : un Gabonais pour la premi\u00e8re fois \u00e0 la t\u00eate de la branche Afrique ?\"}]},{\"@type\":\"WebSite\",\"@id\":\"https:\/\/www.africa-press.net\/gabon\/#website\",\"url\":\"https:\/\/www.africa-press.net\/gabon\/\",\"name\":\"Gabon\",\"description\":\"Just another Africa News Agency Sites site\",\"potentialAction\":[{\"@type\":\"SearchAction\",\"target\":{\"@type\":\"EntryPoint\",\"urlTemplate\":\"https:\/\/www.africa-press.net\/gabon\/?s={search_term_string}\"},\"query-input\":{\"@type\":\"PropertyValueSpecification\",\"valueRequired\":true,\"valueName\":\"search_term_string\"}}],\"inLanguage\":\"fr-FR\"},{\"@type\":\"Person\",\"@id\":\"https:\/\/www.africa-press.net\/gabon\/#\/schema\/person\/2b1cf3cd81a31e3cd26889ca66d677f1\",\"name\":\"cfeditorfr\"}]}<\/script>\n<!-- \/ Yoast SEO Premium plugin. -->","yoast_head_json":{"title":"TotalEnergies : un Gabonais pour la premi\u00e8re fois \u00e0 la t\u00eate de la branche Afrique ? - Gabon","robots":{"index":"index","follow":"follow","max-snippet":"max-snippet:-1","max-image-preview":"max-image-preview:large","max-video-preview":"max-video-preview:-1"},"canonical":"https:\/\/www.africa-press.net\/gabon\/politique\/totalenergies-un-gabonais-pour-la-premiere-fois-a-la-tete-de-la-branche-afrique","og_locale":"fr_FR","og_type":"article","og_title":"TotalEnergies : un Gabonais pour la premi\u00e8re fois \u00e0 la t\u00eate de la branche Afrique ?","og_description":"Africa-Press &#8211; Gabon. Si rien n\u2019est encore officiel en attendant les nouvelles nominations cens\u00e9es intervenir d\u2019ici \u00e0 septembre prochain, le Gabonais Henri-Max Ndong Nzue, ancien directeur g\u00e9n\u00e9ral de Total Gabon, est pressenti pour occuper le poste de directeur Afrique du groupe TotalEnergies. Il faudra encore attendre plusieurs semaines, selon certaines sources. Mais Africa Intelligence croit [&hellip;]","og_url":"https:\/\/www.africa-press.net\/gabon\/politique\/totalenergies-un-gabonais-pour-la-premiere-fois-a-la-tete-de-la-branche-afrique","og_site_name":"Gabon","article_published_time":"2021-07-27T07:33:45+00:00","og_image":[{"width":640,"height":479,"url":"https:\/\/static.africa-press.net\/centrafricaine\/sites\/54\/2021\/07\/img-60ffb68fa23d8.jpg","type":"image\/jpeg"}],"author":"cfeditorfr","twitter_card":"summary_large_image","twitter_misc":{"\u00c9crit par":"cfeditorfr","Dur\u00e9e de lecture estim\u00e9e":"1 minute"},"schema":{"@context":"https:\/\/schema.org","@graph":[{"@type":"Article","@id":"https:\/\/www.africa-press.net\/gabon\/politique\/totalenergies-un-gabonais-pour-la-premiere-fois-a-la-tete-de-la-branche-afrique#article","isPartOf":{"@id":"https:\/\/www.africa-press.net\/gabon\/politique\/totalenergies-un-gabonais-pour-la-premiere-fois-a-la-tete-de-la-branche-afrique"},"author":{"name":"cfeditorfr","@id":"https:\/\/www.africa-press.net\/gabon\/#\/schema\/person\/2b1cf3cd81a31e3cd26889ca66d677f1"},"headline":"TotalEnergies : un Gabonais pour la premi\u00e8re fois \u00e0 la t\u00eate de la branche Afrique ?","datePublished":"2021-07-27T07:33:45+00:00","mainEntityOfPage":{"@id":"https:\/\/www.africa-press.net\/gabon\/politique\/totalenergies-un-gabonais-pour-la-premiere-fois-a-la-tete-de-la-branche-afrique"},"wordCount":235,"commentCount":0,"image":{"@id":"https:\/\/www.africa-press.net\/gabon\/politique\/totalenergies-un-gabonais-pour-la-premiere-fois-a-la-tete-de-la-branche-afrique#primaryimage"},"thumbnailUrl":"https:\/\/static.africa-press.net\/centrafricaine\/sites\/54\/2021\/07\/img-60ffb68fa23d8.jpg","keywords":["Africa Press","Africa Press-Gabon","Gabon","Henri-Max Ndong Nzue","la branche Afrique","TotalEnergies"],"articleSection":["homepage-french","Politique","Toutes les actualit\u00e9s"],"inLanguage":"fr-FR","potentialAction":[{"@type":"CommentAction","name":"Comment","target":["https:\/\/www.africa-press.net\/gabon\/politique\/totalenergies-un-gabonais-pour-la-premiere-fois-a-la-tete-de-la-branche-afrique#respond"]}]},{"@type":"WebPage","@id":"https:\/\/www.africa-press.net\/gabon\/politique\/totalenergies-un-gabonais-pour-la-premiere-fois-a-la-tete-de-la-branche-afrique","url":"https:\/\/www.africa-press.net\/gabon\/politique\/totalenergies-un-gabonais-pour-la-premiere-fois-a-la-tete-de-la-branche-afrique","name":"TotalEnergies : un Gabonais pour la premi\u00e8re fois \u00e0 la t\u00eate de la branche Afrique ? - Gabon","isPartOf":{"@id":"https:\/\/www.africa-press.net\/gabon\/#website"},"primaryImageOfPage":{"@id":"https:\/\/www.africa-press.net\/gabon\/politique\/totalenergies-un-gabonais-pour-la-premiere-fois-a-la-tete-de-la-branche-afrique#primaryimage"},"image":{"@id":"https:\/\/www.africa-press.net\/gabon\/politique\/totalenergies-un-gabonais-pour-la-premiere-fois-a-la-tete-de-la-branche-afrique#primaryimage"},"thumbnailUrl":"https:\/\/static.africa-press.net\/centrafricaine\/sites\/54\/2021\/07\/img-60ffb68fa23d8.jpg","datePublished":"2021-07-27T07:33:45+00:00","author":{"@id":"https:\/\/www.africa-press.net\/gabon\/#\/schema\/person\/2b1cf3cd81a31e3cd26889ca66d677f1"},"breadcrumb":{"@id":"https:\/\/www.africa-press.net\/gabon\/politique\/totalenergies-un-gabonais-pour-la-premiere-fois-a-la-tete-de-la-branche-afrique#breadcrumb"},"inLanguage":"fr-FR","potentialAction":[{"@type":"ReadAction","target":["https:\/\/www.africa-press.net\/gabon\/politique\/totalenergies-un-gabonais-pour-la-premiere-fois-a-la-tete-de-la-branche-afrique"]}]},{"@type":"ImageObject","inLanguage":"fr-FR","@id":"https:\/\/www.africa-press.net\/gabon\/politique\/totalenergies-un-gabonais-pour-la-premiere-fois-a-la-tete-de-la-branche-afrique#primaryimage","url":"https:\/\/static.africa-press.net\/centrafricaine\/sites\/54\/2021\/07\/img-60ffb68fa23d8.jpg","contentUrl":"https:\/\/static.africa-press.net\/centrafricaine\/sites\/54\/2021\/07\/img-60ffb68fa23d8.jpg","width":640,"height":479,"caption":"TotalEnergies : un Gabonais pour la premi\u00e8re fois \u00e0 la t\u00eate de la branche Afrique ?"},{"@type":"BreadcrumbList","@id":"https:\/\/www.africa-press.net\/gabon\/politique\/totalenergies-un-gabonais-pour-la-premiere-fois-a-la-tete-de-la-branche-afrique#breadcrumb","itemListElement":[{"@type":"ListItem","position":1,"name":"Accueil","item":"https:\/\/www.africa-press.net\/gabon\/"},{"@type":"ListItem","position":2,"name":"TotalEnergies : un Gabonais pour la premi\u00e8re fois \u00e0 la t\u00eate de la branche Afrique ?"}]},{"@type":"WebSite","@id":"https:\/\/www.africa-press.net\/gabon\/#website","url":"https:\/\/www.africa-press.net\/gabon\/","name":"Gabon","description":"Just another Africa News Agency Sites site","potentialAction":[{"@type":"SearchAction","target":{"@type":"EntryPoint","urlTemplate":"https:\/\/www.africa-press.net\/gabon\/?s={search_term_string}"},"query-input":{"@type":"PropertyValueSpecification","valueRequired":true,"valueName":"search_term_string"}}],"inLanguage":"fr-FR"},{"@type":"Person","@id":"https:\/\/www.africa-press.net\/gabon\/#\/schema\/person\/2b1cf3cd81a31e3cd26889ca66d677f1","name":"cfeditorfr"}]}},"_links":{"self":[{"href":"https:\/\/www.africa-press.net\/gabon\/wp-json\/wp\/v2\/posts\/1221","targetHints":{"allow":["GET"]}}],"collection":[{"href":"https:\/\/www.africa-press.net\/gabon\/wp-json\/wp\/v2\/posts"}],"about":[{"href":"https:\/\/www.africa-press.net\/gabon\/wp-json\/wp\/v2\/types\/post"}],"author":[{"embeddable":true,"href":"https:\/\/www.africa-press.net\/gabon\/wp-json\/wp\/v2\/users\/82"}],"replies":[{"embeddable":true,"href":"https:\/\/www.africa-press.net\/gabon\/wp-json\/wp\/v2\/comments?post=1221"}],"version-history":[{"count":0,"href":"https:\/\/www.africa-press.net\/gabon\/wp-json\/wp\/v2\/posts\/1221\/revisions"}],"wp:featuredmedia":[{"embeddable":true,"href":"https:\/\/www.africa-press.net\/gabon\/wp-json\/wp\/v2\/media\/1220"}],"wp:attachment":[{"href":"https:\/\/www.africa-press.net\/gabon\/wp-json\/wp\/v2\/media?parent=1221"}],"wp:term":[{"taxonomy":"category","embeddable":true,"href":"https:\/\/www.africa-press.net\/gabon\/wp-json\/wp\/v2\/categories?post=1221"},{"taxonomy":"post_tag","embeddable":true,"href":"https:\/\/www.africa-press.net\/gabon\/wp-json\/wp\/v2\/tags?post=1221"}],"curies":[{"name":"wp","href":"https:\/\/api.w.org\/{rel}","templated":true}]}}