{"id":12780,"date":"2022-11-20T19:13:17","date_gmt":"2022-11-20T19:13:17","guid":{"rendered":"https:\/\/www.africa-press.net\/gabon\/politique\/deces-du-gouverneur-du-moyen-ogooue-barnabe-mbangalivoua"},"modified":"2022-11-20T19:39:31","modified_gmt":"2022-11-20T19:39:31","slug":"deces-du-gouverneur-du-moyen-ogooue-barnabe-mbangalivoua","status":"publish","type":"post","link":"https:\/\/www.africa-press.net\/gabon\/politique\/deces-du-gouverneur-du-moyen-ogooue-barnabe-mbangalivoua","title":{"rendered":"D\u00e9c\u00e8s du gouverneur du Moyen Ogoou\u00e9 Barnab\u00e9 Mbangalivoua"},"content":{"rendered":"<p><span style=\"color: #ff6600\"><strong>Africa-Press &#8211; Gabon. <\/strong><\/span><b>Interne\u0301 au Centre hospitalier et universitaire de Libreville (CHUL)<\/b> <b>sous assistance respiratoire, le gouverneur de la province du Moyen Ogooue\u0301, Barnabe\u0301 Mbangalivoua est de\u0301ce\u0301de\u0301 ce dimanche, a appris Gabonactu.com<\/b><\/p>\n<p>Barnabe\u0301 Mbangalivoua a fait l\u2019une de ses dernie\u0300res apparitions publiques lors des obse\u0300ques de l\u2019e\u0301pouse du Ministre de l\u2019Inte\u0301rieur, feue De\u0301sire\u0301e Singatadi Matha. L\u2019homme apparaissait de\u0301ja\u0300 tre\u0300s affaiblie par la maladie.<\/p>\n<p><b>Antoine Relaxe <\/b><\/p>\n<p><strong>Pour plus d&rsquo;informations et d&rsquo;analyses sur la <a href=\"https:\/\/www.africa-press.net\/gabon\">Gabon<\/a>, suivez <a href=\"https:\/\/www.africa-press.net\/\">Africa-Press<\/a><\/strong><\/p>\n","protected":false},"excerpt":{"rendered":"<p>Africa-Press &#8211; Gabon. Interne\u0301 au Centre hospitalier et universitaire de Libreville (CHUL) sous assistance respiratoire, le gouverneur de la province du Moyen Ogooue\u0301, Barnabe\u0301 Mbangalivoua est de\u0301ce\u0301de\u0301 ce dimanche, a appris Gabonactu.com Barnabe\u0301 Mbangalivoua a fait l\u2019une de ses dernie\u0300res apparitions publiques lors des obse\u0300ques de l\u2019e\u0301pouse du Ministre de l\u2019Inte\u0301rieur, feue De\u0301sire\u0301e Singatadi Matha. [&hellip;]<\/p>\n","protected":false},"author":82,"featured_media":12778,"comment_status":"open","ping_status":"closed","sticky":false,"template":"","format":"standard","meta":{"footnotes":""},"categories":[2,10],"tags":[36,50,49],"class_list":["post-12780","post","type-post","status-publish","format-standard","has-post-thumbnail","hentry","category-politique","category-toutes-les-actualites","tag-africa-press","tag-africa-press-gabon","tag-gabon"],"yoast_head":"<!-- This site is optimized with the Yoast SEO Premium plugin v26.1 (Yoast SEO v27.0) - https:\/\/yoast.com\/product\/yoast-seo-premium-wordpress\/ -->\n<title>D\u00e9c\u00e8s du gouverneur du Moyen Ogoou\u00e9 Barnab\u00e9 Mbangalivoua - Gabon<\/title>\n<meta name=\"description\" content=\"Interne\u0301 au Centre hospitalier et universitaire de Libreville (CHUL) sous assistance respiratoire, le gouverne ...\" \/>\n<meta name=\"robots\" content=\"index, follow, max-snippet:-1, max-image-preview:large, max-video-preview:-1\" \/>\n<link rel=\"canonical\" href=\"https:\/\/www.africa-press.net\/gabon\/politique\/deces-du-gouverneur-du-moyen-ogooue-barnabe-mbangalivoua\" \/>\n<meta property=\"og:locale\" content=\"fr_FR\" \/>\n<meta property=\"og:type\" content=\"article\" \/>\n<meta property=\"og:title\" content=\"D\u00e9c\u00e8s du gouverneur du Moyen Ogoou\u00e9 Barnab\u00e9 Mbangalivoua\" \/>\n<meta property=\"og:description\" content=\"Interne\u0301 au Centre hospitalier et universitaire de Libreville (CHUL) sous assistance respiratoire, le gouverne ...\" \/>\n<meta property=\"og:url\" content=\"https:\/\/www.africa-press.net\/gabon\/politique\/deces-du-gouverneur-du-moyen-ogooue-barnabe-mbangalivoua\" \/>\n<meta property=\"og:site_name\" content=\"Gabon\" \/>\n<meta property=\"article:published_time\" content=\"2022-11-20T19:13:17+00:00\" \/>\n<meta property=\"article:modified_time\" content=\"2022-11-20T19:39:31+00:00\" \/>\n<meta property=\"og:image\" content=\"https:\/\/static.africa-press.net\/gabon\/sites\/54\/2022\/11\/postQueueImg_1668959001.66.jpg\" \/>\n\t<meta property=\"og:image:width\" content=\"808\" \/>\n\t<meta property=\"og:image:height\" content=\"520\" \/>\n\t<meta property=\"og:image:type\" content=\"image\/jpeg\" \/>\n<meta name=\"author\" content=\"cfeditorfr\" \/>\n<meta name=\"twitter:card\" content=\"summary_large_image\" \/>\n<meta name=\"twitter:label1\" content=\"\u00c9crit par\" \/>\n\t<meta name=\"twitter:data1\" content=\"cfeditorfr\" \/>\n\t<meta name=\"twitter:label2\" content=\"Dur\u00e9e de lecture estim\u00e9e\" \/>\n\t<meta name=\"twitter:data2\" content=\"1 minute\" \/>\n<script type=\"application\/ld+json\" class=\"yoast-schema-graph\">{\"@context\":\"https:\/\/schema.org\",\"@graph\":[{\"@type\":\"Article\",\"@id\":\"https:\/\/www.africa-press.net\/gabon\/politique\/deces-du-gouverneur-du-moyen-ogooue-barnabe-mbangalivoua#article\",\"isPartOf\":{\"@id\":\"https:\/\/www.africa-press.net\/gabon\/politique\/deces-du-gouverneur-du-moyen-ogooue-barnabe-mbangalivoua\"},\"author\":{\"name\":\"cfeditorfr\",\"@id\":\"https:\/\/www.africa-press.net\/gabon\/#\/schema\/person\/2b1cf3cd81a31e3cd26889ca66d677f1\"},\"headline\":\"D\u00e9c\u00e8s du gouverneur du Moyen Ogoou\u00e9 Barnab\u00e9 Mbangalivoua\",\"datePublished\":\"2022-11-20T19:13:17+00:00\",\"dateModified\":\"2022-11-20T19:39:31+00:00\",\"mainEntityOfPage\":{\"@id\":\"https:\/\/www.africa-press.net\/gabon\/politique\/deces-du-gouverneur-du-moyen-ogooue-barnabe-mbangalivoua\"},\"wordCount\":102,\"commentCount\":0,\"image\":{\"@id\":\"https:\/\/www.africa-press.net\/gabon\/politique\/deces-du-gouverneur-du-moyen-ogooue-barnabe-mbangalivoua#primaryimage\"},\"thumbnailUrl\":\"https:\/\/static.africa-press.net\/gabon\/sites\/54\/2022\/11\/postQueueImg_1668959001.66.jpg\",\"keywords\":[\"Africa Press\",\"Africa Press-Gabon\",\"Gabon\"],\"articleSection\":[\"Politique\",\"Toutes les actualit\u00e9s\"],\"inLanguage\":\"fr-FR\",\"potentialAction\":[{\"@type\":\"CommentAction\",\"name\":\"Comment\",\"target\":[\"https:\/\/www.africa-press.net\/gabon\/politique\/deces-du-gouverneur-du-moyen-ogooue-barnabe-mbangalivoua#respond\"]}]},{\"@type\":\"WebPage\",\"@id\":\"https:\/\/www.africa-press.net\/gabon\/politique\/deces-du-gouverneur-du-moyen-ogooue-barnabe-mbangalivoua\",\"url\":\"https:\/\/www.africa-press.net\/gabon\/politique\/deces-du-gouverneur-du-moyen-ogooue-barnabe-mbangalivoua\",\"name\":\"D\u00e9c\u00e8s du gouverneur du Moyen Ogoou\u00e9 Barnab\u00e9 Mbangalivoua - Gabon\",\"isPartOf\":{\"@id\":\"https:\/\/www.africa-press.net\/gabon\/#website\"},\"primaryImageOfPage\":{\"@id\":\"https:\/\/www.africa-press.net\/gabon\/politique\/deces-du-gouverneur-du-moyen-ogooue-barnabe-mbangalivoua#primaryimage\"},\"image\":{\"@id\":\"https:\/\/www.africa-press.net\/gabon\/politique\/deces-du-gouverneur-du-moyen-ogooue-barnabe-mbangalivoua#primaryimage\"},\"thumbnailUrl\":\"https:\/\/static.africa-press.net\/gabon\/sites\/54\/2022\/11\/postQueueImg_1668959001.66.jpg\",\"datePublished\":\"2022-11-20T19:13:17+00:00\",\"dateModified\":\"2022-11-20T19:39:31+00:00\",\"author\":{\"@id\":\"https:\/\/www.africa-press.net\/gabon\/#\/schema\/person\/2b1cf3cd81a31e3cd26889ca66d677f1\"},\"description\":\"Interne\u0301 au Centre hospitalier et universitaire de Libreville (CHUL) sous assistance respiratoire, le gouverne ...\",\"breadcrumb\":{\"@id\":\"https:\/\/www.africa-press.net\/gabon\/politique\/deces-du-gouverneur-du-moyen-ogooue-barnabe-mbangalivoua#breadcrumb\"},\"inLanguage\":\"fr-FR\",\"potentialAction\":[{\"@type\":\"ReadAction\",\"target\":[\"https:\/\/www.africa-press.net\/gabon\/politique\/deces-du-gouverneur-du-moyen-ogooue-barnabe-mbangalivoua\"]}]},{\"@type\":\"ImageObject\",\"inLanguage\":\"fr-FR\",\"@id\":\"https:\/\/www.africa-press.net\/gabon\/politique\/deces-du-gouverneur-du-moyen-ogooue-barnabe-mbangalivoua#primaryimage\",\"url\":\"https:\/\/static.africa-press.net\/gabon\/sites\/54\/2022\/11\/postQueueImg_1668959001.66.jpg\",\"contentUrl\":\"https:\/\/static.africa-press.net\/gabon\/sites\/54\/2022\/11\/postQueueImg_1668959001.66.jpg\",\"width\":808,\"height\":520,\"caption\":\"D\u00e9c\u00e8s du gouverneur du Moyen Ogoou\u00e9 Barnab\u00e9 Mbangalivoua\"},{\"@type\":\"BreadcrumbList\",\"@id\":\"https:\/\/www.africa-press.net\/gabon\/politique\/deces-du-gouverneur-du-moyen-ogooue-barnabe-mbangalivoua#breadcrumb\",\"itemListElement\":[{\"@type\":\"ListItem\",\"position\":1,\"name\":\"Accueil\",\"item\":\"https:\/\/www.africa-press.net\/gabon\/\"},{\"@type\":\"ListItem\",\"position\":2,\"name\":\"D\u00e9c\u00e8s du gouverneur du Moyen Ogoou\u00e9 Barnab\u00e9 Mbangalivoua\"}]},{\"@type\":\"WebSite\",\"@id\":\"https:\/\/www.africa-press.net\/gabon\/#website\",\"url\":\"https:\/\/www.africa-press.net\/gabon\/\",\"name\":\"Gabon\",\"description\":\"Just another Africa News Agency Sites site\",\"potentialAction\":[{\"@type\":\"SearchAction\",\"target\":{\"@type\":\"EntryPoint\",\"urlTemplate\":\"https:\/\/www.africa-press.net\/gabon\/?s={search_term_string}\"},\"query-input\":{\"@type\":\"PropertyValueSpecification\",\"valueRequired\":true,\"valueName\":\"search_term_string\"}}],\"inLanguage\":\"fr-FR\"},{\"@type\":\"Person\",\"@id\":\"https:\/\/www.africa-press.net\/gabon\/#\/schema\/person\/2b1cf3cd81a31e3cd26889ca66d677f1\",\"name\":\"cfeditorfr\"}]}<\/script>\n<!-- \/ Yoast SEO Premium plugin. -->","yoast_head_json":{"title":"D\u00e9c\u00e8s du gouverneur du Moyen Ogoou\u00e9 Barnab\u00e9 Mbangalivoua - Gabon","description":"Interne\u0301 au Centre hospitalier et universitaire de Libreville (CHUL) sous assistance respiratoire, le gouverne ...","robots":{"index":"index","follow":"follow","max-snippet":"max-snippet:-1","max-image-preview":"max-image-preview:large","max-video-preview":"max-video-preview:-1"},"canonical":"https:\/\/www.africa-press.net\/gabon\/politique\/deces-du-gouverneur-du-moyen-ogooue-barnabe-mbangalivoua","og_locale":"fr_FR","og_type":"article","og_title":"D\u00e9c\u00e8s du gouverneur du Moyen Ogoou\u00e9 Barnab\u00e9 Mbangalivoua","og_description":"Interne\u0301 au Centre hospitalier et universitaire de Libreville (CHUL) sous assistance respiratoire, le gouverne ...","og_url":"https:\/\/www.africa-press.net\/gabon\/politique\/deces-du-gouverneur-du-moyen-ogooue-barnabe-mbangalivoua","og_site_name":"Gabon","article_published_time":"2022-11-20T19:13:17+00:00","article_modified_time":"2022-11-20T19:39:31+00:00","og_image":[{"width":808,"height":520,"url":"https:\/\/static.africa-press.net\/gabon\/sites\/54\/2022\/11\/postQueueImg_1668959001.66.jpg","type":"image\/jpeg"}],"author":"cfeditorfr","twitter_card":"summary_large_image","twitter_misc":{"\u00c9crit par":"cfeditorfr","Dur\u00e9e de lecture estim\u00e9e":"1 minute"},"schema":{"@context":"https:\/\/schema.org","@graph":[{"@type":"Article","@id":"https:\/\/www.africa-press.net\/gabon\/politique\/deces-du-gouverneur-du-moyen-ogooue-barnabe-mbangalivoua#article","isPartOf":{"@id":"https:\/\/www.africa-press.net\/gabon\/politique\/deces-du-gouverneur-du-moyen-ogooue-barnabe-mbangalivoua"},"author":{"name":"cfeditorfr","@id":"https:\/\/www.africa-press.net\/gabon\/#\/schema\/person\/2b1cf3cd81a31e3cd26889ca66d677f1"},"headline":"D\u00e9c\u00e8s du gouverneur du Moyen Ogoou\u00e9 Barnab\u00e9 Mbangalivoua","datePublished":"2022-11-20T19:13:17+00:00","dateModified":"2022-11-20T19:39:31+00:00","mainEntityOfPage":{"@id":"https:\/\/www.africa-press.net\/gabon\/politique\/deces-du-gouverneur-du-moyen-ogooue-barnabe-mbangalivoua"},"wordCount":102,"commentCount":0,"image":{"@id":"https:\/\/www.africa-press.net\/gabon\/politique\/deces-du-gouverneur-du-moyen-ogooue-barnabe-mbangalivoua#primaryimage"},"thumbnailUrl":"https:\/\/static.africa-press.net\/gabon\/sites\/54\/2022\/11\/postQueueImg_1668959001.66.jpg","keywords":["Africa Press","Africa Press-Gabon","Gabon"],"articleSection":["Politique","Toutes les actualit\u00e9s"],"inLanguage":"fr-FR","potentialAction":[{"@type":"CommentAction","name":"Comment","target":["https:\/\/www.africa-press.net\/gabon\/politique\/deces-du-gouverneur-du-moyen-ogooue-barnabe-mbangalivoua#respond"]}]},{"@type":"WebPage","@id":"https:\/\/www.africa-press.net\/gabon\/politique\/deces-du-gouverneur-du-moyen-ogooue-barnabe-mbangalivoua","url":"https:\/\/www.africa-press.net\/gabon\/politique\/deces-du-gouverneur-du-moyen-ogooue-barnabe-mbangalivoua","name":"D\u00e9c\u00e8s du gouverneur du Moyen Ogoou\u00e9 Barnab\u00e9 Mbangalivoua - Gabon","isPartOf":{"@id":"https:\/\/www.africa-press.net\/gabon\/#website"},"primaryImageOfPage":{"@id":"https:\/\/www.africa-press.net\/gabon\/politique\/deces-du-gouverneur-du-moyen-ogooue-barnabe-mbangalivoua#primaryimage"},"image":{"@id":"https:\/\/www.africa-press.net\/gabon\/politique\/deces-du-gouverneur-du-moyen-ogooue-barnabe-mbangalivoua#primaryimage"},"thumbnailUrl":"https:\/\/static.africa-press.net\/gabon\/sites\/54\/2022\/11\/postQueueImg_1668959001.66.jpg","datePublished":"2022-11-20T19:13:17+00:00","dateModified":"2022-11-20T19:39:31+00:00","author":{"@id":"https:\/\/www.africa-press.net\/gabon\/#\/schema\/person\/2b1cf3cd81a31e3cd26889ca66d677f1"},"description":"Interne\u0301 au Centre hospitalier et universitaire de Libreville (CHUL) sous assistance respiratoire, le gouverne ...","breadcrumb":{"@id":"https:\/\/www.africa-press.net\/gabon\/politique\/deces-du-gouverneur-du-moyen-ogooue-barnabe-mbangalivoua#breadcrumb"},"inLanguage":"fr-FR","potentialAction":[{"@type":"ReadAction","target":["https:\/\/www.africa-press.net\/gabon\/politique\/deces-du-gouverneur-du-moyen-ogooue-barnabe-mbangalivoua"]}]},{"@type":"ImageObject","inLanguage":"fr-FR","@id":"https:\/\/www.africa-press.net\/gabon\/politique\/deces-du-gouverneur-du-moyen-ogooue-barnabe-mbangalivoua#primaryimage","url":"https:\/\/static.africa-press.net\/gabon\/sites\/54\/2022\/11\/postQueueImg_1668959001.66.jpg","contentUrl":"https:\/\/static.africa-press.net\/gabon\/sites\/54\/2022\/11\/postQueueImg_1668959001.66.jpg","width":808,"height":520,"caption":"D\u00e9c\u00e8s du gouverneur du Moyen Ogoou\u00e9 Barnab\u00e9 Mbangalivoua"},{"@type":"BreadcrumbList","@id":"https:\/\/www.africa-press.net\/gabon\/politique\/deces-du-gouverneur-du-moyen-ogooue-barnabe-mbangalivoua#breadcrumb","itemListElement":[{"@type":"ListItem","position":1,"name":"Accueil","item":"https:\/\/www.africa-press.net\/gabon\/"},{"@type":"ListItem","position":2,"name":"D\u00e9c\u00e8s du gouverneur du Moyen Ogoou\u00e9 Barnab\u00e9 Mbangalivoua"}]},{"@type":"WebSite","@id":"https:\/\/www.africa-press.net\/gabon\/#website","url":"https:\/\/www.africa-press.net\/gabon\/","name":"Gabon","description":"Just another Africa News Agency Sites site","potentialAction":[{"@type":"SearchAction","target":{"@type":"EntryPoint","urlTemplate":"https:\/\/www.africa-press.net\/gabon\/?s={search_term_string}"},"query-input":{"@type":"PropertyValueSpecification","valueRequired":true,"valueName":"search_term_string"}}],"inLanguage":"fr-FR"},{"@type":"Person","@id":"https:\/\/www.africa-press.net\/gabon\/#\/schema\/person\/2b1cf3cd81a31e3cd26889ca66d677f1","name":"cfeditorfr"}]}},"_links":{"self":[{"href":"https:\/\/www.africa-press.net\/gabon\/wp-json\/wp\/v2\/posts\/12780","targetHints":{"allow":["GET"]}}],"collection":[{"href":"https:\/\/www.africa-press.net\/gabon\/wp-json\/wp\/v2\/posts"}],"about":[{"href":"https:\/\/www.africa-press.net\/gabon\/wp-json\/wp\/v2\/types\/post"}],"author":[{"embeddable":true,"href":"https:\/\/www.africa-press.net\/gabon\/wp-json\/wp\/v2\/users\/82"}],"replies":[{"embeddable":true,"href":"https:\/\/www.africa-press.net\/gabon\/wp-json\/wp\/v2\/comments?post=12780"}],"version-history":[{"count":0,"href":"https:\/\/www.africa-press.net\/gabon\/wp-json\/wp\/v2\/posts\/12780\/revisions"}],"wp:featuredmedia":[{"embeddable":true,"href":"https:\/\/www.africa-press.net\/gabon\/wp-json\/wp\/v2\/media\/12778"}],"wp:attachment":[{"href":"https:\/\/www.africa-press.net\/gabon\/wp-json\/wp\/v2\/media?parent=12780"}],"wp:term":[{"taxonomy":"category","embeddable":true,"href":"https:\/\/www.africa-press.net\/gabon\/wp-json\/wp\/v2\/categories?post=12780"},{"taxonomy":"post_tag","embeddable":true,"href":"https:\/\/www.africa-press.net\/gabon\/wp-json\/wp\/v2\/tags?post=12780"}],"curies":[{"name":"wp","href":"https:\/\/api.w.org\/{rel}","templated":true}]}}