{"id":12807,"date":"2022-11-20T19:15:32","date_gmt":"2022-11-20T19:15:32","guid":{"rendered":"https:\/\/www.africa-press.net\/gabon\/politique\/beac-le-bel-hommage-de-philibert-andzembe-a-oye-mba-et-mamalepot"},"modified":"2022-11-20T19:46:54","modified_gmt":"2022-11-20T19:46:54","slug":"beac-le-bel-hommage-de-philibert-andzembe-a-oye-mba-et-mamalepot","status":"publish","type":"post","link":"https:\/\/www.africa-press.net\/gabon\/politique\/beac-le-bel-hommage-de-philibert-andzembe-a-oye-mba-et-mamalepot","title":{"rendered":"BEAC\u00a0: Le bel hommage de Philibert Andzemb\u00e9 \u00e0 Oye Mba et Mamalepot"},"content":{"rendered":"<p><span style=\"color: #ff6600\"><strong>Africa-Press &#8211; Gabon. <\/strong><\/span>Figurant parmi les rares anciens dirigeants de la Banque des E\u0301tats de l\u2019Afrique centrale (BEAC) encore en vie, Philibert Andzembe\u0301 a assiste\u0301 a\u0300 l\u2019ouverture de l\u2019exposition sur les billets de banque, le 20 novembre a\u0300 N\u2019Djamena, organise\u0301e dans le cadre des festivite\u0301s du cinquantenaire de l\u2019institution sous-re\u0301gionale. A\u0300 cette occasion, l\u2019ancien Gouverneur de la BEAC (2007-2010) est revenu avec Gabonreview sur quelques moments phares de son passage a\u0300 la te\u0302te de l\u2019institution. Ce dernier n\u2019a pas manque\u0301 de rendre un vibrant hommage a\u0300 ses pre\u0301de\u0301cesseurs Casimir Oye Mba et Jean-Fe\u0301lix Mamalepot.<\/p>\n<p>Gabonreview : Quel est votre regard sur le cinquantenaire de la BEAC ?<\/p>\n<p>Philibert Andzembe\u0301 : Je voudrais d\u2019abord saluer la me\u0301moire de deux disparus a\u0300 la te\u0302te de la banque, parce que ce sont eux qui ont passe\u0301 le plus de temps a\u0300 la te\u0302te de l\u2019institution jusqu\u2019ici. Depuis que nous avons bascule\u0301 en mandat unique, personne ne pourra plus diriger la banque autant que l\u2019ont fait Casimir Oye Mba et Jean-Fe\u0301lix Mamalepot. Chacun d\u2019eux a e\u0301te\u0301 un pionnier de la banque a\u0300 sa manie\u0300re : Oye Mba e\u0301tait le ba\u0302tisseur, tandis que Mamalepot a e\u0301te\u0301 le re\u0301formateur. Moi je suis arrive\u0301 et j\u2019e\u0301tais le gestionnaire.<\/p>\n<p>Pouvez-vous en dire plus sur le \u00abBa\u0302tisseur\u00bb et le \u00abRe\u0301formateur\u00bb ?<\/p>\n<p>Le ba\u0302tisseur est celui qui prend les re\u0302nes de gouverneur de la banque centrale. Parce qu\u2019avant que le poste de gouverneur ne soit cre\u0301e\u0301, c\u2019e\u0301tait un directeur ge\u0301ne\u0301ral, qui e\u0301tait Franc\u0327ais. Et lorsque la re\u0301forme a e\u0301te\u0301 faite en 1976, le poste de directeur ge\u0301ne\u0301ral est devenu gouverneur et le premier a\u0300 avoir occupe\u0301 celui-ci est feu Casimir Oye Mba. Jean-Fe\u0301lix Mamalepot est venu par la suite, lorsque Casimir Oye Mba a e\u0301te\u0301 rappele\u0301 au Gabon pour e\u0302tre nomme\u0301 Premier ministre. Jean-Fe\u0301lix Mamalepot est un re\u0301formateur en ce sens qu\u2019il est arrive\u0301 a\u0300 la te\u0302te de la BEAC dans un contexte de crise bancaire. Et, il a re\u0301forme\u0301 en cre\u0301ant la Cobac. C\u2019est cet instrument qui a permis de remettre les banques debout.<\/p>\n<p>Quelles ont e\u0301te\u0301 vos actions phares a\u0300 la te\u0302te de la BEAC ?<\/p>\n<p>Je suis arrive\u0301 dans une pe\u0301riode charnie\u0300re, ou\u0300 les proble\u0300mes du cadre institutionnel qui pre\u0301valaient depuis 1972, a\u0300 la fois sur la gestion interne et les hommes, e\u0301taient conteste\u0301s. Je suis arrive\u0301 au moment des re\u0301formes institutionnelles de la Cemac, conduites de 2006 a\u0300 2009. Je suis arrive\u0301 e\u0301galement dans un contexte de crise des subprimes (crise financie\u0300re ayant touche\u0301 le secteur des pre\u0302ts hypothe\u0301caires a\u0300 risque aux E\u0301tats-Unis, a\u0300 partir de juillet 2007, NDLR) qui se\u0301vissait en Europe et qui a touche\u0301 l\u2019Afrique. Je suis arrive\u0301 dans cette pe\u0301riode-la\u0300 et ma mission e\u0301tait de concilier a\u0300 la fois la gestion interne de la banque et politique mone\u0301taire.<\/p>\n<p>Votre avis sur l\u2019institution de nos jours ?<\/p>\n<p>Lorsqu\u2019on a e\u0301te\u0301 gouverneur, on n\u2019a plus le regard. On garde ce qu\u2019on a fait et on voit ce que les autres font sans rien dire.<\/p>\n<p><strong>Pour plus d&rsquo;informations et d&rsquo;analyses sur la <a href=\"https:\/\/www.africa-press.net\/gabon\">Gabon<\/a>, suivez <a href=\"https:\/\/www.africa-press.net\/\">Africa-Press<\/a><\/strong><\/p>\n","protected":false},"excerpt":{"rendered":"<p>Africa-Press &#8211; Gabon. Figurant parmi les rares anciens dirigeants de la Banque des E\u0301tats de l\u2019Afrique centrale (BEAC) encore en vie, Philibert Andzembe\u0301 a assiste\u0301 a\u0300 l\u2019ouverture de l\u2019exposition sur les billets de banque, le 20 novembre a\u0300 N\u2019Djamena, organise\u0301e dans le cadre des festivite\u0301s du cinquantenaire de l\u2019institution sous-re\u0301gionale. A\u0300 cette occasion, l\u2019ancien Gouverneur [&hellip;]<\/p>\n","protected":false},"author":82,"featured_media":12806,"comment_status":"open","ping_status":"closed","sticky":false,"template":"","format":"standard","meta":{"footnotes":""},"categories":[2,10],"tags":[36,50,49],"class_list":["post-12807","post","type-post","status-publish","format-standard","has-post-thumbnail","hentry","category-politique","category-toutes-les-actualites","tag-africa-press","tag-africa-press-gabon","tag-gabon"],"yoast_head":"<!-- This site is optimized with the Yoast SEO Premium plugin v26.1 (Yoast SEO v27.0) - https:\/\/yoast.com\/product\/yoast-seo-premium-wordpress\/ -->\n<title>BEAC\u00a0: Le bel hommage de Philibert Andzemb\u00e9 \u00e0 Oye Mba et Mamalepot - Gabon<\/title>\n<meta name=\"description\" content=\"Figurant parmi les rares anciens dirigeants de la Banque des E\u0301tats de l\u2019Afrique centrale (BEAC) encore en vie, Philiber ...\" \/>\n<meta name=\"robots\" content=\"index, follow, max-snippet:-1, max-image-preview:large, max-video-preview:-1\" \/>\n<link rel=\"canonical\" href=\"https:\/\/www.africa-press.net\/gabon\/politique\/beac-le-bel-hommage-de-philibert-andzembe-a-oye-mba-et-mamalepot\" \/>\n<meta property=\"og:locale\" content=\"fr_FR\" \/>\n<meta property=\"og:type\" content=\"article\" \/>\n<meta property=\"og:title\" content=\"BEAC\u00a0: Le bel hommage de Philibert Andzemb\u00e9 \u00e0 Oye Mba et Mamalepot\" \/>\n<meta property=\"og:description\" content=\"Figurant parmi les rares anciens dirigeants de la Banque des E\u0301tats de l\u2019Afrique centrale (BEAC) encore en vie, Philiber ...\" \/>\n<meta property=\"og:url\" content=\"https:\/\/www.africa-press.net\/gabon\/politique\/beac-le-bel-hommage-de-philibert-andzembe-a-oye-mba-et-mamalepot\" \/>\n<meta property=\"og:site_name\" content=\"Gabon\" \/>\n<meta property=\"article:published_time\" content=\"2022-11-20T19:15:32+00:00\" \/>\n<meta property=\"article:modified_time\" content=\"2022-11-20T19:46:54+00:00\" \/>\n<meta property=\"og:image\" content=\"https:\/\/static.africa-press.net\/gabon\/sites\/54\/2022\/11\/postQueueImg_1668959135.48.jpg\" \/>\n\t<meta property=\"og:image:width\" content=\"720\" \/>\n\t<meta property=\"og:image:height\" content=\"540\" \/>\n\t<meta property=\"og:image:type\" content=\"image\/jpeg\" \/>\n<meta name=\"author\" content=\"cfeditorfr\" \/>\n<meta name=\"twitter:card\" content=\"summary_large_image\" \/>\n<meta name=\"twitter:label1\" content=\"\u00c9crit par\" \/>\n\t<meta name=\"twitter:data1\" content=\"cfeditorfr\" \/>\n\t<meta name=\"twitter:label2\" content=\"Dur\u00e9e de lecture estim\u00e9e\" \/>\n\t<meta name=\"twitter:data2\" content=\"3 minutes\" \/>\n<script type=\"application\/ld+json\" class=\"yoast-schema-graph\">{\"@context\":\"https:\/\/schema.org\",\"@graph\":[{\"@type\":\"Article\",\"@id\":\"https:\/\/www.africa-press.net\/gabon\/politique\/beac-le-bel-hommage-de-philibert-andzembe-a-oye-mba-et-mamalepot#article\",\"isPartOf\":{\"@id\":\"https:\/\/www.africa-press.net\/gabon\/politique\/beac-le-bel-hommage-de-philibert-andzembe-a-oye-mba-et-mamalepot\"},\"author\":{\"name\":\"cfeditorfr\",\"@id\":\"https:\/\/www.africa-press.net\/gabon\/#\/schema\/person\/2b1cf3cd81a31e3cd26889ca66d677f1\"},\"headline\":\"BEAC\u00a0: Le bel hommage de Philibert Andzemb\u00e9 \u00e0 Oye Mba et Mamalepot\",\"datePublished\":\"2022-11-20T19:15:32+00:00\",\"dateModified\":\"2022-11-20T19:46:54+00:00\",\"mainEntityOfPage\":{\"@id\":\"https:\/\/www.africa-press.net\/gabon\/politique\/beac-le-bel-hommage-de-philibert-andzembe-a-oye-mba-et-mamalepot\"},\"wordCount\":583,\"commentCount\":0,\"image\":{\"@id\":\"https:\/\/www.africa-press.net\/gabon\/politique\/beac-le-bel-hommage-de-philibert-andzembe-a-oye-mba-et-mamalepot#primaryimage\"},\"thumbnailUrl\":\"https:\/\/static.africa-press.net\/gabon\/sites\/54\/2022\/11\/postQueueImg_1668959135.48.jpg\",\"keywords\":[\"Africa Press\",\"Africa Press-Gabon\",\"Gabon\"],\"articleSection\":[\"Politique\",\"Toutes les actualit\u00e9s\"],\"inLanguage\":\"fr-FR\",\"potentialAction\":[{\"@type\":\"CommentAction\",\"name\":\"Comment\",\"target\":[\"https:\/\/www.africa-press.net\/gabon\/politique\/beac-le-bel-hommage-de-philibert-andzembe-a-oye-mba-et-mamalepot#respond\"]}]},{\"@type\":\"WebPage\",\"@id\":\"https:\/\/www.africa-press.net\/gabon\/politique\/beac-le-bel-hommage-de-philibert-andzembe-a-oye-mba-et-mamalepot\",\"url\":\"https:\/\/www.africa-press.net\/gabon\/politique\/beac-le-bel-hommage-de-philibert-andzembe-a-oye-mba-et-mamalepot\",\"name\":\"BEAC\u00a0: Le bel hommage de Philibert Andzemb\u00e9 \u00e0 Oye Mba et Mamalepot - Gabon\",\"isPartOf\":{\"@id\":\"https:\/\/www.africa-press.net\/gabon\/#website\"},\"primaryImageOfPage\":{\"@id\":\"https:\/\/www.africa-press.net\/gabon\/politique\/beac-le-bel-hommage-de-philibert-andzembe-a-oye-mba-et-mamalepot#primaryimage\"},\"image\":{\"@id\":\"https:\/\/www.africa-press.net\/gabon\/politique\/beac-le-bel-hommage-de-philibert-andzembe-a-oye-mba-et-mamalepot#primaryimage\"},\"thumbnailUrl\":\"https:\/\/static.africa-press.net\/gabon\/sites\/54\/2022\/11\/postQueueImg_1668959135.48.jpg\",\"datePublished\":\"2022-11-20T19:15:32+00:00\",\"dateModified\":\"2022-11-20T19:46:54+00:00\",\"author\":{\"@id\":\"https:\/\/www.africa-press.net\/gabon\/#\/schema\/person\/2b1cf3cd81a31e3cd26889ca66d677f1\"},\"description\":\"Figurant parmi les rares anciens dirigeants de la Banque des E\u0301tats de l\u2019Afrique centrale (BEAC) encore en vie, Philiber ...\",\"breadcrumb\":{\"@id\":\"https:\/\/www.africa-press.net\/gabon\/politique\/beac-le-bel-hommage-de-philibert-andzembe-a-oye-mba-et-mamalepot#breadcrumb\"},\"inLanguage\":\"fr-FR\",\"potentialAction\":[{\"@type\":\"ReadAction\",\"target\":[\"https:\/\/www.africa-press.net\/gabon\/politique\/beac-le-bel-hommage-de-philibert-andzembe-a-oye-mba-et-mamalepot\"]}]},{\"@type\":\"ImageObject\",\"inLanguage\":\"fr-FR\",\"@id\":\"https:\/\/www.africa-press.net\/gabon\/politique\/beac-le-bel-hommage-de-philibert-andzembe-a-oye-mba-et-mamalepot#primaryimage\",\"url\":\"https:\/\/static.africa-press.net\/gabon\/sites\/54\/2022\/11\/postQueueImg_1668959135.48.jpg\",\"contentUrl\":\"https:\/\/static.africa-press.net\/gabon\/sites\/54\/2022\/11\/postQueueImg_1668959135.48.jpg\",\"width\":720,\"height\":540,\"caption\":\"BEAC\u00a0: Le bel hommage de Philibert Andzemb\u00e9 \u00e0 Oye Mba et Mamalepot\"},{\"@type\":\"BreadcrumbList\",\"@id\":\"https:\/\/www.africa-press.net\/gabon\/politique\/beac-le-bel-hommage-de-philibert-andzembe-a-oye-mba-et-mamalepot#breadcrumb\",\"itemListElement\":[{\"@type\":\"ListItem\",\"position\":1,\"name\":\"Accueil\",\"item\":\"https:\/\/www.africa-press.net\/gabon\/\"},{\"@type\":\"ListItem\",\"position\":2,\"name\":\"BEAC\u00a0: Le bel hommage de Philibert Andzemb\u00e9 \u00e0 Oye Mba et Mamalepot\"}]},{\"@type\":\"WebSite\",\"@id\":\"https:\/\/www.africa-press.net\/gabon\/#website\",\"url\":\"https:\/\/www.africa-press.net\/gabon\/\",\"name\":\"Gabon\",\"description\":\"Just another Africa News Agency Sites site\",\"potentialAction\":[{\"@type\":\"SearchAction\",\"target\":{\"@type\":\"EntryPoint\",\"urlTemplate\":\"https:\/\/www.africa-press.net\/gabon\/?s={search_term_string}\"},\"query-input\":{\"@type\":\"PropertyValueSpecification\",\"valueRequired\":true,\"valueName\":\"search_term_string\"}}],\"inLanguage\":\"fr-FR\"},{\"@type\":\"Person\",\"@id\":\"https:\/\/www.africa-press.net\/gabon\/#\/schema\/person\/2b1cf3cd81a31e3cd26889ca66d677f1\",\"name\":\"cfeditorfr\"}]}<\/script>\n<!-- \/ Yoast SEO Premium plugin. -->","yoast_head_json":{"title":"BEAC\u00a0: Le bel hommage de Philibert Andzemb\u00e9 \u00e0 Oye Mba et Mamalepot - Gabon","description":"Figurant parmi les rares anciens dirigeants de la Banque des E\u0301tats de l\u2019Afrique centrale (BEAC) encore en vie, Philiber ...","robots":{"index":"index","follow":"follow","max-snippet":"max-snippet:-1","max-image-preview":"max-image-preview:large","max-video-preview":"max-video-preview:-1"},"canonical":"https:\/\/www.africa-press.net\/gabon\/politique\/beac-le-bel-hommage-de-philibert-andzembe-a-oye-mba-et-mamalepot","og_locale":"fr_FR","og_type":"article","og_title":"BEAC\u00a0: Le bel hommage de Philibert Andzemb\u00e9 \u00e0 Oye Mba et Mamalepot","og_description":"Figurant parmi les rares anciens dirigeants de la Banque des E\u0301tats de l\u2019Afrique centrale (BEAC) encore en vie, Philiber ...","og_url":"https:\/\/www.africa-press.net\/gabon\/politique\/beac-le-bel-hommage-de-philibert-andzembe-a-oye-mba-et-mamalepot","og_site_name":"Gabon","article_published_time":"2022-11-20T19:15:32+00:00","article_modified_time":"2022-11-20T19:46:54+00:00","og_image":[{"width":720,"height":540,"url":"https:\/\/static.africa-press.net\/gabon\/sites\/54\/2022\/11\/postQueueImg_1668959135.48.jpg","type":"image\/jpeg"}],"author":"cfeditorfr","twitter_card":"summary_large_image","twitter_misc":{"\u00c9crit par":"cfeditorfr","Dur\u00e9e de lecture estim\u00e9e":"3 minutes"},"schema":{"@context":"https:\/\/schema.org","@graph":[{"@type":"Article","@id":"https:\/\/www.africa-press.net\/gabon\/politique\/beac-le-bel-hommage-de-philibert-andzembe-a-oye-mba-et-mamalepot#article","isPartOf":{"@id":"https:\/\/www.africa-press.net\/gabon\/politique\/beac-le-bel-hommage-de-philibert-andzembe-a-oye-mba-et-mamalepot"},"author":{"name":"cfeditorfr","@id":"https:\/\/www.africa-press.net\/gabon\/#\/schema\/person\/2b1cf3cd81a31e3cd26889ca66d677f1"},"headline":"BEAC\u00a0: Le bel hommage de Philibert Andzemb\u00e9 \u00e0 Oye Mba et Mamalepot","datePublished":"2022-11-20T19:15:32+00:00","dateModified":"2022-11-20T19:46:54+00:00","mainEntityOfPage":{"@id":"https:\/\/www.africa-press.net\/gabon\/politique\/beac-le-bel-hommage-de-philibert-andzembe-a-oye-mba-et-mamalepot"},"wordCount":583,"commentCount":0,"image":{"@id":"https:\/\/www.africa-press.net\/gabon\/politique\/beac-le-bel-hommage-de-philibert-andzembe-a-oye-mba-et-mamalepot#primaryimage"},"thumbnailUrl":"https:\/\/static.africa-press.net\/gabon\/sites\/54\/2022\/11\/postQueueImg_1668959135.48.jpg","keywords":["Africa Press","Africa Press-Gabon","Gabon"],"articleSection":["Politique","Toutes les actualit\u00e9s"],"inLanguage":"fr-FR","potentialAction":[{"@type":"CommentAction","name":"Comment","target":["https:\/\/www.africa-press.net\/gabon\/politique\/beac-le-bel-hommage-de-philibert-andzembe-a-oye-mba-et-mamalepot#respond"]}]},{"@type":"WebPage","@id":"https:\/\/www.africa-press.net\/gabon\/politique\/beac-le-bel-hommage-de-philibert-andzembe-a-oye-mba-et-mamalepot","url":"https:\/\/www.africa-press.net\/gabon\/politique\/beac-le-bel-hommage-de-philibert-andzembe-a-oye-mba-et-mamalepot","name":"BEAC\u00a0: Le bel hommage de Philibert Andzemb\u00e9 \u00e0 Oye Mba et Mamalepot - Gabon","isPartOf":{"@id":"https:\/\/www.africa-press.net\/gabon\/#website"},"primaryImageOfPage":{"@id":"https:\/\/www.africa-press.net\/gabon\/politique\/beac-le-bel-hommage-de-philibert-andzembe-a-oye-mba-et-mamalepot#primaryimage"},"image":{"@id":"https:\/\/www.africa-press.net\/gabon\/politique\/beac-le-bel-hommage-de-philibert-andzembe-a-oye-mba-et-mamalepot#primaryimage"},"thumbnailUrl":"https:\/\/static.africa-press.net\/gabon\/sites\/54\/2022\/11\/postQueueImg_1668959135.48.jpg","datePublished":"2022-11-20T19:15:32+00:00","dateModified":"2022-11-20T19:46:54+00:00","author":{"@id":"https:\/\/www.africa-press.net\/gabon\/#\/schema\/person\/2b1cf3cd81a31e3cd26889ca66d677f1"},"description":"Figurant parmi les rares anciens dirigeants de la Banque des E\u0301tats de l\u2019Afrique centrale (BEAC) encore en vie, Philiber ...","breadcrumb":{"@id":"https:\/\/www.africa-press.net\/gabon\/politique\/beac-le-bel-hommage-de-philibert-andzembe-a-oye-mba-et-mamalepot#breadcrumb"},"inLanguage":"fr-FR","potentialAction":[{"@type":"ReadAction","target":["https:\/\/www.africa-press.net\/gabon\/politique\/beac-le-bel-hommage-de-philibert-andzembe-a-oye-mba-et-mamalepot"]}]},{"@type":"ImageObject","inLanguage":"fr-FR","@id":"https:\/\/www.africa-press.net\/gabon\/politique\/beac-le-bel-hommage-de-philibert-andzembe-a-oye-mba-et-mamalepot#primaryimage","url":"https:\/\/static.africa-press.net\/gabon\/sites\/54\/2022\/11\/postQueueImg_1668959135.48.jpg","contentUrl":"https:\/\/static.africa-press.net\/gabon\/sites\/54\/2022\/11\/postQueueImg_1668959135.48.jpg","width":720,"height":540,"caption":"BEAC\u00a0: Le bel hommage de Philibert Andzemb\u00e9 \u00e0 Oye Mba et Mamalepot"},{"@type":"BreadcrumbList","@id":"https:\/\/www.africa-press.net\/gabon\/politique\/beac-le-bel-hommage-de-philibert-andzembe-a-oye-mba-et-mamalepot#breadcrumb","itemListElement":[{"@type":"ListItem","position":1,"name":"Accueil","item":"https:\/\/www.africa-press.net\/gabon\/"},{"@type":"ListItem","position":2,"name":"BEAC\u00a0: Le bel hommage de Philibert Andzemb\u00e9 \u00e0 Oye Mba et Mamalepot"}]},{"@type":"WebSite","@id":"https:\/\/www.africa-press.net\/gabon\/#website","url":"https:\/\/www.africa-press.net\/gabon\/","name":"Gabon","description":"Just another Africa News Agency Sites site","potentialAction":[{"@type":"SearchAction","target":{"@type":"EntryPoint","urlTemplate":"https:\/\/www.africa-press.net\/gabon\/?s={search_term_string}"},"query-input":{"@type":"PropertyValueSpecification","valueRequired":true,"valueName":"search_term_string"}}],"inLanguage":"fr-FR"},{"@type":"Person","@id":"https:\/\/www.africa-press.net\/gabon\/#\/schema\/person\/2b1cf3cd81a31e3cd26889ca66d677f1","name":"cfeditorfr"}]}},"_links":{"self":[{"href":"https:\/\/www.africa-press.net\/gabon\/wp-json\/wp\/v2\/posts\/12807","targetHints":{"allow":["GET"]}}],"collection":[{"href":"https:\/\/www.africa-press.net\/gabon\/wp-json\/wp\/v2\/posts"}],"about":[{"href":"https:\/\/www.africa-press.net\/gabon\/wp-json\/wp\/v2\/types\/post"}],"author":[{"embeddable":true,"href":"https:\/\/www.africa-press.net\/gabon\/wp-json\/wp\/v2\/users\/82"}],"replies":[{"embeddable":true,"href":"https:\/\/www.africa-press.net\/gabon\/wp-json\/wp\/v2\/comments?post=12807"}],"version-history":[{"count":0,"href":"https:\/\/www.africa-press.net\/gabon\/wp-json\/wp\/v2\/posts\/12807\/revisions"}],"wp:featuredmedia":[{"embeddable":true,"href":"https:\/\/www.africa-press.net\/gabon\/wp-json\/wp\/v2\/media\/12806"}],"wp:attachment":[{"href":"https:\/\/www.africa-press.net\/gabon\/wp-json\/wp\/v2\/media?parent=12807"}],"wp:term":[{"taxonomy":"category","embeddable":true,"href":"https:\/\/www.africa-press.net\/gabon\/wp-json\/wp\/v2\/categories?post=12807"},{"taxonomy":"post_tag","embeddable":true,"href":"https:\/\/www.africa-press.net\/gabon\/wp-json\/wp\/v2\/tags?post=12807"}],"curies":[{"name":"wp","href":"https:\/\/api.w.org\/{rel}","templated":true}]}}