{"id":12839,"date":"2022-11-21T18:39:39","date_gmt":"2022-11-21T18:39:39","guid":{"rendered":"https:\/\/www.africa-press.net\/gabon\/politique\/marathon-du-gabon-le-regard-de-joannick-ngomo-obiang"},"modified":"2022-11-21T19:06:49","modified_gmt":"2022-11-21T19:06:49","slug":"marathon-du-gabon-le-regard-de-joannick-ngomo-obiang","status":"publish","type":"post","link":"https:\/\/www.africa-press.net\/gabon\/sports\/marathon-du-gabon-le-regard-de-joannick-ngomo-obiang","title":{"rendered":"Marathon du Gabon\u00a0: Le regard de Joannick Ngomo Obiang"},"content":{"rendered":"<p><span style=\"color: #ff6600\"><strong>Africa-Press &#8211; Gabon. <\/strong><\/span>Cheville ouvrie\u0300re de la promotion et du de\u0301veloppement du sport et de la culture au Gabon, l\u2019Office national de de\u0301veloppement du sport et de la culture (ONDSC) fait partie des grands artisans de re\u0301ussite du Marathon Gabon Arise 2022. Au terme de deux jours de compe\u0301tition, du 19 au 20 novembre a\u0300 Libreville, le directeur ge\u0301ne\u0301ral de cette structure s\u2019est pre\u0302te\u0301 aux questions des journalistes. Joannick Ngomo Obiang aborde, dans l\u2019entretien ci-dessous, le de\u0301veloppement du sport, le soutien aux fe\u0301de\u0301rations et aux athle\u0300tes, quelle que soit la discipline, ainsi que les e\u0301che\u0301ances a\u0300 venir.<\/p>\n<p>Quelle appre\u0301ciation faites-vous au terme de cette huitie\u0300me e\u0301dition du Marathon du Gabon ?<\/p>\n<p>Joannick Ngomo Obiang : Pendant deux ans, nous avons e\u0301te\u0301 peine\u0301s de voir qu\u2019il n\u2019y avait pas d\u2019activite\u0301s sportives ici a\u0300 Libreville. Je pense que tous les sportifs du Gabon sont tre\u0300s contents. Ils sont re\u0301jouis. Vous pouvez le voir sur leur visage. Ils se re\u0301jouissent du fait que le sport a repris sa place et qu\u2019on a eu une journe\u0301e magnifique.<\/p>\n<p>Que retenir au terme de ce marathon du Gabon ?<\/p>\n<p>Ce qu\u2019il faut retenir principalement c\u2019est le mot \u00abplus\u00bb. Plus de coureurs, plus de me\u0301dailles pour les Gabonais, de meilleurs temps. Et la cerise sur le ga\u0302teau, c\u2019est la pre\u0301sence de son Excellence, monsieur le pre\u0301sident de la Re\u0301publique, chef de l\u2019E\u0301tat Ali Bongo Ondimba, sportif nume\u0301ro un du Gabon, qui nous encourage tous les jours, le ministre et moi-me\u0302me, a\u0300 faire encore plus pour tous les sportifs et tous les athle\u0300tes gabonais, quelle que soit la discipline et quel que soit le temps qu\u2019on peut passer a\u0300 les aider. Aujourd\u2019hui, on a l\u2019impression que c\u2019est l\u2019aspect financier qui est important. Que non!, il faut aussi l\u2019aspect moral, l\u2019aspect physique et psychologique. Parce qu\u2019il faut qu\u2019on de\u0301passe le plafond de verre qui fait que certains sportifs gabonais se disent que c\u2019est tre\u0300s complique\u0301 pour eux, par exemple dans cette course ou\u0300 il y a des Ke\u0301nyans, des E\u0301rythre\u0301ens, des E\u0301thiopiens. Non, ils ont tous des pieds comme des Gabonais. Ils courent, les Gabonais courent aussi.<\/p>\n<p>Cette e\u0301dition se referme effectivement avec une forte participation des athle\u0300tes gabonais. On parle-la\u0300 de l\u2019e\u0301quipe nationale de la discipline. Quels sont les liens entre votre structure et la Fe\u0301de\u0301ration?<\/p>\n<p>L\u2019Office de de\u0301veloppement du sport comme son nom l\u2019indique est la\u0300 pour le de\u0301veloppement du sport. Cela veut dire qu\u2019on est la\u0300 pour accompagner toutes les Fe\u0301de\u0301rations sportives notamment lorsqu\u2019elles re\u0301pondent au cahier de charge du ministe\u0300re. Car, on ne peut pas avoir quelque chose et son contraire a\u0300 savoir: ne pas respecter les re\u0300gles fondamentales du ministe\u0300re, du gouvernement de la Re\u0301publique gabonaise, et en me\u0302me temps demander des subventions a\u0300 ces me\u0302mes ministe\u0300res. L\u2019Office est la\u0300 aujourd\u2019hui pour accompagner toutes les fe\u0301de\u0301rations et associations qui s\u2019arriment aux normes et qui e\u0301pousent la vision du pre\u0301sident de la Re\u0301publique, qui promeut le sport gabonais.<\/p>\n<p>La course est aujourd\u2019hui labellise\u0301e &#8230;<\/p>\n<p>Elle est labellise\u0301e Gold comme toutes les autres courses pe\u0301destres au Gabon. Je laisse la primeur de la surprise a\u0300 qui de droit. Mais, je peux vous dire que dans les prochains mois, les athle\u0300tes et sportifs gabonais seront agre\u0301ablement surpris.<\/p>\n<p>Le premier Gabonais sur le 42 Kilome\u0300tres est 18e. Peut-on espe\u0301rer un meilleur accompagnement de l\u2019Office pour que lors de la prochaine e\u0301dition ils puissent ame\u0301liorer leur score ?<\/p>\n<p>Comme je l\u2019ai dit, nous n\u2019avons pas attendu pour les aider. Les hommes mentent, mais les chiffres ne mentent pas. Je vous invite a\u0300 aller voir les athle\u0300tes gabonais et leur demander a\u0300 quel point ou comment l\u2019Office leur vient en aide et les accompagne. Nous les avons accompagne\u0301s a\u0300 Franceville et ici. C\u2019est pareil pour la Tropicale. Nous allons accompagner les cyclistes. J\u2019adore le football, mais ce n\u2019est pas le seul sport sur terre. Il y a 22 fe\u0301de\u0301rations sportives au Gabon, et tous les athle\u0300tes gabonais ont le me\u0302me passeport que Pierre Emerick Aubameyang, qu\u2019Anthony Obame. Ils repre\u0301sentent tous un me\u0302me pays qu\u2019est le Gabon. Je m\u2019e\u0301vertue alors a\u0300 faire en sorte que quelque soit la situation, quelque soit le sport, a\u0300 faire en sorte que ces athle\u0300tes gabonais aillent dans les meilleures conditions possibles a\u0300 toutes les compe\u0301titions auxquelles ils participent.<\/p>\n<p>Fini avec les courses, place a\u0300 la Tropicale ? Est-ce qu\u2019on y pense a\u0300 l\u2019Office ?<\/p>\n<p>On y pense depuis tre\u0300s longtemps parce que depuis la dernie\u0300re Tropicale, on s\u2019est mis en association avec la Fe\u0301de\u0301ration qui a bien voulu nous transmettre ces dole\u0301ances, ses e\u0301tats de besoins. Actuellement, en association avec le ministre des Sports, monsieur Franck Nguema, nous travaillons a\u0300 les entrai\u0302ner, a\u0300 leur faire participer a\u0300 un camp a\u0300 l\u2019e\u0301tranger pour qu\u2019ils puissent e\u0302tre pre\u0302ts le jour-j a\u0300 la Tropicale et qu\u2019ils puissent fie\u0300rement repre\u0301senter le vert-jaune-bleu, le Gabon.<\/p>\n<p><strong>Pour plus d&rsquo;informations et d&rsquo;analyses sur la <a href=\"https:\/\/www.africa-press.net\/gabon\">Gabon<\/a>, suivez <a href=\"https:\/\/www.africa-press.net\/\">Africa-Press<\/a><\/strong><\/p>\n","protected":false},"excerpt":{"rendered":"<p>Africa-Press &#8211; Gabon. Cheville ouvrie\u0300re de la promotion et du de\u0301veloppement du sport et de la culture au Gabon, l\u2019Office national de de\u0301veloppement du sport et de la culture (ONDSC) fait partie des grands artisans de re\u0301ussite du Marathon Gabon Arise 2022. Au terme de deux jours de compe\u0301tition, du 19 au 20 novembre a\u0300 [&hellip;]<\/p>\n","protected":false},"author":82,"featured_media":12838,"comment_status":"open","ping_status":"closed","sticky":false,"template":"","format":"standard","meta":{"footnotes":""},"categories":[6,10],"tags":[36,50,49],"class_list":["post-12839","post","type-post","status-publish","format-standard","has-post-thumbnail","hentry","category-sports","category-toutes-les-actualites","tag-africa-press","tag-africa-press-gabon","tag-gabon"],"yoast_head":"<!-- This site is optimized with the Yoast SEO Premium plugin v26.1 (Yoast SEO v27.0) - https:\/\/yoast.com\/product\/yoast-seo-premium-wordpress\/ -->\n<title>Marathon du Gabon\u00a0: Le regard de Joannick Ngomo Obiang - Gabon<\/title>\n<meta name=\"description\" content=\"Cheville ouvrie\u0300re de la promotion et du de\u0301veloppement du sport et de la culture au Gabon, l\u2019Office national de de\u0301velo ...\" \/>\n<meta name=\"robots\" content=\"index, follow, max-snippet:-1, max-image-preview:large, max-video-preview:-1\" \/>\n<link rel=\"canonical\" href=\"https:\/\/www.africa-press.net\/gabon\/sports\/marathon-du-gabon-le-regard-de-joannick-ngomo-obiang\" \/>\n<meta property=\"og:locale\" content=\"fr_FR\" \/>\n<meta property=\"og:type\" content=\"article\" \/>\n<meta property=\"og:title\" content=\"Marathon du Gabon\u00a0: Le regard de Joannick Ngomo Obiang\" \/>\n<meta property=\"og:description\" content=\"Cheville ouvrie\u0300re de la promotion et du de\u0301veloppement du sport et de la culture au Gabon, l\u2019Office national de de\u0301velo ...\" \/>\n<meta property=\"og:url\" content=\"https:\/\/www.africa-press.net\/gabon\/sports\/marathon-du-gabon-le-regard-de-joannick-ngomo-obiang\" \/>\n<meta property=\"og:site_name\" content=\"Gabon\" \/>\n<meta property=\"article:published_time\" content=\"2022-11-21T18:39:39+00:00\" \/>\n<meta property=\"article:modified_time\" content=\"2022-11-21T19:06:49+00:00\" \/>\n<meta property=\"og:image\" content=\"https:\/\/static.africa-press.net\/gabon\/sites\/54\/2022\/11\/postQueueImg_1669043384.00.jpg\" \/>\n\t<meta property=\"og:image:width\" content=\"720\" \/>\n\t<meta property=\"og:image:height\" content=\"444\" \/>\n\t<meta property=\"og:image:type\" content=\"image\/jpeg\" \/>\n<meta name=\"author\" content=\"cfeditorfr\" \/>\n<meta name=\"twitter:card\" content=\"summary_large_image\" \/>\n<meta name=\"twitter:label1\" content=\"\u00c9crit par\" \/>\n\t<meta name=\"twitter:data1\" content=\"cfeditorfr\" \/>\n\t<meta name=\"twitter:label2\" content=\"Dur\u00e9e de lecture estim\u00e9e\" \/>\n\t<meta name=\"twitter:data2\" content=\"5 minutes\" \/>\n<script type=\"application\/ld+json\" class=\"yoast-schema-graph\">{\"@context\":\"https:\/\/schema.org\",\"@graph\":[{\"@type\":\"Article\",\"@id\":\"https:\/\/www.africa-press.net\/gabon\/sports\/marathon-du-gabon-le-regard-de-joannick-ngomo-obiang#article\",\"isPartOf\":{\"@id\":\"https:\/\/www.africa-press.net\/gabon\/sports\/marathon-du-gabon-le-regard-de-joannick-ngomo-obiang\"},\"author\":{\"name\":\"cfeditorfr\",\"@id\":\"https:\/\/www.africa-press.net\/gabon\/#\/schema\/person\/2b1cf3cd81a31e3cd26889ca66d677f1\"},\"headline\":\"Marathon du Gabon\u00a0: Le regard de Joannick Ngomo Obiang\",\"datePublished\":\"2022-11-21T18:39:39+00:00\",\"dateModified\":\"2022-11-21T19:06:49+00:00\",\"mainEntityOfPage\":{\"@id\":\"https:\/\/www.africa-press.net\/gabon\/sports\/marathon-du-gabon-le-regard-de-joannick-ngomo-obiang\"},\"wordCount\":943,\"commentCount\":0,\"image\":{\"@id\":\"https:\/\/www.africa-press.net\/gabon\/sports\/marathon-du-gabon-le-regard-de-joannick-ngomo-obiang#primaryimage\"},\"thumbnailUrl\":\"https:\/\/static.africa-press.net\/gabon\/sites\/54\/2022\/11\/postQueueImg_1669043384.00.jpg\",\"keywords\":[\"Africa Press\",\"Africa Press-Gabon\",\"Gabon\"],\"articleSection\":[\"Sports\",\"Toutes les actualit\u00e9s\"],\"inLanguage\":\"fr-FR\",\"potentialAction\":[{\"@type\":\"CommentAction\",\"name\":\"Comment\",\"target\":[\"https:\/\/www.africa-press.net\/gabon\/sports\/marathon-du-gabon-le-regard-de-joannick-ngomo-obiang#respond\"]}]},{\"@type\":\"WebPage\",\"@id\":\"https:\/\/www.africa-press.net\/gabon\/sports\/marathon-du-gabon-le-regard-de-joannick-ngomo-obiang\",\"url\":\"https:\/\/www.africa-press.net\/gabon\/sports\/marathon-du-gabon-le-regard-de-joannick-ngomo-obiang\",\"name\":\"Marathon du Gabon\u00a0: Le regard de Joannick Ngomo Obiang - Gabon\",\"isPartOf\":{\"@id\":\"https:\/\/www.africa-press.net\/gabon\/#website\"},\"primaryImageOfPage\":{\"@id\":\"https:\/\/www.africa-press.net\/gabon\/sports\/marathon-du-gabon-le-regard-de-joannick-ngomo-obiang#primaryimage\"},\"image\":{\"@id\":\"https:\/\/www.africa-press.net\/gabon\/sports\/marathon-du-gabon-le-regard-de-joannick-ngomo-obiang#primaryimage\"},\"thumbnailUrl\":\"https:\/\/static.africa-press.net\/gabon\/sites\/54\/2022\/11\/postQueueImg_1669043384.00.jpg\",\"datePublished\":\"2022-11-21T18:39:39+00:00\",\"dateModified\":\"2022-11-21T19:06:49+00:00\",\"author\":{\"@id\":\"https:\/\/www.africa-press.net\/gabon\/#\/schema\/person\/2b1cf3cd81a31e3cd26889ca66d677f1\"},\"description\":\"Cheville ouvrie\u0300re de la promotion et du de\u0301veloppement du sport et de la culture au Gabon, l\u2019Office national de de\u0301velo ...\",\"breadcrumb\":{\"@id\":\"https:\/\/www.africa-press.net\/gabon\/sports\/marathon-du-gabon-le-regard-de-joannick-ngomo-obiang#breadcrumb\"},\"inLanguage\":\"fr-FR\",\"potentialAction\":[{\"@type\":\"ReadAction\",\"target\":[\"https:\/\/www.africa-press.net\/gabon\/sports\/marathon-du-gabon-le-regard-de-joannick-ngomo-obiang\"]}]},{\"@type\":\"ImageObject\",\"inLanguage\":\"fr-FR\",\"@id\":\"https:\/\/www.africa-press.net\/gabon\/sports\/marathon-du-gabon-le-regard-de-joannick-ngomo-obiang#primaryimage\",\"url\":\"https:\/\/static.africa-press.net\/gabon\/sites\/54\/2022\/11\/postQueueImg_1669043384.00.jpg\",\"contentUrl\":\"https:\/\/static.africa-press.net\/gabon\/sites\/54\/2022\/11\/postQueueImg_1669043384.00.jpg\",\"width\":720,\"height\":444,\"caption\":\"Marathon du Gabon\u00a0: Le regard de Joannick Ngomo Obiang\"},{\"@type\":\"BreadcrumbList\",\"@id\":\"https:\/\/www.africa-press.net\/gabon\/sports\/marathon-du-gabon-le-regard-de-joannick-ngomo-obiang#breadcrumb\",\"itemListElement\":[{\"@type\":\"ListItem\",\"position\":1,\"name\":\"Accueil\",\"item\":\"https:\/\/www.africa-press.net\/gabon\/\"},{\"@type\":\"ListItem\",\"position\":2,\"name\":\"Marathon du Gabon\u00a0: Le regard de Joannick Ngomo Obiang\"}]},{\"@type\":\"WebSite\",\"@id\":\"https:\/\/www.africa-press.net\/gabon\/#website\",\"url\":\"https:\/\/www.africa-press.net\/gabon\/\",\"name\":\"Gabon\",\"description\":\"Just another Africa News Agency Sites site\",\"potentialAction\":[{\"@type\":\"SearchAction\",\"target\":{\"@type\":\"EntryPoint\",\"urlTemplate\":\"https:\/\/www.africa-press.net\/gabon\/?s={search_term_string}\"},\"query-input\":{\"@type\":\"PropertyValueSpecification\",\"valueRequired\":true,\"valueName\":\"search_term_string\"}}],\"inLanguage\":\"fr-FR\"},{\"@type\":\"Person\",\"@id\":\"https:\/\/www.africa-press.net\/gabon\/#\/schema\/person\/2b1cf3cd81a31e3cd26889ca66d677f1\",\"name\":\"cfeditorfr\"}]}<\/script>\n<!-- \/ Yoast SEO Premium plugin. -->","yoast_head_json":{"title":"Marathon du Gabon\u00a0: Le regard de Joannick Ngomo Obiang - Gabon","description":"Cheville ouvrie\u0300re de la promotion et du de\u0301veloppement du sport et de la culture au Gabon, l\u2019Office national de de\u0301velo ...","robots":{"index":"index","follow":"follow","max-snippet":"max-snippet:-1","max-image-preview":"max-image-preview:large","max-video-preview":"max-video-preview:-1"},"canonical":"https:\/\/www.africa-press.net\/gabon\/sports\/marathon-du-gabon-le-regard-de-joannick-ngomo-obiang","og_locale":"fr_FR","og_type":"article","og_title":"Marathon du Gabon\u00a0: Le regard de Joannick Ngomo Obiang","og_description":"Cheville ouvrie\u0300re de la promotion et du de\u0301veloppement du sport et de la culture au Gabon, l\u2019Office national de de\u0301velo ...","og_url":"https:\/\/www.africa-press.net\/gabon\/sports\/marathon-du-gabon-le-regard-de-joannick-ngomo-obiang","og_site_name":"Gabon","article_published_time":"2022-11-21T18:39:39+00:00","article_modified_time":"2022-11-21T19:06:49+00:00","og_image":[{"width":720,"height":444,"url":"https:\/\/static.africa-press.net\/gabon\/sites\/54\/2022\/11\/postQueueImg_1669043384.00.jpg","type":"image\/jpeg"}],"author":"cfeditorfr","twitter_card":"summary_large_image","twitter_misc":{"\u00c9crit par":"cfeditorfr","Dur\u00e9e de lecture estim\u00e9e":"5 minutes"},"schema":{"@context":"https:\/\/schema.org","@graph":[{"@type":"Article","@id":"https:\/\/www.africa-press.net\/gabon\/sports\/marathon-du-gabon-le-regard-de-joannick-ngomo-obiang#article","isPartOf":{"@id":"https:\/\/www.africa-press.net\/gabon\/sports\/marathon-du-gabon-le-regard-de-joannick-ngomo-obiang"},"author":{"name":"cfeditorfr","@id":"https:\/\/www.africa-press.net\/gabon\/#\/schema\/person\/2b1cf3cd81a31e3cd26889ca66d677f1"},"headline":"Marathon du Gabon\u00a0: Le regard de Joannick Ngomo Obiang","datePublished":"2022-11-21T18:39:39+00:00","dateModified":"2022-11-21T19:06:49+00:00","mainEntityOfPage":{"@id":"https:\/\/www.africa-press.net\/gabon\/sports\/marathon-du-gabon-le-regard-de-joannick-ngomo-obiang"},"wordCount":943,"commentCount":0,"image":{"@id":"https:\/\/www.africa-press.net\/gabon\/sports\/marathon-du-gabon-le-regard-de-joannick-ngomo-obiang#primaryimage"},"thumbnailUrl":"https:\/\/static.africa-press.net\/gabon\/sites\/54\/2022\/11\/postQueueImg_1669043384.00.jpg","keywords":["Africa Press","Africa Press-Gabon","Gabon"],"articleSection":["Sports","Toutes les actualit\u00e9s"],"inLanguage":"fr-FR","potentialAction":[{"@type":"CommentAction","name":"Comment","target":["https:\/\/www.africa-press.net\/gabon\/sports\/marathon-du-gabon-le-regard-de-joannick-ngomo-obiang#respond"]}]},{"@type":"WebPage","@id":"https:\/\/www.africa-press.net\/gabon\/sports\/marathon-du-gabon-le-regard-de-joannick-ngomo-obiang","url":"https:\/\/www.africa-press.net\/gabon\/sports\/marathon-du-gabon-le-regard-de-joannick-ngomo-obiang","name":"Marathon du Gabon\u00a0: Le regard de Joannick Ngomo Obiang - Gabon","isPartOf":{"@id":"https:\/\/www.africa-press.net\/gabon\/#website"},"primaryImageOfPage":{"@id":"https:\/\/www.africa-press.net\/gabon\/sports\/marathon-du-gabon-le-regard-de-joannick-ngomo-obiang#primaryimage"},"image":{"@id":"https:\/\/www.africa-press.net\/gabon\/sports\/marathon-du-gabon-le-regard-de-joannick-ngomo-obiang#primaryimage"},"thumbnailUrl":"https:\/\/static.africa-press.net\/gabon\/sites\/54\/2022\/11\/postQueueImg_1669043384.00.jpg","datePublished":"2022-11-21T18:39:39+00:00","dateModified":"2022-11-21T19:06:49+00:00","author":{"@id":"https:\/\/www.africa-press.net\/gabon\/#\/schema\/person\/2b1cf3cd81a31e3cd26889ca66d677f1"},"description":"Cheville ouvrie\u0300re de la promotion et du de\u0301veloppement du sport et de la culture au Gabon, l\u2019Office national de de\u0301velo ...","breadcrumb":{"@id":"https:\/\/www.africa-press.net\/gabon\/sports\/marathon-du-gabon-le-regard-de-joannick-ngomo-obiang#breadcrumb"},"inLanguage":"fr-FR","potentialAction":[{"@type":"ReadAction","target":["https:\/\/www.africa-press.net\/gabon\/sports\/marathon-du-gabon-le-regard-de-joannick-ngomo-obiang"]}]},{"@type":"ImageObject","inLanguage":"fr-FR","@id":"https:\/\/www.africa-press.net\/gabon\/sports\/marathon-du-gabon-le-regard-de-joannick-ngomo-obiang#primaryimage","url":"https:\/\/static.africa-press.net\/gabon\/sites\/54\/2022\/11\/postQueueImg_1669043384.00.jpg","contentUrl":"https:\/\/static.africa-press.net\/gabon\/sites\/54\/2022\/11\/postQueueImg_1669043384.00.jpg","width":720,"height":444,"caption":"Marathon du Gabon\u00a0: Le regard de Joannick Ngomo Obiang"},{"@type":"BreadcrumbList","@id":"https:\/\/www.africa-press.net\/gabon\/sports\/marathon-du-gabon-le-regard-de-joannick-ngomo-obiang#breadcrumb","itemListElement":[{"@type":"ListItem","position":1,"name":"Accueil","item":"https:\/\/www.africa-press.net\/gabon\/"},{"@type":"ListItem","position":2,"name":"Marathon du Gabon\u00a0: Le regard de Joannick Ngomo Obiang"}]},{"@type":"WebSite","@id":"https:\/\/www.africa-press.net\/gabon\/#website","url":"https:\/\/www.africa-press.net\/gabon\/","name":"Gabon","description":"Just another Africa News Agency Sites site","potentialAction":[{"@type":"SearchAction","target":{"@type":"EntryPoint","urlTemplate":"https:\/\/www.africa-press.net\/gabon\/?s={search_term_string}"},"query-input":{"@type":"PropertyValueSpecification","valueRequired":true,"valueName":"search_term_string"}}],"inLanguage":"fr-FR"},{"@type":"Person","@id":"https:\/\/www.africa-press.net\/gabon\/#\/schema\/person\/2b1cf3cd81a31e3cd26889ca66d677f1","name":"cfeditorfr"}]}},"_links":{"self":[{"href":"https:\/\/www.africa-press.net\/gabon\/wp-json\/wp\/v2\/posts\/12839","targetHints":{"allow":["GET"]}}],"collection":[{"href":"https:\/\/www.africa-press.net\/gabon\/wp-json\/wp\/v2\/posts"}],"about":[{"href":"https:\/\/www.africa-press.net\/gabon\/wp-json\/wp\/v2\/types\/post"}],"author":[{"embeddable":true,"href":"https:\/\/www.africa-press.net\/gabon\/wp-json\/wp\/v2\/users\/82"}],"replies":[{"embeddable":true,"href":"https:\/\/www.africa-press.net\/gabon\/wp-json\/wp\/v2\/comments?post=12839"}],"version-history":[{"count":0,"href":"https:\/\/www.africa-press.net\/gabon\/wp-json\/wp\/v2\/posts\/12839\/revisions"}],"wp:featuredmedia":[{"embeddable":true,"href":"https:\/\/www.africa-press.net\/gabon\/wp-json\/wp\/v2\/media\/12838"}],"wp:attachment":[{"href":"https:\/\/www.africa-press.net\/gabon\/wp-json\/wp\/v2\/media?parent=12839"}],"wp:term":[{"taxonomy":"category","embeddable":true,"href":"https:\/\/www.africa-press.net\/gabon\/wp-json\/wp\/v2\/categories?post=12839"},{"taxonomy":"post_tag","embeddable":true,"href":"https:\/\/www.africa-press.net\/gabon\/wp-json\/wp\/v2\/tags?post=12839"}],"curies":[{"name":"wp","href":"https:\/\/api.w.org\/{rel}","templated":true}]}}