{"id":12848,"date":"2022-11-21T18:40:14","date_gmt":"2022-11-21T18:40:14","guid":{"rendered":"https:\/\/www.africa-press.net\/gabon\/politique\/gabon-deja-frappe-par-des-inondations-le-moyen-ogooue-perd-brutalement-son-gouverneur"},"modified":"2022-11-21T19:07:50","modified_gmt":"2022-11-21T19:07:50","slug":"gabon-deja-frappe-par-des-inondations-le-moyen-ogooue-perd-brutalement-son-gouverneur","status":"publish","type":"post","link":"https:\/\/www.africa-press.net\/gabon\/politique\/gabon-deja-frappe-par-des-inondations-le-moyen-ogooue-perd-brutalement-son-gouverneur","title":{"rendered":"Gabon : D\u00e9j\u00e0 frapp\u00e9 par des inondations, le Moyen-Ogoou\u00e9 perd brutalement son gouverneur"},"content":{"rendered":"<p><span style=\"color: #ff6600\"><strong>Africa-Press &#8211; Gabon. <\/strong><\/span>Barnabe\u0301 Babe\u0301 Mbangalivoua est de\u0301ce\u0301de\u0301 dimanche 20 novembre au CHU de Libreville ou\u0300 il avait e\u0301te\u0301 conduit quelques heures plus to\u0302t. Le gouverneur de la province du Moyen-Ogooue\u0301 e\u0301tait pre\u0301sent dans la capitale dans le cadre des obse\u0300ques de De\u0301sire\u0301e Singatady-Matha de\u0301ce\u0301de\u0301e re\u0301cemment. A Lambare\u0301ne\u0301, certains croient a\u0300 un acharnement du sort.<\/p>\n<p>Il e\u0301tait en poste depuis sa nomination en 2020 apre\u0300s son passage a\u0300 la te\u0302te de la pre\u0301fecture du de\u0301partement de la Passa, a\u0300 Franceville d\u2019ou\u0300 il e\u0301tait originaire. Le gouverneur de la province du Moyen-Ogooue\u0301 est de\u0301ce\u0301de\u0301 dimanche au Centre hospitalier universitaire de Libreville, informe l\u2019Union ce lundi 21 novembre. Le quotidien ne pre\u0301cise pas la cause du de\u0301ce\u0300s, mais semble indiquer que le commis de l\u2019E\u0301tat a succombe\u0301 des suites d\u2019une courte maladie. Sa mort est survenue quelques heures seulement apre\u0300s qu\u2019il a e\u0301te\u0301 admis au CHUL.<\/p>\n<p>Le de\u0301ce\u0300s brutal de Barnabe\u0301 Babe\u0301 Mbangalivoua est un nouveau coup dur pour le Moyen-Ogooue\u0301 impacte\u0301 par des inondations depuis plusieurs jours. Au moment ou\u0300 le gouvernement annonce des actions de solidarite\u0301 en faveur des populations de cette province en s\u2019appuyant sur les autorite\u0301s locales, en te\u0302te desquelles le gouverneur, certains perc\u0327oivent un acharnement du sort. Mais d\u2019autres souhaitent garder une belle image du disparu.<\/p>\n<p>Madeleine Edme\u0301e Berre, ministre de la Fonction publique, originaire de la province, a dit avoir le souvenir d\u2019\u00abune personnalite\u0301 attachante, paternaliste, sociable, toujours de bonne humeur et tre\u0300s proche des gens et de ses administre\u0301s\u00bb.<\/p>\n<p>La pre\u0301sence de Barnabe\u0301 Babe\u0301 Mbangalivoua a\u0300 Libreville se justifiait par sa participation aux obse\u0300ques de De\u0301sire\u0301e Singatady-Matha, e\u0301pouse du ministre de l\u2019Inte\u0301rieur, patron du de\u0301funt gouverneur.<\/p>\n<p><strong>Pour plus d&rsquo;informations et d&rsquo;analyses sur la <a href=\"https:\/\/www.africa-press.net\/gabon\">Gabon<\/a>, suivez <a href=\"https:\/\/www.africa-press.net\/\">Africa-Press<\/a><\/strong><\/p>\n","protected":false},"excerpt":{"rendered":"<p>Africa-Press &#8211; Gabon. Barnabe\u0301 Babe\u0301 Mbangalivoua est de\u0301ce\u0301de\u0301 dimanche 20 novembre au CHU de Libreville ou\u0300 il avait e\u0301te\u0301 conduit quelques heures plus to\u0302t. Le gouverneur de la province du Moyen-Ogooue\u0301 e\u0301tait pre\u0301sent dans la capitale dans le cadre des obse\u0300ques de De\u0301sire\u0301e Singatady-Matha de\u0301ce\u0301de\u0301e re\u0301cemment. A Lambare\u0301ne\u0301, certains croient a\u0300 un acharnement du sort. [&hellip;]<\/p>\n","protected":false},"author":82,"featured_media":12847,"comment_status":"open","ping_status":"closed","sticky":false,"template":"","format":"standard","meta":{"footnotes":""},"categories":[2,10],"tags":[36,50,49],"class_list":["post-12848","post","type-post","status-publish","format-standard","has-post-thumbnail","hentry","category-politique","category-toutes-les-actualites","tag-africa-press","tag-africa-press-gabon","tag-gabon"],"yoast_head":"<!-- This site is optimized with the Yoast SEO Premium plugin v26.1 (Yoast SEO v27.0) - https:\/\/yoast.com\/product\/yoast-seo-premium-wordpress\/ -->\n<title>Gabon : D\u00e9j\u00e0 frapp\u00e9 par des inondations, le Moyen-Ogoou\u00e9 perd brutalement son gouverneur - Gabon<\/title>\n<meta name=\"description\" content=\"Barnabe\u0301 Babe\u0301 Mbangalivoua est de\u0301ce\u0301de\u0301 dimanche 20 novembre au CHU de Libreville ou\u0300 il avait e\u0301te\u0301 conduit quelques ...\" \/>\n<meta name=\"robots\" content=\"index, follow, max-snippet:-1, max-image-preview:large, max-video-preview:-1\" \/>\n<link rel=\"canonical\" href=\"https:\/\/www.africa-press.net\/gabon\/politique\/gabon-deja-frappe-par-des-inondations-le-moyen-ogooue-perd-brutalement-son-gouverneur\" \/>\n<meta property=\"og:locale\" content=\"fr_FR\" \/>\n<meta property=\"og:type\" content=\"article\" \/>\n<meta property=\"og:title\" content=\"Gabon : D\u00e9j\u00e0 frapp\u00e9 par des inondations, le Moyen-Ogoou\u00e9 perd brutalement son gouverneur\" \/>\n<meta property=\"og:description\" content=\"Barnabe\u0301 Babe\u0301 Mbangalivoua est de\u0301ce\u0301de\u0301 dimanche 20 novembre au CHU de Libreville ou\u0300 il avait e\u0301te\u0301 conduit quelques ...\" \/>\n<meta property=\"og:url\" content=\"https:\/\/www.africa-press.net\/gabon\/politique\/gabon-deja-frappe-par-des-inondations-le-moyen-ogooue-perd-brutalement-son-gouverneur\" \/>\n<meta property=\"og:site_name\" content=\"Gabon\" \/>\n<meta property=\"article:published_time\" content=\"2022-11-21T18:40:14+00:00\" \/>\n<meta property=\"article:modified_time\" content=\"2022-11-21T19:07:50+00:00\" \/>\n<meta property=\"og:image\" content=\"https:\/\/static.africa-press.net\/gabon\/sites\/54\/2022\/11\/postQueueImg_1669043418.19.jpg\" \/>\n\t<meta property=\"og:image:width\" content=\"720\" \/>\n\t<meta property=\"og:image:height\" content=\"469\" \/>\n\t<meta property=\"og:image:type\" content=\"image\/jpeg\" \/>\n<meta name=\"author\" content=\"cfeditorfr\" \/>\n<meta name=\"twitter:card\" content=\"summary_large_image\" \/>\n<meta name=\"twitter:label1\" content=\"\u00c9crit par\" \/>\n\t<meta name=\"twitter:data1\" content=\"cfeditorfr\" \/>\n\t<meta name=\"twitter:label2\" content=\"Dur\u00e9e de lecture estim\u00e9e\" \/>\n\t<meta name=\"twitter:data2\" content=\"2 minutes\" \/>\n<script type=\"application\/ld+json\" class=\"yoast-schema-graph\">{\"@context\":\"https:\/\/schema.org\",\"@graph\":[{\"@type\":\"Article\",\"@id\":\"https:\/\/www.africa-press.net\/gabon\/politique\/gabon-deja-frappe-par-des-inondations-le-moyen-ogooue-perd-brutalement-son-gouverneur#article\",\"isPartOf\":{\"@id\":\"https:\/\/www.africa-press.net\/gabon\/politique\/gabon-deja-frappe-par-des-inondations-le-moyen-ogooue-perd-brutalement-son-gouverneur\"},\"author\":{\"name\":\"cfeditorfr\",\"@id\":\"https:\/\/www.africa-press.net\/gabon\/#\/schema\/person\/2b1cf3cd81a31e3cd26889ca66d677f1\"},\"headline\":\"Gabon : D\u00e9j\u00e0 frapp\u00e9 par des inondations, le Moyen-Ogoou\u00e9 perd brutalement son gouverneur\",\"datePublished\":\"2022-11-21T18:40:14+00:00\",\"dateModified\":\"2022-11-21T19:07:50+00:00\",\"mainEntityOfPage\":{\"@id\":\"https:\/\/www.africa-press.net\/gabon\/politique\/gabon-deja-frappe-par-des-inondations-le-moyen-ogooue-perd-brutalement-son-gouverneur\"},\"wordCount\":345,\"commentCount\":0,\"image\":{\"@id\":\"https:\/\/www.africa-press.net\/gabon\/politique\/gabon-deja-frappe-par-des-inondations-le-moyen-ogooue-perd-brutalement-son-gouverneur#primaryimage\"},\"thumbnailUrl\":\"https:\/\/static.africa-press.net\/gabon\/sites\/54\/2022\/11\/postQueueImg_1669043418.19.jpg\",\"keywords\":[\"Africa Press\",\"Africa Press-Gabon\",\"Gabon\"],\"articleSection\":[\"Politique\",\"Toutes les actualit\u00e9s\"],\"inLanguage\":\"fr-FR\",\"potentialAction\":[{\"@type\":\"CommentAction\",\"name\":\"Comment\",\"target\":[\"https:\/\/www.africa-press.net\/gabon\/politique\/gabon-deja-frappe-par-des-inondations-le-moyen-ogooue-perd-brutalement-son-gouverneur#respond\"]}]},{\"@type\":\"WebPage\",\"@id\":\"https:\/\/www.africa-press.net\/gabon\/politique\/gabon-deja-frappe-par-des-inondations-le-moyen-ogooue-perd-brutalement-son-gouverneur\",\"url\":\"https:\/\/www.africa-press.net\/gabon\/politique\/gabon-deja-frappe-par-des-inondations-le-moyen-ogooue-perd-brutalement-son-gouverneur\",\"name\":\"Gabon : D\u00e9j\u00e0 frapp\u00e9 par des inondations, le Moyen-Ogoou\u00e9 perd brutalement son gouverneur - Gabon\",\"isPartOf\":{\"@id\":\"https:\/\/www.africa-press.net\/gabon\/#website\"},\"primaryImageOfPage\":{\"@id\":\"https:\/\/www.africa-press.net\/gabon\/politique\/gabon-deja-frappe-par-des-inondations-le-moyen-ogooue-perd-brutalement-son-gouverneur#primaryimage\"},\"image\":{\"@id\":\"https:\/\/www.africa-press.net\/gabon\/politique\/gabon-deja-frappe-par-des-inondations-le-moyen-ogooue-perd-brutalement-son-gouverneur#primaryimage\"},\"thumbnailUrl\":\"https:\/\/static.africa-press.net\/gabon\/sites\/54\/2022\/11\/postQueueImg_1669043418.19.jpg\",\"datePublished\":\"2022-11-21T18:40:14+00:00\",\"dateModified\":\"2022-11-21T19:07:50+00:00\",\"author\":{\"@id\":\"https:\/\/www.africa-press.net\/gabon\/#\/schema\/person\/2b1cf3cd81a31e3cd26889ca66d677f1\"},\"description\":\"Barnabe\u0301 Babe\u0301 Mbangalivoua est de\u0301ce\u0301de\u0301 dimanche 20 novembre au CHU de Libreville ou\u0300 il avait e\u0301te\u0301 conduit quelques ...\",\"breadcrumb\":{\"@id\":\"https:\/\/www.africa-press.net\/gabon\/politique\/gabon-deja-frappe-par-des-inondations-le-moyen-ogooue-perd-brutalement-son-gouverneur#breadcrumb\"},\"inLanguage\":\"fr-FR\",\"potentialAction\":[{\"@type\":\"ReadAction\",\"target\":[\"https:\/\/www.africa-press.net\/gabon\/politique\/gabon-deja-frappe-par-des-inondations-le-moyen-ogooue-perd-brutalement-son-gouverneur\"]}]},{\"@type\":\"ImageObject\",\"inLanguage\":\"fr-FR\",\"@id\":\"https:\/\/www.africa-press.net\/gabon\/politique\/gabon-deja-frappe-par-des-inondations-le-moyen-ogooue-perd-brutalement-son-gouverneur#primaryimage\",\"url\":\"https:\/\/static.africa-press.net\/gabon\/sites\/54\/2022\/11\/postQueueImg_1669043418.19.jpg\",\"contentUrl\":\"https:\/\/static.africa-press.net\/gabon\/sites\/54\/2022\/11\/postQueueImg_1669043418.19.jpg\",\"width\":720,\"height\":469,\"caption\":\"Gabon : D\u00e9j\u00e0 frapp\u00e9 par des inondations, le Moyen-Ogoou\u00e9 perd brutalement son gouverneur\"},{\"@type\":\"BreadcrumbList\",\"@id\":\"https:\/\/www.africa-press.net\/gabon\/politique\/gabon-deja-frappe-par-des-inondations-le-moyen-ogooue-perd-brutalement-son-gouverneur#breadcrumb\",\"itemListElement\":[{\"@type\":\"ListItem\",\"position\":1,\"name\":\"Accueil\",\"item\":\"https:\/\/www.africa-press.net\/gabon\/\"},{\"@type\":\"ListItem\",\"position\":2,\"name\":\"Gabon : D\u00e9j\u00e0 frapp\u00e9 par des inondations, le Moyen-Ogoou\u00e9 perd brutalement son gouverneur\"}]},{\"@type\":\"WebSite\",\"@id\":\"https:\/\/www.africa-press.net\/gabon\/#website\",\"url\":\"https:\/\/www.africa-press.net\/gabon\/\",\"name\":\"Gabon\",\"description\":\"Just another Africa News Agency Sites site\",\"potentialAction\":[{\"@type\":\"SearchAction\",\"target\":{\"@type\":\"EntryPoint\",\"urlTemplate\":\"https:\/\/www.africa-press.net\/gabon\/?s={search_term_string}\"},\"query-input\":{\"@type\":\"PropertyValueSpecification\",\"valueRequired\":true,\"valueName\":\"search_term_string\"}}],\"inLanguage\":\"fr-FR\"},{\"@type\":\"Person\",\"@id\":\"https:\/\/www.africa-press.net\/gabon\/#\/schema\/person\/2b1cf3cd81a31e3cd26889ca66d677f1\",\"name\":\"cfeditorfr\"}]}<\/script>\n<!-- \/ Yoast SEO Premium plugin. -->","yoast_head_json":{"title":"Gabon : D\u00e9j\u00e0 frapp\u00e9 par des inondations, le Moyen-Ogoou\u00e9 perd brutalement son gouverneur - Gabon","description":"Barnabe\u0301 Babe\u0301 Mbangalivoua est de\u0301ce\u0301de\u0301 dimanche 20 novembre au CHU de Libreville ou\u0300 il avait e\u0301te\u0301 conduit quelques ...","robots":{"index":"index","follow":"follow","max-snippet":"max-snippet:-1","max-image-preview":"max-image-preview:large","max-video-preview":"max-video-preview:-1"},"canonical":"https:\/\/www.africa-press.net\/gabon\/politique\/gabon-deja-frappe-par-des-inondations-le-moyen-ogooue-perd-brutalement-son-gouverneur","og_locale":"fr_FR","og_type":"article","og_title":"Gabon : D\u00e9j\u00e0 frapp\u00e9 par des inondations, le Moyen-Ogoou\u00e9 perd brutalement son gouverneur","og_description":"Barnabe\u0301 Babe\u0301 Mbangalivoua est de\u0301ce\u0301de\u0301 dimanche 20 novembre au CHU de Libreville ou\u0300 il avait e\u0301te\u0301 conduit quelques ...","og_url":"https:\/\/www.africa-press.net\/gabon\/politique\/gabon-deja-frappe-par-des-inondations-le-moyen-ogooue-perd-brutalement-son-gouverneur","og_site_name":"Gabon","article_published_time":"2022-11-21T18:40:14+00:00","article_modified_time":"2022-11-21T19:07:50+00:00","og_image":[{"width":720,"height":469,"url":"https:\/\/static.africa-press.net\/gabon\/sites\/54\/2022\/11\/postQueueImg_1669043418.19.jpg","type":"image\/jpeg"}],"author":"cfeditorfr","twitter_card":"summary_large_image","twitter_misc":{"\u00c9crit par":"cfeditorfr","Dur\u00e9e de lecture estim\u00e9e":"2 minutes"},"schema":{"@context":"https:\/\/schema.org","@graph":[{"@type":"Article","@id":"https:\/\/www.africa-press.net\/gabon\/politique\/gabon-deja-frappe-par-des-inondations-le-moyen-ogooue-perd-brutalement-son-gouverneur#article","isPartOf":{"@id":"https:\/\/www.africa-press.net\/gabon\/politique\/gabon-deja-frappe-par-des-inondations-le-moyen-ogooue-perd-brutalement-son-gouverneur"},"author":{"name":"cfeditorfr","@id":"https:\/\/www.africa-press.net\/gabon\/#\/schema\/person\/2b1cf3cd81a31e3cd26889ca66d677f1"},"headline":"Gabon : D\u00e9j\u00e0 frapp\u00e9 par des inondations, le Moyen-Ogoou\u00e9 perd brutalement son gouverneur","datePublished":"2022-11-21T18:40:14+00:00","dateModified":"2022-11-21T19:07:50+00:00","mainEntityOfPage":{"@id":"https:\/\/www.africa-press.net\/gabon\/politique\/gabon-deja-frappe-par-des-inondations-le-moyen-ogooue-perd-brutalement-son-gouverneur"},"wordCount":345,"commentCount":0,"image":{"@id":"https:\/\/www.africa-press.net\/gabon\/politique\/gabon-deja-frappe-par-des-inondations-le-moyen-ogooue-perd-brutalement-son-gouverneur#primaryimage"},"thumbnailUrl":"https:\/\/static.africa-press.net\/gabon\/sites\/54\/2022\/11\/postQueueImg_1669043418.19.jpg","keywords":["Africa Press","Africa Press-Gabon","Gabon"],"articleSection":["Politique","Toutes les actualit\u00e9s"],"inLanguage":"fr-FR","potentialAction":[{"@type":"CommentAction","name":"Comment","target":["https:\/\/www.africa-press.net\/gabon\/politique\/gabon-deja-frappe-par-des-inondations-le-moyen-ogooue-perd-brutalement-son-gouverneur#respond"]}]},{"@type":"WebPage","@id":"https:\/\/www.africa-press.net\/gabon\/politique\/gabon-deja-frappe-par-des-inondations-le-moyen-ogooue-perd-brutalement-son-gouverneur","url":"https:\/\/www.africa-press.net\/gabon\/politique\/gabon-deja-frappe-par-des-inondations-le-moyen-ogooue-perd-brutalement-son-gouverneur","name":"Gabon : D\u00e9j\u00e0 frapp\u00e9 par des inondations, le Moyen-Ogoou\u00e9 perd brutalement son gouverneur - Gabon","isPartOf":{"@id":"https:\/\/www.africa-press.net\/gabon\/#website"},"primaryImageOfPage":{"@id":"https:\/\/www.africa-press.net\/gabon\/politique\/gabon-deja-frappe-par-des-inondations-le-moyen-ogooue-perd-brutalement-son-gouverneur#primaryimage"},"image":{"@id":"https:\/\/www.africa-press.net\/gabon\/politique\/gabon-deja-frappe-par-des-inondations-le-moyen-ogooue-perd-brutalement-son-gouverneur#primaryimage"},"thumbnailUrl":"https:\/\/static.africa-press.net\/gabon\/sites\/54\/2022\/11\/postQueueImg_1669043418.19.jpg","datePublished":"2022-11-21T18:40:14+00:00","dateModified":"2022-11-21T19:07:50+00:00","author":{"@id":"https:\/\/www.africa-press.net\/gabon\/#\/schema\/person\/2b1cf3cd81a31e3cd26889ca66d677f1"},"description":"Barnabe\u0301 Babe\u0301 Mbangalivoua est de\u0301ce\u0301de\u0301 dimanche 20 novembre au CHU de Libreville ou\u0300 il avait e\u0301te\u0301 conduit quelques ...","breadcrumb":{"@id":"https:\/\/www.africa-press.net\/gabon\/politique\/gabon-deja-frappe-par-des-inondations-le-moyen-ogooue-perd-brutalement-son-gouverneur#breadcrumb"},"inLanguage":"fr-FR","potentialAction":[{"@type":"ReadAction","target":["https:\/\/www.africa-press.net\/gabon\/politique\/gabon-deja-frappe-par-des-inondations-le-moyen-ogooue-perd-brutalement-son-gouverneur"]}]},{"@type":"ImageObject","inLanguage":"fr-FR","@id":"https:\/\/www.africa-press.net\/gabon\/politique\/gabon-deja-frappe-par-des-inondations-le-moyen-ogooue-perd-brutalement-son-gouverneur#primaryimage","url":"https:\/\/static.africa-press.net\/gabon\/sites\/54\/2022\/11\/postQueueImg_1669043418.19.jpg","contentUrl":"https:\/\/static.africa-press.net\/gabon\/sites\/54\/2022\/11\/postQueueImg_1669043418.19.jpg","width":720,"height":469,"caption":"Gabon : D\u00e9j\u00e0 frapp\u00e9 par des inondations, le Moyen-Ogoou\u00e9 perd brutalement son gouverneur"},{"@type":"BreadcrumbList","@id":"https:\/\/www.africa-press.net\/gabon\/politique\/gabon-deja-frappe-par-des-inondations-le-moyen-ogooue-perd-brutalement-son-gouverneur#breadcrumb","itemListElement":[{"@type":"ListItem","position":1,"name":"Accueil","item":"https:\/\/www.africa-press.net\/gabon\/"},{"@type":"ListItem","position":2,"name":"Gabon : D\u00e9j\u00e0 frapp\u00e9 par des inondations, le Moyen-Ogoou\u00e9 perd brutalement son gouverneur"}]},{"@type":"WebSite","@id":"https:\/\/www.africa-press.net\/gabon\/#website","url":"https:\/\/www.africa-press.net\/gabon\/","name":"Gabon","description":"Just another Africa News Agency Sites site","potentialAction":[{"@type":"SearchAction","target":{"@type":"EntryPoint","urlTemplate":"https:\/\/www.africa-press.net\/gabon\/?s={search_term_string}"},"query-input":{"@type":"PropertyValueSpecification","valueRequired":true,"valueName":"search_term_string"}}],"inLanguage":"fr-FR"},{"@type":"Person","@id":"https:\/\/www.africa-press.net\/gabon\/#\/schema\/person\/2b1cf3cd81a31e3cd26889ca66d677f1","name":"cfeditorfr"}]}},"_links":{"self":[{"href":"https:\/\/www.africa-press.net\/gabon\/wp-json\/wp\/v2\/posts\/12848","targetHints":{"allow":["GET"]}}],"collection":[{"href":"https:\/\/www.africa-press.net\/gabon\/wp-json\/wp\/v2\/posts"}],"about":[{"href":"https:\/\/www.africa-press.net\/gabon\/wp-json\/wp\/v2\/types\/post"}],"author":[{"embeddable":true,"href":"https:\/\/www.africa-press.net\/gabon\/wp-json\/wp\/v2\/users\/82"}],"replies":[{"embeddable":true,"href":"https:\/\/www.africa-press.net\/gabon\/wp-json\/wp\/v2\/comments?post=12848"}],"version-history":[{"count":0,"href":"https:\/\/www.africa-press.net\/gabon\/wp-json\/wp\/v2\/posts\/12848\/revisions"}],"wp:featuredmedia":[{"embeddable":true,"href":"https:\/\/www.africa-press.net\/gabon\/wp-json\/wp\/v2\/media\/12847"}],"wp:attachment":[{"href":"https:\/\/www.africa-press.net\/gabon\/wp-json\/wp\/v2\/media?parent=12848"}],"wp:term":[{"taxonomy":"category","embeddable":true,"href":"https:\/\/www.africa-press.net\/gabon\/wp-json\/wp\/v2\/categories?post=12848"},{"taxonomy":"post_tag","embeddable":true,"href":"https:\/\/www.africa-press.net\/gabon\/wp-json\/wp\/v2\/tags?post=12848"}],"curies":[{"name":"wp","href":"https:\/\/api.w.org\/{rel}","templated":true}]}}