{"id":12851,"date":"2022-11-21T18:40:23","date_gmt":"2022-11-21T18:40:23","guid":{"rendered":"https:\/\/www.africa-press.net\/gabon\/politique\/qatar-2022-freddhy-koula-pose-ses-valises-a-new-world-tv"},"modified":"2022-11-21T19:08:12","modified_gmt":"2022-11-21T19:08:12","slug":"qatar-2022-freddhy-koula-pose-ses-valises-a-new-world-tv","status":"publish","type":"post","link":"https:\/\/www.africa-press.net\/gabon\/sports\/qatar-2022-freddhy-koula-pose-ses-valises-a-new-world-tv","title":{"rendered":"Qatar 2022 : Freddhy Koula pose ses valises \u00e0 New World TV"},"content":{"rendered":"<p><span style=\"color: #ff6600\"><strong>Africa-Press &#8211; Gabon. <\/strong><\/span>Le temps de la Coupe du monde de football lance\u0301e dimanche au Qatar, le journaliste gabonais a rejoint la jeune chai\u0302ne de te\u0301le\u0301vision internationale qui a ravi les droits de diffusion de la compe\u0301tition au ge\u0301ant Canal+. Freddhy Koula animera l\u2019e\u0301mission \u00abRond Central\u00bb dont il partagera le plateau avec de grands noms parmi lesquels Patrick Mboma, Emmanuel Adebayor.<\/p>\n<p>Nouveau de\u0301fi. Apre\u0300s Canal+ et TV5Monde, RFI, entre autres, Freddhy Koula a pose\u0301 ses valises le temps de la Coupe du monde de football au Qatar a\u0300 New World TV, la chai\u0302ne du groupe de te\u0301le\u0301visions satellitaires togolais e\u0301ponyme cre\u0301e\u0301 en 2015 et qui, en juillet 2021, a obtenu les droits de diffusion dans les pays francophones des compe\u0301titions internationales de la FIFA. Un exploit re\u0301alise\u0301 notamment au de\u0301triment du ge\u0301ant Canal+.<\/p>\n<p>Sur cette chai\u0302ne, le jeune gabonais dont le nom devient peu a\u0300 peu une re\u0301fe\u0301rence dans le milieu animera une e\u0301mission, \u00abRond Central\u00bb, diffuse\u0301e tous les jours a\u0300 15h et 20h (GMT) tout au long de la dure\u0301e du Mondial. Il aura a\u0300 sa disposition, comme consultants, de grands noms du football parmi lesquels d\u2019anciens internationaux africains comme le Togolais Emmanuel Adebayor, le Camerounais Patrick Mboma ou encore Herita Ilunga de la RDC, le Se\u0301ne\u0301galais Mamadou Niang, et bien d\u2019autres.<\/p>\n<p>Autant dire que \u00able petit jeune\u00bb pourra be\u0301ne\u0301ficier a\u0300 sa guise de l\u2019expe\u0301rience des 11 consultants en contrat actuellement avec New World TV. Parmi eux, un certain Wilfried Mbappe\u0301, pe\u0300re de Kylian Mbappe\u0301.<\/p>\n<p><strong>Pour plus d&rsquo;informations et d&rsquo;analyses sur la <a href=\"https:\/\/www.africa-press.net\/gabon\">Gabon<\/a>, suivez <a href=\"https:\/\/www.africa-press.net\/\">Africa-Press<\/a><\/strong><\/p>\n","protected":false},"excerpt":{"rendered":"<p>Africa-Press &#8211; Gabon. Le temps de la Coupe du monde de football lance\u0301e dimanche au Qatar, le journaliste gabonais a rejoint la jeune chai\u0302ne de te\u0301le\u0301vision internationale qui a ravi les droits de diffusion de la compe\u0301tition au ge\u0301ant Canal+. Freddhy Koula animera l\u2019e\u0301mission \u00abRond Central\u00bb dont il partagera le plateau avec de grands noms [&hellip;]<\/p>\n","protected":false},"author":82,"featured_media":12850,"comment_status":"open","ping_status":"closed","sticky":false,"template":"","format":"standard","meta":{"footnotes":""},"categories":[6,10],"tags":[36,50,49],"class_list":["post-12851","post","type-post","status-publish","format-standard","has-post-thumbnail","hentry","category-sports","category-toutes-les-actualites","tag-africa-press","tag-africa-press-gabon","tag-gabon"],"yoast_head":"<!-- This site is optimized with the Yoast SEO Premium plugin v26.1 (Yoast SEO v27.0) - https:\/\/yoast.com\/product\/yoast-seo-premium-wordpress\/ -->\n<title>Qatar 2022 : Freddhy Koula pose ses valises \u00e0 New World TV - Gabon<\/title>\n<meta name=\"description\" content=\"Le temps de la Coupe du monde de football lance\u0301e dimanche au Qatar, le journaliste gabonais a rejoint la jeune chai\u0302ne ...\" \/>\n<meta name=\"robots\" content=\"index, follow, max-snippet:-1, max-image-preview:large, max-video-preview:-1\" \/>\n<link rel=\"canonical\" href=\"https:\/\/www.africa-press.net\/gabon\/sports\/qatar-2022-freddhy-koula-pose-ses-valises-a-new-world-tv\" \/>\n<meta property=\"og:locale\" content=\"fr_FR\" \/>\n<meta property=\"og:type\" content=\"article\" \/>\n<meta property=\"og:title\" content=\"Qatar 2022 : Freddhy Koula pose ses valises \u00e0 New World TV\" \/>\n<meta property=\"og:description\" content=\"Le temps de la Coupe du monde de football lance\u0301e dimanche au Qatar, le journaliste gabonais a rejoint la jeune chai\u0302ne ...\" \/>\n<meta property=\"og:url\" content=\"https:\/\/www.africa-press.net\/gabon\/sports\/qatar-2022-freddhy-koula-pose-ses-valises-a-new-world-tv\" \/>\n<meta property=\"og:site_name\" content=\"Gabon\" \/>\n<meta property=\"article:published_time\" content=\"2022-11-21T18:40:23+00:00\" \/>\n<meta property=\"article:modified_time\" content=\"2022-11-21T19:08:12+00:00\" \/>\n<meta property=\"og:image\" content=\"https:\/\/static.africa-press.net\/gabon\/sites\/54\/2022\/11\/postQueueImg_1669043427.99.jpg\" \/>\n\t<meta property=\"og:image:width\" content=\"720\" \/>\n\t<meta property=\"og:image:height\" content=\"360\" \/>\n\t<meta property=\"og:image:type\" content=\"image\/jpeg\" \/>\n<meta name=\"author\" content=\"cfeditorfr\" \/>\n<meta name=\"twitter:card\" content=\"summary_large_image\" \/>\n<meta name=\"twitter:label1\" content=\"\u00c9crit par\" \/>\n\t<meta name=\"twitter:data1\" content=\"cfeditorfr\" \/>\n\t<meta name=\"twitter:label2\" content=\"Dur\u00e9e de lecture estim\u00e9e\" \/>\n\t<meta name=\"twitter:data2\" content=\"2 minutes\" \/>\n<script type=\"application\/ld+json\" class=\"yoast-schema-graph\">{\"@context\":\"https:\/\/schema.org\",\"@graph\":[{\"@type\":\"Article\",\"@id\":\"https:\/\/www.africa-press.net\/gabon\/sports\/qatar-2022-freddhy-koula-pose-ses-valises-a-new-world-tv#article\",\"isPartOf\":{\"@id\":\"https:\/\/www.africa-press.net\/gabon\/sports\/qatar-2022-freddhy-koula-pose-ses-valises-a-new-world-tv\"},\"author\":{\"name\":\"cfeditorfr\",\"@id\":\"https:\/\/www.africa-press.net\/gabon\/#\/schema\/person\/2b1cf3cd81a31e3cd26889ca66d677f1\"},\"headline\":\"Qatar 2022 : Freddhy Koula pose ses valises \u00e0 New World TV\",\"datePublished\":\"2022-11-21T18:40:23+00:00\",\"dateModified\":\"2022-11-21T19:08:12+00:00\",\"mainEntityOfPage\":{\"@id\":\"https:\/\/www.africa-press.net\/gabon\/sports\/qatar-2022-freddhy-koula-pose-ses-valises-a-new-world-tv\"},\"wordCount\":299,\"commentCount\":0,\"image\":{\"@id\":\"https:\/\/www.africa-press.net\/gabon\/sports\/qatar-2022-freddhy-koula-pose-ses-valises-a-new-world-tv#primaryimage\"},\"thumbnailUrl\":\"https:\/\/static.africa-press.net\/gabon\/sites\/54\/2022\/11\/postQueueImg_1669043427.99.jpg\",\"keywords\":[\"Africa Press\",\"Africa Press-Gabon\",\"Gabon\"],\"articleSection\":[\"Sports\",\"Toutes les actualit\u00e9s\"],\"inLanguage\":\"fr-FR\",\"potentialAction\":[{\"@type\":\"CommentAction\",\"name\":\"Comment\",\"target\":[\"https:\/\/www.africa-press.net\/gabon\/sports\/qatar-2022-freddhy-koula-pose-ses-valises-a-new-world-tv#respond\"]}]},{\"@type\":\"WebPage\",\"@id\":\"https:\/\/www.africa-press.net\/gabon\/sports\/qatar-2022-freddhy-koula-pose-ses-valises-a-new-world-tv\",\"url\":\"https:\/\/www.africa-press.net\/gabon\/sports\/qatar-2022-freddhy-koula-pose-ses-valises-a-new-world-tv\",\"name\":\"Qatar 2022 : Freddhy Koula pose ses valises \u00e0 New World TV - Gabon\",\"isPartOf\":{\"@id\":\"https:\/\/www.africa-press.net\/gabon\/#website\"},\"primaryImageOfPage\":{\"@id\":\"https:\/\/www.africa-press.net\/gabon\/sports\/qatar-2022-freddhy-koula-pose-ses-valises-a-new-world-tv#primaryimage\"},\"image\":{\"@id\":\"https:\/\/www.africa-press.net\/gabon\/sports\/qatar-2022-freddhy-koula-pose-ses-valises-a-new-world-tv#primaryimage\"},\"thumbnailUrl\":\"https:\/\/static.africa-press.net\/gabon\/sites\/54\/2022\/11\/postQueueImg_1669043427.99.jpg\",\"datePublished\":\"2022-11-21T18:40:23+00:00\",\"dateModified\":\"2022-11-21T19:08:12+00:00\",\"author\":{\"@id\":\"https:\/\/www.africa-press.net\/gabon\/#\/schema\/person\/2b1cf3cd81a31e3cd26889ca66d677f1\"},\"description\":\"Le temps de la Coupe du monde de football lance\u0301e dimanche au Qatar, le journaliste gabonais a rejoint la jeune chai\u0302ne ...\",\"breadcrumb\":{\"@id\":\"https:\/\/www.africa-press.net\/gabon\/sports\/qatar-2022-freddhy-koula-pose-ses-valises-a-new-world-tv#breadcrumb\"},\"inLanguage\":\"fr-FR\",\"potentialAction\":[{\"@type\":\"ReadAction\",\"target\":[\"https:\/\/www.africa-press.net\/gabon\/sports\/qatar-2022-freddhy-koula-pose-ses-valises-a-new-world-tv\"]}]},{\"@type\":\"ImageObject\",\"inLanguage\":\"fr-FR\",\"@id\":\"https:\/\/www.africa-press.net\/gabon\/sports\/qatar-2022-freddhy-koula-pose-ses-valises-a-new-world-tv#primaryimage\",\"url\":\"https:\/\/static.africa-press.net\/gabon\/sites\/54\/2022\/11\/postQueueImg_1669043427.99.jpg\",\"contentUrl\":\"https:\/\/static.africa-press.net\/gabon\/sites\/54\/2022\/11\/postQueueImg_1669043427.99.jpg\",\"width\":720,\"height\":360,\"caption\":\"Qatar 2022 : Freddhy Koula pose ses valises \u00e0 New World TV\"},{\"@type\":\"BreadcrumbList\",\"@id\":\"https:\/\/www.africa-press.net\/gabon\/sports\/qatar-2022-freddhy-koula-pose-ses-valises-a-new-world-tv#breadcrumb\",\"itemListElement\":[{\"@type\":\"ListItem\",\"position\":1,\"name\":\"Accueil\",\"item\":\"https:\/\/www.africa-press.net\/gabon\/\"},{\"@type\":\"ListItem\",\"position\":2,\"name\":\"Qatar 2022 : Freddhy Koula pose ses valises \u00e0 New World TV\"}]},{\"@type\":\"WebSite\",\"@id\":\"https:\/\/www.africa-press.net\/gabon\/#website\",\"url\":\"https:\/\/www.africa-press.net\/gabon\/\",\"name\":\"Gabon\",\"description\":\"Just another Africa News Agency Sites site\",\"potentialAction\":[{\"@type\":\"SearchAction\",\"target\":{\"@type\":\"EntryPoint\",\"urlTemplate\":\"https:\/\/www.africa-press.net\/gabon\/?s={search_term_string}\"},\"query-input\":{\"@type\":\"PropertyValueSpecification\",\"valueRequired\":true,\"valueName\":\"search_term_string\"}}],\"inLanguage\":\"fr-FR\"},{\"@type\":\"Person\",\"@id\":\"https:\/\/www.africa-press.net\/gabon\/#\/schema\/person\/2b1cf3cd81a31e3cd26889ca66d677f1\",\"name\":\"cfeditorfr\"}]}<\/script>\n<!-- \/ Yoast SEO Premium plugin. -->","yoast_head_json":{"title":"Qatar 2022 : Freddhy Koula pose ses valises \u00e0 New World TV - Gabon","description":"Le temps de la Coupe du monde de football lance\u0301e dimanche au Qatar, le journaliste gabonais a rejoint la jeune chai\u0302ne ...","robots":{"index":"index","follow":"follow","max-snippet":"max-snippet:-1","max-image-preview":"max-image-preview:large","max-video-preview":"max-video-preview:-1"},"canonical":"https:\/\/www.africa-press.net\/gabon\/sports\/qatar-2022-freddhy-koula-pose-ses-valises-a-new-world-tv","og_locale":"fr_FR","og_type":"article","og_title":"Qatar 2022 : Freddhy Koula pose ses valises \u00e0 New World TV","og_description":"Le temps de la Coupe du monde de football lance\u0301e dimanche au Qatar, le journaliste gabonais a rejoint la jeune chai\u0302ne ...","og_url":"https:\/\/www.africa-press.net\/gabon\/sports\/qatar-2022-freddhy-koula-pose-ses-valises-a-new-world-tv","og_site_name":"Gabon","article_published_time":"2022-11-21T18:40:23+00:00","article_modified_time":"2022-11-21T19:08:12+00:00","og_image":[{"width":720,"height":360,"url":"https:\/\/static.africa-press.net\/gabon\/sites\/54\/2022\/11\/postQueueImg_1669043427.99.jpg","type":"image\/jpeg"}],"author":"cfeditorfr","twitter_card":"summary_large_image","twitter_misc":{"\u00c9crit par":"cfeditorfr","Dur\u00e9e de lecture estim\u00e9e":"2 minutes"},"schema":{"@context":"https:\/\/schema.org","@graph":[{"@type":"Article","@id":"https:\/\/www.africa-press.net\/gabon\/sports\/qatar-2022-freddhy-koula-pose-ses-valises-a-new-world-tv#article","isPartOf":{"@id":"https:\/\/www.africa-press.net\/gabon\/sports\/qatar-2022-freddhy-koula-pose-ses-valises-a-new-world-tv"},"author":{"name":"cfeditorfr","@id":"https:\/\/www.africa-press.net\/gabon\/#\/schema\/person\/2b1cf3cd81a31e3cd26889ca66d677f1"},"headline":"Qatar 2022 : Freddhy Koula pose ses valises \u00e0 New World TV","datePublished":"2022-11-21T18:40:23+00:00","dateModified":"2022-11-21T19:08:12+00:00","mainEntityOfPage":{"@id":"https:\/\/www.africa-press.net\/gabon\/sports\/qatar-2022-freddhy-koula-pose-ses-valises-a-new-world-tv"},"wordCount":299,"commentCount":0,"image":{"@id":"https:\/\/www.africa-press.net\/gabon\/sports\/qatar-2022-freddhy-koula-pose-ses-valises-a-new-world-tv#primaryimage"},"thumbnailUrl":"https:\/\/static.africa-press.net\/gabon\/sites\/54\/2022\/11\/postQueueImg_1669043427.99.jpg","keywords":["Africa Press","Africa Press-Gabon","Gabon"],"articleSection":["Sports","Toutes les actualit\u00e9s"],"inLanguage":"fr-FR","potentialAction":[{"@type":"CommentAction","name":"Comment","target":["https:\/\/www.africa-press.net\/gabon\/sports\/qatar-2022-freddhy-koula-pose-ses-valises-a-new-world-tv#respond"]}]},{"@type":"WebPage","@id":"https:\/\/www.africa-press.net\/gabon\/sports\/qatar-2022-freddhy-koula-pose-ses-valises-a-new-world-tv","url":"https:\/\/www.africa-press.net\/gabon\/sports\/qatar-2022-freddhy-koula-pose-ses-valises-a-new-world-tv","name":"Qatar 2022 : Freddhy Koula pose ses valises \u00e0 New World TV - Gabon","isPartOf":{"@id":"https:\/\/www.africa-press.net\/gabon\/#website"},"primaryImageOfPage":{"@id":"https:\/\/www.africa-press.net\/gabon\/sports\/qatar-2022-freddhy-koula-pose-ses-valises-a-new-world-tv#primaryimage"},"image":{"@id":"https:\/\/www.africa-press.net\/gabon\/sports\/qatar-2022-freddhy-koula-pose-ses-valises-a-new-world-tv#primaryimage"},"thumbnailUrl":"https:\/\/static.africa-press.net\/gabon\/sites\/54\/2022\/11\/postQueueImg_1669043427.99.jpg","datePublished":"2022-11-21T18:40:23+00:00","dateModified":"2022-11-21T19:08:12+00:00","author":{"@id":"https:\/\/www.africa-press.net\/gabon\/#\/schema\/person\/2b1cf3cd81a31e3cd26889ca66d677f1"},"description":"Le temps de la Coupe du monde de football lance\u0301e dimanche au Qatar, le journaliste gabonais a rejoint la jeune chai\u0302ne ...","breadcrumb":{"@id":"https:\/\/www.africa-press.net\/gabon\/sports\/qatar-2022-freddhy-koula-pose-ses-valises-a-new-world-tv#breadcrumb"},"inLanguage":"fr-FR","potentialAction":[{"@type":"ReadAction","target":["https:\/\/www.africa-press.net\/gabon\/sports\/qatar-2022-freddhy-koula-pose-ses-valises-a-new-world-tv"]}]},{"@type":"ImageObject","inLanguage":"fr-FR","@id":"https:\/\/www.africa-press.net\/gabon\/sports\/qatar-2022-freddhy-koula-pose-ses-valises-a-new-world-tv#primaryimage","url":"https:\/\/static.africa-press.net\/gabon\/sites\/54\/2022\/11\/postQueueImg_1669043427.99.jpg","contentUrl":"https:\/\/static.africa-press.net\/gabon\/sites\/54\/2022\/11\/postQueueImg_1669043427.99.jpg","width":720,"height":360,"caption":"Qatar 2022 : Freddhy Koula pose ses valises \u00e0 New World TV"},{"@type":"BreadcrumbList","@id":"https:\/\/www.africa-press.net\/gabon\/sports\/qatar-2022-freddhy-koula-pose-ses-valises-a-new-world-tv#breadcrumb","itemListElement":[{"@type":"ListItem","position":1,"name":"Accueil","item":"https:\/\/www.africa-press.net\/gabon\/"},{"@type":"ListItem","position":2,"name":"Qatar 2022 : Freddhy Koula pose ses valises \u00e0 New World TV"}]},{"@type":"WebSite","@id":"https:\/\/www.africa-press.net\/gabon\/#website","url":"https:\/\/www.africa-press.net\/gabon\/","name":"Gabon","description":"Just another Africa News Agency Sites site","potentialAction":[{"@type":"SearchAction","target":{"@type":"EntryPoint","urlTemplate":"https:\/\/www.africa-press.net\/gabon\/?s={search_term_string}"},"query-input":{"@type":"PropertyValueSpecification","valueRequired":true,"valueName":"search_term_string"}}],"inLanguage":"fr-FR"},{"@type":"Person","@id":"https:\/\/www.africa-press.net\/gabon\/#\/schema\/person\/2b1cf3cd81a31e3cd26889ca66d677f1","name":"cfeditorfr"}]}},"_links":{"self":[{"href":"https:\/\/www.africa-press.net\/gabon\/wp-json\/wp\/v2\/posts\/12851","targetHints":{"allow":["GET"]}}],"collection":[{"href":"https:\/\/www.africa-press.net\/gabon\/wp-json\/wp\/v2\/posts"}],"about":[{"href":"https:\/\/www.africa-press.net\/gabon\/wp-json\/wp\/v2\/types\/post"}],"author":[{"embeddable":true,"href":"https:\/\/www.africa-press.net\/gabon\/wp-json\/wp\/v2\/users\/82"}],"replies":[{"embeddable":true,"href":"https:\/\/www.africa-press.net\/gabon\/wp-json\/wp\/v2\/comments?post=12851"}],"version-history":[{"count":0,"href":"https:\/\/www.africa-press.net\/gabon\/wp-json\/wp\/v2\/posts\/12851\/revisions"}],"wp:featuredmedia":[{"embeddable":true,"href":"https:\/\/www.africa-press.net\/gabon\/wp-json\/wp\/v2\/media\/12850"}],"wp:attachment":[{"href":"https:\/\/www.africa-press.net\/gabon\/wp-json\/wp\/v2\/media?parent=12851"}],"wp:term":[{"taxonomy":"category","embeddable":true,"href":"https:\/\/www.africa-press.net\/gabon\/wp-json\/wp\/v2\/categories?post=12851"},{"taxonomy":"post_tag","embeddable":true,"href":"https:\/\/www.africa-press.net\/gabon\/wp-json\/wp\/v2\/tags?post=12851"}],"curies":[{"name":"wp","href":"https:\/\/api.w.org\/{rel}","templated":true}]}}