{"id":12854,"date":"2022-11-21T18:40:34","date_gmt":"2022-11-21T18:40:34","guid":{"rendered":"https:\/\/www.africa-press.net\/gabon\/politique\/parafiscalite-asphyxies-les-commercants-en-appellent-au-gouvernement"},"modified":"2022-11-21T19:08:31","modified_gmt":"2022-11-21T19:08:31","slug":"parafiscalite-asphyxies-les-commercants-en-appellent-au-gouvernement","status":"publish","type":"post","link":"https:\/\/www.africa-press.net\/gabon\/economie\/parafiscalite-asphyxies-les-commercants-en-appellent-au-gouvernement","title":{"rendered":"Parafiscalit\u00e9 : asphyxi\u00e9s, les commer\u00e7ants en appellent au gouvernement"},"content":{"rendered":"<p><span style=\"color: #ff6600\"><strong>Africa-Press &#8211; Gabon. <\/strong><\/span>Ce week-end encore, les commerc\u0327ants re\u0301unis au sein d\u2019une organisation intersyndicale ont interpelle\u0301 le gouvernement sur les contro\u0302les intempestifs et la parafiscalite\u0301 dont ils assurent e\u0302tre les victimes, au point que certains songent de\u0301sormais a\u0300 fermer boutique. Ils proposent l\u2019harmonisation des contro\u0302les au Gabon.<\/p>\n<p>Ils espe\u0300rent e\u0302tre entendus cette fois. Les membres de la Coalition des commerc\u0327ants du Gabon e\u0301taient re\u0301unis en assemble\u0301e ge\u0301ne\u0301rale, samedi 19 novembre, a\u0300 Libreville. Il s\u2019est a\u0300 nouveau agi de parler des pressions dont ils disent e\u0302tre l\u2019objet sans que les autorite\u0301s ne daignent les e\u0301couter pour qu\u2019enfin cessent les contro\u0302les intempestifs des diffe\u0301rentes administrations qui leur re\u0301clament de l\u2019argent.<\/p>\n<p>Selon Jonas Mouniengue Mbembo, qui s\u2019est confie\u0301 a\u0300 nos confre\u0300res du quotidien l\u2019Union, ils sont rares les jours ou\u0300 ses colle\u0300gues et lui-me\u0302me ne subissent pas de contro\u0302les qui s\u2019accompagnent quelques fois d\u2019intimidations, voire d\u2019extorsion sous couvert de saisies. Beaucoup ont vu leurs commerces ferme\u0301s par certaines administrations.<\/p>\n<p>\u00abNous revendiquons l\u2019harmonisation des contro\u0302les au Gabon. C\u2019est un point que nous avons d\u2019ailleurs soumis aux autorite\u0301s gouvernementales lors de la commission Vie che\u0300re\u00bb, rappelle le pre\u0301sident du comite\u0301 permanent de l\u2019organisation intersyndicale qui appelle e\u0301galement a\u0300 la fin de la parafiscalite\u0301.<\/p>\n<p>Se disant asphyxie\u0301s, les commerc\u0327ants en appellent a\u0300 l\u2019organisation d\u2019un dialogue social. Ils en auraient officiellement fait la demande a\u0300 la patronne de l\u2019Ho\u0302tel de Ville de Libreville. La re\u0301ponse de Christine Mba Ndutume e\u0301pouse Mihindou est attendue.<\/p>\n<p><strong>Pour plus d&rsquo;informations et d&rsquo;analyses sur la <a href=\"https:\/\/www.africa-press.net\/gabon\">Gabon<\/a>, suivez <a href=\"https:\/\/www.africa-press.net\/\">Africa-Press<\/a><\/strong><\/p>\n","protected":false},"excerpt":{"rendered":"<p>Africa-Press &#8211; Gabon. Ce week-end encore, les commerc\u0327ants re\u0301unis au sein d\u2019une organisation intersyndicale ont interpelle\u0301 le gouvernement sur les contro\u0302les intempestifs et la parafiscalite\u0301 dont ils assurent e\u0302tre les victimes, au point que certains songent de\u0301sormais a\u0300 fermer boutique. Ils proposent l\u2019harmonisation des contro\u0302les au Gabon. Ils espe\u0300rent e\u0302tre entendus cette fois. Les membres [&hellip;]<\/p>\n","protected":false},"author":82,"featured_media":12853,"comment_status":"open","ping_status":"closed","sticky":false,"template":"","format":"standard","meta":{"footnotes":""},"categories":[3,10],"tags":[36,50,49],"class_list":["post-12854","post","type-post","status-publish","format-standard","has-post-thumbnail","hentry","category-economie","category-toutes-les-actualites","tag-africa-press","tag-africa-press-gabon","tag-gabon"],"yoast_head":"<!-- This site is optimized with the Yoast SEO Premium plugin v26.1 (Yoast SEO v27.0) - https:\/\/yoast.com\/product\/yoast-seo-premium-wordpress\/ -->\n<title>Parafiscalit\u00e9 : asphyxi\u00e9s, les commer\u00e7ants en appellent au gouvernement - Gabon<\/title>\n<meta name=\"description\" content=\"Ce week-end encore, les commerc\u0327ants re\u0301unis au sein d\u2019une organisation intersyndicale ont interpelle\u0301 le gouvernement s ...\" \/>\n<meta name=\"robots\" content=\"index, follow, max-snippet:-1, max-image-preview:large, max-video-preview:-1\" \/>\n<link rel=\"canonical\" href=\"https:\/\/www.africa-press.net\/gabon\/economie\/parafiscalite-asphyxies-les-commercants-en-appellent-au-gouvernement\" \/>\n<meta property=\"og:locale\" content=\"fr_FR\" \/>\n<meta property=\"og:type\" content=\"article\" \/>\n<meta property=\"og:title\" content=\"Parafiscalit\u00e9 : asphyxi\u00e9s, les commer\u00e7ants en appellent au gouvernement\" \/>\n<meta property=\"og:description\" content=\"Ce week-end encore, les commerc\u0327ants re\u0301unis au sein d\u2019une organisation intersyndicale ont interpelle\u0301 le gouvernement s ...\" \/>\n<meta property=\"og:url\" content=\"https:\/\/www.africa-press.net\/gabon\/economie\/parafiscalite-asphyxies-les-commercants-en-appellent-au-gouvernement\" \/>\n<meta property=\"og:site_name\" content=\"Gabon\" \/>\n<meta property=\"article:published_time\" content=\"2022-11-21T18:40:34+00:00\" \/>\n<meta property=\"article:modified_time\" content=\"2022-11-21T19:08:31+00:00\" \/>\n<meta property=\"og:image\" content=\"https:\/\/static.africa-press.net\/gabon\/sites\/54\/2022\/11\/postQueueImg_1669043442.25.jpg\" \/>\n\t<meta property=\"og:image:width\" content=\"720\" \/>\n\t<meta property=\"og:image:height\" content=\"405\" \/>\n\t<meta property=\"og:image:type\" content=\"image\/jpeg\" \/>\n<meta name=\"author\" content=\"cfeditorfr\" \/>\n<meta name=\"twitter:card\" content=\"summary_large_image\" \/>\n<meta name=\"twitter:label1\" content=\"\u00c9crit par\" \/>\n\t<meta name=\"twitter:data1\" content=\"cfeditorfr\" \/>\n\t<meta name=\"twitter:label2\" content=\"Dur\u00e9e de lecture estim\u00e9e\" \/>\n\t<meta name=\"twitter:data2\" content=\"2 minutes\" \/>\n<script type=\"application\/ld+json\" class=\"yoast-schema-graph\">{\"@context\":\"https:\/\/schema.org\",\"@graph\":[{\"@type\":\"Article\",\"@id\":\"https:\/\/www.africa-press.net\/gabon\/economie\/parafiscalite-asphyxies-les-commercants-en-appellent-au-gouvernement#article\",\"isPartOf\":{\"@id\":\"https:\/\/www.africa-press.net\/gabon\/economie\/parafiscalite-asphyxies-les-commercants-en-appellent-au-gouvernement\"},\"author\":{\"name\":\"cfeditorfr\",\"@id\":\"https:\/\/www.africa-press.net\/gabon\/#\/schema\/person\/2b1cf3cd81a31e3cd26889ca66d677f1\"},\"headline\":\"Parafiscalit\u00e9 : asphyxi\u00e9s, les commer\u00e7ants en appellent au gouvernement\",\"datePublished\":\"2022-11-21T18:40:34+00:00\",\"dateModified\":\"2022-11-21T19:08:31+00:00\",\"mainEntityOfPage\":{\"@id\":\"https:\/\/www.africa-press.net\/gabon\/economie\/parafiscalite-asphyxies-les-commercants-en-appellent-au-gouvernement\"},\"wordCount\":310,\"commentCount\":0,\"image\":{\"@id\":\"https:\/\/www.africa-press.net\/gabon\/economie\/parafiscalite-asphyxies-les-commercants-en-appellent-au-gouvernement#primaryimage\"},\"thumbnailUrl\":\"https:\/\/static.africa-press.net\/gabon\/sites\/54\/2022\/11\/postQueueImg_1669043442.25.jpg\",\"keywords\":[\"Africa Press\",\"Africa Press-Gabon\",\"Gabon\"],\"articleSection\":[\"\u00c9conomie\",\"Toutes les actualit\u00e9s\"],\"inLanguage\":\"fr-FR\",\"potentialAction\":[{\"@type\":\"CommentAction\",\"name\":\"Comment\",\"target\":[\"https:\/\/www.africa-press.net\/gabon\/economie\/parafiscalite-asphyxies-les-commercants-en-appellent-au-gouvernement#respond\"]}]},{\"@type\":\"WebPage\",\"@id\":\"https:\/\/www.africa-press.net\/gabon\/economie\/parafiscalite-asphyxies-les-commercants-en-appellent-au-gouvernement\",\"url\":\"https:\/\/www.africa-press.net\/gabon\/economie\/parafiscalite-asphyxies-les-commercants-en-appellent-au-gouvernement\",\"name\":\"Parafiscalit\u00e9 : asphyxi\u00e9s, les commer\u00e7ants en appellent au gouvernement - Gabon\",\"isPartOf\":{\"@id\":\"https:\/\/www.africa-press.net\/gabon\/#website\"},\"primaryImageOfPage\":{\"@id\":\"https:\/\/www.africa-press.net\/gabon\/economie\/parafiscalite-asphyxies-les-commercants-en-appellent-au-gouvernement#primaryimage\"},\"image\":{\"@id\":\"https:\/\/www.africa-press.net\/gabon\/economie\/parafiscalite-asphyxies-les-commercants-en-appellent-au-gouvernement#primaryimage\"},\"thumbnailUrl\":\"https:\/\/static.africa-press.net\/gabon\/sites\/54\/2022\/11\/postQueueImg_1669043442.25.jpg\",\"datePublished\":\"2022-11-21T18:40:34+00:00\",\"dateModified\":\"2022-11-21T19:08:31+00:00\",\"author\":{\"@id\":\"https:\/\/www.africa-press.net\/gabon\/#\/schema\/person\/2b1cf3cd81a31e3cd26889ca66d677f1\"},\"description\":\"Ce week-end encore, les commerc\u0327ants re\u0301unis au sein d\u2019une organisation intersyndicale ont interpelle\u0301 le gouvernement s ...\",\"breadcrumb\":{\"@id\":\"https:\/\/www.africa-press.net\/gabon\/economie\/parafiscalite-asphyxies-les-commercants-en-appellent-au-gouvernement#breadcrumb\"},\"inLanguage\":\"fr-FR\",\"potentialAction\":[{\"@type\":\"ReadAction\",\"target\":[\"https:\/\/www.africa-press.net\/gabon\/economie\/parafiscalite-asphyxies-les-commercants-en-appellent-au-gouvernement\"]}]},{\"@type\":\"ImageObject\",\"inLanguage\":\"fr-FR\",\"@id\":\"https:\/\/www.africa-press.net\/gabon\/economie\/parafiscalite-asphyxies-les-commercants-en-appellent-au-gouvernement#primaryimage\",\"url\":\"https:\/\/static.africa-press.net\/gabon\/sites\/54\/2022\/11\/postQueueImg_1669043442.25.jpg\",\"contentUrl\":\"https:\/\/static.africa-press.net\/gabon\/sites\/54\/2022\/11\/postQueueImg_1669043442.25.jpg\",\"width\":720,\"height\":405,\"caption\":\"Parafiscalit\u00e9 : asphyxi\u00e9s, les commer\u00e7ants en appellent au gouvernement\"},{\"@type\":\"BreadcrumbList\",\"@id\":\"https:\/\/www.africa-press.net\/gabon\/economie\/parafiscalite-asphyxies-les-commercants-en-appellent-au-gouvernement#breadcrumb\",\"itemListElement\":[{\"@type\":\"ListItem\",\"position\":1,\"name\":\"Accueil\",\"item\":\"https:\/\/www.africa-press.net\/gabon\/\"},{\"@type\":\"ListItem\",\"position\":2,\"name\":\"Parafiscalit\u00e9 : asphyxi\u00e9s, les commer\u00e7ants en appellent au gouvernement\"}]},{\"@type\":\"WebSite\",\"@id\":\"https:\/\/www.africa-press.net\/gabon\/#website\",\"url\":\"https:\/\/www.africa-press.net\/gabon\/\",\"name\":\"Gabon\",\"description\":\"Just another Africa News Agency Sites site\",\"potentialAction\":[{\"@type\":\"SearchAction\",\"target\":{\"@type\":\"EntryPoint\",\"urlTemplate\":\"https:\/\/www.africa-press.net\/gabon\/?s={search_term_string}\"},\"query-input\":{\"@type\":\"PropertyValueSpecification\",\"valueRequired\":true,\"valueName\":\"search_term_string\"}}],\"inLanguage\":\"fr-FR\"},{\"@type\":\"Person\",\"@id\":\"https:\/\/www.africa-press.net\/gabon\/#\/schema\/person\/2b1cf3cd81a31e3cd26889ca66d677f1\",\"name\":\"cfeditorfr\"}]}<\/script>\n<!-- \/ Yoast SEO Premium plugin. -->","yoast_head_json":{"title":"Parafiscalit\u00e9 : asphyxi\u00e9s, les commer\u00e7ants en appellent au gouvernement - Gabon","description":"Ce week-end encore, les commerc\u0327ants re\u0301unis au sein d\u2019une organisation intersyndicale ont interpelle\u0301 le gouvernement s ...","robots":{"index":"index","follow":"follow","max-snippet":"max-snippet:-1","max-image-preview":"max-image-preview:large","max-video-preview":"max-video-preview:-1"},"canonical":"https:\/\/www.africa-press.net\/gabon\/economie\/parafiscalite-asphyxies-les-commercants-en-appellent-au-gouvernement","og_locale":"fr_FR","og_type":"article","og_title":"Parafiscalit\u00e9 : asphyxi\u00e9s, les commer\u00e7ants en appellent au gouvernement","og_description":"Ce week-end encore, les commerc\u0327ants re\u0301unis au sein d\u2019une organisation intersyndicale ont interpelle\u0301 le gouvernement s ...","og_url":"https:\/\/www.africa-press.net\/gabon\/economie\/parafiscalite-asphyxies-les-commercants-en-appellent-au-gouvernement","og_site_name":"Gabon","article_published_time":"2022-11-21T18:40:34+00:00","article_modified_time":"2022-11-21T19:08:31+00:00","og_image":[{"width":720,"height":405,"url":"https:\/\/static.africa-press.net\/gabon\/sites\/54\/2022\/11\/postQueueImg_1669043442.25.jpg","type":"image\/jpeg"}],"author":"cfeditorfr","twitter_card":"summary_large_image","twitter_misc":{"\u00c9crit par":"cfeditorfr","Dur\u00e9e de lecture estim\u00e9e":"2 minutes"},"schema":{"@context":"https:\/\/schema.org","@graph":[{"@type":"Article","@id":"https:\/\/www.africa-press.net\/gabon\/economie\/parafiscalite-asphyxies-les-commercants-en-appellent-au-gouvernement#article","isPartOf":{"@id":"https:\/\/www.africa-press.net\/gabon\/economie\/parafiscalite-asphyxies-les-commercants-en-appellent-au-gouvernement"},"author":{"name":"cfeditorfr","@id":"https:\/\/www.africa-press.net\/gabon\/#\/schema\/person\/2b1cf3cd81a31e3cd26889ca66d677f1"},"headline":"Parafiscalit\u00e9 : asphyxi\u00e9s, les commer\u00e7ants en appellent au gouvernement","datePublished":"2022-11-21T18:40:34+00:00","dateModified":"2022-11-21T19:08:31+00:00","mainEntityOfPage":{"@id":"https:\/\/www.africa-press.net\/gabon\/economie\/parafiscalite-asphyxies-les-commercants-en-appellent-au-gouvernement"},"wordCount":310,"commentCount":0,"image":{"@id":"https:\/\/www.africa-press.net\/gabon\/economie\/parafiscalite-asphyxies-les-commercants-en-appellent-au-gouvernement#primaryimage"},"thumbnailUrl":"https:\/\/static.africa-press.net\/gabon\/sites\/54\/2022\/11\/postQueueImg_1669043442.25.jpg","keywords":["Africa Press","Africa Press-Gabon","Gabon"],"articleSection":["\u00c9conomie","Toutes les actualit\u00e9s"],"inLanguage":"fr-FR","potentialAction":[{"@type":"CommentAction","name":"Comment","target":["https:\/\/www.africa-press.net\/gabon\/economie\/parafiscalite-asphyxies-les-commercants-en-appellent-au-gouvernement#respond"]}]},{"@type":"WebPage","@id":"https:\/\/www.africa-press.net\/gabon\/economie\/parafiscalite-asphyxies-les-commercants-en-appellent-au-gouvernement","url":"https:\/\/www.africa-press.net\/gabon\/economie\/parafiscalite-asphyxies-les-commercants-en-appellent-au-gouvernement","name":"Parafiscalit\u00e9 : asphyxi\u00e9s, les commer\u00e7ants en appellent au gouvernement - Gabon","isPartOf":{"@id":"https:\/\/www.africa-press.net\/gabon\/#website"},"primaryImageOfPage":{"@id":"https:\/\/www.africa-press.net\/gabon\/economie\/parafiscalite-asphyxies-les-commercants-en-appellent-au-gouvernement#primaryimage"},"image":{"@id":"https:\/\/www.africa-press.net\/gabon\/economie\/parafiscalite-asphyxies-les-commercants-en-appellent-au-gouvernement#primaryimage"},"thumbnailUrl":"https:\/\/static.africa-press.net\/gabon\/sites\/54\/2022\/11\/postQueueImg_1669043442.25.jpg","datePublished":"2022-11-21T18:40:34+00:00","dateModified":"2022-11-21T19:08:31+00:00","author":{"@id":"https:\/\/www.africa-press.net\/gabon\/#\/schema\/person\/2b1cf3cd81a31e3cd26889ca66d677f1"},"description":"Ce week-end encore, les commerc\u0327ants re\u0301unis au sein d\u2019une organisation intersyndicale ont interpelle\u0301 le gouvernement s ...","breadcrumb":{"@id":"https:\/\/www.africa-press.net\/gabon\/economie\/parafiscalite-asphyxies-les-commercants-en-appellent-au-gouvernement#breadcrumb"},"inLanguage":"fr-FR","potentialAction":[{"@type":"ReadAction","target":["https:\/\/www.africa-press.net\/gabon\/economie\/parafiscalite-asphyxies-les-commercants-en-appellent-au-gouvernement"]}]},{"@type":"ImageObject","inLanguage":"fr-FR","@id":"https:\/\/www.africa-press.net\/gabon\/economie\/parafiscalite-asphyxies-les-commercants-en-appellent-au-gouvernement#primaryimage","url":"https:\/\/static.africa-press.net\/gabon\/sites\/54\/2022\/11\/postQueueImg_1669043442.25.jpg","contentUrl":"https:\/\/static.africa-press.net\/gabon\/sites\/54\/2022\/11\/postQueueImg_1669043442.25.jpg","width":720,"height":405,"caption":"Parafiscalit\u00e9 : asphyxi\u00e9s, les commer\u00e7ants en appellent au gouvernement"},{"@type":"BreadcrumbList","@id":"https:\/\/www.africa-press.net\/gabon\/economie\/parafiscalite-asphyxies-les-commercants-en-appellent-au-gouvernement#breadcrumb","itemListElement":[{"@type":"ListItem","position":1,"name":"Accueil","item":"https:\/\/www.africa-press.net\/gabon\/"},{"@type":"ListItem","position":2,"name":"Parafiscalit\u00e9 : asphyxi\u00e9s, les commer\u00e7ants en appellent au gouvernement"}]},{"@type":"WebSite","@id":"https:\/\/www.africa-press.net\/gabon\/#website","url":"https:\/\/www.africa-press.net\/gabon\/","name":"Gabon","description":"Just another Africa News Agency Sites site","potentialAction":[{"@type":"SearchAction","target":{"@type":"EntryPoint","urlTemplate":"https:\/\/www.africa-press.net\/gabon\/?s={search_term_string}"},"query-input":{"@type":"PropertyValueSpecification","valueRequired":true,"valueName":"search_term_string"}}],"inLanguage":"fr-FR"},{"@type":"Person","@id":"https:\/\/www.africa-press.net\/gabon\/#\/schema\/person\/2b1cf3cd81a31e3cd26889ca66d677f1","name":"cfeditorfr"}]}},"_links":{"self":[{"href":"https:\/\/www.africa-press.net\/gabon\/wp-json\/wp\/v2\/posts\/12854","targetHints":{"allow":["GET"]}}],"collection":[{"href":"https:\/\/www.africa-press.net\/gabon\/wp-json\/wp\/v2\/posts"}],"about":[{"href":"https:\/\/www.africa-press.net\/gabon\/wp-json\/wp\/v2\/types\/post"}],"author":[{"embeddable":true,"href":"https:\/\/www.africa-press.net\/gabon\/wp-json\/wp\/v2\/users\/82"}],"replies":[{"embeddable":true,"href":"https:\/\/www.africa-press.net\/gabon\/wp-json\/wp\/v2\/comments?post=12854"}],"version-history":[{"count":0,"href":"https:\/\/www.africa-press.net\/gabon\/wp-json\/wp\/v2\/posts\/12854\/revisions"}],"wp:featuredmedia":[{"embeddable":true,"href":"https:\/\/www.africa-press.net\/gabon\/wp-json\/wp\/v2\/media\/12853"}],"wp:attachment":[{"href":"https:\/\/www.africa-press.net\/gabon\/wp-json\/wp\/v2\/media?parent=12854"}],"wp:term":[{"taxonomy":"category","embeddable":true,"href":"https:\/\/www.africa-press.net\/gabon\/wp-json\/wp\/v2\/categories?post=12854"},{"taxonomy":"post_tag","embeddable":true,"href":"https:\/\/www.africa-press.net\/gabon\/wp-json\/wp\/v2\/tags?post=12854"}],"curies":[{"name":"wp","href":"https:\/\/api.w.org\/{rel}","templated":true}]}}