{"id":12875,"date":"2022-11-22T18:44:04","date_gmt":"2022-11-22T18:44:04","guid":{"rendered":"https:\/\/www.africa-press.net\/gabon\/politique\/inondations-de-lambarene-nous-recherchons-et-reunissons-des-solutions-pour-soulager-certains-freres-et-soeurs-qui-sont-dans-le-desarroi-madeleine-berre"},"modified":"2022-11-22T19:41:08","modified_gmt":"2022-11-22T19:41:08","slug":"inondations-de-lambarene-nous-recherchons-et-reunissons-des-solutions-pour-soulager-certains-freres-et-soeurs-qui-sont-dans-le-desarroi-madeleine-berre","status":"publish","type":"post","link":"https:\/\/www.africa-press.net\/gabon\/toutes-les-actualites\/inondations-de-lambarene-nous-recherchons-et-reunissons-des-solutions-pour-soulager-certains-freres-et-soeurs-qui-sont-dans-le-desarroi-madeleine-berre","title":{"rendered":"Inondations de Lambar\u00e9n\u00e9 \u00ab\u00a0nous recherchons et r\u00e9unissons des solutions pour soulager certains fr\u00e8res et s\u0153urs qui sont dans le d\u00e9sarroi\u00a0\u00bb (Madeleine Berre)"},"content":{"rendered":"<p><span style=\"color: #ff6600\"><strong>Africa-Press &#8211; Gabon. <\/strong><\/span><b>Le Ministre du Travail, Madeleine Berre, par ailleurs native de Lambare\u0301ne\u0301 son fief politique, s\u2019est rendu le week-end e\u0301coule\u0301 dans la capitale provinciale du Moyen Ogooue\u0301, re\u0301conforte\u0301, les populations touche\u0301es par les re\u0301centes inondations de\u0301coulant des pluies diluviennes re\u0301currentes.<\/b><\/p>\n<p>\u00ab Nous recherchons et re\u0301unissons des solutions pour soulager certains fre\u0300res et s\u0153urs qui sont dans le de\u0301sarroi \u00bb, a de\u0301clare\u0301 Mme Berre, sillonnant plusieurs famille en de\u0301tresse de Lambare\u0301ne\u0301.<\/p>\n<p>Dans la ville du grand blanc, 23 quartiers sur 24 ont e\u0301te\u0301 noye\u0301s, occasionnant des sinistre\u0301s. La de\u0301le\u0301gation conduite par madame le Ministre, compose\u0301e Eryl Bertille Raponat Otewa-Mbina et Yves Yassima, respectivement secre\u0301taire ge\u0301ne\u0301rale de province et pre\u0301fet du de\u0301partement de l\u2019Ogooue\u0301 et des Lacs, a apporte\u0301 un soutien multiforme aux inte\u0301resse\u0301s dessemine\u0301s dans les deux arrondissements de la commune.<\/p>\n<p>\u00abNe pouvant rester insensible a\u0300 cette situation, j\u2019ai tenu a\u0300 venir sur place pour partager ce moment de de\u0301tresse avec les populations riveraines impacte\u0301es , tout en les rassurant de ce que le gouvernement est a\u0300 pied d\u2019\u0153uvre \u00bb, a-elle souligne\u0301.<\/p>\n<p><b>Camille Boussoughou<\/b><\/p>\n<p><strong>Pour plus d&rsquo;informations et d&rsquo;analyses sur la <a href=\"https:\/\/www.africa-press.net\/gabon\">Gabon<\/a>, suivez <a href=\"https:\/\/www.africa-press.net\/\">Africa-Press<\/a><\/strong><\/p>\n","protected":false},"excerpt":{"rendered":"<p>Africa-Press &#8211; Gabon. Le Ministre du Travail, Madeleine Berre, par ailleurs native de Lambare\u0301ne\u0301 son fief politique, s\u2019est rendu le week-end e\u0301coule\u0301 dans la capitale provinciale du Moyen Ogooue\u0301, re\u0301conforte\u0301, les populations touche\u0301es par les re\u0301centes inondations de\u0301coulant des pluies diluviennes re\u0301currentes. \u00ab Nous recherchons et re\u0301unissons des solutions pour soulager certains fre\u0300res et s\u0153urs [&hellip;]<\/p>\n","protected":false},"author":82,"featured_media":12874,"comment_status":"open","ping_status":"closed","sticky":false,"template":"","format":"standard","meta":{"footnotes":""},"categories":[21,10],"tags":[36,50,49],"class_list":["post-12875","post","type-post","status-publish","format-standard","has-post-thumbnail","hentry","category-communaute","category-toutes-les-actualites","tag-africa-press","tag-africa-press-gabon","tag-gabon"],"yoast_head":"<!-- This site is optimized with the Yoast SEO Premium plugin v26.1 (Yoast SEO v27.0) - https:\/\/yoast.com\/product\/yoast-seo-premium-wordpress\/ -->\n<title>Inondations de Lambar\u00e9n\u00e9 \u00ab\u00a0nous recherchons et r\u00e9unissons des solutions pour soulager certains fr\u00e8res et s\u0153urs qui sont dans le d\u00e9sarroi\u00a0\u00bb (Madeleine Berre) - Gabon<\/title>\n<meta name=\"description\" content=\"Le Ministre du Travail, Madeleine Berre, par ailleurs native de Lambare\u0301ne\u0301 son fief politique, s\u2019est rendu le week-e ...\" \/>\n<meta name=\"robots\" content=\"index, follow, max-snippet:-1, max-image-preview:large, max-video-preview:-1\" \/>\n<link rel=\"canonical\" href=\"https:\/\/www.africa-press.net\/gabon\/toutes-les-actualites\/inondations-de-lambarene-nous-recherchons-et-reunissons-des-solutions-pour-soulager-certains-freres-et-soeurs-qui-sont-dans-le-desarroi-madeleine-berre\" \/>\n<meta property=\"og:locale\" content=\"fr_FR\" \/>\n<meta property=\"og:type\" content=\"article\" \/>\n<meta property=\"og:title\" content=\"Inondations de Lambar\u00e9n\u00e9 \u00ab\u00a0nous recherchons et r\u00e9unissons des solutions pour soulager certains fr\u00e8res et s\u0153urs qui sont dans le d\u00e9sarroi\u00a0\u00bb (Madeleine Berre)\" \/>\n<meta property=\"og:description\" content=\"Le Ministre du Travail, Madeleine Berre, par ailleurs native de Lambare\u0301ne\u0301 son fief politique, s\u2019est rendu le week-e ...\" \/>\n<meta property=\"og:url\" content=\"https:\/\/www.africa-press.net\/gabon\/toutes-les-actualites\/inondations-de-lambarene-nous-recherchons-et-reunissons-des-solutions-pour-soulager-certains-freres-et-soeurs-qui-sont-dans-le-desarroi-madeleine-berre\" \/>\n<meta property=\"og:site_name\" content=\"Gabon\" \/>\n<meta property=\"article:published_time\" content=\"2022-11-22T18:44:04+00:00\" \/>\n<meta property=\"article:modified_time\" content=\"2022-11-22T19:41:08+00:00\" \/>\n<meta property=\"og:image\" content=\"https:\/\/static.africa-press.net\/gabon\/sites\/54\/2022\/11\/postQueueImg_1669130049.13.jpg\" \/>\n\t<meta property=\"og:image:width\" content=\"1080\" \/>\n\t<meta property=\"og:image:height\" content=\"720\" \/>\n\t<meta property=\"og:image:type\" content=\"image\/jpeg\" \/>\n<meta name=\"author\" content=\"cfeditorfr\" \/>\n<meta name=\"twitter:card\" content=\"summary_large_image\" \/>\n<meta name=\"twitter:label1\" content=\"\u00c9crit par\" \/>\n\t<meta name=\"twitter:data1\" content=\"cfeditorfr\" \/>\n\t<meta name=\"twitter:label2\" content=\"Dur\u00e9e de lecture estim\u00e9e\" \/>\n\t<meta name=\"twitter:data2\" content=\"1 minute\" \/>\n<script type=\"application\/ld+json\" class=\"yoast-schema-graph\">{\"@context\":\"https:\/\/schema.org\",\"@graph\":[{\"@type\":\"Article\",\"@id\":\"https:\/\/www.africa-press.net\/gabon\/toutes-les-actualites\/inondations-de-lambarene-nous-recherchons-et-reunissons-des-solutions-pour-soulager-certains-freres-et-soeurs-qui-sont-dans-le-desarroi-madeleine-berre#article\",\"isPartOf\":{\"@id\":\"https:\/\/www.africa-press.net\/gabon\/toutes-les-actualites\/inondations-de-lambarene-nous-recherchons-et-reunissons-des-solutions-pour-soulager-certains-freres-et-soeurs-qui-sont-dans-le-desarroi-madeleine-berre\"},\"author\":{\"name\":\"cfeditorfr\",\"@id\":\"https:\/\/www.africa-press.net\/gabon\/#\/schema\/person\/2b1cf3cd81a31e3cd26889ca66d677f1\"},\"headline\":\"Inondations de Lambar\u00e9n\u00e9 \u00ab\u00a0nous recherchons et r\u00e9unissons des solutions pour soulager certains fr\u00e8res et s\u0153urs qui sont dans le d\u00e9sarroi\u00a0\u00bb (Madeleine Berre)\",\"datePublished\":\"2022-11-22T18:44:04+00:00\",\"dateModified\":\"2022-11-22T19:41:08+00:00\",\"mainEntityOfPage\":{\"@id\":\"https:\/\/www.africa-press.net\/gabon\/toutes-les-actualites\/inondations-de-lambarene-nous-recherchons-et-reunissons-des-solutions-pour-soulager-certains-freres-et-soeurs-qui-sont-dans-le-desarroi-madeleine-berre\"},\"wordCount\":242,\"commentCount\":0,\"image\":{\"@id\":\"https:\/\/www.africa-press.net\/gabon\/toutes-les-actualites\/inondations-de-lambarene-nous-recherchons-et-reunissons-des-solutions-pour-soulager-certains-freres-et-soeurs-qui-sont-dans-le-desarroi-madeleine-berre#primaryimage\"},\"thumbnailUrl\":\"https:\/\/static.africa-press.net\/gabon\/sites\/54\/2022\/11\/postQueueImg_1669130049.13.jpg\",\"keywords\":[\"Africa Press\",\"Africa Press-Gabon\",\"Gabon\"],\"articleSection\":[\"Communaut\u00e9\",\"Toutes les actualit\u00e9s\"],\"inLanguage\":\"fr-FR\",\"potentialAction\":[{\"@type\":\"CommentAction\",\"name\":\"Comment\",\"target\":[\"https:\/\/www.africa-press.net\/gabon\/toutes-les-actualites\/inondations-de-lambarene-nous-recherchons-et-reunissons-des-solutions-pour-soulager-certains-freres-et-soeurs-qui-sont-dans-le-desarroi-madeleine-berre#respond\"]}]},{\"@type\":\"WebPage\",\"@id\":\"https:\/\/www.africa-press.net\/gabon\/toutes-les-actualites\/inondations-de-lambarene-nous-recherchons-et-reunissons-des-solutions-pour-soulager-certains-freres-et-soeurs-qui-sont-dans-le-desarroi-madeleine-berre\",\"url\":\"https:\/\/www.africa-press.net\/gabon\/toutes-les-actualites\/inondations-de-lambarene-nous-recherchons-et-reunissons-des-solutions-pour-soulager-certains-freres-et-soeurs-qui-sont-dans-le-desarroi-madeleine-berre\",\"name\":\"Inondations de Lambar\u00e9n\u00e9 \u00ab\u00a0nous recherchons et r\u00e9unissons des solutions pour soulager certains fr\u00e8res et s\u0153urs qui sont dans le d\u00e9sarroi\u00a0\u00bb (Madeleine Berre) - Gabon\",\"isPartOf\":{\"@id\":\"https:\/\/www.africa-press.net\/gabon\/#website\"},\"primaryImageOfPage\":{\"@id\":\"https:\/\/www.africa-press.net\/gabon\/toutes-les-actualites\/inondations-de-lambarene-nous-recherchons-et-reunissons-des-solutions-pour-soulager-certains-freres-et-soeurs-qui-sont-dans-le-desarroi-madeleine-berre#primaryimage\"},\"image\":{\"@id\":\"https:\/\/www.africa-press.net\/gabon\/toutes-les-actualites\/inondations-de-lambarene-nous-recherchons-et-reunissons-des-solutions-pour-soulager-certains-freres-et-soeurs-qui-sont-dans-le-desarroi-madeleine-berre#primaryimage\"},\"thumbnailUrl\":\"https:\/\/static.africa-press.net\/gabon\/sites\/54\/2022\/11\/postQueueImg_1669130049.13.jpg\",\"datePublished\":\"2022-11-22T18:44:04+00:00\",\"dateModified\":\"2022-11-22T19:41:08+00:00\",\"author\":{\"@id\":\"https:\/\/www.africa-press.net\/gabon\/#\/schema\/person\/2b1cf3cd81a31e3cd26889ca66d677f1\"},\"description\":\"Le Ministre du Travail, Madeleine Berre, par ailleurs native de Lambare\u0301ne\u0301 son fief politique, s\u2019est rendu le week-e ...\",\"breadcrumb\":{\"@id\":\"https:\/\/www.africa-press.net\/gabon\/toutes-les-actualites\/inondations-de-lambarene-nous-recherchons-et-reunissons-des-solutions-pour-soulager-certains-freres-et-soeurs-qui-sont-dans-le-desarroi-madeleine-berre#breadcrumb\"},\"inLanguage\":\"fr-FR\",\"potentialAction\":[{\"@type\":\"ReadAction\",\"target\":[\"https:\/\/www.africa-press.net\/gabon\/toutes-les-actualites\/inondations-de-lambarene-nous-recherchons-et-reunissons-des-solutions-pour-soulager-certains-freres-et-soeurs-qui-sont-dans-le-desarroi-madeleine-berre\"]}]},{\"@type\":\"ImageObject\",\"inLanguage\":\"fr-FR\",\"@id\":\"https:\/\/www.africa-press.net\/gabon\/toutes-les-actualites\/inondations-de-lambarene-nous-recherchons-et-reunissons-des-solutions-pour-soulager-certains-freres-et-soeurs-qui-sont-dans-le-desarroi-madeleine-berre#primaryimage\",\"url\":\"https:\/\/static.africa-press.net\/gabon\/sites\/54\/2022\/11\/postQueueImg_1669130049.13.jpg\",\"contentUrl\":\"https:\/\/static.africa-press.net\/gabon\/sites\/54\/2022\/11\/postQueueImg_1669130049.13.jpg\",\"width\":1080,\"height\":720,\"caption\":\"Inondations de Lambar\u00e9n\u00e9 \u00ab\u00a0nous recherchons et r\u00e9unissons des solutions pour soulager certains fr\u00e8res et s\u0153urs qui sont dans le d\u00e9sarroi\u00a0\u00bb (Madeleine Berre)\"},{\"@type\":\"BreadcrumbList\",\"@id\":\"https:\/\/www.africa-press.net\/gabon\/toutes-les-actualites\/inondations-de-lambarene-nous-recherchons-et-reunissons-des-solutions-pour-soulager-certains-freres-et-soeurs-qui-sont-dans-le-desarroi-madeleine-berre#breadcrumb\",\"itemListElement\":[{\"@type\":\"ListItem\",\"position\":1,\"name\":\"Accueil\",\"item\":\"https:\/\/www.africa-press.net\/gabon\/\"},{\"@type\":\"ListItem\",\"position\":2,\"name\":\"Inondations de Lambar\u00e9n\u00e9 \u00ab\u00a0nous recherchons et r\u00e9unissons des solutions pour soulager certains fr\u00e8res et s\u0153urs qui sont dans le d\u00e9sarroi\u00a0\u00bb (Madeleine Berre)\"}]},{\"@type\":\"WebSite\",\"@id\":\"https:\/\/www.africa-press.net\/gabon\/#website\",\"url\":\"https:\/\/www.africa-press.net\/gabon\/\",\"name\":\"Gabon\",\"description\":\"Just another Africa News Agency Sites site\",\"potentialAction\":[{\"@type\":\"SearchAction\",\"target\":{\"@type\":\"EntryPoint\",\"urlTemplate\":\"https:\/\/www.africa-press.net\/gabon\/?s={search_term_string}\"},\"query-input\":{\"@type\":\"PropertyValueSpecification\",\"valueRequired\":true,\"valueName\":\"search_term_string\"}}],\"inLanguage\":\"fr-FR\"},{\"@type\":\"Person\",\"@id\":\"https:\/\/www.africa-press.net\/gabon\/#\/schema\/person\/2b1cf3cd81a31e3cd26889ca66d677f1\",\"name\":\"cfeditorfr\"}]}<\/script>\n<!-- \/ Yoast SEO Premium plugin. -->","yoast_head_json":{"title":"Inondations de Lambar\u00e9n\u00e9 \u00ab\u00a0nous recherchons et r\u00e9unissons des solutions pour soulager certains fr\u00e8res et s\u0153urs qui sont dans le d\u00e9sarroi\u00a0\u00bb (Madeleine Berre) - Gabon","description":"Le Ministre du Travail, Madeleine Berre, par ailleurs native de Lambare\u0301ne\u0301 son fief politique, s\u2019est rendu le week-e ...","robots":{"index":"index","follow":"follow","max-snippet":"max-snippet:-1","max-image-preview":"max-image-preview:large","max-video-preview":"max-video-preview:-1"},"canonical":"https:\/\/www.africa-press.net\/gabon\/toutes-les-actualites\/inondations-de-lambarene-nous-recherchons-et-reunissons-des-solutions-pour-soulager-certains-freres-et-soeurs-qui-sont-dans-le-desarroi-madeleine-berre","og_locale":"fr_FR","og_type":"article","og_title":"Inondations de Lambar\u00e9n\u00e9 \u00ab\u00a0nous recherchons et r\u00e9unissons des solutions pour soulager certains fr\u00e8res et s\u0153urs qui sont dans le d\u00e9sarroi\u00a0\u00bb (Madeleine Berre)","og_description":"Le Ministre du Travail, Madeleine Berre, par ailleurs native de Lambare\u0301ne\u0301 son fief politique, s\u2019est rendu le week-e ...","og_url":"https:\/\/www.africa-press.net\/gabon\/toutes-les-actualites\/inondations-de-lambarene-nous-recherchons-et-reunissons-des-solutions-pour-soulager-certains-freres-et-soeurs-qui-sont-dans-le-desarroi-madeleine-berre","og_site_name":"Gabon","article_published_time":"2022-11-22T18:44:04+00:00","article_modified_time":"2022-11-22T19:41:08+00:00","og_image":[{"width":1080,"height":720,"url":"https:\/\/static.africa-press.net\/gabon\/sites\/54\/2022\/11\/postQueueImg_1669130049.13.jpg","type":"image\/jpeg"}],"author":"cfeditorfr","twitter_card":"summary_large_image","twitter_misc":{"\u00c9crit par":"cfeditorfr","Dur\u00e9e de lecture estim\u00e9e":"1 minute"},"schema":{"@context":"https:\/\/schema.org","@graph":[{"@type":"Article","@id":"https:\/\/www.africa-press.net\/gabon\/toutes-les-actualites\/inondations-de-lambarene-nous-recherchons-et-reunissons-des-solutions-pour-soulager-certains-freres-et-soeurs-qui-sont-dans-le-desarroi-madeleine-berre#article","isPartOf":{"@id":"https:\/\/www.africa-press.net\/gabon\/toutes-les-actualites\/inondations-de-lambarene-nous-recherchons-et-reunissons-des-solutions-pour-soulager-certains-freres-et-soeurs-qui-sont-dans-le-desarroi-madeleine-berre"},"author":{"name":"cfeditorfr","@id":"https:\/\/www.africa-press.net\/gabon\/#\/schema\/person\/2b1cf3cd81a31e3cd26889ca66d677f1"},"headline":"Inondations de Lambar\u00e9n\u00e9 \u00ab\u00a0nous recherchons et r\u00e9unissons des solutions pour soulager certains fr\u00e8res et s\u0153urs qui sont dans le d\u00e9sarroi\u00a0\u00bb (Madeleine Berre)","datePublished":"2022-11-22T18:44:04+00:00","dateModified":"2022-11-22T19:41:08+00:00","mainEntityOfPage":{"@id":"https:\/\/www.africa-press.net\/gabon\/toutes-les-actualites\/inondations-de-lambarene-nous-recherchons-et-reunissons-des-solutions-pour-soulager-certains-freres-et-soeurs-qui-sont-dans-le-desarroi-madeleine-berre"},"wordCount":242,"commentCount":0,"image":{"@id":"https:\/\/www.africa-press.net\/gabon\/toutes-les-actualites\/inondations-de-lambarene-nous-recherchons-et-reunissons-des-solutions-pour-soulager-certains-freres-et-soeurs-qui-sont-dans-le-desarroi-madeleine-berre#primaryimage"},"thumbnailUrl":"https:\/\/static.africa-press.net\/gabon\/sites\/54\/2022\/11\/postQueueImg_1669130049.13.jpg","keywords":["Africa Press","Africa Press-Gabon","Gabon"],"articleSection":["Communaut\u00e9","Toutes les actualit\u00e9s"],"inLanguage":"fr-FR","potentialAction":[{"@type":"CommentAction","name":"Comment","target":["https:\/\/www.africa-press.net\/gabon\/toutes-les-actualites\/inondations-de-lambarene-nous-recherchons-et-reunissons-des-solutions-pour-soulager-certains-freres-et-soeurs-qui-sont-dans-le-desarroi-madeleine-berre#respond"]}]},{"@type":"WebPage","@id":"https:\/\/www.africa-press.net\/gabon\/toutes-les-actualites\/inondations-de-lambarene-nous-recherchons-et-reunissons-des-solutions-pour-soulager-certains-freres-et-soeurs-qui-sont-dans-le-desarroi-madeleine-berre","url":"https:\/\/www.africa-press.net\/gabon\/toutes-les-actualites\/inondations-de-lambarene-nous-recherchons-et-reunissons-des-solutions-pour-soulager-certains-freres-et-soeurs-qui-sont-dans-le-desarroi-madeleine-berre","name":"Inondations de Lambar\u00e9n\u00e9 \u00ab\u00a0nous recherchons et r\u00e9unissons des solutions pour soulager certains fr\u00e8res et s\u0153urs qui sont dans le d\u00e9sarroi\u00a0\u00bb (Madeleine Berre) - Gabon","isPartOf":{"@id":"https:\/\/www.africa-press.net\/gabon\/#website"},"primaryImageOfPage":{"@id":"https:\/\/www.africa-press.net\/gabon\/toutes-les-actualites\/inondations-de-lambarene-nous-recherchons-et-reunissons-des-solutions-pour-soulager-certains-freres-et-soeurs-qui-sont-dans-le-desarroi-madeleine-berre#primaryimage"},"image":{"@id":"https:\/\/www.africa-press.net\/gabon\/toutes-les-actualites\/inondations-de-lambarene-nous-recherchons-et-reunissons-des-solutions-pour-soulager-certains-freres-et-soeurs-qui-sont-dans-le-desarroi-madeleine-berre#primaryimage"},"thumbnailUrl":"https:\/\/static.africa-press.net\/gabon\/sites\/54\/2022\/11\/postQueueImg_1669130049.13.jpg","datePublished":"2022-11-22T18:44:04+00:00","dateModified":"2022-11-22T19:41:08+00:00","author":{"@id":"https:\/\/www.africa-press.net\/gabon\/#\/schema\/person\/2b1cf3cd81a31e3cd26889ca66d677f1"},"description":"Le Ministre du Travail, Madeleine Berre, par ailleurs native de Lambare\u0301ne\u0301 son fief politique, s\u2019est rendu le week-e ...","breadcrumb":{"@id":"https:\/\/www.africa-press.net\/gabon\/toutes-les-actualites\/inondations-de-lambarene-nous-recherchons-et-reunissons-des-solutions-pour-soulager-certains-freres-et-soeurs-qui-sont-dans-le-desarroi-madeleine-berre#breadcrumb"},"inLanguage":"fr-FR","potentialAction":[{"@type":"ReadAction","target":["https:\/\/www.africa-press.net\/gabon\/toutes-les-actualites\/inondations-de-lambarene-nous-recherchons-et-reunissons-des-solutions-pour-soulager-certains-freres-et-soeurs-qui-sont-dans-le-desarroi-madeleine-berre"]}]},{"@type":"ImageObject","inLanguage":"fr-FR","@id":"https:\/\/www.africa-press.net\/gabon\/toutes-les-actualites\/inondations-de-lambarene-nous-recherchons-et-reunissons-des-solutions-pour-soulager-certains-freres-et-soeurs-qui-sont-dans-le-desarroi-madeleine-berre#primaryimage","url":"https:\/\/static.africa-press.net\/gabon\/sites\/54\/2022\/11\/postQueueImg_1669130049.13.jpg","contentUrl":"https:\/\/static.africa-press.net\/gabon\/sites\/54\/2022\/11\/postQueueImg_1669130049.13.jpg","width":1080,"height":720,"caption":"Inondations de Lambar\u00e9n\u00e9 \u00ab\u00a0nous recherchons et r\u00e9unissons des solutions pour soulager certains fr\u00e8res et s\u0153urs qui sont dans le d\u00e9sarroi\u00a0\u00bb (Madeleine Berre)"},{"@type":"BreadcrumbList","@id":"https:\/\/www.africa-press.net\/gabon\/toutes-les-actualites\/inondations-de-lambarene-nous-recherchons-et-reunissons-des-solutions-pour-soulager-certains-freres-et-soeurs-qui-sont-dans-le-desarroi-madeleine-berre#breadcrumb","itemListElement":[{"@type":"ListItem","position":1,"name":"Accueil","item":"https:\/\/www.africa-press.net\/gabon\/"},{"@type":"ListItem","position":2,"name":"Inondations de Lambar\u00e9n\u00e9 \u00ab\u00a0nous recherchons et r\u00e9unissons des solutions pour soulager certains fr\u00e8res et s\u0153urs qui sont dans le d\u00e9sarroi\u00a0\u00bb (Madeleine Berre)"}]},{"@type":"WebSite","@id":"https:\/\/www.africa-press.net\/gabon\/#website","url":"https:\/\/www.africa-press.net\/gabon\/","name":"Gabon","description":"Just another Africa News Agency Sites site","potentialAction":[{"@type":"SearchAction","target":{"@type":"EntryPoint","urlTemplate":"https:\/\/www.africa-press.net\/gabon\/?s={search_term_string}"},"query-input":{"@type":"PropertyValueSpecification","valueRequired":true,"valueName":"search_term_string"}}],"inLanguage":"fr-FR"},{"@type":"Person","@id":"https:\/\/www.africa-press.net\/gabon\/#\/schema\/person\/2b1cf3cd81a31e3cd26889ca66d677f1","name":"cfeditorfr"}]}},"_links":{"self":[{"href":"https:\/\/www.africa-press.net\/gabon\/wp-json\/wp\/v2\/posts\/12875","targetHints":{"allow":["GET"]}}],"collection":[{"href":"https:\/\/www.africa-press.net\/gabon\/wp-json\/wp\/v2\/posts"}],"about":[{"href":"https:\/\/www.africa-press.net\/gabon\/wp-json\/wp\/v2\/types\/post"}],"author":[{"embeddable":true,"href":"https:\/\/www.africa-press.net\/gabon\/wp-json\/wp\/v2\/users\/82"}],"replies":[{"embeddable":true,"href":"https:\/\/www.africa-press.net\/gabon\/wp-json\/wp\/v2\/comments?post=12875"}],"version-history":[{"count":0,"href":"https:\/\/www.africa-press.net\/gabon\/wp-json\/wp\/v2\/posts\/12875\/revisions"}],"wp:featuredmedia":[{"embeddable":true,"href":"https:\/\/www.africa-press.net\/gabon\/wp-json\/wp\/v2\/media\/12874"}],"wp:attachment":[{"href":"https:\/\/www.africa-press.net\/gabon\/wp-json\/wp\/v2\/media?parent=12875"}],"wp:term":[{"taxonomy":"category","embeddable":true,"href":"https:\/\/www.africa-press.net\/gabon\/wp-json\/wp\/v2\/categories?post=12875"},{"taxonomy":"post_tag","embeddable":true,"href":"https:\/\/www.africa-press.net\/gabon\/wp-json\/wp\/v2\/tags?post=12875"}],"curies":[{"name":"wp","href":"https:\/\/api.w.org\/{rel}","templated":true}]}}