{"id":12881,"date":"2022-11-22T18:44:37","date_gmt":"2022-11-22T18:44:37","guid":{"rendered":"https:\/\/www.africa-press.net\/gabon\/politique\/linclusion-et-la-non-discrimination-des-enfants-handicapes-au-centre-des-echanges-lors-de-la-journee-mondiale-de-lenfant"},"modified":"2022-11-22T19:42:04","modified_gmt":"2022-11-22T19:42:04","slug":"linclusion-et-la-non-discrimination-des-enfants-handicapes-au-centre-des-echanges-lors-de-la-journee-mondiale-de-lenfant","status":"publish","type":"post","link":"https:\/\/www.africa-press.net\/gabon\/toutes-les-actualites\/linclusion-et-la-non-discrimination-des-enfants-handicapes-au-centre-des-echanges-lors-de-la-journee-mondiale-de-lenfant","title":{"rendered":"L\u2019inclusion et la non-discrimination des enfants handicap\u00e9s, au centre des \u00e9changes lors de la journ\u00e9e mondiale de l\u2019enfant"},"content":{"rendered":"<p><span style=\"color: #ff6600\"><strong>Africa-Press &#8211; Gabon. <\/strong><\/span><b>C\u2019est Port-Gentil la capitale e\u0301conomique du Gabon qui a e\u0301te\u0301 choisie par l\u2019UNICEF pour abriter la ce\u0301le\u0301bration de la journe\u0301e mondiale de l\u2019enfant et des droits des enfants. Le the\u0300me retenu pour la ce\u0301le\u0301bration par anticipation le 19 novembre dernier est : \u00ab l\u2019inclusion et la non-discrimination des enfants handicape\u0301s \u00bb. Une re\u0301elle opportunite\u0301 de donner la possibilite\u0301 a\u0300 ces personnes vivant avec un handicap, de s\u2019exprimer dans leur langage mais e\u0301galement de se faire e\u0301couter. <\/b><br \/>\n<b>C\u2019est Port-Gentil la capitale e\u0301conomique du Gabon qui a e\u0301te\u0301 choisie par l\u2019UNICEF pour abriter la ce\u0301le\u0301bration de la journe\u0301e mondiale de l\u2019enfant et des droits des enfants. Le the\u0300me retenu pour la ce\u0301le\u0301bration par anticipation le 19 novembre dernier est : \u00ab l\u2019inclusion et la non-discrimination des enfants handicape\u0301s \u00bb. Une re\u0301elle opportunite\u0301 de donner la possibilite\u0301 a\u0300 ces personnes vivant avec un handicap, de s\u2019exprimer dans leur langage mais e\u0301galement de se faire e\u0301couter. <\/b><\/p>\n<p>\u00ab L\u2019UNICEF par ma voix vous remercie et vous exprimer toute sa gratitude. J\u2019 interpelle e\u0301galement tous les acteurs qui ont un espace de de\u0301cision et d\u2019influence, a\u0300 cre\u0301er des conditions permettant aux enfants de bien grandir et de se de\u0301velopper dans des meilleures conditions pour qu\u2019ils soient des adultes de haute importance \u00bb, a recommande\u0301 le Dr Noe\u0308l Marie Zagre\u0301, repre\u0301sentant de l\u2019UNICEF au Gabon.<\/p>\n<p>La Mairie de Port-Gentil par la voix de l\u2019actuel e\u0301dile,et pour avoir signe\u0301 il y a peu de temps, la charte de l\u2019UNICEF dans le cadre du programme \u00bb Villes Amies des Enfants \u00bb, s\u2019est fe\u0301licite\u0301 de l\u2019action de l\u2019institution visant a\u0300 promouvoir les droits des enfants en situation de handicap au Gabon.<\/p>\n<p>\u00ab En nous inscrivant dans cette initiative, nous prenons l\u2019engagement, ensemble, de relever le de\u0301fi d\u2019ame\u0301liorer, anne\u0301e apre\u0300s anne\u0301e, le bien-e\u0302tre des enfants de notre ville, les enfants nous regardent ! \u00bb, a laisse\u0301 entendre le Maire de Port-Gentil qui rajoute en disant \u00ab notre de\u0301fi est d\u2019y lire les questionnements et y apporter les re\u0301ponses approprie\u0301es \u00bb.<\/p>\n<p>\u00ab Accepter l\u2019inclusion c\u2019est entre autre ; l\u2019acceptation par la famille d\u2019un accompagnement en construisant des rampes d\u2019acce\u0300s, des fauteuils roulants, des be\u0301quilles et des appareils auditifs. C\u2019est aussi leurs offrir un kine\u0301sithe\u0301rapeute, un orthophoniste, un psychomotricien, un service de neurologie et des formations \u00bb, a pre\u0301cise\u0301 Annie Edwige Akendengue Djeni e\u0301pouse Adahodou, pre\u0301sidente du comite\u0301 d\u2019organisation.<\/p>\n<p>Dans la province de l\u2019Ogooue\u0301-Maritime, le nombre d\u2019enfants handicape\u0301s est estime\u0301 a\u0300 464. 242 d\u2019entre eux sont pris en charge par les OSC dont 147 filles et 95 garc\u0327ons. Cependant, les ONG de de\u0301fense des droits des enfants estiment que 22 enfants en situation de handicap sont e\u0301galement pris en charge par la direction provinciale des affaires sociales de l\u2019Ogooue\u0301-Maritime.<\/p>\n<p><b>Vincent Ranozinault<\/b><\/p>\n<p><strong>Pour plus d&rsquo;informations et d&rsquo;analyses sur la <a href=\"https:\/\/www.africa-press.net\/gabon\">Gabon<\/a>, suivez <a href=\"https:\/\/www.africa-press.net\/\">Africa-Press<\/a><\/strong><\/p>\n","protected":false},"excerpt":{"rendered":"<p>Africa-Press &#8211; Gabon. C\u2019est Port-Gentil la capitale e\u0301conomique du Gabon qui a e\u0301te\u0301 choisie par l\u2019UNICEF pour abriter la ce\u0301le\u0301bration de la journe\u0301e mondiale de l\u2019enfant et des droits des enfants. Le the\u0300me retenu pour la ce\u0301le\u0301bration par anticipation le 19 novembre dernier est : \u00ab l\u2019inclusion et la non-discrimination des enfants handicape\u0301s \u00bb. Une [&hellip;]<\/p>\n","protected":false},"author":82,"featured_media":12880,"comment_status":"open","ping_status":"closed","sticky":false,"template":"","format":"standard","meta":{"footnotes":""},"categories":[21,10],"tags":[36,50,49],"class_list":["post-12881","post","type-post","status-publish","format-standard","has-post-thumbnail","hentry","category-communaute","category-toutes-les-actualites","tag-africa-press","tag-africa-press-gabon","tag-gabon"],"yoast_head":"<!-- This site is optimized with the Yoast SEO Premium plugin v26.1 (Yoast SEO v27.0) - https:\/\/yoast.com\/product\/yoast-seo-premium-wordpress\/ -->\n<title>L\u2019inclusion et la non-discrimination des enfants handicap\u00e9s, au centre des \u00e9changes lors de la journ\u00e9e mondiale de l\u2019enfant - Gabon<\/title>\n<meta name=\"description\" content=\"C\u2019est Port-Gentil la capitale e\u0301conomique du Gabon qui a e\u0301te\u0301 choisie par l\u2019UNICEF pour abriter la ce\u0301le\u0301bration de ...\" \/>\n<meta name=\"robots\" content=\"index, follow, max-snippet:-1, max-image-preview:large, max-video-preview:-1\" \/>\n<link rel=\"canonical\" href=\"https:\/\/www.africa-press.net\/gabon\/toutes-les-actualites\/linclusion-et-la-non-discrimination-des-enfants-handicapes-au-centre-des-echanges-lors-de-la-journee-mondiale-de-lenfant\" \/>\n<meta property=\"og:locale\" content=\"fr_FR\" \/>\n<meta property=\"og:type\" content=\"article\" \/>\n<meta property=\"og:title\" content=\"L\u2019inclusion et la non-discrimination des enfants handicap\u00e9s, au centre des \u00e9changes lors de la journ\u00e9e mondiale de l\u2019enfant\" \/>\n<meta property=\"og:description\" content=\"C\u2019est Port-Gentil la capitale e\u0301conomique du Gabon qui a e\u0301te\u0301 choisie par l\u2019UNICEF pour abriter la ce\u0301le\u0301bration de ...\" \/>\n<meta property=\"og:url\" content=\"https:\/\/www.africa-press.net\/gabon\/toutes-les-actualites\/linclusion-et-la-non-discrimination-des-enfants-handicapes-au-centre-des-echanges-lors-de-la-journee-mondiale-de-lenfant\" \/>\n<meta property=\"og:site_name\" content=\"Gabon\" \/>\n<meta property=\"article:published_time\" content=\"2022-11-22T18:44:37+00:00\" \/>\n<meta property=\"article:modified_time\" content=\"2022-11-22T19:42:04+00:00\" \/>\n<meta property=\"og:image\" content=\"https:\/\/static.africa-press.net\/gabon\/sites\/54\/2022\/11\/postQueueImg_1669130084.32.jpg\" \/>\n\t<meta property=\"og:image:width\" content=\"1556\" \/>\n\t<meta property=\"og:image:height\" content=\"1167\" \/>\n\t<meta property=\"og:image:type\" content=\"image\/jpeg\" \/>\n<meta name=\"author\" content=\"cfeditorfr\" \/>\n<meta name=\"twitter:card\" content=\"summary_large_image\" \/>\n<meta name=\"twitter:label1\" content=\"\u00c9crit par\" \/>\n\t<meta name=\"twitter:data1\" content=\"cfeditorfr\" \/>\n\t<meta name=\"twitter:label2\" content=\"Dur\u00e9e de lecture estim\u00e9e\" \/>\n\t<meta name=\"twitter:data2\" content=\"3 minutes\" \/>\n<script type=\"application\/ld+json\" class=\"yoast-schema-graph\">{\"@context\":\"https:\/\/schema.org\",\"@graph\":[{\"@type\":\"Article\",\"@id\":\"https:\/\/www.africa-press.net\/gabon\/toutes-les-actualites\/linclusion-et-la-non-discrimination-des-enfants-handicapes-au-centre-des-echanges-lors-de-la-journee-mondiale-de-lenfant#article\",\"isPartOf\":{\"@id\":\"https:\/\/www.africa-press.net\/gabon\/toutes-les-actualites\/linclusion-et-la-non-discrimination-des-enfants-handicapes-au-centre-des-echanges-lors-de-la-journee-mondiale-de-lenfant\"},\"author\":{\"name\":\"cfeditorfr\",\"@id\":\"https:\/\/www.africa-press.net\/gabon\/#\/schema\/person\/2b1cf3cd81a31e3cd26889ca66d677f1\"},\"headline\":\"L\u2019inclusion et la non-discrimination des enfants handicap\u00e9s, au centre des \u00e9changes lors de la journ\u00e9e mondiale de l\u2019enfant\",\"datePublished\":\"2022-11-22T18:44:37+00:00\",\"dateModified\":\"2022-11-22T19:42:04+00:00\",\"mainEntityOfPage\":{\"@id\":\"https:\/\/www.africa-press.net\/gabon\/toutes-les-actualites\/linclusion-et-la-non-discrimination-des-enfants-handicapes-au-centre-des-echanges-lors-de-la-journee-mondiale-de-lenfant\"},\"wordCount\":548,\"commentCount\":0,\"image\":{\"@id\":\"https:\/\/www.africa-press.net\/gabon\/toutes-les-actualites\/linclusion-et-la-non-discrimination-des-enfants-handicapes-au-centre-des-echanges-lors-de-la-journee-mondiale-de-lenfant#primaryimage\"},\"thumbnailUrl\":\"https:\/\/static.africa-press.net\/gabon\/sites\/54\/2022\/11\/postQueueImg_1669130084.32.jpg\",\"keywords\":[\"Africa Press\",\"Africa Press-Gabon\",\"Gabon\"],\"articleSection\":[\"Communaut\u00e9\",\"Toutes les actualit\u00e9s\"],\"inLanguage\":\"fr-FR\",\"potentialAction\":[{\"@type\":\"CommentAction\",\"name\":\"Comment\",\"target\":[\"https:\/\/www.africa-press.net\/gabon\/toutes-les-actualites\/linclusion-et-la-non-discrimination-des-enfants-handicapes-au-centre-des-echanges-lors-de-la-journee-mondiale-de-lenfant#respond\"]}]},{\"@type\":\"WebPage\",\"@id\":\"https:\/\/www.africa-press.net\/gabon\/toutes-les-actualites\/linclusion-et-la-non-discrimination-des-enfants-handicapes-au-centre-des-echanges-lors-de-la-journee-mondiale-de-lenfant\",\"url\":\"https:\/\/www.africa-press.net\/gabon\/toutes-les-actualites\/linclusion-et-la-non-discrimination-des-enfants-handicapes-au-centre-des-echanges-lors-de-la-journee-mondiale-de-lenfant\",\"name\":\"L\u2019inclusion et la non-discrimination des enfants handicap\u00e9s, au centre des \u00e9changes lors de la journ\u00e9e mondiale de l\u2019enfant - Gabon\",\"isPartOf\":{\"@id\":\"https:\/\/www.africa-press.net\/gabon\/#website\"},\"primaryImageOfPage\":{\"@id\":\"https:\/\/www.africa-press.net\/gabon\/toutes-les-actualites\/linclusion-et-la-non-discrimination-des-enfants-handicapes-au-centre-des-echanges-lors-de-la-journee-mondiale-de-lenfant#primaryimage\"},\"image\":{\"@id\":\"https:\/\/www.africa-press.net\/gabon\/toutes-les-actualites\/linclusion-et-la-non-discrimination-des-enfants-handicapes-au-centre-des-echanges-lors-de-la-journee-mondiale-de-lenfant#primaryimage\"},\"thumbnailUrl\":\"https:\/\/static.africa-press.net\/gabon\/sites\/54\/2022\/11\/postQueueImg_1669130084.32.jpg\",\"datePublished\":\"2022-11-22T18:44:37+00:00\",\"dateModified\":\"2022-11-22T19:42:04+00:00\",\"author\":{\"@id\":\"https:\/\/www.africa-press.net\/gabon\/#\/schema\/person\/2b1cf3cd81a31e3cd26889ca66d677f1\"},\"description\":\"C\u2019est Port-Gentil la capitale e\u0301conomique du Gabon qui a e\u0301te\u0301 choisie par l\u2019UNICEF pour abriter la ce\u0301le\u0301bration de ...\",\"breadcrumb\":{\"@id\":\"https:\/\/www.africa-press.net\/gabon\/toutes-les-actualites\/linclusion-et-la-non-discrimination-des-enfants-handicapes-au-centre-des-echanges-lors-de-la-journee-mondiale-de-lenfant#breadcrumb\"},\"inLanguage\":\"fr-FR\",\"potentialAction\":[{\"@type\":\"ReadAction\",\"target\":[\"https:\/\/www.africa-press.net\/gabon\/toutes-les-actualites\/linclusion-et-la-non-discrimination-des-enfants-handicapes-au-centre-des-echanges-lors-de-la-journee-mondiale-de-lenfant\"]}]},{\"@type\":\"ImageObject\",\"inLanguage\":\"fr-FR\",\"@id\":\"https:\/\/www.africa-press.net\/gabon\/toutes-les-actualites\/linclusion-et-la-non-discrimination-des-enfants-handicapes-au-centre-des-echanges-lors-de-la-journee-mondiale-de-lenfant#primaryimage\",\"url\":\"https:\/\/static.africa-press.net\/gabon\/sites\/54\/2022\/11\/postQueueImg_1669130084.32.jpg\",\"contentUrl\":\"https:\/\/static.africa-press.net\/gabon\/sites\/54\/2022\/11\/postQueueImg_1669130084.32.jpg\",\"width\":1556,\"height\":1167,\"caption\":\"L\u2019inclusion et la non-discrimination des enfants handicap\u00e9s, au centre des \u00e9changes lors de la journ\u00e9e mondiale de l\u2019enfant\"},{\"@type\":\"BreadcrumbList\",\"@id\":\"https:\/\/www.africa-press.net\/gabon\/toutes-les-actualites\/linclusion-et-la-non-discrimination-des-enfants-handicapes-au-centre-des-echanges-lors-de-la-journee-mondiale-de-lenfant#breadcrumb\",\"itemListElement\":[{\"@type\":\"ListItem\",\"position\":1,\"name\":\"Accueil\",\"item\":\"https:\/\/www.africa-press.net\/gabon\/\"},{\"@type\":\"ListItem\",\"position\":2,\"name\":\"L\u2019inclusion et la non-discrimination des enfants handicap\u00e9s, au centre des \u00e9changes lors de la journ\u00e9e mondiale de l\u2019enfant\"}]},{\"@type\":\"WebSite\",\"@id\":\"https:\/\/www.africa-press.net\/gabon\/#website\",\"url\":\"https:\/\/www.africa-press.net\/gabon\/\",\"name\":\"Gabon\",\"description\":\"Just another Africa News Agency Sites site\",\"potentialAction\":[{\"@type\":\"SearchAction\",\"target\":{\"@type\":\"EntryPoint\",\"urlTemplate\":\"https:\/\/www.africa-press.net\/gabon\/?s={search_term_string}\"},\"query-input\":{\"@type\":\"PropertyValueSpecification\",\"valueRequired\":true,\"valueName\":\"search_term_string\"}}],\"inLanguage\":\"fr-FR\"},{\"@type\":\"Person\",\"@id\":\"https:\/\/www.africa-press.net\/gabon\/#\/schema\/person\/2b1cf3cd81a31e3cd26889ca66d677f1\",\"name\":\"cfeditorfr\"}]}<\/script>\n<!-- \/ Yoast SEO Premium plugin. -->","yoast_head_json":{"title":"L\u2019inclusion et la non-discrimination des enfants handicap\u00e9s, au centre des \u00e9changes lors de la journ\u00e9e mondiale de l\u2019enfant - Gabon","description":"C\u2019est Port-Gentil la capitale e\u0301conomique du Gabon qui a e\u0301te\u0301 choisie par l\u2019UNICEF pour abriter la ce\u0301le\u0301bration de ...","robots":{"index":"index","follow":"follow","max-snippet":"max-snippet:-1","max-image-preview":"max-image-preview:large","max-video-preview":"max-video-preview:-1"},"canonical":"https:\/\/www.africa-press.net\/gabon\/toutes-les-actualites\/linclusion-et-la-non-discrimination-des-enfants-handicapes-au-centre-des-echanges-lors-de-la-journee-mondiale-de-lenfant","og_locale":"fr_FR","og_type":"article","og_title":"L\u2019inclusion et la non-discrimination des enfants handicap\u00e9s, au centre des \u00e9changes lors de la journ\u00e9e mondiale de l\u2019enfant","og_description":"C\u2019est Port-Gentil la capitale e\u0301conomique du Gabon qui a e\u0301te\u0301 choisie par l\u2019UNICEF pour abriter la ce\u0301le\u0301bration de ...","og_url":"https:\/\/www.africa-press.net\/gabon\/toutes-les-actualites\/linclusion-et-la-non-discrimination-des-enfants-handicapes-au-centre-des-echanges-lors-de-la-journee-mondiale-de-lenfant","og_site_name":"Gabon","article_published_time":"2022-11-22T18:44:37+00:00","article_modified_time":"2022-11-22T19:42:04+00:00","og_image":[{"width":1556,"height":1167,"url":"https:\/\/static.africa-press.net\/gabon\/sites\/54\/2022\/11\/postQueueImg_1669130084.32.jpg","type":"image\/jpeg"}],"author":"cfeditorfr","twitter_card":"summary_large_image","twitter_misc":{"\u00c9crit par":"cfeditorfr","Dur\u00e9e de lecture estim\u00e9e":"3 minutes"},"schema":{"@context":"https:\/\/schema.org","@graph":[{"@type":"Article","@id":"https:\/\/www.africa-press.net\/gabon\/toutes-les-actualites\/linclusion-et-la-non-discrimination-des-enfants-handicapes-au-centre-des-echanges-lors-de-la-journee-mondiale-de-lenfant#article","isPartOf":{"@id":"https:\/\/www.africa-press.net\/gabon\/toutes-les-actualites\/linclusion-et-la-non-discrimination-des-enfants-handicapes-au-centre-des-echanges-lors-de-la-journee-mondiale-de-lenfant"},"author":{"name":"cfeditorfr","@id":"https:\/\/www.africa-press.net\/gabon\/#\/schema\/person\/2b1cf3cd81a31e3cd26889ca66d677f1"},"headline":"L\u2019inclusion et la non-discrimination des enfants handicap\u00e9s, au centre des \u00e9changes lors de la journ\u00e9e mondiale de l\u2019enfant","datePublished":"2022-11-22T18:44:37+00:00","dateModified":"2022-11-22T19:42:04+00:00","mainEntityOfPage":{"@id":"https:\/\/www.africa-press.net\/gabon\/toutes-les-actualites\/linclusion-et-la-non-discrimination-des-enfants-handicapes-au-centre-des-echanges-lors-de-la-journee-mondiale-de-lenfant"},"wordCount":548,"commentCount":0,"image":{"@id":"https:\/\/www.africa-press.net\/gabon\/toutes-les-actualites\/linclusion-et-la-non-discrimination-des-enfants-handicapes-au-centre-des-echanges-lors-de-la-journee-mondiale-de-lenfant#primaryimage"},"thumbnailUrl":"https:\/\/static.africa-press.net\/gabon\/sites\/54\/2022\/11\/postQueueImg_1669130084.32.jpg","keywords":["Africa Press","Africa Press-Gabon","Gabon"],"articleSection":["Communaut\u00e9","Toutes les actualit\u00e9s"],"inLanguage":"fr-FR","potentialAction":[{"@type":"CommentAction","name":"Comment","target":["https:\/\/www.africa-press.net\/gabon\/toutes-les-actualites\/linclusion-et-la-non-discrimination-des-enfants-handicapes-au-centre-des-echanges-lors-de-la-journee-mondiale-de-lenfant#respond"]}]},{"@type":"WebPage","@id":"https:\/\/www.africa-press.net\/gabon\/toutes-les-actualites\/linclusion-et-la-non-discrimination-des-enfants-handicapes-au-centre-des-echanges-lors-de-la-journee-mondiale-de-lenfant","url":"https:\/\/www.africa-press.net\/gabon\/toutes-les-actualites\/linclusion-et-la-non-discrimination-des-enfants-handicapes-au-centre-des-echanges-lors-de-la-journee-mondiale-de-lenfant","name":"L\u2019inclusion et la non-discrimination des enfants handicap\u00e9s, au centre des \u00e9changes lors de la journ\u00e9e mondiale de l\u2019enfant - Gabon","isPartOf":{"@id":"https:\/\/www.africa-press.net\/gabon\/#website"},"primaryImageOfPage":{"@id":"https:\/\/www.africa-press.net\/gabon\/toutes-les-actualites\/linclusion-et-la-non-discrimination-des-enfants-handicapes-au-centre-des-echanges-lors-de-la-journee-mondiale-de-lenfant#primaryimage"},"image":{"@id":"https:\/\/www.africa-press.net\/gabon\/toutes-les-actualites\/linclusion-et-la-non-discrimination-des-enfants-handicapes-au-centre-des-echanges-lors-de-la-journee-mondiale-de-lenfant#primaryimage"},"thumbnailUrl":"https:\/\/static.africa-press.net\/gabon\/sites\/54\/2022\/11\/postQueueImg_1669130084.32.jpg","datePublished":"2022-11-22T18:44:37+00:00","dateModified":"2022-11-22T19:42:04+00:00","author":{"@id":"https:\/\/www.africa-press.net\/gabon\/#\/schema\/person\/2b1cf3cd81a31e3cd26889ca66d677f1"},"description":"C\u2019est Port-Gentil la capitale e\u0301conomique du Gabon qui a e\u0301te\u0301 choisie par l\u2019UNICEF pour abriter la ce\u0301le\u0301bration de ...","breadcrumb":{"@id":"https:\/\/www.africa-press.net\/gabon\/toutes-les-actualites\/linclusion-et-la-non-discrimination-des-enfants-handicapes-au-centre-des-echanges-lors-de-la-journee-mondiale-de-lenfant#breadcrumb"},"inLanguage":"fr-FR","potentialAction":[{"@type":"ReadAction","target":["https:\/\/www.africa-press.net\/gabon\/toutes-les-actualites\/linclusion-et-la-non-discrimination-des-enfants-handicapes-au-centre-des-echanges-lors-de-la-journee-mondiale-de-lenfant"]}]},{"@type":"ImageObject","inLanguage":"fr-FR","@id":"https:\/\/www.africa-press.net\/gabon\/toutes-les-actualites\/linclusion-et-la-non-discrimination-des-enfants-handicapes-au-centre-des-echanges-lors-de-la-journee-mondiale-de-lenfant#primaryimage","url":"https:\/\/static.africa-press.net\/gabon\/sites\/54\/2022\/11\/postQueueImg_1669130084.32.jpg","contentUrl":"https:\/\/static.africa-press.net\/gabon\/sites\/54\/2022\/11\/postQueueImg_1669130084.32.jpg","width":1556,"height":1167,"caption":"L\u2019inclusion et la non-discrimination des enfants handicap\u00e9s, au centre des \u00e9changes lors de la journ\u00e9e mondiale de l\u2019enfant"},{"@type":"BreadcrumbList","@id":"https:\/\/www.africa-press.net\/gabon\/toutes-les-actualites\/linclusion-et-la-non-discrimination-des-enfants-handicapes-au-centre-des-echanges-lors-de-la-journee-mondiale-de-lenfant#breadcrumb","itemListElement":[{"@type":"ListItem","position":1,"name":"Accueil","item":"https:\/\/www.africa-press.net\/gabon\/"},{"@type":"ListItem","position":2,"name":"L\u2019inclusion et la non-discrimination des enfants handicap\u00e9s, au centre des \u00e9changes lors de la journ\u00e9e mondiale de l\u2019enfant"}]},{"@type":"WebSite","@id":"https:\/\/www.africa-press.net\/gabon\/#website","url":"https:\/\/www.africa-press.net\/gabon\/","name":"Gabon","description":"Just another Africa News Agency Sites site","potentialAction":[{"@type":"SearchAction","target":{"@type":"EntryPoint","urlTemplate":"https:\/\/www.africa-press.net\/gabon\/?s={search_term_string}"},"query-input":{"@type":"PropertyValueSpecification","valueRequired":true,"valueName":"search_term_string"}}],"inLanguage":"fr-FR"},{"@type":"Person","@id":"https:\/\/www.africa-press.net\/gabon\/#\/schema\/person\/2b1cf3cd81a31e3cd26889ca66d677f1","name":"cfeditorfr"}]}},"_links":{"self":[{"href":"https:\/\/www.africa-press.net\/gabon\/wp-json\/wp\/v2\/posts\/12881","targetHints":{"allow":["GET"]}}],"collection":[{"href":"https:\/\/www.africa-press.net\/gabon\/wp-json\/wp\/v2\/posts"}],"about":[{"href":"https:\/\/www.africa-press.net\/gabon\/wp-json\/wp\/v2\/types\/post"}],"author":[{"embeddable":true,"href":"https:\/\/www.africa-press.net\/gabon\/wp-json\/wp\/v2\/users\/82"}],"replies":[{"embeddable":true,"href":"https:\/\/www.africa-press.net\/gabon\/wp-json\/wp\/v2\/comments?post=12881"}],"version-history":[{"count":0,"href":"https:\/\/www.africa-press.net\/gabon\/wp-json\/wp\/v2\/posts\/12881\/revisions"}],"wp:featuredmedia":[{"embeddable":true,"href":"https:\/\/www.africa-press.net\/gabon\/wp-json\/wp\/v2\/media\/12880"}],"wp:attachment":[{"href":"https:\/\/www.africa-press.net\/gabon\/wp-json\/wp\/v2\/media?parent=12881"}],"wp:term":[{"taxonomy":"category","embeddable":true,"href":"https:\/\/www.africa-press.net\/gabon\/wp-json\/wp\/v2\/categories?post=12881"},{"taxonomy":"post_tag","embeddable":true,"href":"https:\/\/www.africa-press.net\/gabon\/wp-json\/wp\/v2\/tags?post=12881"}],"curies":[{"name":"wp","href":"https:\/\/api.w.org\/{rel}","templated":true}]}}