{"id":12887,"date":"2022-11-22T18:45:19","date_gmt":"2022-11-22T18:45:19","guid":{"rendered":"https:\/\/www.africa-press.net\/gabon\/politique\/gabon-bad-ali-bongo-et-dr-adesina-sur-la-meme-longueur-donde"},"modified":"2022-11-22T19:42:52","modified_gmt":"2022-11-22T19:42:52","slug":"gabon-bad-ali-bongo-et-dr-adesina-sur-la-meme-longueur-donde","status":"publish","type":"post","link":"https:\/\/www.africa-press.net\/gabon\/politique\/gabon-bad-ali-bongo-et-dr-adesina-sur-la-meme-longueur-donde","title":{"rendered":"Gabon-BAD :\u00a0 Ali Bongo et Dr Adesina sur la m\u00eame longueur d\u2019onde"},"content":{"rendered":"<p><span style=\"color: #ff6600\"><strong>Africa-Press &#8211; Gabon. <\/strong><\/span>Le pre\u0301sident de la Re\u0301publique et le pre\u0301sident du Groupe de la Banque africaine de de\u0301veloppement (Bad) ont e\u0301change\u0301 lundi a\u0300 l\u2019occasion d\u2019une audience a\u0300 Libreville. Les deux hommes, a\u0300 en croire le compte rendu du palais, se sont accorde\u0301s sur les diffe\u0301rents sujets aborde\u0301s, dont celui de poursuivre et me\u0302me d\u2019intensifier leur partenariat, y compris dans le projet d\u2019autosuffisance alimentaire du Gabon.<\/p>\n<p><strong>Pour plus d&rsquo;informations et d&rsquo;analyses sur la <a href=\"https:\/\/www.africa-press.net\/gabon\">Gabon<\/a>, suivez <a href=\"https:\/\/www.africa-press.net\/\">Africa-Press<\/a><\/strong><\/p>\n","protected":false},"excerpt":{"rendered":"<p>Africa-Press &#8211; Gabon. Le pre\u0301sident de la Re\u0301publique et le pre\u0301sident du Groupe de la Banque africaine de de\u0301veloppement (Bad) ont e\u0301change\u0301 lundi a\u0300 l\u2019occasion d\u2019une audience a\u0300 Libreville. Les deux hommes, a\u0300 en croire le compte rendu du palais, se sont accorde\u0301s sur les diffe\u0301rents sujets aborde\u0301s, dont celui de poursuivre et me\u0302me d\u2019intensifier [&hellip;]<\/p>\n","protected":false},"author":82,"featured_media":12886,"comment_status":"open","ping_status":"closed","sticky":false,"template":"","format":"standard","meta":{"footnotes":""},"categories":[2,10],"tags":[36,50,49],"class_list":["post-12887","post","type-post","status-publish","format-standard","has-post-thumbnail","hentry","category-politique","category-toutes-les-actualites","tag-africa-press","tag-africa-press-gabon","tag-gabon"],"yoast_head":"<!-- This site is optimized with the Yoast SEO Premium plugin v26.1 (Yoast SEO v27.0) - https:\/\/yoast.com\/product\/yoast-seo-premium-wordpress\/ -->\n<title>Gabon-BAD :\u00a0 Ali Bongo et Dr Adesina sur la m\u00eame longueur d\u2019onde - Gabon<\/title>\n<meta name=\"description\" content=\"Le pre\u0301sident de la Re\u0301publique et le pre\u0301sident du Groupe de la Banque africaine de de\u0301veloppement (Bad) ont e\u0301change\u0301 ...\" \/>\n<meta name=\"robots\" content=\"index, follow, max-snippet:-1, max-image-preview:large, max-video-preview:-1\" \/>\n<link rel=\"canonical\" href=\"https:\/\/www.africa-press.net\/gabon\/politique\/gabon-bad-ali-bongo-et-dr-adesina-sur-la-meme-longueur-donde\" \/>\n<meta property=\"og:locale\" content=\"fr_FR\" \/>\n<meta property=\"og:type\" content=\"article\" \/>\n<meta property=\"og:title\" content=\"Gabon-BAD :\u00a0 Ali Bongo et Dr Adesina sur la m\u00eame longueur d\u2019onde\" \/>\n<meta property=\"og:description\" content=\"Le pre\u0301sident de la Re\u0301publique et le pre\u0301sident du Groupe de la Banque africaine de de\u0301veloppement (Bad) ont e\u0301change\u0301 ...\" \/>\n<meta property=\"og:url\" content=\"https:\/\/www.africa-press.net\/gabon\/politique\/gabon-bad-ali-bongo-et-dr-adesina-sur-la-meme-longueur-donde\" \/>\n<meta property=\"og:site_name\" content=\"Gabon\" \/>\n<meta property=\"article:published_time\" content=\"2022-11-22T18:45:19+00:00\" \/>\n<meta property=\"article:modified_time\" content=\"2022-11-22T19:42:52+00:00\" \/>\n<meta property=\"og:image\" content=\"https:\/\/static.africa-press.net\/gabon\/sites\/54\/2022\/11\/postQueueImg_1669130123.46.jpg\" \/>\n\t<meta property=\"og:image:width\" content=\"720\" \/>\n\t<meta property=\"og:image:height\" content=\"451\" \/>\n\t<meta property=\"og:image:type\" content=\"image\/jpeg\" \/>\n<meta name=\"author\" content=\"cfeditorfr\" \/>\n<meta name=\"twitter:card\" content=\"summary_large_image\" \/>\n<meta name=\"twitter:label1\" content=\"\u00c9crit par\" \/>\n\t<meta name=\"twitter:data1\" content=\"cfeditorfr\" \/>\n\t<meta name=\"twitter:label2\" content=\"Dur\u00e9e de lecture estim\u00e9e\" \/>\n\t<meta name=\"twitter:data2\" content=\"1 minute\" \/>\n<script type=\"application\/ld+json\" class=\"yoast-schema-graph\">{\"@context\":\"https:\/\/schema.org\",\"@graph\":[{\"@type\":\"Article\",\"@id\":\"https:\/\/www.africa-press.net\/gabon\/politique\/gabon-bad-ali-bongo-et-dr-adesina-sur-la-meme-longueur-donde#article\",\"isPartOf\":{\"@id\":\"https:\/\/www.africa-press.net\/gabon\/politique\/gabon-bad-ali-bongo-et-dr-adesina-sur-la-meme-longueur-donde\"},\"author\":{\"name\":\"cfeditorfr\",\"@id\":\"https:\/\/www.africa-press.net\/gabon\/#\/schema\/person\/2b1cf3cd81a31e3cd26889ca66d677f1\"},\"headline\":\"Gabon-BAD :\u00a0 Ali Bongo et Dr Adesina sur la m\u00eame longueur d\u2019onde\",\"datePublished\":\"2022-11-22T18:45:19+00:00\",\"dateModified\":\"2022-11-22T19:42:52+00:00\",\"mainEntityOfPage\":{\"@id\":\"https:\/\/www.africa-press.net\/gabon\/politique\/gabon-bad-ali-bongo-et-dr-adesina-sur-la-meme-longueur-donde\"},\"wordCount\":104,\"commentCount\":0,\"image\":{\"@id\":\"https:\/\/www.africa-press.net\/gabon\/politique\/gabon-bad-ali-bongo-et-dr-adesina-sur-la-meme-longueur-donde#primaryimage\"},\"thumbnailUrl\":\"https:\/\/static.africa-press.net\/gabon\/sites\/54\/2022\/11\/postQueueImg_1669130123.46.jpg\",\"keywords\":[\"Africa Press\",\"Africa Press-Gabon\",\"Gabon\"],\"articleSection\":[\"Politique\",\"Toutes les actualit\u00e9s\"],\"inLanguage\":\"fr-FR\",\"potentialAction\":[{\"@type\":\"CommentAction\",\"name\":\"Comment\",\"target\":[\"https:\/\/www.africa-press.net\/gabon\/politique\/gabon-bad-ali-bongo-et-dr-adesina-sur-la-meme-longueur-donde#respond\"]}]},{\"@type\":\"WebPage\",\"@id\":\"https:\/\/www.africa-press.net\/gabon\/politique\/gabon-bad-ali-bongo-et-dr-adesina-sur-la-meme-longueur-donde\",\"url\":\"https:\/\/www.africa-press.net\/gabon\/politique\/gabon-bad-ali-bongo-et-dr-adesina-sur-la-meme-longueur-donde\",\"name\":\"Gabon-BAD :\u00a0 Ali Bongo et Dr Adesina sur la m\u00eame longueur d\u2019onde - Gabon\",\"isPartOf\":{\"@id\":\"https:\/\/www.africa-press.net\/gabon\/#website\"},\"primaryImageOfPage\":{\"@id\":\"https:\/\/www.africa-press.net\/gabon\/politique\/gabon-bad-ali-bongo-et-dr-adesina-sur-la-meme-longueur-donde#primaryimage\"},\"image\":{\"@id\":\"https:\/\/www.africa-press.net\/gabon\/politique\/gabon-bad-ali-bongo-et-dr-adesina-sur-la-meme-longueur-donde#primaryimage\"},\"thumbnailUrl\":\"https:\/\/static.africa-press.net\/gabon\/sites\/54\/2022\/11\/postQueueImg_1669130123.46.jpg\",\"datePublished\":\"2022-11-22T18:45:19+00:00\",\"dateModified\":\"2022-11-22T19:42:52+00:00\",\"author\":{\"@id\":\"https:\/\/www.africa-press.net\/gabon\/#\/schema\/person\/2b1cf3cd81a31e3cd26889ca66d677f1\"},\"description\":\"Le pre\u0301sident de la Re\u0301publique et le pre\u0301sident du Groupe de la Banque africaine de de\u0301veloppement (Bad) ont e\u0301change\u0301 ...\",\"breadcrumb\":{\"@id\":\"https:\/\/www.africa-press.net\/gabon\/politique\/gabon-bad-ali-bongo-et-dr-adesina-sur-la-meme-longueur-donde#breadcrumb\"},\"inLanguage\":\"fr-FR\",\"potentialAction\":[{\"@type\":\"ReadAction\",\"target\":[\"https:\/\/www.africa-press.net\/gabon\/politique\/gabon-bad-ali-bongo-et-dr-adesina-sur-la-meme-longueur-donde\"]}]},{\"@type\":\"ImageObject\",\"inLanguage\":\"fr-FR\",\"@id\":\"https:\/\/www.africa-press.net\/gabon\/politique\/gabon-bad-ali-bongo-et-dr-adesina-sur-la-meme-longueur-donde#primaryimage\",\"url\":\"https:\/\/static.africa-press.net\/gabon\/sites\/54\/2022\/11\/postQueueImg_1669130123.46.jpg\",\"contentUrl\":\"https:\/\/static.africa-press.net\/gabon\/sites\/54\/2022\/11\/postQueueImg_1669130123.46.jpg\",\"width\":720,\"height\":451,\"caption\":\"Gabon-BAD :\u00a0 Ali Bongo et Dr Adesina sur la m\u00eame longueur d\u2019onde\"},{\"@type\":\"BreadcrumbList\",\"@id\":\"https:\/\/www.africa-press.net\/gabon\/politique\/gabon-bad-ali-bongo-et-dr-adesina-sur-la-meme-longueur-donde#breadcrumb\",\"itemListElement\":[{\"@type\":\"ListItem\",\"position\":1,\"name\":\"Accueil\",\"item\":\"https:\/\/www.africa-press.net\/gabon\/\"},{\"@type\":\"ListItem\",\"position\":2,\"name\":\"Gabon-BAD :\u00a0 Ali Bongo et Dr Adesina sur la m\u00eame longueur d\u2019onde\"}]},{\"@type\":\"WebSite\",\"@id\":\"https:\/\/www.africa-press.net\/gabon\/#website\",\"url\":\"https:\/\/www.africa-press.net\/gabon\/\",\"name\":\"Gabon\",\"description\":\"Just another Africa News Agency Sites site\",\"potentialAction\":[{\"@type\":\"SearchAction\",\"target\":{\"@type\":\"EntryPoint\",\"urlTemplate\":\"https:\/\/www.africa-press.net\/gabon\/?s={search_term_string}\"},\"query-input\":{\"@type\":\"PropertyValueSpecification\",\"valueRequired\":true,\"valueName\":\"search_term_string\"}}],\"inLanguage\":\"fr-FR\"},{\"@type\":\"Person\",\"@id\":\"https:\/\/www.africa-press.net\/gabon\/#\/schema\/person\/2b1cf3cd81a31e3cd26889ca66d677f1\",\"name\":\"cfeditorfr\"}]}<\/script>\n<!-- \/ Yoast SEO Premium plugin. -->","yoast_head_json":{"title":"Gabon-BAD :\u00a0 Ali Bongo et Dr Adesina sur la m\u00eame longueur d\u2019onde - Gabon","description":"Le pre\u0301sident de la Re\u0301publique et le pre\u0301sident du Groupe de la Banque africaine de de\u0301veloppement (Bad) ont e\u0301change\u0301 ...","robots":{"index":"index","follow":"follow","max-snippet":"max-snippet:-1","max-image-preview":"max-image-preview:large","max-video-preview":"max-video-preview:-1"},"canonical":"https:\/\/www.africa-press.net\/gabon\/politique\/gabon-bad-ali-bongo-et-dr-adesina-sur-la-meme-longueur-donde","og_locale":"fr_FR","og_type":"article","og_title":"Gabon-BAD :\u00a0 Ali Bongo et Dr Adesina sur la m\u00eame longueur d\u2019onde","og_description":"Le pre\u0301sident de la Re\u0301publique et le pre\u0301sident du Groupe de la Banque africaine de de\u0301veloppement (Bad) ont e\u0301change\u0301 ...","og_url":"https:\/\/www.africa-press.net\/gabon\/politique\/gabon-bad-ali-bongo-et-dr-adesina-sur-la-meme-longueur-donde","og_site_name":"Gabon","article_published_time":"2022-11-22T18:45:19+00:00","article_modified_time":"2022-11-22T19:42:52+00:00","og_image":[{"width":720,"height":451,"url":"https:\/\/static.africa-press.net\/gabon\/sites\/54\/2022\/11\/postQueueImg_1669130123.46.jpg","type":"image\/jpeg"}],"author":"cfeditorfr","twitter_card":"summary_large_image","twitter_misc":{"\u00c9crit par":"cfeditorfr","Dur\u00e9e de lecture estim\u00e9e":"1 minute"},"schema":{"@context":"https:\/\/schema.org","@graph":[{"@type":"Article","@id":"https:\/\/www.africa-press.net\/gabon\/politique\/gabon-bad-ali-bongo-et-dr-adesina-sur-la-meme-longueur-donde#article","isPartOf":{"@id":"https:\/\/www.africa-press.net\/gabon\/politique\/gabon-bad-ali-bongo-et-dr-adesina-sur-la-meme-longueur-donde"},"author":{"name":"cfeditorfr","@id":"https:\/\/www.africa-press.net\/gabon\/#\/schema\/person\/2b1cf3cd81a31e3cd26889ca66d677f1"},"headline":"Gabon-BAD :\u00a0 Ali Bongo et Dr Adesina sur la m\u00eame longueur d\u2019onde","datePublished":"2022-11-22T18:45:19+00:00","dateModified":"2022-11-22T19:42:52+00:00","mainEntityOfPage":{"@id":"https:\/\/www.africa-press.net\/gabon\/politique\/gabon-bad-ali-bongo-et-dr-adesina-sur-la-meme-longueur-donde"},"wordCount":104,"commentCount":0,"image":{"@id":"https:\/\/www.africa-press.net\/gabon\/politique\/gabon-bad-ali-bongo-et-dr-adesina-sur-la-meme-longueur-donde#primaryimage"},"thumbnailUrl":"https:\/\/static.africa-press.net\/gabon\/sites\/54\/2022\/11\/postQueueImg_1669130123.46.jpg","keywords":["Africa Press","Africa Press-Gabon","Gabon"],"articleSection":["Politique","Toutes les actualit\u00e9s"],"inLanguage":"fr-FR","potentialAction":[{"@type":"CommentAction","name":"Comment","target":["https:\/\/www.africa-press.net\/gabon\/politique\/gabon-bad-ali-bongo-et-dr-adesina-sur-la-meme-longueur-donde#respond"]}]},{"@type":"WebPage","@id":"https:\/\/www.africa-press.net\/gabon\/politique\/gabon-bad-ali-bongo-et-dr-adesina-sur-la-meme-longueur-donde","url":"https:\/\/www.africa-press.net\/gabon\/politique\/gabon-bad-ali-bongo-et-dr-adesina-sur-la-meme-longueur-donde","name":"Gabon-BAD :\u00a0 Ali Bongo et Dr Adesina sur la m\u00eame longueur d\u2019onde - Gabon","isPartOf":{"@id":"https:\/\/www.africa-press.net\/gabon\/#website"},"primaryImageOfPage":{"@id":"https:\/\/www.africa-press.net\/gabon\/politique\/gabon-bad-ali-bongo-et-dr-adesina-sur-la-meme-longueur-donde#primaryimage"},"image":{"@id":"https:\/\/www.africa-press.net\/gabon\/politique\/gabon-bad-ali-bongo-et-dr-adesina-sur-la-meme-longueur-donde#primaryimage"},"thumbnailUrl":"https:\/\/static.africa-press.net\/gabon\/sites\/54\/2022\/11\/postQueueImg_1669130123.46.jpg","datePublished":"2022-11-22T18:45:19+00:00","dateModified":"2022-11-22T19:42:52+00:00","author":{"@id":"https:\/\/www.africa-press.net\/gabon\/#\/schema\/person\/2b1cf3cd81a31e3cd26889ca66d677f1"},"description":"Le pre\u0301sident de la Re\u0301publique et le pre\u0301sident du Groupe de la Banque africaine de de\u0301veloppement (Bad) ont e\u0301change\u0301 ...","breadcrumb":{"@id":"https:\/\/www.africa-press.net\/gabon\/politique\/gabon-bad-ali-bongo-et-dr-adesina-sur-la-meme-longueur-donde#breadcrumb"},"inLanguage":"fr-FR","potentialAction":[{"@type":"ReadAction","target":["https:\/\/www.africa-press.net\/gabon\/politique\/gabon-bad-ali-bongo-et-dr-adesina-sur-la-meme-longueur-donde"]}]},{"@type":"ImageObject","inLanguage":"fr-FR","@id":"https:\/\/www.africa-press.net\/gabon\/politique\/gabon-bad-ali-bongo-et-dr-adesina-sur-la-meme-longueur-donde#primaryimage","url":"https:\/\/static.africa-press.net\/gabon\/sites\/54\/2022\/11\/postQueueImg_1669130123.46.jpg","contentUrl":"https:\/\/static.africa-press.net\/gabon\/sites\/54\/2022\/11\/postQueueImg_1669130123.46.jpg","width":720,"height":451,"caption":"Gabon-BAD :\u00a0 Ali Bongo et Dr Adesina sur la m\u00eame longueur d\u2019onde"},{"@type":"BreadcrumbList","@id":"https:\/\/www.africa-press.net\/gabon\/politique\/gabon-bad-ali-bongo-et-dr-adesina-sur-la-meme-longueur-donde#breadcrumb","itemListElement":[{"@type":"ListItem","position":1,"name":"Accueil","item":"https:\/\/www.africa-press.net\/gabon\/"},{"@type":"ListItem","position":2,"name":"Gabon-BAD :\u00a0 Ali Bongo et Dr Adesina sur la m\u00eame longueur d\u2019onde"}]},{"@type":"WebSite","@id":"https:\/\/www.africa-press.net\/gabon\/#website","url":"https:\/\/www.africa-press.net\/gabon\/","name":"Gabon","description":"Just another Africa News Agency Sites site","potentialAction":[{"@type":"SearchAction","target":{"@type":"EntryPoint","urlTemplate":"https:\/\/www.africa-press.net\/gabon\/?s={search_term_string}"},"query-input":{"@type":"PropertyValueSpecification","valueRequired":true,"valueName":"search_term_string"}}],"inLanguage":"fr-FR"},{"@type":"Person","@id":"https:\/\/www.africa-press.net\/gabon\/#\/schema\/person\/2b1cf3cd81a31e3cd26889ca66d677f1","name":"cfeditorfr"}]}},"_links":{"self":[{"href":"https:\/\/www.africa-press.net\/gabon\/wp-json\/wp\/v2\/posts\/12887","targetHints":{"allow":["GET"]}}],"collection":[{"href":"https:\/\/www.africa-press.net\/gabon\/wp-json\/wp\/v2\/posts"}],"about":[{"href":"https:\/\/www.africa-press.net\/gabon\/wp-json\/wp\/v2\/types\/post"}],"author":[{"embeddable":true,"href":"https:\/\/www.africa-press.net\/gabon\/wp-json\/wp\/v2\/users\/82"}],"replies":[{"embeddable":true,"href":"https:\/\/www.africa-press.net\/gabon\/wp-json\/wp\/v2\/comments?post=12887"}],"version-history":[{"count":0,"href":"https:\/\/www.africa-press.net\/gabon\/wp-json\/wp\/v2\/posts\/12887\/revisions"}],"wp:featuredmedia":[{"embeddable":true,"href":"https:\/\/www.africa-press.net\/gabon\/wp-json\/wp\/v2\/media\/12886"}],"wp:attachment":[{"href":"https:\/\/www.africa-press.net\/gabon\/wp-json\/wp\/v2\/media?parent=12887"}],"wp:term":[{"taxonomy":"category","embeddable":true,"href":"https:\/\/www.africa-press.net\/gabon\/wp-json\/wp\/v2\/categories?post=12887"},{"taxonomy":"post_tag","embeddable":true,"href":"https:\/\/www.africa-press.net\/gabon\/wp-json\/wp\/v2\/tags?post=12887"}],"curies":[{"name":"wp","href":"https:\/\/api.w.org\/{rel}","templated":true}]}}