{"id":12893,"date":"2022-11-22T18:45:44","date_gmt":"2022-11-22T18:45:44","guid":{"rendered":"https:\/\/www.africa-press.net\/gabon\/politique\/prix-geoffrey-dieudonne-le-gabonais-ghislain-essabe-distingue"},"modified":"2022-11-22T19:43:46","modified_gmt":"2022-11-22T19:43:46","slug":"prix-geoffrey-dieudonne-le-gabonais-ghislain-essabe-distingue","status":"publish","type":"post","link":"https:\/\/www.africa-press.net\/gabon\/politique\/prix-geoffrey-dieudonne-le-gabonais-ghislain-essabe-distingue","title":{"rendered":"Prix Geoffrey-Dieudonn\u00e9 : le Gabonais Ghislain Essabe distingu\u00e9"},"content":{"rendered":"<p><span style=\"color: #ff6600\"><strong>Africa-Press &#8211; Gabon. <\/strong><\/span>Gra\u0302ce a\u0300 sa the\u0300se brillamment soutenue cette anne\u0301e sur la diplomatie parlementaire de son pays, le Gabonais Ghislain Claude Essabe, actuel directeur des Relations parlementaires au palais Le\u0301on Mba, s\u2019est vu attribuer, lundi, le Prix Geoffrey-Dieudonne\u0301 de l\u2019Assemble\u0301e parlementaire de la Francophonie (APF). Une premie\u0300re pour un ressortissant d\u2019Afrique centrale.<\/p>\n<p>Il est le premier laure\u0301at issu de l\u2019Afrique centrale depuis la cre\u0301ation de cette distinction en 2016. Le 21 novembre, Ghislain Claude Essabe a remporte\u0301 le Prix Geoffrey-Dieudonne\u0301 de l\u2019APF. En fonction a\u0300 l\u2019Assemble\u0301e nationale en tant que directeur des Relations parlementaires depuis 2019, le Gabonais de 43 ans, titulaire d\u2019un DEA en Ge\u0301opolitique (UOB), a se\u0301duit les jure\u0301s gra\u0302ce a\u0300 sa the\u0300se sur la diplomatie parlementaire gabonaise brillamment soutenue cette anne\u0301e, au point que celle-ci sera biento\u0302t publie\u0301e, pre\u0301face\u0301e par Bertrand Badie, professeur e\u0301me\u0301rite a\u0300 l\u2019Institut d\u2019e\u0301tudes politiques de Paris.<\/p>\n<p>\u00abLe jury, pre\u0301side\u0301 par Francis Drouin, pre\u0301sident de l\u2019APF, distingue l\u2019auteur d\u2019un travail de recherche sur la diplomatie parlementaire, champ des relations internationales me\u0301connu, ainsi qu\u2019un fonctionnaire qui n\u2019a de cesse de promouvoir la Francophonie en tant que secre\u0301taire administratif de la section gabonaise de l\u2019APF\u00bb, lit-on sur le site officiel de l\u2019organisation qui regroupe des parlementaires de 91 parlements re\u0301partis sur les cinq continents.<\/p>\n<p>Ghislain Claude Essabe a remporte\u0301 la possibilite\u0301 d\u2019effectuer un stage sur mesure d\u2019une semaine dans le Parlement francophone de son choix.<\/p>\n<p>Pour rappel, cre\u0301e\u0301 a\u0300 Antananarivo (Madagascar), le Prix Geoffrey-Dieudonne\u0301 re\u0301compense depuis 7 ans un fonctionnaire particulie\u0300rement investi dans la promotion de la Francophonie parlementaire. Ce prix est un hommage a\u0300 Geoffroy Dieudonne\u0301, premier conseiller au Parlement de la Fe\u0301de\u0301ration Wallonie-Bruxelles, assassine\u0301 le 20 novembre 2015 a\u0300 Bamako (Mali) alors qu\u2019il intervenait comme confe\u0301rencier lors d\u2019une formation au be\u0301ne\u0301fice des fonctionnaires parlementaires maliens, organise\u0301e conjointement par l\u2019APF et l\u2019Universite\u0301 Senghor.<\/p>\n<p><strong>Pour plus d&rsquo;informations et d&rsquo;analyses sur la <a href=\"https:\/\/www.africa-press.net\/gabon\">Gabon<\/a>, suivez <a href=\"https:\/\/www.africa-press.net\/\">Africa-Press<\/a><\/strong><\/p>\n","protected":false},"excerpt":{"rendered":"<p>Africa-Press &#8211; Gabon. Gra\u0302ce a\u0300 sa the\u0300se brillamment soutenue cette anne\u0301e sur la diplomatie parlementaire de son pays, le Gabonais Ghislain Claude Essabe, actuel directeur des Relations parlementaires au palais Le\u0301on Mba, s\u2019est vu attribuer, lundi, le Prix Geoffrey-Dieudonne\u0301 de l\u2019Assemble\u0301e parlementaire de la Francophonie (APF). Une premie\u0300re pour un ressortissant d\u2019Afrique centrale. Il est [&hellip;]<\/p>\n","protected":false},"author":82,"featured_media":12892,"comment_status":"open","ping_status":"closed","sticky":false,"template":"","format":"standard","meta":{"footnotes":""},"categories":[2,10],"tags":[36,50,49],"class_list":["post-12893","post","type-post","status-publish","format-standard","has-post-thumbnail","hentry","category-politique","category-toutes-les-actualites","tag-africa-press","tag-africa-press-gabon","tag-gabon"],"yoast_head":"<!-- This site is optimized with the Yoast SEO Premium plugin v26.1 (Yoast SEO v27.0) - https:\/\/yoast.com\/product\/yoast-seo-premium-wordpress\/ -->\n<title>Prix Geoffrey-Dieudonn\u00e9 : le Gabonais Ghislain Essabe distingu\u00e9 - Gabon<\/title>\n<meta name=\"description\" content=\"Gra\u0302ce a\u0300 sa the\u0300se brillamment soutenue cette anne\u0301e sur la diplomatie parlementaire de son pays, le Gabonais Ghislain ...\" \/>\n<meta name=\"robots\" content=\"index, follow, max-snippet:-1, max-image-preview:large, max-video-preview:-1\" \/>\n<link rel=\"canonical\" href=\"https:\/\/www.africa-press.net\/gabon\/politique\/prix-geoffrey-dieudonne-le-gabonais-ghislain-essabe-distingue\" \/>\n<meta property=\"og:locale\" content=\"fr_FR\" \/>\n<meta property=\"og:type\" content=\"article\" \/>\n<meta property=\"og:title\" content=\"Prix Geoffrey-Dieudonn\u00e9 : le Gabonais Ghislain Essabe distingu\u00e9\" \/>\n<meta property=\"og:description\" content=\"Gra\u0302ce a\u0300 sa the\u0300se brillamment soutenue cette anne\u0301e sur la diplomatie parlementaire de son pays, le Gabonais Ghislain ...\" \/>\n<meta property=\"og:url\" content=\"https:\/\/www.africa-press.net\/gabon\/politique\/prix-geoffrey-dieudonne-le-gabonais-ghislain-essabe-distingue\" \/>\n<meta property=\"og:site_name\" content=\"Gabon\" \/>\n<meta property=\"article:published_time\" content=\"2022-11-22T18:45:44+00:00\" \/>\n<meta property=\"article:modified_time\" content=\"2022-11-22T19:43:46+00:00\" \/>\n<meta property=\"og:image\" content=\"https:\/\/static.africa-press.net\/gabon\/sites\/54\/2022\/11\/postQueueImg_1669130148.96.jpg\" \/>\n\t<meta property=\"og:image:width\" content=\"720\" \/>\n\t<meta property=\"og:image:height\" content=\"442\" \/>\n\t<meta property=\"og:image:type\" content=\"image\/jpeg\" \/>\n<meta name=\"author\" content=\"cfeditorfr\" \/>\n<meta name=\"twitter:card\" content=\"summary_large_image\" \/>\n<meta name=\"twitter:label1\" content=\"\u00c9crit par\" \/>\n\t<meta name=\"twitter:data1\" content=\"cfeditorfr\" \/>\n\t<meta name=\"twitter:label2\" content=\"Dur\u00e9e de lecture estim\u00e9e\" \/>\n\t<meta name=\"twitter:data2\" content=\"2 minutes\" \/>\n<script type=\"application\/ld+json\" class=\"yoast-schema-graph\">{\"@context\":\"https:\/\/schema.org\",\"@graph\":[{\"@type\":\"Article\",\"@id\":\"https:\/\/www.africa-press.net\/gabon\/politique\/prix-geoffrey-dieudonne-le-gabonais-ghislain-essabe-distingue#article\",\"isPartOf\":{\"@id\":\"https:\/\/www.africa-press.net\/gabon\/politique\/prix-geoffrey-dieudonne-le-gabonais-ghislain-essabe-distingue\"},\"author\":{\"name\":\"cfeditorfr\",\"@id\":\"https:\/\/www.africa-press.net\/gabon\/#\/schema\/person\/2b1cf3cd81a31e3cd26889ca66d677f1\"},\"headline\":\"Prix Geoffrey-Dieudonn\u00e9 : le Gabonais Ghislain Essabe distingu\u00e9\",\"datePublished\":\"2022-11-22T18:45:44+00:00\",\"dateModified\":\"2022-11-22T19:43:46+00:00\",\"mainEntityOfPage\":{\"@id\":\"https:\/\/www.africa-press.net\/gabon\/politique\/prix-geoffrey-dieudonne-le-gabonais-ghislain-essabe-distingue\"},\"wordCount\":368,\"commentCount\":0,\"image\":{\"@id\":\"https:\/\/www.africa-press.net\/gabon\/politique\/prix-geoffrey-dieudonne-le-gabonais-ghislain-essabe-distingue#primaryimage\"},\"thumbnailUrl\":\"https:\/\/static.africa-press.net\/gabon\/sites\/54\/2022\/11\/postQueueImg_1669130148.96.jpg\",\"keywords\":[\"Africa Press\",\"Africa Press-Gabon\",\"Gabon\"],\"articleSection\":[\"Politique\",\"Toutes les actualit\u00e9s\"],\"inLanguage\":\"fr-FR\",\"potentialAction\":[{\"@type\":\"CommentAction\",\"name\":\"Comment\",\"target\":[\"https:\/\/www.africa-press.net\/gabon\/politique\/prix-geoffrey-dieudonne-le-gabonais-ghislain-essabe-distingue#respond\"]}]},{\"@type\":\"WebPage\",\"@id\":\"https:\/\/www.africa-press.net\/gabon\/politique\/prix-geoffrey-dieudonne-le-gabonais-ghislain-essabe-distingue\",\"url\":\"https:\/\/www.africa-press.net\/gabon\/politique\/prix-geoffrey-dieudonne-le-gabonais-ghislain-essabe-distingue\",\"name\":\"Prix Geoffrey-Dieudonn\u00e9 : le Gabonais Ghislain Essabe distingu\u00e9 - Gabon\",\"isPartOf\":{\"@id\":\"https:\/\/www.africa-press.net\/gabon\/#website\"},\"primaryImageOfPage\":{\"@id\":\"https:\/\/www.africa-press.net\/gabon\/politique\/prix-geoffrey-dieudonne-le-gabonais-ghislain-essabe-distingue#primaryimage\"},\"image\":{\"@id\":\"https:\/\/www.africa-press.net\/gabon\/politique\/prix-geoffrey-dieudonne-le-gabonais-ghislain-essabe-distingue#primaryimage\"},\"thumbnailUrl\":\"https:\/\/static.africa-press.net\/gabon\/sites\/54\/2022\/11\/postQueueImg_1669130148.96.jpg\",\"datePublished\":\"2022-11-22T18:45:44+00:00\",\"dateModified\":\"2022-11-22T19:43:46+00:00\",\"author\":{\"@id\":\"https:\/\/www.africa-press.net\/gabon\/#\/schema\/person\/2b1cf3cd81a31e3cd26889ca66d677f1\"},\"description\":\"Gra\u0302ce a\u0300 sa the\u0300se brillamment soutenue cette anne\u0301e sur la diplomatie parlementaire de son pays, le Gabonais Ghislain ...\",\"breadcrumb\":{\"@id\":\"https:\/\/www.africa-press.net\/gabon\/politique\/prix-geoffrey-dieudonne-le-gabonais-ghislain-essabe-distingue#breadcrumb\"},\"inLanguage\":\"fr-FR\",\"potentialAction\":[{\"@type\":\"ReadAction\",\"target\":[\"https:\/\/www.africa-press.net\/gabon\/politique\/prix-geoffrey-dieudonne-le-gabonais-ghislain-essabe-distingue\"]}]},{\"@type\":\"ImageObject\",\"inLanguage\":\"fr-FR\",\"@id\":\"https:\/\/www.africa-press.net\/gabon\/politique\/prix-geoffrey-dieudonne-le-gabonais-ghislain-essabe-distingue#primaryimage\",\"url\":\"https:\/\/static.africa-press.net\/gabon\/sites\/54\/2022\/11\/postQueueImg_1669130148.96.jpg\",\"contentUrl\":\"https:\/\/static.africa-press.net\/gabon\/sites\/54\/2022\/11\/postQueueImg_1669130148.96.jpg\",\"width\":720,\"height\":442,\"caption\":\"Prix Geoffrey-Dieudonn\u00e9 : le Gabonais Ghislain Essabe distingu\u00e9\"},{\"@type\":\"BreadcrumbList\",\"@id\":\"https:\/\/www.africa-press.net\/gabon\/politique\/prix-geoffrey-dieudonne-le-gabonais-ghislain-essabe-distingue#breadcrumb\",\"itemListElement\":[{\"@type\":\"ListItem\",\"position\":1,\"name\":\"Accueil\",\"item\":\"https:\/\/www.africa-press.net\/gabon\/\"},{\"@type\":\"ListItem\",\"position\":2,\"name\":\"Prix Geoffrey-Dieudonn\u00e9 : le Gabonais Ghislain Essabe distingu\u00e9\"}]},{\"@type\":\"WebSite\",\"@id\":\"https:\/\/www.africa-press.net\/gabon\/#website\",\"url\":\"https:\/\/www.africa-press.net\/gabon\/\",\"name\":\"Gabon\",\"description\":\"Just another Africa News Agency Sites site\",\"potentialAction\":[{\"@type\":\"SearchAction\",\"target\":{\"@type\":\"EntryPoint\",\"urlTemplate\":\"https:\/\/www.africa-press.net\/gabon\/?s={search_term_string}\"},\"query-input\":{\"@type\":\"PropertyValueSpecification\",\"valueRequired\":true,\"valueName\":\"search_term_string\"}}],\"inLanguage\":\"fr-FR\"},{\"@type\":\"Person\",\"@id\":\"https:\/\/www.africa-press.net\/gabon\/#\/schema\/person\/2b1cf3cd81a31e3cd26889ca66d677f1\",\"name\":\"cfeditorfr\"}]}<\/script>\n<!-- \/ Yoast SEO Premium plugin. -->","yoast_head_json":{"title":"Prix Geoffrey-Dieudonn\u00e9 : le Gabonais Ghislain Essabe distingu\u00e9 - Gabon","description":"Gra\u0302ce a\u0300 sa the\u0300se brillamment soutenue cette anne\u0301e sur la diplomatie parlementaire de son pays, le Gabonais Ghislain ...","robots":{"index":"index","follow":"follow","max-snippet":"max-snippet:-1","max-image-preview":"max-image-preview:large","max-video-preview":"max-video-preview:-1"},"canonical":"https:\/\/www.africa-press.net\/gabon\/politique\/prix-geoffrey-dieudonne-le-gabonais-ghislain-essabe-distingue","og_locale":"fr_FR","og_type":"article","og_title":"Prix Geoffrey-Dieudonn\u00e9 : le Gabonais Ghislain Essabe distingu\u00e9","og_description":"Gra\u0302ce a\u0300 sa the\u0300se brillamment soutenue cette anne\u0301e sur la diplomatie parlementaire de son pays, le Gabonais Ghislain ...","og_url":"https:\/\/www.africa-press.net\/gabon\/politique\/prix-geoffrey-dieudonne-le-gabonais-ghislain-essabe-distingue","og_site_name":"Gabon","article_published_time":"2022-11-22T18:45:44+00:00","article_modified_time":"2022-11-22T19:43:46+00:00","og_image":[{"width":720,"height":442,"url":"https:\/\/static.africa-press.net\/gabon\/sites\/54\/2022\/11\/postQueueImg_1669130148.96.jpg","type":"image\/jpeg"}],"author":"cfeditorfr","twitter_card":"summary_large_image","twitter_misc":{"\u00c9crit par":"cfeditorfr","Dur\u00e9e de lecture estim\u00e9e":"2 minutes"},"schema":{"@context":"https:\/\/schema.org","@graph":[{"@type":"Article","@id":"https:\/\/www.africa-press.net\/gabon\/politique\/prix-geoffrey-dieudonne-le-gabonais-ghislain-essabe-distingue#article","isPartOf":{"@id":"https:\/\/www.africa-press.net\/gabon\/politique\/prix-geoffrey-dieudonne-le-gabonais-ghislain-essabe-distingue"},"author":{"name":"cfeditorfr","@id":"https:\/\/www.africa-press.net\/gabon\/#\/schema\/person\/2b1cf3cd81a31e3cd26889ca66d677f1"},"headline":"Prix Geoffrey-Dieudonn\u00e9 : le Gabonais Ghislain Essabe distingu\u00e9","datePublished":"2022-11-22T18:45:44+00:00","dateModified":"2022-11-22T19:43:46+00:00","mainEntityOfPage":{"@id":"https:\/\/www.africa-press.net\/gabon\/politique\/prix-geoffrey-dieudonne-le-gabonais-ghislain-essabe-distingue"},"wordCount":368,"commentCount":0,"image":{"@id":"https:\/\/www.africa-press.net\/gabon\/politique\/prix-geoffrey-dieudonne-le-gabonais-ghislain-essabe-distingue#primaryimage"},"thumbnailUrl":"https:\/\/static.africa-press.net\/gabon\/sites\/54\/2022\/11\/postQueueImg_1669130148.96.jpg","keywords":["Africa Press","Africa Press-Gabon","Gabon"],"articleSection":["Politique","Toutes les actualit\u00e9s"],"inLanguage":"fr-FR","potentialAction":[{"@type":"CommentAction","name":"Comment","target":["https:\/\/www.africa-press.net\/gabon\/politique\/prix-geoffrey-dieudonne-le-gabonais-ghislain-essabe-distingue#respond"]}]},{"@type":"WebPage","@id":"https:\/\/www.africa-press.net\/gabon\/politique\/prix-geoffrey-dieudonne-le-gabonais-ghislain-essabe-distingue","url":"https:\/\/www.africa-press.net\/gabon\/politique\/prix-geoffrey-dieudonne-le-gabonais-ghislain-essabe-distingue","name":"Prix Geoffrey-Dieudonn\u00e9 : le Gabonais Ghislain Essabe distingu\u00e9 - Gabon","isPartOf":{"@id":"https:\/\/www.africa-press.net\/gabon\/#website"},"primaryImageOfPage":{"@id":"https:\/\/www.africa-press.net\/gabon\/politique\/prix-geoffrey-dieudonne-le-gabonais-ghislain-essabe-distingue#primaryimage"},"image":{"@id":"https:\/\/www.africa-press.net\/gabon\/politique\/prix-geoffrey-dieudonne-le-gabonais-ghislain-essabe-distingue#primaryimage"},"thumbnailUrl":"https:\/\/static.africa-press.net\/gabon\/sites\/54\/2022\/11\/postQueueImg_1669130148.96.jpg","datePublished":"2022-11-22T18:45:44+00:00","dateModified":"2022-11-22T19:43:46+00:00","author":{"@id":"https:\/\/www.africa-press.net\/gabon\/#\/schema\/person\/2b1cf3cd81a31e3cd26889ca66d677f1"},"description":"Gra\u0302ce a\u0300 sa the\u0300se brillamment soutenue cette anne\u0301e sur la diplomatie parlementaire de son pays, le Gabonais Ghislain ...","breadcrumb":{"@id":"https:\/\/www.africa-press.net\/gabon\/politique\/prix-geoffrey-dieudonne-le-gabonais-ghislain-essabe-distingue#breadcrumb"},"inLanguage":"fr-FR","potentialAction":[{"@type":"ReadAction","target":["https:\/\/www.africa-press.net\/gabon\/politique\/prix-geoffrey-dieudonne-le-gabonais-ghislain-essabe-distingue"]}]},{"@type":"ImageObject","inLanguage":"fr-FR","@id":"https:\/\/www.africa-press.net\/gabon\/politique\/prix-geoffrey-dieudonne-le-gabonais-ghislain-essabe-distingue#primaryimage","url":"https:\/\/static.africa-press.net\/gabon\/sites\/54\/2022\/11\/postQueueImg_1669130148.96.jpg","contentUrl":"https:\/\/static.africa-press.net\/gabon\/sites\/54\/2022\/11\/postQueueImg_1669130148.96.jpg","width":720,"height":442,"caption":"Prix Geoffrey-Dieudonn\u00e9 : le Gabonais Ghislain Essabe distingu\u00e9"},{"@type":"BreadcrumbList","@id":"https:\/\/www.africa-press.net\/gabon\/politique\/prix-geoffrey-dieudonne-le-gabonais-ghislain-essabe-distingue#breadcrumb","itemListElement":[{"@type":"ListItem","position":1,"name":"Accueil","item":"https:\/\/www.africa-press.net\/gabon\/"},{"@type":"ListItem","position":2,"name":"Prix Geoffrey-Dieudonn\u00e9 : le Gabonais Ghislain Essabe distingu\u00e9"}]},{"@type":"WebSite","@id":"https:\/\/www.africa-press.net\/gabon\/#website","url":"https:\/\/www.africa-press.net\/gabon\/","name":"Gabon","description":"Just another Africa News Agency Sites site","potentialAction":[{"@type":"SearchAction","target":{"@type":"EntryPoint","urlTemplate":"https:\/\/www.africa-press.net\/gabon\/?s={search_term_string}"},"query-input":{"@type":"PropertyValueSpecification","valueRequired":true,"valueName":"search_term_string"}}],"inLanguage":"fr-FR"},{"@type":"Person","@id":"https:\/\/www.africa-press.net\/gabon\/#\/schema\/person\/2b1cf3cd81a31e3cd26889ca66d677f1","name":"cfeditorfr"}]}},"_links":{"self":[{"href":"https:\/\/www.africa-press.net\/gabon\/wp-json\/wp\/v2\/posts\/12893","targetHints":{"allow":["GET"]}}],"collection":[{"href":"https:\/\/www.africa-press.net\/gabon\/wp-json\/wp\/v2\/posts"}],"about":[{"href":"https:\/\/www.africa-press.net\/gabon\/wp-json\/wp\/v2\/types\/post"}],"author":[{"embeddable":true,"href":"https:\/\/www.africa-press.net\/gabon\/wp-json\/wp\/v2\/users\/82"}],"replies":[{"embeddable":true,"href":"https:\/\/www.africa-press.net\/gabon\/wp-json\/wp\/v2\/comments?post=12893"}],"version-history":[{"count":0,"href":"https:\/\/www.africa-press.net\/gabon\/wp-json\/wp\/v2\/posts\/12893\/revisions"}],"wp:featuredmedia":[{"embeddable":true,"href":"https:\/\/www.africa-press.net\/gabon\/wp-json\/wp\/v2\/media\/12892"}],"wp:attachment":[{"href":"https:\/\/www.africa-press.net\/gabon\/wp-json\/wp\/v2\/media?parent=12893"}],"wp:term":[{"taxonomy":"category","embeddable":true,"href":"https:\/\/www.africa-press.net\/gabon\/wp-json\/wp\/v2\/categories?post=12893"},{"taxonomy":"post_tag","embeddable":true,"href":"https:\/\/www.africa-press.net\/gabon\/wp-json\/wp\/v2\/tags?post=12893"}],"curies":[{"name":"wp","href":"https:\/\/api.w.org\/{rel}","templated":true}]}}