{"id":12902,"date":"2022-11-22T18:46:22","date_gmt":"2022-11-22T18:46:22","guid":{"rendered":"https:\/\/www.africa-press.net\/gabon\/politique\/beac-un-symposium-pour-la-resilience-des-economies-de-la-cemac"},"modified":"2022-11-22T19:45:34","modified_gmt":"2022-11-22T19:45:34","slug":"beac-un-symposium-pour-la-resilience-des-economies-de-la-cemac","status":"publish","type":"post","link":"https:\/\/www.africa-press.net\/gabon\/toutes-les-actualites\/beac-un-symposium-pour-la-resilience-des-economies-de-la-cemac","title":{"rendered":"BEAC\u00a0: Un symposium pour la r\u00e9silience des \u00e9conomies de la Cemac"},"content":{"rendered":"<p><span style=\"color: #ff6600\"><strong>Africa-Press &#8211; Gabon. <\/strong><\/span>Le symposium du 50e anniversaire de la Banque des E\u0301tats de l\u2019Afrique centrale (BEAC) s\u2019est ouvert le 22 novembre a\u0300 N\u2019Djame\u0301na, au Tchad. Globalement, les e\u0301changes visent a\u0300 poursuivre les efforts fournis par les pays de la Communaute\u0301 e\u0301conomique et mone\u0301taire de l\u2019Afrique centrale (Cemac), pour une croissance vigoureuse, inclusive et cre\u0301atrice d\u2019emplois.<\/p>\n<p><strong>Pour plus d&rsquo;informations et d&rsquo;analyses sur la <a href=\"https:\/\/www.africa-press.net\/gabon\">Gabon<\/a>, suivez <a href=\"https:\/\/www.africa-press.net\/\">Africa-Press<\/a><\/strong><\/p>\n","protected":false},"excerpt":{"rendered":"<p>Africa-Press &#8211; Gabon. Le symposium du 50e anniversaire de la Banque des E\u0301tats de l\u2019Afrique centrale (BEAC) s\u2019est ouvert le 22 novembre a\u0300 N\u2019Djame\u0301na, au Tchad. Globalement, les e\u0301changes visent a\u0300 poursuivre les efforts fournis par les pays de la Communaute\u0301 e\u0301conomique et mone\u0301taire de l\u2019Afrique centrale (Cemac), pour une croissance vigoureuse, inclusive et cre\u0301atrice [&hellip;]<\/p>\n","protected":false},"author":82,"featured_media":12900,"comment_status":"open","ping_status":"closed","sticky":false,"template":"","format":"standard","meta":{"footnotes":""},"categories":[21,10],"tags":[36,50,49],"class_list":["post-12902","post","type-post","status-publish","format-standard","has-post-thumbnail","hentry","category-communaute","category-toutes-les-actualites","tag-africa-press","tag-africa-press-gabon","tag-gabon"],"yoast_head":"<!-- This site is optimized with the Yoast SEO Premium plugin v26.1 (Yoast SEO v27.0) - https:\/\/yoast.com\/product\/yoast-seo-premium-wordpress\/ -->\n<title>BEAC\u00a0: Un symposium pour la r\u00e9silience des \u00e9conomies de la Cemac - Gabon<\/title>\n<meta name=\"description\" content=\"Le symposium du 50e anniversaire de la Banque des E\u0301tats de l\u2019Afrique centrale (BEAC) s\u2019est ouvert le 22 novembre a\u0300 N\u2019D ...\" \/>\n<meta name=\"robots\" content=\"index, follow, max-snippet:-1, max-image-preview:large, max-video-preview:-1\" \/>\n<link rel=\"canonical\" href=\"https:\/\/www.africa-press.net\/gabon\/toutes-les-actualites\/beac-un-symposium-pour-la-resilience-des-economies-de-la-cemac\" \/>\n<meta property=\"og:locale\" content=\"fr_FR\" \/>\n<meta property=\"og:type\" content=\"article\" \/>\n<meta property=\"og:title\" content=\"BEAC\u00a0: Un symposium pour la r\u00e9silience des \u00e9conomies de la Cemac\" \/>\n<meta property=\"og:description\" content=\"Le symposium du 50e anniversaire de la Banque des E\u0301tats de l\u2019Afrique centrale (BEAC) s\u2019est ouvert le 22 novembre a\u0300 N\u2019D ...\" \/>\n<meta property=\"og:url\" content=\"https:\/\/www.africa-press.net\/gabon\/toutes-les-actualites\/beac-un-symposium-pour-la-resilience-des-economies-de-la-cemac\" \/>\n<meta property=\"og:site_name\" content=\"Gabon\" \/>\n<meta property=\"article:published_time\" content=\"2022-11-22T18:46:22+00:00\" \/>\n<meta property=\"article:modified_time\" content=\"2022-11-22T19:45:34+00:00\" \/>\n<meta property=\"og:image\" content=\"https:\/\/static.africa-press.net\/gabon\/sites\/54\/2022\/11\/postQueueImg_1669130185.94.jpg\" \/>\n\t<meta property=\"og:image:width\" content=\"720\" \/>\n\t<meta property=\"og:image:height\" content=\"402\" \/>\n\t<meta property=\"og:image:type\" content=\"image\/jpeg\" \/>\n<meta name=\"author\" content=\"cfeditorfr\" \/>\n<meta name=\"twitter:card\" content=\"summary_large_image\" \/>\n<meta name=\"twitter:label1\" content=\"\u00c9crit par\" \/>\n\t<meta name=\"twitter:data1\" content=\"cfeditorfr\" \/>\n\t<meta name=\"twitter:label2\" content=\"Dur\u00e9e de lecture estim\u00e9e\" \/>\n\t<meta name=\"twitter:data2\" content=\"1 minute\" \/>\n<script type=\"application\/ld+json\" class=\"yoast-schema-graph\">{\"@context\":\"https:\/\/schema.org\",\"@graph\":[{\"@type\":\"Article\",\"@id\":\"https:\/\/www.africa-press.net\/gabon\/toutes-les-actualites\/beac-un-symposium-pour-la-resilience-des-economies-de-la-cemac#article\",\"isPartOf\":{\"@id\":\"https:\/\/www.africa-press.net\/gabon\/toutes-les-actualites\/beac-un-symposium-pour-la-resilience-des-economies-de-la-cemac\"},\"author\":{\"name\":\"cfeditorfr\",\"@id\":\"https:\/\/www.africa-press.net\/gabon\/#\/schema\/person\/2b1cf3cd81a31e3cd26889ca66d677f1\"},\"headline\":\"BEAC\u00a0: Un symposium pour la r\u00e9silience des \u00e9conomies de la Cemac\",\"datePublished\":\"2022-11-22T18:46:22+00:00\",\"dateModified\":\"2022-11-22T19:45:34+00:00\",\"mainEntityOfPage\":{\"@id\":\"https:\/\/www.africa-press.net\/gabon\/toutes-les-actualites\/beac-un-symposium-pour-la-resilience-des-economies-de-la-cemac\"},\"wordCount\":90,\"commentCount\":0,\"image\":{\"@id\":\"https:\/\/www.africa-press.net\/gabon\/toutes-les-actualites\/beac-un-symposium-pour-la-resilience-des-economies-de-la-cemac#primaryimage\"},\"thumbnailUrl\":\"https:\/\/static.africa-press.net\/gabon\/sites\/54\/2022\/11\/postQueueImg_1669130185.94.jpg\",\"keywords\":[\"Africa Press\",\"Africa Press-Gabon\",\"Gabon\"],\"articleSection\":[\"Communaut\u00e9\",\"Toutes les actualit\u00e9s\"],\"inLanguage\":\"fr-FR\",\"potentialAction\":[{\"@type\":\"CommentAction\",\"name\":\"Comment\",\"target\":[\"https:\/\/www.africa-press.net\/gabon\/toutes-les-actualites\/beac-un-symposium-pour-la-resilience-des-economies-de-la-cemac#respond\"]}]},{\"@type\":\"WebPage\",\"@id\":\"https:\/\/www.africa-press.net\/gabon\/toutes-les-actualites\/beac-un-symposium-pour-la-resilience-des-economies-de-la-cemac\",\"url\":\"https:\/\/www.africa-press.net\/gabon\/toutes-les-actualites\/beac-un-symposium-pour-la-resilience-des-economies-de-la-cemac\",\"name\":\"BEAC\u00a0: Un symposium pour la r\u00e9silience des \u00e9conomies de la Cemac - Gabon\",\"isPartOf\":{\"@id\":\"https:\/\/www.africa-press.net\/gabon\/#website\"},\"primaryImageOfPage\":{\"@id\":\"https:\/\/www.africa-press.net\/gabon\/toutes-les-actualites\/beac-un-symposium-pour-la-resilience-des-economies-de-la-cemac#primaryimage\"},\"image\":{\"@id\":\"https:\/\/www.africa-press.net\/gabon\/toutes-les-actualites\/beac-un-symposium-pour-la-resilience-des-economies-de-la-cemac#primaryimage\"},\"thumbnailUrl\":\"https:\/\/static.africa-press.net\/gabon\/sites\/54\/2022\/11\/postQueueImg_1669130185.94.jpg\",\"datePublished\":\"2022-11-22T18:46:22+00:00\",\"dateModified\":\"2022-11-22T19:45:34+00:00\",\"author\":{\"@id\":\"https:\/\/www.africa-press.net\/gabon\/#\/schema\/person\/2b1cf3cd81a31e3cd26889ca66d677f1\"},\"description\":\"Le symposium du 50e anniversaire de la Banque des E\u0301tats de l\u2019Afrique centrale (BEAC) s\u2019est ouvert le 22 novembre a\u0300 N\u2019D ...\",\"breadcrumb\":{\"@id\":\"https:\/\/www.africa-press.net\/gabon\/toutes-les-actualites\/beac-un-symposium-pour-la-resilience-des-economies-de-la-cemac#breadcrumb\"},\"inLanguage\":\"fr-FR\",\"potentialAction\":[{\"@type\":\"ReadAction\",\"target\":[\"https:\/\/www.africa-press.net\/gabon\/toutes-les-actualites\/beac-un-symposium-pour-la-resilience-des-economies-de-la-cemac\"]}]},{\"@type\":\"ImageObject\",\"inLanguage\":\"fr-FR\",\"@id\":\"https:\/\/www.africa-press.net\/gabon\/toutes-les-actualites\/beac-un-symposium-pour-la-resilience-des-economies-de-la-cemac#primaryimage\",\"url\":\"https:\/\/static.africa-press.net\/gabon\/sites\/54\/2022\/11\/postQueueImg_1669130185.94.jpg\",\"contentUrl\":\"https:\/\/static.africa-press.net\/gabon\/sites\/54\/2022\/11\/postQueueImg_1669130185.94.jpg\",\"width\":720,\"height\":402,\"caption\":\"BEAC\u00a0: Un symposium pour la r\u00e9silience des \u00e9conomies de la Cemac\"},{\"@type\":\"BreadcrumbList\",\"@id\":\"https:\/\/www.africa-press.net\/gabon\/toutes-les-actualites\/beac-un-symposium-pour-la-resilience-des-economies-de-la-cemac#breadcrumb\",\"itemListElement\":[{\"@type\":\"ListItem\",\"position\":1,\"name\":\"Accueil\",\"item\":\"https:\/\/www.africa-press.net\/gabon\/\"},{\"@type\":\"ListItem\",\"position\":2,\"name\":\"BEAC\u00a0: Un symposium pour la r\u00e9silience des \u00e9conomies de la Cemac\"}]},{\"@type\":\"WebSite\",\"@id\":\"https:\/\/www.africa-press.net\/gabon\/#website\",\"url\":\"https:\/\/www.africa-press.net\/gabon\/\",\"name\":\"Gabon\",\"description\":\"Just another Africa News Agency Sites site\",\"potentialAction\":[{\"@type\":\"SearchAction\",\"target\":{\"@type\":\"EntryPoint\",\"urlTemplate\":\"https:\/\/www.africa-press.net\/gabon\/?s={search_term_string}\"},\"query-input\":{\"@type\":\"PropertyValueSpecification\",\"valueRequired\":true,\"valueName\":\"search_term_string\"}}],\"inLanguage\":\"fr-FR\"},{\"@type\":\"Person\",\"@id\":\"https:\/\/www.africa-press.net\/gabon\/#\/schema\/person\/2b1cf3cd81a31e3cd26889ca66d677f1\",\"name\":\"cfeditorfr\"}]}<\/script>\n<!-- \/ Yoast SEO Premium plugin. -->","yoast_head_json":{"title":"BEAC\u00a0: Un symposium pour la r\u00e9silience des \u00e9conomies de la Cemac - Gabon","description":"Le symposium du 50e anniversaire de la Banque des E\u0301tats de l\u2019Afrique centrale (BEAC) s\u2019est ouvert le 22 novembre a\u0300 N\u2019D ...","robots":{"index":"index","follow":"follow","max-snippet":"max-snippet:-1","max-image-preview":"max-image-preview:large","max-video-preview":"max-video-preview:-1"},"canonical":"https:\/\/www.africa-press.net\/gabon\/toutes-les-actualites\/beac-un-symposium-pour-la-resilience-des-economies-de-la-cemac","og_locale":"fr_FR","og_type":"article","og_title":"BEAC\u00a0: Un symposium pour la r\u00e9silience des \u00e9conomies de la Cemac","og_description":"Le symposium du 50e anniversaire de la Banque des E\u0301tats de l\u2019Afrique centrale (BEAC) s\u2019est ouvert le 22 novembre a\u0300 N\u2019D ...","og_url":"https:\/\/www.africa-press.net\/gabon\/toutes-les-actualites\/beac-un-symposium-pour-la-resilience-des-economies-de-la-cemac","og_site_name":"Gabon","article_published_time":"2022-11-22T18:46:22+00:00","article_modified_time":"2022-11-22T19:45:34+00:00","og_image":[{"width":720,"height":402,"url":"https:\/\/static.africa-press.net\/gabon\/sites\/54\/2022\/11\/postQueueImg_1669130185.94.jpg","type":"image\/jpeg"}],"author":"cfeditorfr","twitter_card":"summary_large_image","twitter_misc":{"\u00c9crit par":"cfeditorfr","Dur\u00e9e de lecture estim\u00e9e":"1 minute"},"schema":{"@context":"https:\/\/schema.org","@graph":[{"@type":"Article","@id":"https:\/\/www.africa-press.net\/gabon\/toutes-les-actualites\/beac-un-symposium-pour-la-resilience-des-economies-de-la-cemac#article","isPartOf":{"@id":"https:\/\/www.africa-press.net\/gabon\/toutes-les-actualites\/beac-un-symposium-pour-la-resilience-des-economies-de-la-cemac"},"author":{"name":"cfeditorfr","@id":"https:\/\/www.africa-press.net\/gabon\/#\/schema\/person\/2b1cf3cd81a31e3cd26889ca66d677f1"},"headline":"BEAC\u00a0: Un symposium pour la r\u00e9silience des \u00e9conomies de la Cemac","datePublished":"2022-11-22T18:46:22+00:00","dateModified":"2022-11-22T19:45:34+00:00","mainEntityOfPage":{"@id":"https:\/\/www.africa-press.net\/gabon\/toutes-les-actualites\/beac-un-symposium-pour-la-resilience-des-economies-de-la-cemac"},"wordCount":90,"commentCount":0,"image":{"@id":"https:\/\/www.africa-press.net\/gabon\/toutes-les-actualites\/beac-un-symposium-pour-la-resilience-des-economies-de-la-cemac#primaryimage"},"thumbnailUrl":"https:\/\/static.africa-press.net\/gabon\/sites\/54\/2022\/11\/postQueueImg_1669130185.94.jpg","keywords":["Africa Press","Africa Press-Gabon","Gabon"],"articleSection":["Communaut\u00e9","Toutes les actualit\u00e9s"],"inLanguage":"fr-FR","potentialAction":[{"@type":"CommentAction","name":"Comment","target":["https:\/\/www.africa-press.net\/gabon\/toutes-les-actualites\/beac-un-symposium-pour-la-resilience-des-economies-de-la-cemac#respond"]}]},{"@type":"WebPage","@id":"https:\/\/www.africa-press.net\/gabon\/toutes-les-actualites\/beac-un-symposium-pour-la-resilience-des-economies-de-la-cemac","url":"https:\/\/www.africa-press.net\/gabon\/toutes-les-actualites\/beac-un-symposium-pour-la-resilience-des-economies-de-la-cemac","name":"BEAC\u00a0: Un symposium pour la r\u00e9silience des \u00e9conomies de la Cemac - Gabon","isPartOf":{"@id":"https:\/\/www.africa-press.net\/gabon\/#website"},"primaryImageOfPage":{"@id":"https:\/\/www.africa-press.net\/gabon\/toutes-les-actualites\/beac-un-symposium-pour-la-resilience-des-economies-de-la-cemac#primaryimage"},"image":{"@id":"https:\/\/www.africa-press.net\/gabon\/toutes-les-actualites\/beac-un-symposium-pour-la-resilience-des-economies-de-la-cemac#primaryimage"},"thumbnailUrl":"https:\/\/static.africa-press.net\/gabon\/sites\/54\/2022\/11\/postQueueImg_1669130185.94.jpg","datePublished":"2022-11-22T18:46:22+00:00","dateModified":"2022-11-22T19:45:34+00:00","author":{"@id":"https:\/\/www.africa-press.net\/gabon\/#\/schema\/person\/2b1cf3cd81a31e3cd26889ca66d677f1"},"description":"Le symposium du 50e anniversaire de la Banque des E\u0301tats de l\u2019Afrique centrale (BEAC) s\u2019est ouvert le 22 novembre a\u0300 N\u2019D ...","breadcrumb":{"@id":"https:\/\/www.africa-press.net\/gabon\/toutes-les-actualites\/beac-un-symposium-pour-la-resilience-des-economies-de-la-cemac#breadcrumb"},"inLanguage":"fr-FR","potentialAction":[{"@type":"ReadAction","target":["https:\/\/www.africa-press.net\/gabon\/toutes-les-actualites\/beac-un-symposium-pour-la-resilience-des-economies-de-la-cemac"]}]},{"@type":"ImageObject","inLanguage":"fr-FR","@id":"https:\/\/www.africa-press.net\/gabon\/toutes-les-actualites\/beac-un-symposium-pour-la-resilience-des-economies-de-la-cemac#primaryimage","url":"https:\/\/static.africa-press.net\/gabon\/sites\/54\/2022\/11\/postQueueImg_1669130185.94.jpg","contentUrl":"https:\/\/static.africa-press.net\/gabon\/sites\/54\/2022\/11\/postQueueImg_1669130185.94.jpg","width":720,"height":402,"caption":"BEAC\u00a0: Un symposium pour la r\u00e9silience des \u00e9conomies de la Cemac"},{"@type":"BreadcrumbList","@id":"https:\/\/www.africa-press.net\/gabon\/toutes-les-actualites\/beac-un-symposium-pour-la-resilience-des-economies-de-la-cemac#breadcrumb","itemListElement":[{"@type":"ListItem","position":1,"name":"Accueil","item":"https:\/\/www.africa-press.net\/gabon\/"},{"@type":"ListItem","position":2,"name":"BEAC\u00a0: Un symposium pour la r\u00e9silience des \u00e9conomies de la Cemac"}]},{"@type":"WebSite","@id":"https:\/\/www.africa-press.net\/gabon\/#website","url":"https:\/\/www.africa-press.net\/gabon\/","name":"Gabon","description":"Just another Africa News Agency Sites site","potentialAction":[{"@type":"SearchAction","target":{"@type":"EntryPoint","urlTemplate":"https:\/\/www.africa-press.net\/gabon\/?s={search_term_string}"},"query-input":{"@type":"PropertyValueSpecification","valueRequired":true,"valueName":"search_term_string"}}],"inLanguage":"fr-FR"},{"@type":"Person","@id":"https:\/\/www.africa-press.net\/gabon\/#\/schema\/person\/2b1cf3cd81a31e3cd26889ca66d677f1","name":"cfeditorfr"}]}},"_links":{"self":[{"href":"https:\/\/www.africa-press.net\/gabon\/wp-json\/wp\/v2\/posts\/12902","targetHints":{"allow":["GET"]}}],"collection":[{"href":"https:\/\/www.africa-press.net\/gabon\/wp-json\/wp\/v2\/posts"}],"about":[{"href":"https:\/\/www.africa-press.net\/gabon\/wp-json\/wp\/v2\/types\/post"}],"author":[{"embeddable":true,"href":"https:\/\/www.africa-press.net\/gabon\/wp-json\/wp\/v2\/users\/82"}],"replies":[{"embeddable":true,"href":"https:\/\/www.africa-press.net\/gabon\/wp-json\/wp\/v2\/comments?post=12902"}],"version-history":[{"count":0,"href":"https:\/\/www.africa-press.net\/gabon\/wp-json\/wp\/v2\/posts\/12902\/revisions"}],"wp:featuredmedia":[{"embeddable":true,"href":"https:\/\/www.africa-press.net\/gabon\/wp-json\/wp\/v2\/media\/12900"}],"wp:attachment":[{"href":"https:\/\/www.africa-press.net\/gabon\/wp-json\/wp\/v2\/media?parent=12902"}],"wp:term":[{"taxonomy":"category","embeddable":true,"href":"https:\/\/www.africa-press.net\/gabon\/wp-json\/wp\/v2\/categories?post=12902"},{"taxonomy":"post_tag","embeddable":true,"href":"https:\/\/www.africa-press.net\/gabon\/wp-json\/wp\/v2\/tags?post=12902"}],"curies":[{"name":"wp","href":"https:\/\/api.w.org\/{rel}","templated":true}]}}