{"id":13049,"date":"2022-11-23T21:33:12","date_gmt":"2022-11-23T21:33:12","guid":{"rendered":"https:\/\/www.africa-press.net\/gabon\/politique\/lambarene-berre-reconforte-les-victimes-des-inondations"},"modified":"2022-11-23T22:00:53","modified_gmt":"2022-11-23T22:00:53","slug":"lambarene-berre-reconforte-les-victimes-des-inondations","status":"publish","type":"post","link":"https:\/\/www.africa-press.net\/gabon\/toutes-les-actualites\/lambarene-berre-reconforte-les-victimes-des-inondations","title":{"rendered":"Lambar\u00e9n\u00e9\u00a0: Berre r\u00e9conforte les victimes des inondations"},"content":{"rendered":"<p><span style=\"color: #ff6600\"><strong>Africa-Press &#8211; Gabon. <\/strong><\/span>La ministre de l\u2019Emploi a sillonne\u0301 plusieurs quartiers de Lambare\u0301ne\u0301, le 20 novembre dernier, pour re\u0301conforter les victimes des inondations. Madeleine Berre a rassure\u0301 les sinistre\u0301s de ce que le gouvernement est a\u0300 pied d\u2019\u0153uvre pour les assister.<\/p>\n<p>Face aux inondations conse\u0301cutives aux pluies diluviennes ces dernie\u0300res semaines dans le Moyen-Ogooue\u0301, la ministre de l\u2019Emploi, native de la province s\u2019active. Madeleine Berre a sillonne\u0301 plusieurs quartiers de Lambare\u0301ne\u0301, le 20 novembre dernier, pour re\u0301conforter les victimes des inondations.<\/p>\n<p>\u00abNe pouvant rester insensible a\u0300 cette situation, j\u2019ai tenu a\u0300 venir sur place pour partager ce moment de de\u0301tresse avec les populations riveraines impacte\u0301es, tout en les rassurant de ce que le gouvernement est a\u0300 pied d\u2019\u0153uvre. Mais dans l\u2019imme\u0301diat, nous recherchons et re\u0301unissons des solutions pour soulager certains fre\u0300res et s\u0153urs qui sont dans le de\u0301sarroi\u00bb, a affirme\u0301 Madeleine Berre.<\/p>\n<p>Re\u0301cemment, une vide\u0301o amateur publie\u0301e sur les re\u0301seaux sociaux montre l\u2019ampleur des inondations dans la ville du Grand Blanc. On peut y voir des maisons, e\u0301coles ou encore des e\u0301glises englouties par les eaux. Dans beaucoup de quartiers touche\u0301s par ces submersions temporaires, la pirogue est devenue le moyen de locomotion privile\u0301gie\u0301 par les populations.<\/p>\n<p><strong>Pour plus d&rsquo;informations et d&rsquo;analyses sur la <a href=\"https:\/\/www.africa-press.net\/gabon\">Gabon<\/a>, suivez <a href=\"https:\/\/www.africa-press.net\/\">Africa-Press<\/a><\/strong><\/p>\n","protected":false},"excerpt":{"rendered":"<p>Africa-Press &#8211; Gabon. La ministre de l\u2019Emploi a sillonne\u0301 plusieurs quartiers de Lambare\u0301ne\u0301, le 20 novembre dernier, pour re\u0301conforter les victimes des inondations. Madeleine Berre a rassure\u0301 les sinistre\u0301s de ce que le gouvernement est a\u0300 pied d\u2019\u0153uvre pour les assister. Face aux inondations conse\u0301cutives aux pluies diluviennes ces dernie\u0300res semaines dans le Moyen-Ogooue\u0301, la [&hellip;]<\/p>\n","protected":false},"author":82,"featured_media":13048,"comment_status":"open","ping_status":"closed","sticky":false,"template":"","format":"standard","meta":{"footnotes":""},"categories":[21,10],"tags":[36,50,49],"class_list":["post-13049","post","type-post","status-publish","format-standard","has-post-thumbnail","hentry","category-communaute","category-toutes-les-actualites","tag-africa-press","tag-africa-press-gabon","tag-gabon"],"yoast_head":"<!-- This site is optimized with the Yoast SEO Premium plugin v26.1 (Yoast SEO v27.0) - https:\/\/yoast.com\/product\/yoast-seo-premium-wordpress\/ -->\n<title>Lambar\u00e9n\u00e9\u00a0: Berre r\u00e9conforte les victimes des inondations - Gabon<\/title>\n<meta name=\"description\" content=\"La ministre de l\u2019Emploi a sillonne\u0301 plusieurs quartiers de Lambare\u0301ne\u0301, le 20 novembre dernier, pour re\u0301conforter les vi ...\" \/>\n<meta name=\"robots\" content=\"index, follow, max-snippet:-1, max-image-preview:large, max-video-preview:-1\" \/>\n<link rel=\"canonical\" href=\"https:\/\/www.africa-press.net\/gabon\/toutes-les-actualites\/lambarene-berre-reconforte-les-victimes-des-inondations\" \/>\n<meta property=\"og:locale\" content=\"fr_FR\" \/>\n<meta property=\"og:type\" content=\"article\" \/>\n<meta property=\"og:title\" content=\"Lambar\u00e9n\u00e9\u00a0: Berre r\u00e9conforte les victimes des inondations\" \/>\n<meta property=\"og:description\" content=\"La ministre de l\u2019Emploi a sillonne\u0301 plusieurs quartiers de Lambare\u0301ne\u0301, le 20 novembre dernier, pour re\u0301conforter les vi ...\" \/>\n<meta property=\"og:url\" content=\"https:\/\/www.africa-press.net\/gabon\/toutes-les-actualites\/lambarene-berre-reconforte-les-victimes-des-inondations\" \/>\n<meta property=\"og:site_name\" content=\"Gabon\" \/>\n<meta property=\"article:published_time\" content=\"2022-11-23T21:33:12+00:00\" \/>\n<meta property=\"article:modified_time\" content=\"2022-11-23T22:00:53+00:00\" \/>\n<meta property=\"og:image\" content=\"https:\/\/static.africa-press.net\/gabon\/sites\/54\/2022\/11\/postQueueImg_1669226596.96.jpg\" \/>\n\t<meta property=\"og:image:width\" content=\"720\" \/>\n\t<meta property=\"og:image:height\" content=\"480\" \/>\n\t<meta property=\"og:image:type\" content=\"image\/jpeg\" \/>\n<meta name=\"author\" content=\"cfeditorfr\" \/>\n<meta name=\"twitter:card\" content=\"summary_large_image\" \/>\n<meta name=\"twitter:label1\" content=\"\u00c9crit par\" \/>\n\t<meta name=\"twitter:data1\" content=\"cfeditorfr\" \/>\n\t<meta name=\"twitter:label2\" content=\"Dur\u00e9e de lecture estim\u00e9e\" \/>\n\t<meta name=\"twitter:data2\" content=\"2 minutes\" \/>\n<script type=\"application\/ld+json\" class=\"yoast-schema-graph\">{\"@context\":\"https:\/\/schema.org\",\"@graph\":[{\"@type\":\"Article\",\"@id\":\"https:\/\/www.africa-press.net\/gabon\/toutes-les-actualites\/lambarene-berre-reconforte-les-victimes-des-inondations#article\",\"isPartOf\":{\"@id\":\"https:\/\/www.africa-press.net\/gabon\/toutes-les-actualites\/lambarene-berre-reconforte-les-victimes-des-inondations\"},\"author\":{\"name\":\"cfeditorfr\",\"@id\":\"https:\/\/www.africa-press.net\/gabon\/#\/schema\/person\/2b1cf3cd81a31e3cd26889ca66d677f1\"},\"headline\":\"Lambar\u00e9n\u00e9\u00a0: Berre r\u00e9conforte les victimes des inondations\",\"datePublished\":\"2022-11-23T21:33:12+00:00\",\"dateModified\":\"2022-11-23T22:00:53+00:00\",\"mainEntityOfPage\":{\"@id\":\"https:\/\/www.africa-press.net\/gabon\/toutes-les-actualites\/lambarene-berre-reconforte-les-victimes-des-inondations\"},\"wordCount\":246,\"commentCount\":0,\"image\":{\"@id\":\"https:\/\/www.africa-press.net\/gabon\/toutes-les-actualites\/lambarene-berre-reconforte-les-victimes-des-inondations#primaryimage\"},\"thumbnailUrl\":\"https:\/\/static.africa-press.net\/gabon\/sites\/54\/2022\/11\/postQueueImg_1669226596.96.jpg\",\"keywords\":[\"Africa Press\",\"Africa Press-Gabon\",\"Gabon\"],\"articleSection\":[\"Communaut\u00e9\",\"Toutes les actualit\u00e9s\"],\"inLanguage\":\"fr-FR\",\"potentialAction\":[{\"@type\":\"CommentAction\",\"name\":\"Comment\",\"target\":[\"https:\/\/www.africa-press.net\/gabon\/toutes-les-actualites\/lambarene-berre-reconforte-les-victimes-des-inondations#respond\"]}]},{\"@type\":\"WebPage\",\"@id\":\"https:\/\/www.africa-press.net\/gabon\/toutes-les-actualites\/lambarene-berre-reconforte-les-victimes-des-inondations\",\"url\":\"https:\/\/www.africa-press.net\/gabon\/toutes-les-actualites\/lambarene-berre-reconforte-les-victimes-des-inondations\",\"name\":\"Lambar\u00e9n\u00e9\u00a0: Berre r\u00e9conforte les victimes des inondations - Gabon\",\"isPartOf\":{\"@id\":\"https:\/\/www.africa-press.net\/gabon\/#website\"},\"primaryImageOfPage\":{\"@id\":\"https:\/\/www.africa-press.net\/gabon\/toutes-les-actualites\/lambarene-berre-reconforte-les-victimes-des-inondations#primaryimage\"},\"image\":{\"@id\":\"https:\/\/www.africa-press.net\/gabon\/toutes-les-actualites\/lambarene-berre-reconforte-les-victimes-des-inondations#primaryimage\"},\"thumbnailUrl\":\"https:\/\/static.africa-press.net\/gabon\/sites\/54\/2022\/11\/postQueueImg_1669226596.96.jpg\",\"datePublished\":\"2022-11-23T21:33:12+00:00\",\"dateModified\":\"2022-11-23T22:00:53+00:00\",\"author\":{\"@id\":\"https:\/\/www.africa-press.net\/gabon\/#\/schema\/person\/2b1cf3cd81a31e3cd26889ca66d677f1\"},\"description\":\"La ministre de l\u2019Emploi a sillonne\u0301 plusieurs quartiers de Lambare\u0301ne\u0301, le 20 novembre dernier, pour re\u0301conforter les vi ...\",\"breadcrumb\":{\"@id\":\"https:\/\/www.africa-press.net\/gabon\/toutes-les-actualites\/lambarene-berre-reconforte-les-victimes-des-inondations#breadcrumb\"},\"inLanguage\":\"fr-FR\",\"potentialAction\":[{\"@type\":\"ReadAction\",\"target\":[\"https:\/\/www.africa-press.net\/gabon\/toutes-les-actualites\/lambarene-berre-reconforte-les-victimes-des-inondations\"]}]},{\"@type\":\"ImageObject\",\"inLanguage\":\"fr-FR\",\"@id\":\"https:\/\/www.africa-press.net\/gabon\/toutes-les-actualites\/lambarene-berre-reconforte-les-victimes-des-inondations#primaryimage\",\"url\":\"https:\/\/static.africa-press.net\/gabon\/sites\/54\/2022\/11\/postQueueImg_1669226596.96.jpg\",\"contentUrl\":\"https:\/\/static.africa-press.net\/gabon\/sites\/54\/2022\/11\/postQueueImg_1669226596.96.jpg\",\"width\":720,\"height\":480,\"caption\":\"Lambar\u00e9n\u00e9\u00a0: Berre r\u00e9conforte les victimes des inondations\"},{\"@type\":\"BreadcrumbList\",\"@id\":\"https:\/\/www.africa-press.net\/gabon\/toutes-les-actualites\/lambarene-berre-reconforte-les-victimes-des-inondations#breadcrumb\",\"itemListElement\":[{\"@type\":\"ListItem\",\"position\":1,\"name\":\"Accueil\",\"item\":\"https:\/\/www.africa-press.net\/gabon\/\"},{\"@type\":\"ListItem\",\"position\":2,\"name\":\"Lambar\u00e9n\u00e9\u00a0: Berre r\u00e9conforte les victimes des inondations\"}]},{\"@type\":\"WebSite\",\"@id\":\"https:\/\/www.africa-press.net\/gabon\/#website\",\"url\":\"https:\/\/www.africa-press.net\/gabon\/\",\"name\":\"Gabon\",\"description\":\"Just another Africa News Agency Sites site\",\"potentialAction\":[{\"@type\":\"SearchAction\",\"target\":{\"@type\":\"EntryPoint\",\"urlTemplate\":\"https:\/\/www.africa-press.net\/gabon\/?s={search_term_string}\"},\"query-input\":{\"@type\":\"PropertyValueSpecification\",\"valueRequired\":true,\"valueName\":\"search_term_string\"}}],\"inLanguage\":\"fr-FR\"},{\"@type\":\"Person\",\"@id\":\"https:\/\/www.africa-press.net\/gabon\/#\/schema\/person\/2b1cf3cd81a31e3cd26889ca66d677f1\",\"name\":\"cfeditorfr\"}]}<\/script>\n<!-- \/ Yoast SEO Premium plugin. -->","yoast_head_json":{"title":"Lambar\u00e9n\u00e9\u00a0: Berre r\u00e9conforte les victimes des inondations - Gabon","description":"La ministre de l\u2019Emploi a sillonne\u0301 plusieurs quartiers de Lambare\u0301ne\u0301, le 20 novembre dernier, pour re\u0301conforter les vi ...","robots":{"index":"index","follow":"follow","max-snippet":"max-snippet:-1","max-image-preview":"max-image-preview:large","max-video-preview":"max-video-preview:-1"},"canonical":"https:\/\/www.africa-press.net\/gabon\/toutes-les-actualites\/lambarene-berre-reconforte-les-victimes-des-inondations","og_locale":"fr_FR","og_type":"article","og_title":"Lambar\u00e9n\u00e9\u00a0: Berre r\u00e9conforte les victimes des inondations","og_description":"La ministre de l\u2019Emploi a sillonne\u0301 plusieurs quartiers de Lambare\u0301ne\u0301, le 20 novembre dernier, pour re\u0301conforter les vi ...","og_url":"https:\/\/www.africa-press.net\/gabon\/toutes-les-actualites\/lambarene-berre-reconforte-les-victimes-des-inondations","og_site_name":"Gabon","article_published_time":"2022-11-23T21:33:12+00:00","article_modified_time":"2022-11-23T22:00:53+00:00","og_image":[{"width":720,"height":480,"url":"https:\/\/static.africa-press.net\/gabon\/sites\/54\/2022\/11\/postQueueImg_1669226596.96.jpg","type":"image\/jpeg"}],"author":"cfeditorfr","twitter_card":"summary_large_image","twitter_misc":{"\u00c9crit par":"cfeditorfr","Dur\u00e9e de lecture estim\u00e9e":"2 minutes"},"schema":{"@context":"https:\/\/schema.org","@graph":[{"@type":"Article","@id":"https:\/\/www.africa-press.net\/gabon\/toutes-les-actualites\/lambarene-berre-reconforte-les-victimes-des-inondations#article","isPartOf":{"@id":"https:\/\/www.africa-press.net\/gabon\/toutes-les-actualites\/lambarene-berre-reconforte-les-victimes-des-inondations"},"author":{"name":"cfeditorfr","@id":"https:\/\/www.africa-press.net\/gabon\/#\/schema\/person\/2b1cf3cd81a31e3cd26889ca66d677f1"},"headline":"Lambar\u00e9n\u00e9\u00a0: Berre r\u00e9conforte les victimes des inondations","datePublished":"2022-11-23T21:33:12+00:00","dateModified":"2022-11-23T22:00:53+00:00","mainEntityOfPage":{"@id":"https:\/\/www.africa-press.net\/gabon\/toutes-les-actualites\/lambarene-berre-reconforte-les-victimes-des-inondations"},"wordCount":246,"commentCount":0,"image":{"@id":"https:\/\/www.africa-press.net\/gabon\/toutes-les-actualites\/lambarene-berre-reconforte-les-victimes-des-inondations#primaryimage"},"thumbnailUrl":"https:\/\/static.africa-press.net\/gabon\/sites\/54\/2022\/11\/postQueueImg_1669226596.96.jpg","keywords":["Africa Press","Africa Press-Gabon","Gabon"],"articleSection":["Communaut\u00e9","Toutes les actualit\u00e9s"],"inLanguage":"fr-FR","potentialAction":[{"@type":"CommentAction","name":"Comment","target":["https:\/\/www.africa-press.net\/gabon\/toutes-les-actualites\/lambarene-berre-reconforte-les-victimes-des-inondations#respond"]}]},{"@type":"WebPage","@id":"https:\/\/www.africa-press.net\/gabon\/toutes-les-actualites\/lambarene-berre-reconforte-les-victimes-des-inondations","url":"https:\/\/www.africa-press.net\/gabon\/toutes-les-actualites\/lambarene-berre-reconforte-les-victimes-des-inondations","name":"Lambar\u00e9n\u00e9\u00a0: Berre r\u00e9conforte les victimes des inondations - Gabon","isPartOf":{"@id":"https:\/\/www.africa-press.net\/gabon\/#website"},"primaryImageOfPage":{"@id":"https:\/\/www.africa-press.net\/gabon\/toutes-les-actualites\/lambarene-berre-reconforte-les-victimes-des-inondations#primaryimage"},"image":{"@id":"https:\/\/www.africa-press.net\/gabon\/toutes-les-actualites\/lambarene-berre-reconforte-les-victimes-des-inondations#primaryimage"},"thumbnailUrl":"https:\/\/static.africa-press.net\/gabon\/sites\/54\/2022\/11\/postQueueImg_1669226596.96.jpg","datePublished":"2022-11-23T21:33:12+00:00","dateModified":"2022-11-23T22:00:53+00:00","author":{"@id":"https:\/\/www.africa-press.net\/gabon\/#\/schema\/person\/2b1cf3cd81a31e3cd26889ca66d677f1"},"description":"La ministre de l\u2019Emploi a sillonne\u0301 plusieurs quartiers de Lambare\u0301ne\u0301, le 20 novembre dernier, pour re\u0301conforter les vi ...","breadcrumb":{"@id":"https:\/\/www.africa-press.net\/gabon\/toutes-les-actualites\/lambarene-berre-reconforte-les-victimes-des-inondations#breadcrumb"},"inLanguage":"fr-FR","potentialAction":[{"@type":"ReadAction","target":["https:\/\/www.africa-press.net\/gabon\/toutes-les-actualites\/lambarene-berre-reconforte-les-victimes-des-inondations"]}]},{"@type":"ImageObject","inLanguage":"fr-FR","@id":"https:\/\/www.africa-press.net\/gabon\/toutes-les-actualites\/lambarene-berre-reconforte-les-victimes-des-inondations#primaryimage","url":"https:\/\/static.africa-press.net\/gabon\/sites\/54\/2022\/11\/postQueueImg_1669226596.96.jpg","contentUrl":"https:\/\/static.africa-press.net\/gabon\/sites\/54\/2022\/11\/postQueueImg_1669226596.96.jpg","width":720,"height":480,"caption":"Lambar\u00e9n\u00e9\u00a0: Berre r\u00e9conforte les victimes des inondations"},{"@type":"BreadcrumbList","@id":"https:\/\/www.africa-press.net\/gabon\/toutes-les-actualites\/lambarene-berre-reconforte-les-victimes-des-inondations#breadcrumb","itemListElement":[{"@type":"ListItem","position":1,"name":"Accueil","item":"https:\/\/www.africa-press.net\/gabon\/"},{"@type":"ListItem","position":2,"name":"Lambar\u00e9n\u00e9\u00a0: Berre r\u00e9conforte les victimes des inondations"}]},{"@type":"WebSite","@id":"https:\/\/www.africa-press.net\/gabon\/#website","url":"https:\/\/www.africa-press.net\/gabon\/","name":"Gabon","description":"Just another Africa News Agency Sites site","potentialAction":[{"@type":"SearchAction","target":{"@type":"EntryPoint","urlTemplate":"https:\/\/www.africa-press.net\/gabon\/?s={search_term_string}"},"query-input":{"@type":"PropertyValueSpecification","valueRequired":true,"valueName":"search_term_string"}}],"inLanguage":"fr-FR"},{"@type":"Person","@id":"https:\/\/www.africa-press.net\/gabon\/#\/schema\/person\/2b1cf3cd81a31e3cd26889ca66d677f1","name":"cfeditorfr"}]}},"_links":{"self":[{"href":"https:\/\/www.africa-press.net\/gabon\/wp-json\/wp\/v2\/posts\/13049","targetHints":{"allow":["GET"]}}],"collection":[{"href":"https:\/\/www.africa-press.net\/gabon\/wp-json\/wp\/v2\/posts"}],"about":[{"href":"https:\/\/www.africa-press.net\/gabon\/wp-json\/wp\/v2\/types\/post"}],"author":[{"embeddable":true,"href":"https:\/\/www.africa-press.net\/gabon\/wp-json\/wp\/v2\/users\/82"}],"replies":[{"embeddable":true,"href":"https:\/\/www.africa-press.net\/gabon\/wp-json\/wp\/v2\/comments?post=13049"}],"version-history":[{"count":0,"href":"https:\/\/www.africa-press.net\/gabon\/wp-json\/wp\/v2\/posts\/13049\/revisions"}],"wp:featuredmedia":[{"embeddable":true,"href":"https:\/\/www.africa-press.net\/gabon\/wp-json\/wp\/v2\/media\/13048"}],"wp:attachment":[{"href":"https:\/\/www.africa-press.net\/gabon\/wp-json\/wp\/v2\/media?parent=13049"}],"wp:term":[{"taxonomy":"category","embeddable":true,"href":"https:\/\/www.africa-press.net\/gabon\/wp-json\/wp\/v2\/categories?post=13049"},{"taxonomy":"post_tag","embeddable":true,"href":"https:\/\/www.africa-press.net\/gabon\/wp-json\/wp\/v2\/tags?post=13049"}],"curies":[{"name":"wp","href":"https:\/\/api.w.org\/{rel}","templated":true}]}}