{"id":13055,"date":"2022-11-23T21:33:33","date_gmt":"2022-11-23T21:33:33","guid":{"rendered":"https:\/\/www.africa-press.net\/gabon\/politique\/gabon-le-cri-dalarme-des-populations-dagnang-privees-de-dispensaire-depuis-7-ans"},"modified":"2022-11-23T22:01:47","modified_gmt":"2022-11-23T22:01:47","slug":"gabon-le-cri-dalarme-des-populations-dagnang-privees-de-dispensaire-depuis-7-ans","status":"publish","type":"post","link":"https:\/\/www.africa-press.net\/gabon\/toutes-les-actualites\/gabon-le-cri-dalarme-des-populations-dagnang-privees-de-dispensaire-depuis-7-ans","title":{"rendered":"Gabon : le cri d\u2019alarme des populations d\u2019Agnang, priv\u00e9es de dispensaire depuis 7 ans"},"content":{"rendered":"<p><span style=\"color: #ff6600\"><strong>Africa-Press &#8211; Gabon. <\/strong><\/span>Alors qu\u2019ils assurent avoir interpelle\u0301 les autorite\u0301s sur leur situation, les populations d\u2019Agnang (Ovang), dans l\u2019Ogooue\u0301-Ivindo, sont prive\u0301es de soins me\u0301dicaux depuis la fermeture de leur dispensaire il y a 7 ans. Une fermeture qui ne leur aurait jamais e\u0301te\u0301 explique\u0301e.<\/p>\n<p>Il faudra sans nul doute attendre la pe\u0301riode des campagnes e\u0301lectorales de 2023. Pour l\u2019heure, les promesses du gouvernement quant a\u0300 l\u2019ame\u0301lioration de l\u2019acce\u0300s des populations aux soins me\u0301dicaux tardent a\u0300 e\u0302tre suivies d\u2019effet, particulie\u0300rement dans les villages et autres zones recule\u0301es du pays. A\u0300 Agnang, a\u0300 Ovan (de\u0301partement de la Mvoung) les populations en font la dure expe\u0301rience depuis 2015.<\/p>\n<p>Dans cette localite\u0301 de la province de l\u2019Ogooue\u0301-Ivindo, le dispensaire construit depuis plusieurs anne\u0301es a cesse\u0301 d\u2019e\u0302tre fonctionnel. Ni me\u0301dicaments ni personnel me\u0301dical, le ba\u0302timent tombe en ruine. La situation est ve\u0301cue depuis 7 ans par les villageois qui n\u2019ont pas manque\u0301 l\u2019occasion du passage de nos confre\u0300res de Gabon 1e\u0300re pour lancer a\u0300 nouveau un cri d\u2019alarme a\u0300 l\u2019adresse des autorite\u0301s. \u00abPour nous soigner, nous allons au centre me\u0301dical d\u2019Ovan pour ceux qui en ont les moyens\u00bb, confie un villageois.<\/p>\n<p>\u00abNous ignorons la raison pour laquelle ce centre est ferme\u0301. Nous avons essaye\u0301 de joindre qui de droit pour qu\u2019il soit rouvert\u00bb, assure une habitante du village qui compte en majorite\u0301 des personnes du 3e a\u0302ge. Leurs interpellations souvent adresse\u0301es sous forme de correspondances au pre\u0301fet notamment n\u2019ont jusque-la\u0300 pas e\u0301te\u0301 entendues ou prises en conside\u0301ration.<\/p>\n<p><strong>Pour plus d&rsquo;informations et d&rsquo;analyses sur la <a href=\"https:\/\/www.africa-press.net\/gabon\">Gabon<\/a>, suivez <a href=\"https:\/\/www.africa-press.net\/\">Africa-Press<\/a><\/strong><\/p>\n","protected":false},"excerpt":{"rendered":"<p>Africa-Press &#8211; Gabon. Alors qu\u2019ils assurent avoir interpelle\u0301 les autorite\u0301s sur leur situation, les populations d\u2019Agnang (Ovang), dans l\u2019Ogooue\u0301-Ivindo, sont prive\u0301es de soins me\u0301dicaux depuis la fermeture de leur dispensaire il y a 7 ans. Une fermeture qui ne leur aurait jamais e\u0301te\u0301 explique\u0301e. Il faudra sans nul doute attendre la pe\u0301riode des campagnes e\u0301lectorales [&hellip;]<\/p>\n","protected":false},"author":82,"featured_media":13054,"comment_status":"open","ping_status":"closed","sticky":false,"template":"","format":"standard","meta":{"footnotes":""},"categories":[21,10],"tags":[36,50,49],"class_list":["post-13055","post","type-post","status-publish","format-standard","has-post-thumbnail","hentry","category-communaute","category-toutes-les-actualites","tag-africa-press","tag-africa-press-gabon","tag-gabon"],"yoast_head":"<!-- This site is optimized with the Yoast SEO Premium plugin v26.1 (Yoast SEO v27.0) - https:\/\/yoast.com\/product\/yoast-seo-premium-wordpress\/ -->\n<title>Gabon : le cri d\u2019alarme des populations d\u2019Agnang, priv\u00e9es de dispensaire depuis 7 ans - Gabon<\/title>\n<meta name=\"description\" content=\"Alors qu\u2019ils assurent avoir interpelle\u0301 les autorite\u0301s sur leur situation, les populations d\u2019Agnang (Ovang), dans l\u2019Ogoo ...\" \/>\n<meta name=\"robots\" content=\"index, follow, max-snippet:-1, max-image-preview:large, max-video-preview:-1\" \/>\n<link rel=\"canonical\" href=\"https:\/\/www.africa-press.net\/gabon\/toutes-les-actualites\/gabon-le-cri-dalarme-des-populations-dagnang-privees-de-dispensaire-depuis-7-ans\" \/>\n<meta property=\"og:locale\" content=\"fr_FR\" \/>\n<meta property=\"og:type\" content=\"article\" \/>\n<meta property=\"og:title\" content=\"Gabon : le cri d\u2019alarme des populations d\u2019Agnang, priv\u00e9es de dispensaire depuis 7 ans\" \/>\n<meta property=\"og:description\" content=\"Alors qu\u2019ils assurent avoir interpelle\u0301 les autorite\u0301s sur leur situation, les populations d\u2019Agnang (Ovang), dans l\u2019Ogoo ...\" \/>\n<meta property=\"og:url\" content=\"https:\/\/www.africa-press.net\/gabon\/toutes-les-actualites\/gabon-le-cri-dalarme-des-populations-dagnang-privees-de-dispensaire-depuis-7-ans\" \/>\n<meta property=\"og:site_name\" content=\"Gabon\" \/>\n<meta property=\"article:published_time\" content=\"2022-11-23T21:33:33+00:00\" \/>\n<meta property=\"article:modified_time\" content=\"2022-11-23T22:01:47+00:00\" \/>\n<meta property=\"og:image\" content=\"https:\/\/static.africa-press.net\/gabon\/sites\/54\/2022\/11\/postQueueImg_1669226617.32.jpg\" \/>\n\t<meta property=\"og:image:width\" content=\"720\" \/>\n\t<meta property=\"og:image:height\" content=\"338\" \/>\n\t<meta property=\"og:image:type\" content=\"image\/jpeg\" \/>\n<meta name=\"author\" content=\"cfeditorfr\" \/>\n<meta name=\"twitter:card\" content=\"summary_large_image\" \/>\n<meta name=\"twitter:label1\" content=\"\u00c9crit par\" \/>\n\t<meta name=\"twitter:data1\" content=\"cfeditorfr\" \/>\n\t<meta name=\"twitter:label2\" content=\"Dur\u00e9e de lecture estim\u00e9e\" \/>\n\t<meta name=\"twitter:data2\" content=\"2 minutes\" \/>\n<script type=\"application\/ld+json\" class=\"yoast-schema-graph\">{\"@context\":\"https:\/\/schema.org\",\"@graph\":[{\"@type\":\"Article\",\"@id\":\"https:\/\/www.africa-press.net\/gabon\/toutes-les-actualites\/gabon-le-cri-dalarme-des-populations-dagnang-privees-de-dispensaire-depuis-7-ans#article\",\"isPartOf\":{\"@id\":\"https:\/\/www.africa-press.net\/gabon\/toutes-les-actualites\/gabon-le-cri-dalarme-des-populations-dagnang-privees-de-dispensaire-depuis-7-ans\"},\"author\":{\"name\":\"cfeditorfr\",\"@id\":\"https:\/\/www.africa-press.net\/gabon\/#\/schema\/person\/2b1cf3cd81a31e3cd26889ca66d677f1\"},\"headline\":\"Gabon : le cri d\u2019alarme des populations d\u2019Agnang, priv\u00e9es de dispensaire depuis 7 ans\",\"datePublished\":\"2022-11-23T21:33:33+00:00\",\"dateModified\":\"2022-11-23T22:01:47+00:00\",\"mainEntityOfPage\":{\"@id\":\"https:\/\/www.africa-press.net\/gabon\/toutes-les-actualites\/gabon-le-cri-dalarme-des-populations-dagnang-privees-de-dispensaire-depuis-7-ans\"},\"wordCount\":313,\"commentCount\":0,\"image\":{\"@id\":\"https:\/\/www.africa-press.net\/gabon\/toutes-les-actualites\/gabon-le-cri-dalarme-des-populations-dagnang-privees-de-dispensaire-depuis-7-ans#primaryimage\"},\"thumbnailUrl\":\"https:\/\/static.africa-press.net\/gabon\/sites\/54\/2022\/11\/postQueueImg_1669226617.32.jpg\",\"keywords\":[\"Africa Press\",\"Africa Press-Gabon\",\"Gabon\"],\"articleSection\":[\"Communaut\u00e9\",\"Toutes les actualit\u00e9s\"],\"inLanguage\":\"fr-FR\",\"potentialAction\":[{\"@type\":\"CommentAction\",\"name\":\"Comment\",\"target\":[\"https:\/\/www.africa-press.net\/gabon\/toutes-les-actualites\/gabon-le-cri-dalarme-des-populations-dagnang-privees-de-dispensaire-depuis-7-ans#respond\"]}]},{\"@type\":\"WebPage\",\"@id\":\"https:\/\/www.africa-press.net\/gabon\/toutes-les-actualites\/gabon-le-cri-dalarme-des-populations-dagnang-privees-de-dispensaire-depuis-7-ans\",\"url\":\"https:\/\/www.africa-press.net\/gabon\/toutes-les-actualites\/gabon-le-cri-dalarme-des-populations-dagnang-privees-de-dispensaire-depuis-7-ans\",\"name\":\"Gabon : le cri d\u2019alarme des populations d\u2019Agnang, priv\u00e9es de dispensaire depuis 7 ans - Gabon\",\"isPartOf\":{\"@id\":\"https:\/\/www.africa-press.net\/gabon\/#website\"},\"primaryImageOfPage\":{\"@id\":\"https:\/\/www.africa-press.net\/gabon\/toutes-les-actualites\/gabon-le-cri-dalarme-des-populations-dagnang-privees-de-dispensaire-depuis-7-ans#primaryimage\"},\"image\":{\"@id\":\"https:\/\/www.africa-press.net\/gabon\/toutes-les-actualites\/gabon-le-cri-dalarme-des-populations-dagnang-privees-de-dispensaire-depuis-7-ans#primaryimage\"},\"thumbnailUrl\":\"https:\/\/static.africa-press.net\/gabon\/sites\/54\/2022\/11\/postQueueImg_1669226617.32.jpg\",\"datePublished\":\"2022-11-23T21:33:33+00:00\",\"dateModified\":\"2022-11-23T22:01:47+00:00\",\"author\":{\"@id\":\"https:\/\/www.africa-press.net\/gabon\/#\/schema\/person\/2b1cf3cd81a31e3cd26889ca66d677f1\"},\"description\":\"Alors qu\u2019ils assurent avoir interpelle\u0301 les autorite\u0301s sur leur situation, les populations d\u2019Agnang (Ovang), dans l\u2019Ogoo ...\",\"breadcrumb\":{\"@id\":\"https:\/\/www.africa-press.net\/gabon\/toutes-les-actualites\/gabon-le-cri-dalarme-des-populations-dagnang-privees-de-dispensaire-depuis-7-ans#breadcrumb\"},\"inLanguage\":\"fr-FR\",\"potentialAction\":[{\"@type\":\"ReadAction\",\"target\":[\"https:\/\/www.africa-press.net\/gabon\/toutes-les-actualites\/gabon-le-cri-dalarme-des-populations-dagnang-privees-de-dispensaire-depuis-7-ans\"]}]},{\"@type\":\"ImageObject\",\"inLanguage\":\"fr-FR\",\"@id\":\"https:\/\/www.africa-press.net\/gabon\/toutes-les-actualites\/gabon-le-cri-dalarme-des-populations-dagnang-privees-de-dispensaire-depuis-7-ans#primaryimage\",\"url\":\"https:\/\/static.africa-press.net\/gabon\/sites\/54\/2022\/11\/postQueueImg_1669226617.32.jpg\",\"contentUrl\":\"https:\/\/static.africa-press.net\/gabon\/sites\/54\/2022\/11\/postQueueImg_1669226617.32.jpg\",\"width\":720,\"height\":338,\"caption\":\"Gabon : le cri d\u2019alarme des populations d\u2019Agnang, priv\u00e9es de dispensaire depuis 7 ans\"},{\"@type\":\"BreadcrumbList\",\"@id\":\"https:\/\/www.africa-press.net\/gabon\/toutes-les-actualites\/gabon-le-cri-dalarme-des-populations-dagnang-privees-de-dispensaire-depuis-7-ans#breadcrumb\",\"itemListElement\":[{\"@type\":\"ListItem\",\"position\":1,\"name\":\"Accueil\",\"item\":\"https:\/\/www.africa-press.net\/gabon\/\"},{\"@type\":\"ListItem\",\"position\":2,\"name\":\"Gabon : le cri d\u2019alarme des populations d\u2019Agnang, priv\u00e9es de dispensaire depuis 7 ans\"}]},{\"@type\":\"WebSite\",\"@id\":\"https:\/\/www.africa-press.net\/gabon\/#website\",\"url\":\"https:\/\/www.africa-press.net\/gabon\/\",\"name\":\"Gabon\",\"description\":\"Just another Africa News Agency Sites site\",\"potentialAction\":[{\"@type\":\"SearchAction\",\"target\":{\"@type\":\"EntryPoint\",\"urlTemplate\":\"https:\/\/www.africa-press.net\/gabon\/?s={search_term_string}\"},\"query-input\":{\"@type\":\"PropertyValueSpecification\",\"valueRequired\":true,\"valueName\":\"search_term_string\"}}],\"inLanguage\":\"fr-FR\"},{\"@type\":\"Person\",\"@id\":\"https:\/\/www.africa-press.net\/gabon\/#\/schema\/person\/2b1cf3cd81a31e3cd26889ca66d677f1\",\"name\":\"cfeditorfr\"}]}<\/script>\n<!-- \/ Yoast SEO Premium plugin. -->","yoast_head_json":{"title":"Gabon : le cri d\u2019alarme des populations d\u2019Agnang, priv\u00e9es de dispensaire depuis 7 ans - Gabon","description":"Alors qu\u2019ils assurent avoir interpelle\u0301 les autorite\u0301s sur leur situation, les populations d\u2019Agnang (Ovang), dans l\u2019Ogoo ...","robots":{"index":"index","follow":"follow","max-snippet":"max-snippet:-1","max-image-preview":"max-image-preview:large","max-video-preview":"max-video-preview:-1"},"canonical":"https:\/\/www.africa-press.net\/gabon\/toutes-les-actualites\/gabon-le-cri-dalarme-des-populations-dagnang-privees-de-dispensaire-depuis-7-ans","og_locale":"fr_FR","og_type":"article","og_title":"Gabon : le cri d\u2019alarme des populations d\u2019Agnang, priv\u00e9es de dispensaire depuis 7 ans","og_description":"Alors qu\u2019ils assurent avoir interpelle\u0301 les autorite\u0301s sur leur situation, les populations d\u2019Agnang (Ovang), dans l\u2019Ogoo ...","og_url":"https:\/\/www.africa-press.net\/gabon\/toutes-les-actualites\/gabon-le-cri-dalarme-des-populations-dagnang-privees-de-dispensaire-depuis-7-ans","og_site_name":"Gabon","article_published_time":"2022-11-23T21:33:33+00:00","article_modified_time":"2022-11-23T22:01:47+00:00","og_image":[{"width":720,"height":338,"url":"https:\/\/static.africa-press.net\/gabon\/sites\/54\/2022\/11\/postQueueImg_1669226617.32.jpg","type":"image\/jpeg"}],"author":"cfeditorfr","twitter_card":"summary_large_image","twitter_misc":{"\u00c9crit par":"cfeditorfr","Dur\u00e9e de lecture estim\u00e9e":"2 minutes"},"schema":{"@context":"https:\/\/schema.org","@graph":[{"@type":"Article","@id":"https:\/\/www.africa-press.net\/gabon\/toutes-les-actualites\/gabon-le-cri-dalarme-des-populations-dagnang-privees-de-dispensaire-depuis-7-ans#article","isPartOf":{"@id":"https:\/\/www.africa-press.net\/gabon\/toutes-les-actualites\/gabon-le-cri-dalarme-des-populations-dagnang-privees-de-dispensaire-depuis-7-ans"},"author":{"name":"cfeditorfr","@id":"https:\/\/www.africa-press.net\/gabon\/#\/schema\/person\/2b1cf3cd81a31e3cd26889ca66d677f1"},"headline":"Gabon : le cri d\u2019alarme des populations d\u2019Agnang, priv\u00e9es de dispensaire depuis 7 ans","datePublished":"2022-11-23T21:33:33+00:00","dateModified":"2022-11-23T22:01:47+00:00","mainEntityOfPage":{"@id":"https:\/\/www.africa-press.net\/gabon\/toutes-les-actualites\/gabon-le-cri-dalarme-des-populations-dagnang-privees-de-dispensaire-depuis-7-ans"},"wordCount":313,"commentCount":0,"image":{"@id":"https:\/\/www.africa-press.net\/gabon\/toutes-les-actualites\/gabon-le-cri-dalarme-des-populations-dagnang-privees-de-dispensaire-depuis-7-ans#primaryimage"},"thumbnailUrl":"https:\/\/static.africa-press.net\/gabon\/sites\/54\/2022\/11\/postQueueImg_1669226617.32.jpg","keywords":["Africa Press","Africa Press-Gabon","Gabon"],"articleSection":["Communaut\u00e9","Toutes les actualit\u00e9s"],"inLanguage":"fr-FR","potentialAction":[{"@type":"CommentAction","name":"Comment","target":["https:\/\/www.africa-press.net\/gabon\/toutes-les-actualites\/gabon-le-cri-dalarme-des-populations-dagnang-privees-de-dispensaire-depuis-7-ans#respond"]}]},{"@type":"WebPage","@id":"https:\/\/www.africa-press.net\/gabon\/toutes-les-actualites\/gabon-le-cri-dalarme-des-populations-dagnang-privees-de-dispensaire-depuis-7-ans","url":"https:\/\/www.africa-press.net\/gabon\/toutes-les-actualites\/gabon-le-cri-dalarme-des-populations-dagnang-privees-de-dispensaire-depuis-7-ans","name":"Gabon : le cri d\u2019alarme des populations d\u2019Agnang, priv\u00e9es de dispensaire depuis 7 ans - Gabon","isPartOf":{"@id":"https:\/\/www.africa-press.net\/gabon\/#website"},"primaryImageOfPage":{"@id":"https:\/\/www.africa-press.net\/gabon\/toutes-les-actualites\/gabon-le-cri-dalarme-des-populations-dagnang-privees-de-dispensaire-depuis-7-ans#primaryimage"},"image":{"@id":"https:\/\/www.africa-press.net\/gabon\/toutes-les-actualites\/gabon-le-cri-dalarme-des-populations-dagnang-privees-de-dispensaire-depuis-7-ans#primaryimage"},"thumbnailUrl":"https:\/\/static.africa-press.net\/gabon\/sites\/54\/2022\/11\/postQueueImg_1669226617.32.jpg","datePublished":"2022-11-23T21:33:33+00:00","dateModified":"2022-11-23T22:01:47+00:00","author":{"@id":"https:\/\/www.africa-press.net\/gabon\/#\/schema\/person\/2b1cf3cd81a31e3cd26889ca66d677f1"},"description":"Alors qu\u2019ils assurent avoir interpelle\u0301 les autorite\u0301s sur leur situation, les populations d\u2019Agnang (Ovang), dans l\u2019Ogoo ...","breadcrumb":{"@id":"https:\/\/www.africa-press.net\/gabon\/toutes-les-actualites\/gabon-le-cri-dalarme-des-populations-dagnang-privees-de-dispensaire-depuis-7-ans#breadcrumb"},"inLanguage":"fr-FR","potentialAction":[{"@type":"ReadAction","target":["https:\/\/www.africa-press.net\/gabon\/toutes-les-actualites\/gabon-le-cri-dalarme-des-populations-dagnang-privees-de-dispensaire-depuis-7-ans"]}]},{"@type":"ImageObject","inLanguage":"fr-FR","@id":"https:\/\/www.africa-press.net\/gabon\/toutes-les-actualites\/gabon-le-cri-dalarme-des-populations-dagnang-privees-de-dispensaire-depuis-7-ans#primaryimage","url":"https:\/\/static.africa-press.net\/gabon\/sites\/54\/2022\/11\/postQueueImg_1669226617.32.jpg","contentUrl":"https:\/\/static.africa-press.net\/gabon\/sites\/54\/2022\/11\/postQueueImg_1669226617.32.jpg","width":720,"height":338,"caption":"Gabon : le cri d\u2019alarme des populations d\u2019Agnang, priv\u00e9es de dispensaire depuis 7 ans"},{"@type":"BreadcrumbList","@id":"https:\/\/www.africa-press.net\/gabon\/toutes-les-actualites\/gabon-le-cri-dalarme-des-populations-dagnang-privees-de-dispensaire-depuis-7-ans#breadcrumb","itemListElement":[{"@type":"ListItem","position":1,"name":"Accueil","item":"https:\/\/www.africa-press.net\/gabon\/"},{"@type":"ListItem","position":2,"name":"Gabon : le cri d\u2019alarme des populations d\u2019Agnang, priv\u00e9es de dispensaire depuis 7 ans"}]},{"@type":"WebSite","@id":"https:\/\/www.africa-press.net\/gabon\/#website","url":"https:\/\/www.africa-press.net\/gabon\/","name":"Gabon","description":"Just another Africa News Agency Sites site","potentialAction":[{"@type":"SearchAction","target":{"@type":"EntryPoint","urlTemplate":"https:\/\/www.africa-press.net\/gabon\/?s={search_term_string}"},"query-input":{"@type":"PropertyValueSpecification","valueRequired":true,"valueName":"search_term_string"}}],"inLanguage":"fr-FR"},{"@type":"Person","@id":"https:\/\/www.africa-press.net\/gabon\/#\/schema\/person\/2b1cf3cd81a31e3cd26889ca66d677f1","name":"cfeditorfr"}]}},"_links":{"self":[{"href":"https:\/\/www.africa-press.net\/gabon\/wp-json\/wp\/v2\/posts\/13055","targetHints":{"allow":["GET"]}}],"collection":[{"href":"https:\/\/www.africa-press.net\/gabon\/wp-json\/wp\/v2\/posts"}],"about":[{"href":"https:\/\/www.africa-press.net\/gabon\/wp-json\/wp\/v2\/types\/post"}],"author":[{"embeddable":true,"href":"https:\/\/www.africa-press.net\/gabon\/wp-json\/wp\/v2\/users\/82"}],"replies":[{"embeddable":true,"href":"https:\/\/www.africa-press.net\/gabon\/wp-json\/wp\/v2\/comments?post=13055"}],"version-history":[{"count":0,"href":"https:\/\/www.africa-press.net\/gabon\/wp-json\/wp\/v2\/posts\/13055\/revisions"}],"wp:featuredmedia":[{"embeddable":true,"href":"https:\/\/www.africa-press.net\/gabon\/wp-json\/wp\/v2\/media\/13054"}],"wp:attachment":[{"href":"https:\/\/www.africa-press.net\/gabon\/wp-json\/wp\/v2\/media?parent=13055"}],"wp:term":[{"taxonomy":"category","embeddable":true,"href":"https:\/\/www.africa-press.net\/gabon\/wp-json\/wp\/v2\/categories?post=13055"},{"taxonomy":"post_tag","embeddable":true,"href":"https:\/\/www.africa-press.net\/gabon\/wp-json\/wp\/v2\/tags?post=13055"}],"curies":[{"name":"wp","href":"https:\/\/api.w.org\/{rel}","templated":true}]}}