{"id":13070,"date":"2022-11-23T21:34:48","date_gmt":"2022-11-23T21:34:48","guid":{"rendered":"https:\/\/www.africa-press.net\/gabon\/politique\/gabon-vers-la-construction-dun-siege-de-la-beac-a-mouila"},"modified":"2022-11-23T22:03:47","modified_gmt":"2022-11-23T22:03:47","slug":"gabon-vers-la-construction-dun-siege-de-la-beac-a-mouila","status":"publish","type":"post","link":"https:\/\/www.africa-press.net\/gabon\/economie\/gabon-vers-la-construction-dun-siege-de-la-beac-a-mouila","title":{"rendered":"Gabon\u00a0: Vers la construction d\u2019un si\u00e8ge de la BEAC \u00e0 Mouila"},"content":{"rendered":"<p><span style=\"color: #ff6600\"><strong>Africa-Press &#8211; Gabon. <\/strong><\/span>La ministre gabonaise de l\u2019E\u0301conomie a annonce\u0301, le 22 novembre a\u0300 N\u2019Djame\u0301na, au Tchad, la construction prochaine d\u2019un sie\u0300ge de la Banque des E\u0301tats de l\u2019Afrique centrale (BEAC) a\u0300 Mouila, dans la province de la Ngounie\u0301. \u00abLes plans architecturaux sont de\u0301ja\u0300 pre\u0302ts et nous attendons la construction de cet e\u0301difice\u00bb, a assure\u0301 Nicole Jeanine Lydie Roboty-Mbou.<\/p>\n<p>Apre\u0300s Libreville, Port-Gentil et Oyem, une quatrie\u0300me ville au Gabon devrait abriter une repre\u0301sentation de la Banque des E\u0301tats de l\u2019Afrique centrale (BEAC). L\u2019information a e\u0301te\u0301 re\u0301ve\u0301le\u0301e par la ministre de l\u2019E\u0301conomie et de la Relance, mardi a\u0300 N\u2019Djame\u0301na, en marge du symposium sur le 50e anniversaire de l\u2019institution sous-re\u0301gionale. \u00abNous nous attendons pour les anne\u0301es a\u0300 venir, a\u0300 la construction du sie\u0300ge de la BEAC a\u0300 Mouila. Les plans architecturaux sont de\u0301ja\u0300 pre\u0302ts et nous attendons la construction de cet e\u0301difice\u00bb, a annonce\u0301 Nicole Jeanine Lydie Roboty-Mbou.<\/p>\n<p>Le membre du gouvernement a e\u0301galement assiste\u0301 a\u0300 plusieurs activite\u0301s organise\u0301es dans le cadre du cinquantenaire de la BEAC, dont une exposition retrac\u0327ant l\u2019e\u0301volution des billets des anne\u0301es 20 a\u0300 nos jours. \u00abEn dehors de cette exposition, nous avons pu voir les te\u0301moignages des anciens gouverneurs qui ont montre\u0301 toutes les re\u0301formes importantes qui ont e\u0301te\u0301 mene\u0301es au sein de la BEAC, avec l\u2019implication de nos chefs d\u2019E\u0301tat pour pouvoir renforcer de manie\u0300re concre\u0300te notre espace mone\u0301taire avec les autres E\u0301tats de la Cemac. Nous avons assiste\u0301 a\u0300 des projections qui ont montre\u0301 l\u2019e\u0301volution de la construction des sie\u0300ges, par exemple au Gabon\u00bb, a-t-elle re\u0301sume\u0301.<\/p>\n<p>Mme Roboty-Mbou n\u2019a pas manque\u0301 de commenter la nouvelle gamme de billets de la BEAC, qui sera mise en circulation le 15 de\u0301cembre prochain. \u00abS\u2019agissant des nouveaux billets, c\u2019est une nouvelle gamme, qui vient ici mettre fin a\u0300 la gamme de 1992. Donc, ce sont des billets qui ont e\u0301te\u0301 renforce\u0301s au niveau se\u0301curitaire avec tout un tas de crite\u0300res pour lutter contre la falsification. Et surtout, de montrer une fois de plus les signes mone\u0301taires qui prennent en compte pas mal d\u2019informations au niveau structurel sur le billet lui-me\u0302me. C\u2019est vraiment une e\u0301volution qu\u2019il faut noter, une e\u0301volution satisfaisante\u00bb, a-t-elle conclu.<\/p>\n<p><strong>Pour plus d&rsquo;informations et d&rsquo;analyses sur la <a href=\"https:\/\/www.africa-press.net\/gabon\">Gabon<\/a>, suivez <a href=\"https:\/\/www.africa-press.net\/\">Africa-Press<\/a><\/strong><\/p>\n","protected":false},"excerpt":{"rendered":"<p>Africa-Press &#8211; Gabon. La ministre gabonaise de l\u2019E\u0301conomie a annonce\u0301, le 22 novembre a\u0300 N\u2019Djame\u0301na, au Tchad, la construction prochaine d\u2019un sie\u0300ge de la Banque des E\u0301tats de l\u2019Afrique centrale (BEAC) a\u0300 Mouila, dans la province de la Ngounie\u0301. \u00abLes plans architecturaux sont de\u0301ja\u0300 pre\u0302ts et nous attendons la construction de cet e\u0301difice\u00bb, a assure\u0301 [&hellip;]<\/p>\n","protected":false},"author":82,"featured_media":13069,"comment_status":"open","ping_status":"closed","sticky":false,"template":"","format":"standard","meta":{"footnotes":""},"categories":[3,10],"tags":[36,50,49],"class_list":["post-13070","post","type-post","status-publish","format-standard","has-post-thumbnail","hentry","category-economie","category-toutes-les-actualites","tag-africa-press","tag-africa-press-gabon","tag-gabon"],"yoast_head":"<!-- This site is optimized with the Yoast SEO Premium plugin v26.1 (Yoast SEO v27.0) - https:\/\/yoast.com\/product\/yoast-seo-premium-wordpress\/ -->\n<title>Gabon\u00a0: Vers la construction d\u2019un si\u00e8ge de la BEAC \u00e0 Mouila - Gabon<\/title>\n<meta name=\"description\" content=\"La ministre gabonaise de l\u2019E\u0301conomie a annonce\u0301, le 22 novembre a\u0300 N\u2019Djame\u0301na, au Tchad, la construction prochaine d\u2019un ...\" \/>\n<meta name=\"robots\" content=\"index, follow, max-snippet:-1, max-image-preview:large, max-video-preview:-1\" \/>\n<link rel=\"canonical\" href=\"https:\/\/www.africa-press.net\/gabon\/economie\/gabon-vers-la-construction-dun-siege-de-la-beac-a-mouila\" \/>\n<meta property=\"og:locale\" content=\"fr_FR\" \/>\n<meta property=\"og:type\" content=\"article\" \/>\n<meta property=\"og:title\" content=\"Gabon\u00a0: Vers la construction d\u2019un si\u00e8ge de la BEAC \u00e0 Mouila\" \/>\n<meta property=\"og:description\" content=\"La ministre gabonaise de l\u2019E\u0301conomie a annonce\u0301, le 22 novembre a\u0300 N\u2019Djame\u0301na, au Tchad, la construction prochaine d\u2019un ...\" \/>\n<meta property=\"og:url\" content=\"https:\/\/www.africa-press.net\/gabon\/economie\/gabon-vers-la-construction-dun-siege-de-la-beac-a-mouila\" \/>\n<meta property=\"og:site_name\" content=\"Gabon\" \/>\n<meta property=\"article:published_time\" content=\"2022-11-23T21:34:48+00:00\" \/>\n<meta property=\"article:modified_time\" content=\"2022-11-23T22:03:47+00:00\" \/>\n<meta property=\"og:image\" content=\"https:\/\/static.africa-press.net\/gabon\/sites\/54\/2022\/11\/postQueueImg_1669226693.82.jpg\" \/>\n\t<meta property=\"og:image:width\" content=\"720\" \/>\n\t<meta property=\"og:image:height\" content=\"540\" \/>\n\t<meta property=\"og:image:type\" content=\"image\/jpeg\" \/>\n<meta name=\"author\" content=\"cfeditorfr\" \/>\n<meta name=\"twitter:card\" content=\"summary_large_image\" \/>\n<meta name=\"twitter:label1\" content=\"\u00c9crit par\" \/>\n\t<meta name=\"twitter:data1\" content=\"cfeditorfr\" \/>\n\t<meta name=\"twitter:label2\" content=\"Dur\u00e9e de lecture estim\u00e9e\" \/>\n\t<meta name=\"twitter:data2\" content=\"2 minutes\" \/>\n<script type=\"application\/ld+json\" class=\"yoast-schema-graph\">{\"@context\":\"https:\/\/schema.org\",\"@graph\":[{\"@type\":\"Article\",\"@id\":\"https:\/\/www.africa-press.net\/gabon\/economie\/gabon-vers-la-construction-dun-siege-de-la-beac-a-mouila#article\",\"isPartOf\":{\"@id\":\"https:\/\/www.africa-press.net\/gabon\/economie\/gabon-vers-la-construction-dun-siege-de-la-beac-a-mouila\"},\"author\":{\"name\":\"cfeditorfr\",\"@id\":\"https:\/\/www.africa-press.net\/gabon\/#\/schema\/person\/2b1cf3cd81a31e3cd26889ca66d677f1\"},\"headline\":\"Gabon\u00a0: Vers la construction d\u2019un si\u00e8ge de la BEAC \u00e0 Mouila\",\"datePublished\":\"2022-11-23T21:34:48+00:00\",\"dateModified\":\"2022-11-23T22:03:47+00:00\",\"mainEntityOfPage\":{\"@id\":\"https:\/\/www.africa-press.net\/gabon\/economie\/gabon-vers-la-construction-dun-siege-de-la-beac-a-mouila\"},\"wordCount\":443,\"commentCount\":0,\"image\":{\"@id\":\"https:\/\/www.africa-press.net\/gabon\/economie\/gabon-vers-la-construction-dun-siege-de-la-beac-a-mouila#primaryimage\"},\"thumbnailUrl\":\"https:\/\/static.africa-press.net\/gabon\/sites\/54\/2022\/11\/postQueueImg_1669226693.82.jpg\",\"keywords\":[\"Africa Press\",\"Africa Press-Gabon\",\"Gabon\"],\"articleSection\":[\"\u00c9conomie\",\"Toutes les actualit\u00e9s\"],\"inLanguage\":\"fr-FR\",\"potentialAction\":[{\"@type\":\"CommentAction\",\"name\":\"Comment\",\"target\":[\"https:\/\/www.africa-press.net\/gabon\/economie\/gabon-vers-la-construction-dun-siege-de-la-beac-a-mouila#respond\"]}]},{\"@type\":\"WebPage\",\"@id\":\"https:\/\/www.africa-press.net\/gabon\/economie\/gabon-vers-la-construction-dun-siege-de-la-beac-a-mouila\",\"url\":\"https:\/\/www.africa-press.net\/gabon\/economie\/gabon-vers-la-construction-dun-siege-de-la-beac-a-mouila\",\"name\":\"Gabon\u00a0: Vers la construction d\u2019un si\u00e8ge de la BEAC \u00e0 Mouila - Gabon\",\"isPartOf\":{\"@id\":\"https:\/\/www.africa-press.net\/gabon\/#website\"},\"primaryImageOfPage\":{\"@id\":\"https:\/\/www.africa-press.net\/gabon\/economie\/gabon-vers-la-construction-dun-siege-de-la-beac-a-mouila#primaryimage\"},\"image\":{\"@id\":\"https:\/\/www.africa-press.net\/gabon\/economie\/gabon-vers-la-construction-dun-siege-de-la-beac-a-mouila#primaryimage\"},\"thumbnailUrl\":\"https:\/\/static.africa-press.net\/gabon\/sites\/54\/2022\/11\/postQueueImg_1669226693.82.jpg\",\"datePublished\":\"2022-11-23T21:34:48+00:00\",\"dateModified\":\"2022-11-23T22:03:47+00:00\",\"author\":{\"@id\":\"https:\/\/www.africa-press.net\/gabon\/#\/schema\/person\/2b1cf3cd81a31e3cd26889ca66d677f1\"},\"description\":\"La ministre gabonaise de l\u2019E\u0301conomie a annonce\u0301, le 22 novembre a\u0300 N\u2019Djame\u0301na, au Tchad, la construction prochaine d\u2019un ...\",\"breadcrumb\":{\"@id\":\"https:\/\/www.africa-press.net\/gabon\/economie\/gabon-vers-la-construction-dun-siege-de-la-beac-a-mouila#breadcrumb\"},\"inLanguage\":\"fr-FR\",\"potentialAction\":[{\"@type\":\"ReadAction\",\"target\":[\"https:\/\/www.africa-press.net\/gabon\/economie\/gabon-vers-la-construction-dun-siege-de-la-beac-a-mouila\"]}]},{\"@type\":\"ImageObject\",\"inLanguage\":\"fr-FR\",\"@id\":\"https:\/\/www.africa-press.net\/gabon\/economie\/gabon-vers-la-construction-dun-siege-de-la-beac-a-mouila#primaryimage\",\"url\":\"https:\/\/static.africa-press.net\/gabon\/sites\/54\/2022\/11\/postQueueImg_1669226693.82.jpg\",\"contentUrl\":\"https:\/\/static.africa-press.net\/gabon\/sites\/54\/2022\/11\/postQueueImg_1669226693.82.jpg\",\"width\":720,\"height\":540,\"caption\":\"Gabon\u00a0: Vers la construction d\u2019un si\u00e8ge de la BEAC \u00e0 Mouila\"},{\"@type\":\"BreadcrumbList\",\"@id\":\"https:\/\/www.africa-press.net\/gabon\/economie\/gabon-vers-la-construction-dun-siege-de-la-beac-a-mouila#breadcrumb\",\"itemListElement\":[{\"@type\":\"ListItem\",\"position\":1,\"name\":\"Accueil\",\"item\":\"https:\/\/www.africa-press.net\/gabon\/\"},{\"@type\":\"ListItem\",\"position\":2,\"name\":\"Gabon\u00a0: Vers la construction d\u2019un si\u00e8ge de la BEAC \u00e0 Mouila\"}]},{\"@type\":\"WebSite\",\"@id\":\"https:\/\/www.africa-press.net\/gabon\/#website\",\"url\":\"https:\/\/www.africa-press.net\/gabon\/\",\"name\":\"Gabon\",\"description\":\"Just another Africa News Agency Sites site\",\"potentialAction\":[{\"@type\":\"SearchAction\",\"target\":{\"@type\":\"EntryPoint\",\"urlTemplate\":\"https:\/\/www.africa-press.net\/gabon\/?s={search_term_string}\"},\"query-input\":{\"@type\":\"PropertyValueSpecification\",\"valueRequired\":true,\"valueName\":\"search_term_string\"}}],\"inLanguage\":\"fr-FR\"},{\"@type\":\"Person\",\"@id\":\"https:\/\/www.africa-press.net\/gabon\/#\/schema\/person\/2b1cf3cd81a31e3cd26889ca66d677f1\",\"name\":\"cfeditorfr\"}]}<\/script>\n<!-- \/ Yoast SEO Premium plugin. -->","yoast_head_json":{"title":"Gabon\u00a0: Vers la construction d\u2019un si\u00e8ge de la BEAC \u00e0 Mouila - Gabon","description":"La ministre gabonaise de l\u2019E\u0301conomie a annonce\u0301, le 22 novembre a\u0300 N\u2019Djame\u0301na, au Tchad, la construction prochaine d\u2019un ...","robots":{"index":"index","follow":"follow","max-snippet":"max-snippet:-1","max-image-preview":"max-image-preview:large","max-video-preview":"max-video-preview:-1"},"canonical":"https:\/\/www.africa-press.net\/gabon\/economie\/gabon-vers-la-construction-dun-siege-de-la-beac-a-mouila","og_locale":"fr_FR","og_type":"article","og_title":"Gabon\u00a0: Vers la construction d\u2019un si\u00e8ge de la BEAC \u00e0 Mouila","og_description":"La ministre gabonaise de l\u2019E\u0301conomie a annonce\u0301, le 22 novembre a\u0300 N\u2019Djame\u0301na, au Tchad, la construction prochaine d\u2019un ...","og_url":"https:\/\/www.africa-press.net\/gabon\/economie\/gabon-vers-la-construction-dun-siege-de-la-beac-a-mouila","og_site_name":"Gabon","article_published_time":"2022-11-23T21:34:48+00:00","article_modified_time":"2022-11-23T22:03:47+00:00","og_image":[{"width":720,"height":540,"url":"https:\/\/static.africa-press.net\/gabon\/sites\/54\/2022\/11\/postQueueImg_1669226693.82.jpg","type":"image\/jpeg"}],"author":"cfeditorfr","twitter_card":"summary_large_image","twitter_misc":{"\u00c9crit par":"cfeditorfr","Dur\u00e9e de lecture estim\u00e9e":"2 minutes"},"schema":{"@context":"https:\/\/schema.org","@graph":[{"@type":"Article","@id":"https:\/\/www.africa-press.net\/gabon\/economie\/gabon-vers-la-construction-dun-siege-de-la-beac-a-mouila#article","isPartOf":{"@id":"https:\/\/www.africa-press.net\/gabon\/economie\/gabon-vers-la-construction-dun-siege-de-la-beac-a-mouila"},"author":{"name":"cfeditorfr","@id":"https:\/\/www.africa-press.net\/gabon\/#\/schema\/person\/2b1cf3cd81a31e3cd26889ca66d677f1"},"headline":"Gabon\u00a0: Vers la construction d\u2019un si\u00e8ge de la BEAC \u00e0 Mouila","datePublished":"2022-11-23T21:34:48+00:00","dateModified":"2022-11-23T22:03:47+00:00","mainEntityOfPage":{"@id":"https:\/\/www.africa-press.net\/gabon\/economie\/gabon-vers-la-construction-dun-siege-de-la-beac-a-mouila"},"wordCount":443,"commentCount":0,"image":{"@id":"https:\/\/www.africa-press.net\/gabon\/economie\/gabon-vers-la-construction-dun-siege-de-la-beac-a-mouila#primaryimage"},"thumbnailUrl":"https:\/\/static.africa-press.net\/gabon\/sites\/54\/2022\/11\/postQueueImg_1669226693.82.jpg","keywords":["Africa Press","Africa Press-Gabon","Gabon"],"articleSection":["\u00c9conomie","Toutes les actualit\u00e9s"],"inLanguage":"fr-FR","potentialAction":[{"@type":"CommentAction","name":"Comment","target":["https:\/\/www.africa-press.net\/gabon\/economie\/gabon-vers-la-construction-dun-siege-de-la-beac-a-mouila#respond"]}]},{"@type":"WebPage","@id":"https:\/\/www.africa-press.net\/gabon\/economie\/gabon-vers-la-construction-dun-siege-de-la-beac-a-mouila","url":"https:\/\/www.africa-press.net\/gabon\/economie\/gabon-vers-la-construction-dun-siege-de-la-beac-a-mouila","name":"Gabon\u00a0: Vers la construction d\u2019un si\u00e8ge de la BEAC \u00e0 Mouila - Gabon","isPartOf":{"@id":"https:\/\/www.africa-press.net\/gabon\/#website"},"primaryImageOfPage":{"@id":"https:\/\/www.africa-press.net\/gabon\/economie\/gabon-vers-la-construction-dun-siege-de-la-beac-a-mouila#primaryimage"},"image":{"@id":"https:\/\/www.africa-press.net\/gabon\/economie\/gabon-vers-la-construction-dun-siege-de-la-beac-a-mouila#primaryimage"},"thumbnailUrl":"https:\/\/static.africa-press.net\/gabon\/sites\/54\/2022\/11\/postQueueImg_1669226693.82.jpg","datePublished":"2022-11-23T21:34:48+00:00","dateModified":"2022-11-23T22:03:47+00:00","author":{"@id":"https:\/\/www.africa-press.net\/gabon\/#\/schema\/person\/2b1cf3cd81a31e3cd26889ca66d677f1"},"description":"La ministre gabonaise de l\u2019E\u0301conomie a annonce\u0301, le 22 novembre a\u0300 N\u2019Djame\u0301na, au Tchad, la construction prochaine d\u2019un ...","breadcrumb":{"@id":"https:\/\/www.africa-press.net\/gabon\/economie\/gabon-vers-la-construction-dun-siege-de-la-beac-a-mouila#breadcrumb"},"inLanguage":"fr-FR","potentialAction":[{"@type":"ReadAction","target":["https:\/\/www.africa-press.net\/gabon\/economie\/gabon-vers-la-construction-dun-siege-de-la-beac-a-mouila"]}]},{"@type":"ImageObject","inLanguage":"fr-FR","@id":"https:\/\/www.africa-press.net\/gabon\/economie\/gabon-vers-la-construction-dun-siege-de-la-beac-a-mouila#primaryimage","url":"https:\/\/static.africa-press.net\/gabon\/sites\/54\/2022\/11\/postQueueImg_1669226693.82.jpg","contentUrl":"https:\/\/static.africa-press.net\/gabon\/sites\/54\/2022\/11\/postQueueImg_1669226693.82.jpg","width":720,"height":540,"caption":"Gabon\u00a0: Vers la construction d\u2019un si\u00e8ge de la BEAC \u00e0 Mouila"},{"@type":"BreadcrumbList","@id":"https:\/\/www.africa-press.net\/gabon\/economie\/gabon-vers-la-construction-dun-siege-de-la-beac-a-mouila#breadcrumb","itemListElement":[{"@type":"ListItem","position":1,"name":"Accueil","item":"https:\/\/www.africa-press.net\/gabon\/"},{"@type":"ListItem","position":2,"name":"Gabon\u00a0: Vers la construction d\u2019un si\u00e8ge de la BEAC \u00e0 Mouila"}]},{"@type":"WebSite","@id":"https:\/\/www.africa-press.net\/gabon\/#website","url":"https:\/\/www.africa-press.net\/gabon\/","name":"Gabon","description":"Just another Africa News Agency Sites site","potentialAction":[{"@type":"SearchAction","target":{"@type":"EntryPoint","urlTemplate":"https:\/\/www.africa-press.net\/gabon\/?s={search_term_string}"},"query-input":{"@type":"PropertyValueSpecification","valueRequired":true,"valueName":"search_term_string"}}],"inLanguage":"fr-FR"},{"@type":"Person","@id":"https:\/\/www.africa-press.net\/gabon\/#\/schema\/person\/2b1cf3cd81a31e3cd26889ca66d677f1","name":"cfeditorfr"}]}},"_links":{"self":[{"href":"https:\/\/www.africa-press.net\/gabon\/wp-json\/wp\/v2\/posts\/13070","targetHints":{"allow":["GET"]}}],"collection":[{"href":"https:\/\/www.africa-press.net\/gabon\/wp-json\/wp\/v2\/posts"}],"about":[{"href":"https:\/\/www.africa-press.net\/gabon\/wp-json\/wp\/v2\/types\/post"}],"author":[{"embeddable":true,"href":"https:\/\/www.africa-press.net\/gabon\/wp-json\/wp\/v2\/users\/82"}],"replies":[{"embeddable":true,"href":"https:\/\/www.africa-press.net\/gabon\/wp-json\/wp\/v2\/comments?post=13070"}],"version-history":[{"count":0,"href":"https:\/\/www.africa-press.net\/gabon\/wp-json\/wp\/v2\/posts\/13070\/revisions"}],"wp:featuredmedia":[{"embeddable":true,"href":"https:\/\/www.africa-press.net\/gabon\/wp-json\/wp\/v2\/media\/13069"}],"wp:attachment":[{"href":"https:\/\/www.africa-press.net\/gabon\/wp-json\/wp\/v2\/media?parent=13070"}],"wp:term":[{"taxonomy":"category","embeddable":true,"href":"https:\/\/www.africa-press.net\/gabon\/wp-json\/wp\/v2\/categories?post=13070"},{"taxonomy":"post_tag","embeddable":true,"href":"https:\/\/www.africa-press.net\/gabon\/wp-json\/wp\/v2\/tags?post=13070"}],"curies":[{"name":"wp","href":"https:\/\/api.w.org\/{rel}","templated":true}]}}