{"id":13073,"date":"2022-11-23T21:35:00","date_gmt":"2022-11-23T21:35:00","guid":{"rendered":"https:\/\/www.africa-press.net\/gabon\/politique\/ministere-des-affaires-etrangeres-les-chasseurs-de-prime-et-la-tete-de-michael-moussa"},"modified":"2022-11-23T22:04:08","modified_gmt":"2022-11-23T22:04:08","slug":"ministere-des-affaires-etrangeres-les-chasseurs-de-prime-et-la-tete-de-michael-moussa","status":"publish","type":"post","link":"https:\/\/www.africa-press.net\/gabon\/toutes-les-actualites\/ministere-des-affaires-etrangeres-les-chasseurs-de-prime-et-la-tete-de-michael-moussa","title":{"rendered":"Minist\u00e8re des Affaires \u00e9trang\u00e8res : Les chasseurs de prime et la t\u00eate de Michael Moussa"},"content":{"rendered":"<p><span style=\"color: #ff6600\"><strong>Africa-Press &#8211; Gabon. <\/strong><\/span><b>Revendiquant le paiement de la Prime de servitude diplomatique (PSD), non verse\u0301e depuis sept semestres, le Syndicat des agents des Affaires e\u0301trange\u0300res (SAAE) a demande\u0301, au terme d\u2019une assemble\u0301e ge\u0301ne\u0301rale le 22 novembre, le de\u0301part du secre\u0301taire ge\u0301ne\u0301ral de leur ministe\u0300re et du ministre des Affaires e\u0301trange\u0300res. Si celui-ci n\u2019est arrive\u0301 a\u0300 la te\u0302te du de\u0301partement que depuis mars dernier, le syndicat lui reproche une certaine arrogance. Ce qu\u2019il en est re\u0301ellement, selon les explications de part et d\u2019autre. <\/b><\/p>\n<p>Entre de\u0301cision de faire une marche en direction la pre\u0301sidence de la Re\u0301publique et demande du de\u0301part de Michael Moussa Adamo, le ministre des Affaires e\u0301trange\u0300res, ainsi que du secre\u0301taire ge\u0301ne\u0301ral dudit ministe\u0300re, le Syndicat des agents des Affaires e\u0301trange\u0300res (SAAE) s\u2019est re\u0301uni en en Assemble\u0301e ge\u0301ne\u0301rale extraordinaire le 22 novembre. Revendiquant principalement le paiement de la Prime de servitudes diplomatiques (PSD), le SAAE dit avoir de\u0301pose\u0301 en septembre dernier, un dossier au Conseil d\u2019Etat. Lequel, assure Andre\u0301 Assou Allo le pre\u0301sident du syndicat, \u00absuit son cours normal\u00bb. Le syndicat qui dit e\u0301galement avoir eu, durant cette pe\u0301riode une se\u0301ance de travail avec la Direction ge\u0301ne\u0301rale de la documentation et de l\u2019immigration (DGDI) quant aux revendications, de\u0301nonce \u00abdes man\u0153uvres sordides de la tutelle\u00bb.<\/p>\n<p>A en croire le SAAE, le ministre Moussa Adamo et ses collaborateurs veulent \u00abe\u0301touffer les revendications le\u0301gitimes des agents\u00bb. Les agents affilie\u0301s audit syndicat en veulent pour preuve, l\u2019instauration par la tutelle, des listes de pre\u0301sence au poste. En pe\u0301riode de gre\u0300ve ge\u0301ne\u0301rale illimite\u0301e, ils jugent la de\u0301marche \u00abillicite\u00bb et contraire aux textes en vigueur en Re\u0301publique gabonaise. Principalement, les dispositions de la loi n\u00b01\/2005 du 4 fe\u0301vrier 2005 portant Statut ge\u0301ne\u0301ral de la Fonction publique. Notamment, en ses articles 54, 56, 57 et 58. D\u2019ou\u0300, la demande de la te\u0302te du ministre des Affaires e\u0301trange\u0300res et du secre\u0301taire ge\u0301ne\u0301ral dudit ministe\u0300re.<\/p>\n<p><b>Peine perdue ?<\/b><\/p>\n<p>Contacte\u0301 par GabonReview, un haut cadre du ministe\u0300re trouve maladroite, la de\u0301marche du SAAE. La gre\u0300ve daterait de plusieurs anne\u0301es, mais depuis le 8 mars 2022, ces agents re\u0301clament 7 semestres d\u2019arrie\u0301re\u0301s de PSD. Autrement dit des arrie\u0301re\u0301s datant d\u2019environ trois ans et demi.<\/p>\n<p>Cette prime, selon le haut fonctionnaire ayant opte\u0301 pour l\u2019anonymat, e\u0301tait alimente\u0301e par les recettes visas alors paye\u0301es par des pays comme le Cameroun et autres de la sous-re\u0301gion. Les visas ayant e\u0301te\u0301 supprime\u0301s du fait de l\u2019institution de la libre circulation des biens et personnes dans la CEMAC, cette prime, indique-t-il, a donc du mal a\u0300 e\u0302tre paye\u0301e. Par ailleurs, \u00abplus de la moitie\u0301 de ces agents ne viennent pas au travail. Ils viennent seulement tous les 3 mois manifester pour une prime\u00bb, regrette le haut cadre, \u2018ve\u0301te\u0301ran\u2019 du ministe\u0300re. A l\u2019en croire, ces agents sont pour la plupart des personnels de la main d\u2019\u0153uvre non permanente. A ce qu\u2019il se raconte c\u0327a et la\u0300 dans les couloirs du ministe\u0300re, des re\u0301unions ont e\u0301te\u0301 convoque\u0301es pour trouver les moyens de pe\u0301renniser la prime revendique\u0301e, compte tenu du nouveau contexte, mais le SAAE n\u2019a pas adhe\u0301re\u0301 a\u0300 la de\u0301marche.<\/p>\n<p>Pour un autre ve\u0301te\u0301ran du ministe\u0300re, cette gre\u0300ve est politique d\u2019autant plus que ceux qui demandent la te\u0302te du ministre, auraient boycotte\u0301 le comite\u0301 mis en place pour ge\u0301rer la proble\u0301matique. \u00abLa PSD e\u0301tait paye\u0301e par des recettes visas qui n\u2019existent plus. Elle est revendique\u0301e par des personnes qui ne viennent pas au boulot si ce n\u2019est tous les 3 mois pour la re\u0301clamer\u00bb, a insiste\u0301 le haut cadre qui est tente\u0301 de croire que dans ce contexte, le syndicat n\u2019aura pas gain de cause. Visiblement bien informe\u0301, un autre cadre, ancien diplomate revenu a\u0300 la centrale (le ministe\u0300re des affaires e\u0301trange\u0300res), rappelle que le SAEE revendique 7 semestres d\u2019arrie\u0301re\u0301s de primes, or le ministre actuel n\u2019est la\u0300 que depuis biento\u0302t 2 semestres.<\/p>\n<p>Le ministre des Affaires e\u0301trange\u0300res a mis en place un comite\u0301 pre\u0301side\u0301 par la ministre de\u0301le\u0301gue\u0301e Yolande Nyonda. Objectif : e\u0301tudier les voies et moyens pour trouver des sources de financement, re\u0301former et pe\u0301renniser la PSD. \u00abEt le Syndicat le sais tre\u0300s bien\u00bb, souligne la me\u0302me source. Dans les faits, la PSD n\u2019e\u0301tait octroye\u0301e qu\u2019aux seuls fonctionnaires de la centrale et pas a\u0300 ceux de l\u2019exte\u0301rieur. Par ailleurs et malheureusement, les recettes Visas, dans les pays ou\u0300 ils sont encore perc\u0327us, ne sont pas verse\u0301s aux paieries. Toute chose qui cre\u0301e un de\u0301ficit quant aux financement devant couvrir la prime re\u0301clame\u0301e. \u00abQui veut et pourquoi veut-on empe\u0302cher les re\u0301formes que me\u0300ne l\u2019actuel ministre des Affaires e\u0301trange\u0300res ? Qui veut empe\u0302cher ces re\u0301formes ?\u00bb, se demande un ancien journaliste passe\u0301 par la diplomatie, aujourd\u2019hui a\u0300 la retraite mais toujours en contact avec la centrale.<\/p>\n<p>\u00abOn a du mal a\u0300 comprendre pourquoi ils demandent d\u2019ailleurs sa te\u0302te vue que quand il est arrive\u0301, il a me\u0302me essaye\u0301 de bosser avec eux. Ils ont refuse\u0301. Ils ont perdu un allie\u0301 et le ministre compte bien faire un nettoyage pour assainir ce ministe\u0300re\u00bb, laisse-t-il entendre en notant que la PSD telle qu\u2019elle existait, ne profitait pas aux personnes qui la me\u0301ritent.<\/p>\n<p><strong>Pour plus d&rsquo;informations et d&rsquo;analyses sur la <a href=\"https:\/\/www.africa-press.net\/gabon\">Gabon<\/a>, suivez <a href=\"https:\/\/www.africa-press.net\/\">Africa-Press<\/a><\/strong><\/p>\n","protected":false},"excerpt":{"rendered":"<p>Africa-Press &#8211; Gabon. Revendiquant le paiement de la Prime de servitude diplomatique (PSD), non verse\u0301e depuis sept semestres, le Syndicat des agents des Affaires e\u0301trange\u0300res (SAAE) a demande\u0301, au terme d\u2019une assemble\u0301e ge\u0301ne\u0301rale le 22 novembre, le de\u0301part du secre\u0301taire ge\u0301ne\u0301ral de leur ministe\u0300re et du ministre des Affaires e\u0301trange\u0300res. Si celui-ci n\u2019est arrive\u0301 a\u0300 [&hellip;]<\/p>\n","protected":false},"author":82,"featured_media":13072,"comment_status":"open","ping_status":"closed","sticky":false,"template":"","format":"standard","meta":{"footnotes":""},"categories":[21,10],"tags":[36,50,49],"class_list":["post-13073","post","type-post","status-publish","format-standard","has-post-thumbnail","hentry","category-communaute","category-toutes-les-actualites","tag-africa-press","tag-africa-press-gabon","tag-gabon"],"yoast_head":"<!-- This site is optimized with the Yoast SEO Premium plugin v26.1 (Yoast SEO v27.0) - https:\/\/yoast.com\/product\/yoast-seo-premium-wordpress\/ -->\n<title>Minist\u00e8re des Affaires \u00e9trang\u00e8res : Les chasseurs de prime et la t\u00eate de Michael Moussa - Gabon<\/title>\n<meta name=\"description\" content=\"Revendiquant le paiement de la Prime de servitude diplomatique (PSD), non verse\u0301e depuis sept semestres, le Syndicat ...\" \/>\n<meta name=\"robots\" content=\"index, follow, max-snippet:-1, max-image-preview:large, max-video-preview:-1\" \/>\n<link rel=\"canonical\" href=\"https:\/\/www.africa-press.net\/gabon\/toutes-les-actualites\/ministere-des-affaires-etrangeres-les-chasseurs-de-prime-et-la-tete-de-michael-moussa\" \/>\n<meta property=\"og:locale\" content=\"fr_FR\" \/>\n<meta property=\"og:type\" content=\"article\" \/>\n<meta property=\"og:title\" content=\"Minist\u00e8re des Affaires \u00e9trang\u00e8res : Les chasseurs de prime et la t\u00eate de Michael Moussa\" \/>\n<meta property=\"og:description\" content=\"Revendiquant le paiement de la Prime de servitude diplomatique (PSD), non verse\u0301e depuis sept semestres, le Syndicat ...\" \/>\n<meta property=\"og:url\" content=\"https:\/\/www.africa-press.net\/gabon\/toutes-les-actualites\/ministere-des-affaires-etrangeres-les-chasseurs-de-prime-et-la-tete-de-michael-moussa\" \/>\n<meta property=\"og:site_name\" content=\"Gabon\" \/>\n<meta property=\"article:published_time\" content=\"2022-11-23T21:35:00+00:00\" \/>\n<meta property=\"article:modified_time\" content=\"2022-11-23T22:04:08+00:00\" \/>\n<meta property=\"og:image\" content=\"https:\/\/static.africa-press.net\/gabon\/sites\/54\/2022\/11\/postQueueImg_1669226704.17.jpg\" \/>\n\t<meta property=\"og:image:width\" content=\"720\" \/>\n\t<meta property=\"og:image:height\" content=\"490\" \/>\n\t<meta property=\"og:image:type\" content=\"image\/jpeg\" \/>\n<meta name=\"author\" content=\"cfeditorfr\" \/>\n<meta name=\"twitter:card\" content=\"summary_large_image\" \/>\n<meta name=\"twitter:label1\" content=\"\u00c9crit par\" \/>\n\t<meta name=\"twitter:data1\" content=\"cfeditorfr\" \/>\n\t<meta name=\"twitter:label2\" content=\"Dur\u00e9e de lecture estim\u00e9e\" \/>\n\t<meta name=\"twitter:data2\" content=\"5 minutes\" \/>\n<script type=\"application\/ld+json\" class=\"yoast-schema-graph\">{\"@context\":\"https:\/\/schema.org\",\"@graph\":[{\"@type\":\"Article\",\"@id\":\"https:\/\/www.africa-press.net\/gabon\/toutes-les-actualites\/ministere-des-affaires-etrangeres-les-chasseurs-de-prime-et-la-tete-de-michael-moussa#article\",\"isPartOf\":{\"@id\":\"https:\/\/www.africa-press.net\/gabon\/toutes-les-actualites\/ministere-des-affaires-etrangeres-les-chasseurs-de-prime-et-la-tete-de-michael-moussa\"},\"author\":{\"name\":\"cfeditorfr\",\"@id\":\"https:\/\/www.africa-press.net\/gabon\/#\/schema\/person\/2b1cf3cd81a31e3cd26889ca66d677f1\"},\"headline\":\"Minist\u00e8re des Affaires \u00e9trang\u00e8res : Les chasseurs de prime et la t\u00eate de Michael Moussa\",\"datePublished\":\"2022-11-23T21:35:00+00:00\",\"dateModified\":\"2022-11-23T22:04:08+00:00\",\"mainEntityOfPage\":{\"@id\":\"https:\/\/www.africa-press.net\/gabon\/toutes-les-actualites\/ministere-des-affaires-etrangeres-les-chasseurs-de-prime-et-la-tete-de-michael-moussa\"},\"wordCount\":1012,\"commentCount\":0,\"image\":{\"@id\":\"https:\/\/www.africa-press.net\/gabon\/toutes-les-actualites\/ministere-des-affaires-etrangeres-les-chasseurs-de-prime-et-la-tete-de-michael-moussa#primaryimage\"},\"thumbnailUrl\":\"https:\/\/static.africa-press.net\/gabon\/sites\/54\/2022\/11\/postQueueImg_1669226704.17.jpg\",\"keywords\":[\"Africa Press\",\"Africa Press-Gabon\",\"Gabon\"],\"articleSection\":[\"Communaut\u00e9\",\"Toutes les actualit\u00e9s\"],\"inLanguage\":\"fr-FR\",\"potentialAction\":[{\"@type\":\"CommentAction\",\"name\":\"Comment\",\"target\":[\"https:\/\/www.africa-press.net\/gabon\/toutes-les-actualites\/ministere-des-affaires-etrangeres-les-chasseurs-de-prime-et-la-tete-de-michael-moussa#respond\"]}]},{\"@type\":\"WebPage\",\"@id\":\"https:\/\/www.africa-press.net\/gabon\/toutes-les-actualites\/ministere-des-affaires-etrangeres-les-chasseurs-de-prime-et-la-tete-de-michael-moussa\",\"url\":\"https:\/\/www.africa-press.net\/gabon\/toutes-les-actualites\/ministere-des-affaires-etrangeres-les-chasseurs-de-prime-et-la-tete-de-michael-moussa\",\"name\":\"Minist\u00e8re des Affaires \u00e9trang\u00e8res : Les chasseurs de prime et la t\u00eate de Michael Moussa - Gabon\",\"isPartOf\":{\"@id\":\"https:\/\/www.africa-press.net\/gabon\/#website\"},\"primaryImageOfPage\":{\"@id\":\"https:\/\/www.africa-press.net\/gabon\/toutes-les-actualites\/ministere-des-affaires-etrangeres-les-chasseurs-de-prime-et-la-tete-de-michael-moussa#primaryimage\"},\"image\":{\"@id\":\"https:\/\/www.africa-press.net\/gabon\/toutes-les-actualites\/ministere-des-affaires-etrangeres-les-chasseurs-de-prime-et-la-tete-de-michael-moussa#primaryimage\"},\"thumbnailUrl\":\"https:\/\/static.africa-press.net\/gabon\/sites\/54\/2022\/11\/postQueueImg_1669226704.17.jpg\",\"datePublished\":\"2022-11-23T21:35:00+00:00\",\"dateModified\":\"2022-11-23T22:04:08+00:00\",\"author\":{\"@id\":\"https:\/\/www.africa-press.net\/gabon\/#\/schema\/person\/2b1cf3cd81a31e3cd26889ca66d677f1\"},\"description\":\"Revendiquant le paiement de la Prime de servitude diplomatique (PSD), non verse\u0301e depuis sept semestres, le Syndicat ...\",\"breadcrumb\":{\"@id\":\"https:\/\/www.africa-press.net\/gabon\/toutes-les-actualites\/ministere-des-affaires-etrangeres-les-chasseurs-de-prime-et-la-tete-de-michael-moussa#breadcrumb\"},\"inLanguage\":\"fr-FR\",\"potentialAction\":[{\"@type\":\"ReadAction\",\"target\":[\"https:\/\/www.africa-press.net\/gabon\/toutes-les-actualites\/ministere-des-affaires-etrangeres-les-chasseurs-de-prime-et-la-tete-de-michael-moussa\"]}]},{\"@type\":\"ImageObject\",\"inLanguage\":\"fr-FR\",\"@id\":\"https:\/\/www.africa-press.net\/gabon\/toutes-les-actualites\/ministere-des-affaires-etrangeres-les-chasseurs-de-prime-et-la-tete-de-michael-moussa#primaryimage\",\"url\":\"https:\/\/static.africa-press.net\/gabon\/sites\/54\/2022\/11\/postQueueImg_1669226704.17.jpg\",\"contentUrl\":\"https:\/\/static.africa-press.net\/gabon\/sites\/54\/2022\/11\/postQueueImg_1669226704.17.jpg\",\"width\":720,\"height\":490,\"caption\":\"Minist\u00e8re des Affaires \u00e9trang\u00e8res : Les chasseurs de prime et la t\u00eate de Michael Moussa\"},{\"@type\":\"BreadcrumbList\",\"@id\":\"https:\/\/www.africa-press.net\/gabon\/toutes-les-actualites\/ministere-des-affaires-etrangeres-les-chasseurs-de-prime-et-la-tete-de-michael-moussa#breadcrumb\",\"itemListElement\":[{\"@type\":\"ListItem\",\"position\":1,\"name\":\"Accueil\",\"item\":\"https:\/\/www.africa-press.net\/gabon\/\"},{\"@type\":\"ListItem\",\"position\":2,\"name\":\"Minist\u00e8re des Affaires \u00e9trang\u00e8res : Les chasseurs de prime et la t\u00eate de Michael Moussa\"}]},{\"@type\":\"WebSite\",\"@id\":\"https:\/\/www.africa-press.net\/gabon\/#website\",\"url\":\"https:\/\/www.africa-press.net\/gabon\/\",\"name\":\"Gabon\",\"description\":\"Just another Africa News Agency Sites site\",\"potentialAction\":[{\"@type\":\"SearchAction\",\"target\":{\"@type\":\"EntryPoint\",\"urlTemplate\":\"https:\/\/www.africa-press.net\/gabon\/?s={search_term_string}\"},\"query-input\":{\"@type\":\"PropertyValueSpecification\",\"valueRequired\":true,\"valueName\":\"search_term_string\"}}],\"inLanguage\":\"fr-FR\"},{\"@type\":\"Person\",\"@id\":\"https:\/\/www.africa-press.net\/gabon\/#\/schema\/person\/2b1cf3cd81a31e3cd26889ca66d677f1\",\"name\":\"cfeditorfr\"}]}<\/script>\n<!-- \/ Yoast SEO Premium plugin. -->","yoast_head_json":{"title":"Minist\u00e8re des Affaires \u00e9trang\u00e8res : Les chasseurs de prime et la t\u00eate de Michael Moussa - Gabon","description":"Revendiquant le paiement de la Prime de servitude diplomatique (PSD), non verse\u0301e depuis sept semestres, le Syndicat ...","robots":{"index":"index","follow":"follow","max-snippet":"max-snippet:-1","max-image-preview":"max-image-preview:large","max-video-preview":"max-video-preview:-1"},"canonical":"https:\/\/www.africa-press.net\/gabon\/toutes-les-actualites\/ministere-des-affaires-etrangeres-les-chasseurs-de-prime-et-la-tete-de-michael-moussa","og_locale":"fr_FR","og_type":"article","og_title":"Minist\u00e8re des Affaires \u00e9trang\u00e8res : Les chasseurs de prime et la t\u00eate de Michael Moussa","og_description":"Revendiquant le paiement de la Prime de servitude diplomatique (PSD), non verse\u0301e depuis sept semestres, le Syndicat ...","og_url":"https:\/\/www.africa-press.net\/gabon\/toutes-les-actualites\/ministere-des-affaires-etrangeres-les-chasseurs-de-prime-et-la-tete-de-michael-moussa","og_site_name":"Gabon","article_published_time":"2022-11-23T21:35:00+00:00","article_modified_time":"2022-11-23T22:04:08+00:00","og_image":[{"width":720,"height":490,"url":"https:\/\/static.africa-press.net\/gabon\/sites\/54\/2022\/11\/postQueueImg_1669226704.17.jpg","type":"image\/jpeg"}],"author":"cfeditorfr","twitter_card":"summary_large_image","twitter_misc":{"\u00c9crit par":"cfeditorfr","Dur\u00e9e de lecture estim\u00e9e":"5 minutes"},"schema":{"@context":"https:\/\/schema.org","@graph":[{"@type":"Article","@id":"https:\/\/www.africa-press.net\/gabon\/toutes-les-actualites\/ministere-des-affaires-etrangeres-les-chasseurs-de-prime-et-la-tete-de-michael-moussa#article","isPartOf":{"@id":"https:\/\/www.africa-press.net\/gabon\/toutes-les-actualites\/ministere-des-affaires-etrangeres-les-chasseurs-de-prime-et-la-tete-de-michael-moussa"},"author":{"name":"cfeditorfr","@id":"https:\/\/www.africa-press.net\/gabon\/#\/schema\/person\/2b1cf3cd81a31e3cd26889ca66d677f1"},"headline":"Minist\u00e8re des Affaires \u00e9trang\u00e8res : Les chasseurs de prime et la t\u00eate de Michael Moussa","datePublished":"2022-11-23T21:35:00+00:00","dateModified":"2022-11-23T22:04:08+00:00","mainEntityOfPage":{"@id":"https:\/\/www.africa-press.net\/gabon\/toutes-les-actualites\/ministere-des-affaires-etrangeres-les-chasseurs-de-prime-et-la-tete-de-michael-moussa"},"wordCount":1012,"commentCount":0,"image":{"@id":"https:\/\/www.africa-press.net\/gabon\/toutes-les-actualites\/ministere-des-affaires-etrangeres-les-chasseurs-de-prime-et-la-tete-de-michael-moussa#primaryimage"},"thumbnailUrl":"https:\/\/static.africa-press.net\/gabon\/sites\/54\/2022\/11\/postQueueImg_1669226704.17.jpg","keywords":["Africa Press","Africa Press-Gabon","Gabon"],"articleSection":["Communaut\u00e9","Toutes les actualit\u00e9s"],"inLanguage":"fr-FR","potentialAction":[{"@type":"CommentAction","name":"Comment","target":["https:\/\/www.africa-press.net\/gabon\/toutes-les-actualites\/ministere-des-affaires-etrangeres-les-chasseurs-de-prime-et-la-tete-de-michael-moussa#respond"]}]},{"@type":"WebPage","@id":"https:\/\/www.africa-press.net\/gabon\/toutes-les-actualites\/ministere-des-affaires-etrangeres-les-chasseurs-de-prime-et-la-tete-de-michael-moussa","url":"https:\/\/www.africa-press.net\/gabon\/toutes-les-actualites\/ministere-des-affaires-etrangeres-les-chasseurs-de-prime-et-la-tete-de-michael-moussa","name":"Minist\u00e8re des Affaires \u00e9trang\u00e8res : Les chasseurs de prime et la t\u00eate de Michael Moussa - Gabon","isPartOf":{"@id":"https:\/\/www.africa-press.net\/gabon\/#website"},"primaryImageOfPage":{"@id":"https:\/\/www.africa-press.net\/gabon\/toutes-les-actualites\/ministere-des-affaires-etrangeres-les-chasseurs-de-prime-et-la-tete-de-michael-moussa#primaryimage"},"image":{"@id":"https:\/\/www.africa-press.net\/gabon\/toutes-les-actualites\/ministere-des-affaires-etrangeres-les-chasseurs-de-prime-et-la-tete-de-michael-moussa#primaryimage"},"thumbnailUrl":"https:\/\/static.africa-press.net\/gabon\/sites\/54\/2022\/11\/postQueueImg_1669226704.17.jpg","datePublished":"2022-11-23T21:35:00+00:00","dateModified":"2022-11-23T22:04:08+00:00","author":{"@id":"https:\/\/www.africa-press.net\/gabon\/#\/schema\/person\/2b1cf3cd81a31e3cd26889ca66d677f1"},"description":"Revendiquant le paiement de la Prime de servitude diplomatique (PSD), non verse\u0301e depuis sept semestres, le Syndicat ...","breadcrumb":{"@id":"https:\/\/www.africa-press.net\/gabon\/toutes-les-actualites\/ministere-des-affaires-etrangeres-les-chasseurs-de-prime-et-la-tete-de-michael-moussa#breadcrumb"},"inLanguage":"fr-FR","potentialAction":[{"@type":"ReadAction","target":["https:\/\/www.africa-press.net\/gabon\/toutes-les-actualites\/ministere-des-affaires-etrangeres-les-chasseurs-de-prime-et-la-tete-de-michael-moussa"]}]},{"@type":"ImageObject","inLanguage":"fr-FR","@id":"https:\/\/www.africa-press.net\/gabon\/toutes-les-actualites\/ministere-des-affaires-etrangeres-les-chasseurs-de-prime-et-la-tete-de-michael-moussa#primaryimage","url":"https:\/\/static.africa-press.net\/gabon\/sites\/54\/2022\/11\/postQueueImg_1669226704.17.jpg","contentUrl":"https:\/\/static.africa-press.net\/gabon\/sites\/54\/2022\/11\/postQueueImg_1669226704.17.jpg","width":720,"height":490,"caption":"Minist\u00e8re des Affaires \u00e9trang\u00e8res : Les chasseurs de prime et la t\u00eate de Michael Moussa"},{"@type":"BreadcrumbList","@id":"https:\/\/www.africa-press.net\/gabon\/toutes-les-actualites\/ministere-des-affaires-etrangeres-les-chasseurs-de-prime-et-la-tete-de-michael-moussa#breadcrumb","itemListElement":[{"@type":"ListItem","position":1,"name":"Accueil","item":"https:\/\/www.africa-press.net\/gabon\/"},{"@type":"ListItem","position":2,"name":"Minist\u00e8re des Affaires \u00e9trang\u00e8res : Les chasseurs de prime et la t\u00eate de Michael Moussa"}]},{"@type":"WebSite","@id":"https:\/\/www.africa-press.net\/gabon\/#website","url":"https:\/\/www.africa-press.net\/gabon\/","name":"Gabon","description":"Just another Africa News Agency Sites site","potentialAction":[{"@type":"SearchAction","target":{"@type":"EntryPoint","urlTemplate":"https:\/\/www.africa-press.net\/gabon\/?s={search_term_string}"},"query-input":{"@type":"PropertyValueSpecification","valueRequired":true,"valueName":"search_term_string"}}],"inLanguage":"fr-FR"},{"@type":"Person","@id":"https:\/\/www.africa-press.net\/gabon\/#\/schema\/person\/2b1cf3cd81a31e3cd26889ca66d677f1","name":"cfeditorfr"}]}},"_links":{"self":[{"href":"https:\/\/www.africa-press.net\/gabon\/wp-json\/wp\/v2\/posts\/13073","targetHints":{"allow":["GET"]}}],"collection":[{"href":"https:\/\/www.africa-press.net\/gabon\/wp-json\/wp\/v2\/posts"}],"about":[{"href":"https:\/\/www.africa-press.net\/gabon\/wp-json\/wp\/v2\/types\/post"}],"author":[{"embeddable":true,"href":"https:\/\/www.africa-press.net\/gabon\/wp-json\/wp\/v2\/users\/82"}],"replies":[{"embeddable":true,"href":"https:\/\/www.africa-press.net\/gabon\/wp-json\/wp\/v2\/comments?post=13073"}],"version-history":[{"count":0,"href":"https:\/\/www.africa-press.net\/gabon\/wp-json\/wp\/v2\/posts\/13073\/revisions"}],"wp:featuredmedia":[{"embeddable":true,"href":"https:\/\/www.africa-press.net\/gabon\/wp-json\/wp\/v2\/media\/13072"}],"wp:attachment":[{"href":"https:\/\/www.africa-press.net\/gabon\/wp-json\/wp\/v2\/media?parent=13073"}],"wp:term":[{"taxonomy":"category","embeddable":true,"href":"https:\/\/www.africa-press.net\/gabon\/wp-json\/wp\/v2\/categories?post=13073"},{"taxonomy":"post_tag","embeddable":true,"href":"https:\/\/www.africa-press.net\/gabon\/wp-json\/wp\/v2\/tags?post=13073"}],"curies":[{"name":"wp","href":"https:\/\/api.w.org\/{rel}","templated":true}]}}