{"id":13076,"date":"2022-11-23T21:35:12","date_gmt":"2022-11-23T21:35:12","guid":{"rendered":"https:\/\/www.africa-press.net\/gabon\/politique\/gabon-le-parti-au-pouvoir-en-congres-de-la-renaissance-les-23-et-24-decembre"},"modified":"2022-11-23T22:04:30","modified_gmt":"2022-11-23T22:04:30","slug":"gabon-le-parti-au-pouvoir-en-congres-de-la-renaissance-les-23-et-24-decembre","status":"publish","type":"post","link":"https:\/\/www.africa-press.net\/gabon\/politique\/gabon-le-parti-au-pouvoir-en-congres-de-la-renaissance-les-23-et-24-decembre","title":{"rendered":"Gabon\u00a0: Le Parti au pouvoir en \u00abCongr\u00e8s de la renaissance\u00bb les 23 et 24 d\u00e9cembre"},"content":{"rendered":"<p><span style=\"color: #ff6600\"><strong>Africa-Press &#8211; Gabon. <\/strong><\/span>Le renouvellement du directoire de la Majorite\u0301 re\u0301publicaine et sociale pour l\u2019e\u0301mergence (MRSE) acte\u0301 au lendemain d\u2019une se\u0301ance de travail visant a\u0300 redynamiser ce groupe politique soutenant l\u2019action du pre\u0301sident Ali Bongo Ondimba, le Parti de\u0301mocratique gabonais (PDG), te\u0302te de liste de cette plateforme, a annonce\u0301 son 12e Congre\u0300s ordinaire pour les 23 et 24 de\u0301cembre prochain. Ce rendez-vous des \u00abPDGistes\u00bb devrait organiser et sceller les nouvelles orientations de cette e\u0301curie avant la prochaine e\u0301lection pre\u0301sidentielle.<\/p>\n<p>Ali Bongo Ondimba sera-t-il officiellement de\u0301signe\u0301 et porte\u0301 candidat du PDG a\u0300 la prochaine e\u0301lection pre\u0301sidentielle ? Telle est la question que se posent les observateurs de la vie politique gabonaise. A\u0300 quelque dix mois de la prochaine e\u0301lection pre\u0301sidentielle, c\u2019est le branle-bas de combat dans les e\u0301tats-majors des partis politiques, autant de la Majorite\u0301 re\u0301publicaine et sociale pour l\u2019e\u0301mergence (MRSE) que de l\u2019opposition. Apre\u0300s la tourne\u0301e de Steeve Nzegho Dieko, Secre\u0301taire ge\u0301ne\u0301ral du PDG dans les dix provinces, la formation politique au pouvoir a re\u0301cemment annonce\u0301 son 12e Congre\u0300s ordinaire. Il devrait se tenir les 23 et 24 de\u0301cembre 2022 a\u0300 Libreville et devrait vraisemblablement re\u0301pondre a\u0300 cette interrogation.<\/p>\n<p>Ce rendez-vous des hie\u0301rarques et de la base militante du parti au pouvoir se tiendra sous le the\u0300me : \u00abCongre\u0300s de la renaissance, pour un PDG uni et solidaire\u00bb. Si rien ne filtre sur les tenants et les aboutissants de ces assises, l\u2019on sait ne\u0301anmoins que 2023 est en ligne de mire. Le prochain scrutin pre\u0301sidentiel devant se tenir cette anne\u0301e, conforme\u0301ment au calendrier e\u0301lectoral. Steeve Nzegho Dieko aurait visiblement a\u0300 c\u0153ur de rappeler le message d\u2019unite\u0301 et de cohe\u0301sion tenue lors de sa tourne\u0301e dans les provinces. Il devra e\u0301galement inviter a\u0300 \u00abjouer collectif\u00bb et en \u00abrang serre\u0301\u00bb pour une nouvelle victoire de leur porte-e\u0301tendard, non sans brandir la sanction en cas de violation des consignes prodigue\u0301es.<\/p>\n<p>En attendant que leur champion, Ali Bongo Ondimba, de\u0301clare sa candidature, au sie\u0300ge de Louis, le Secre\u0301taire ge\u0301ne\u0301ral rencontre tour a\u0300 tour le Conseil consultatif des sages, les responsables politiques provinciaux. A\u0300 chacun des groupes, il explique les objectifs et les enjeux de ce grand rendez-vous politique, avant de solliciter l\u2019implication de tous pour sa re\u0301ussite.<\/p>\n<p>Le 12e Congre\u0300s du PDG est pre\u0301ce\u0301de\u0301 des congre\u0300s provinciaux qui ont lieu du 3 au 4 de\u0301cembre dans chaque capitale provinciale.<\/p>\n<p><strong>Pour plus d&rsquo;informations et d&rsquo;analyses sur la <a href=\"https:\/\/www.africa-press.net\/gabon\">Gabon<\/a>, suivez <a href=\"https:\/\/www.africa-press.net\/\">Africa-Press<\/a><\/strong><\/p>\n","protected":false},"excerpt":{"rendered":"<p>Africa-Press &#8211; Gabon. Le renouvellement du directoire de la Majorite\u0301 re\u0301publicaine et sociale pour l\u2019e\u0301mergence (MRSE) acte\u0301 au lendemain d\u2019une se\u0301ance de travail visant a\u0300 redynamiser ce groupe politique soutenant l\u2019action du pre\u0301sident Ali Bongo Ondimba, le Parti de\u0301mocratique gabonais (PDG), te\u0302te de liste de cette plateforme, a annonce\u0301 son 12e Congre\u0300s ordinaire pour les [&hellip;]<\/p>\n","protected":false},"author":82,"featured_media":13075,"comment_status":"open","ping_status":"closed","sticky":false,"template":"","format":"standard","meta":{"footnotes":""},"categories":[2,10],"tags":[36,50,49],"class_list":["post-13076","post","type-post","status-publish","format-standard","has-post-thumbnail","hentry","category-politique","category-toutes-les-actualites","tag-africa-press","tag-africa-press-gabon","tag-gabon"],"yoast_head":"<!-- This site is optimized with the Yoast SEO Premium plugin v26.1 (Yoast SEO v27.0) - https:\/\/yoast.com\/product\/yoast-seo-premium-wordpress\/ -->\n<title>Gabon\u00a0: Le Parti au pouvoir en \u00abCongr\u00e8s de la renaissance\u00bb les 23 et 24 d\u00e9cembre - Gabon<\/title>\n<meta name=\"description\" content=\"Le renouvellement du directoire de la Majorite\u0301 re\u0301publicaine et sociale pour l\u2019e\u0301mergence (MRSE) acte\u0301 au lendemain d\u2019u ...\" \/>\n<meta name=\"robots\" content=\"index, follow, max-snippet:-1, max-image-preview:large, max-video-preview:-1\" \/>\n<link rel=\"canonical\" href=\"https:\/\/www.africa-press.net\/gabon\/politique\/gabon-le-parti-au-pouvoir-en-congres-de-la-renaissance-les-23-et-24-decembre\" \/>\n<meta property=\"og:locale\" content=\"fr_FR\" \/>\n<meta property=\"og:type\" content=\"article\" \/>\n<meta property=\"og:title\" content=\"Gabon\u00a0: Le Parti au pouvoir en \u00abCongr\u00e8s de la renaissance\u00bb les 23 et 24 d\u00e9cembre\" \/>\n<meta property=\"og:description\" content=\"Le renouvellement du directoire de la Majorite\u0301 re\u0301publicaine et sociale pour l\u2019e\u0301mergence (MRSE) acte\u0301 au lendemain d\u2019u ...\" \/>\n<meta property=\"og:url\" content=\"https:\/\/www.africa-press.net\/gabon\/politique\/gabon-le-parti-au-pouvoir-en-congres-de-la-renaissance-les-23-et-24-decembre\" \/>\n<meta property=\"og:site_name\" content=\"Gabon\" \/>\n<meta property=\"article:published_time\" content=\"2022-11-23T21:35:12+00:00\" \/>\n<meta property=\"article:modified_time\" content=\"2022-11-23T22:04:30+00:00\" \/>\n<meta property=\"og:image\" content=\"https:\/\/static.africa-press.net\/gabon\/sites\/54\/2022\/11\/postQueueImg_1669226715.71.jpg\" \/>\n\t<meta property=\"og:image:width\" content=\"720\" \/>\n\t<meta property=\"og:image:height\" content=\"465\" \/>\n\t<meta property=\"og:image:type\" content=\"image\/jpeg\" \/>\n<meta name=\"author\" content=\"cfeditorfr\" \/>\n<meta name=\"twitter:card\" content=\"summary_large_image\" \/>\n<meta name=\"twitter:label1\" content=\"\u00c9crit par\" \/>\n\t<meta name=\"twitter:data1\" content=\"cfeditorfr\" \/>\n\t<meta name=\"twitter:label2\" content=\"Dur\u00e9e de lecture estim\u00e9e\" \/>\n\t<meta name=\"twitter:data2\" content=\"3 minutes\" \/>\n<script type=\"application\/ld+json\" class=\"yoast-schema-graph\">{\"@context\":\"https:\/\/schema.org\",\"@graph\":[{\"@type\":\"Article\",\"@id\":\"https:\/\/www.africa-press.net\/gabon\/politique\/gabon-le-parti-au-pouvoir-en-congres-de-la-renaissance-les-23-et-24-decembre#article\",\"isPartOf\":{\"@id\":\"https:\/\/www.africa-press.net\/gabon\/politique\/gabon-le-parti-au-pouvoir-en-congres-de-la-renaissance-les-23-et-24-decembre\"},\"author\":{\"name\":\"cfeditorfr\",\"@id\":\"https:\/\/www.africa-press.net\/gabon\/#\/schema\/person\/2b1cf3cd81a31e3cd26889ca66d677f1\"},\"headline\":\"Gabon\u00a0: Le Parti au pouvoir en \u00abCongr\u00e8s de la renaissance\u00bb les 23 et 24 d\u00e9cembre\",\"datePublished\":\"2022-11-23T21:35:12+00:00\",\"dateModified\":\"2022-11-23T22:04:30+00:00\",\"mainEntityOfPage\":{\"@id\":\"https:\/\/www.africa-press.net\/gabon\/politique\/gabon-le-parti-au-pouvoir-en-congres-de-la-renaissance-les-23-et-24-decembre\"},\"wordCount\":464,\"commentCount\":0,\"image\":{\"@id\":\"https:\/\/www.africa-press.net\/gabon\/politique\/gabon-le-parti-au-pouvoir-en-congres-de-la-renaissance-les-23-et-24-decembre#primaryimage\"},\"thumbnailUrl\":\"https:\/\/static.africa-press.net\/gabon\/sites\/54\/2022\/11\/postQueueImg_1669226715.71.jpg\",\"keywords\":[\"Africa Press\",\"Africa Press-Gabon\",\"Gabon\"],\"articleSection\":[\"Politique\",\"Toutes les actualit\u00e9s\"],\"inLanguage\":\"fr-FR\",\"potentialAction\":[{\"@type\":\"CommentAction\",\"name\":\"Comment\",\"target\":[\"https:\/\/www.africa-press.net\/gabon\/politique\/gabon-le-parti-au-pouvoir-en-congres-de-la-renaissance-les-23-et-24-decembre#respond\"]}]},{\"@type\":\"WebPage\",\"@id\":\"https:\/\/www.africa-press.net\/gabon\/politique\/gabon-le-parti-au-pouvoir-en-congres-de-la-renaissance-les-23-et-24-decembre\",\"url\":\"https:\/\/www.africa-press.net\/gabon\/politique\/gabon-le-parti-au-pouvoir-en-congres-de-la-renaissance-les-23-et-24-decembre\",\"name\":\"Gabon\u00a0: Le Parti au pouvoir en \u00abCongr\u00e8s de la renaissance\u00bb les 23 et 24 d\u00e9cembre - Gabon\",\"isPartOf\":{\"@id\":\"https:\/\/www.africa-press.net\/gabon\/#website\"},\"primaryImageOfPage\":{\"@id\":\"https:\/\/www.africa-press.net\/gabon\/politique\/gabon-le-parti-au-pouvoir-en-congres-de-la-renaissance-les-23-et-24-decembre#primaryimage\"},\"image\":{\"@id\":\"https:\/\/www.africa-press.net\/gabon\/politique\/gabon-le-parti-au-pouvoir-en-congres-de-la-renaissance-les-23-et-24-decembre#primaryimage\"},\"thumbnailUrl\":\"https:\/\/static.africa-press.net\/gabon\/sites\/54\/2022\/11\/postQueueImg_1669226715.71.jpg\",\"datePublished\":\"2022-11-23T21:35:12+00:00\",\"dateModified\":\"2022-11-23T22:04:30+00:00\",\"author\":{\"@id\":\"https:\/\/www.africa-press.net\/gabon\/#\/schema\/person\/2b1cf3cd81a31e3cd26889ca66d677f1\"},\"description\":\"Le renouvellement du directoire de la Majorite\u0301 re\u0301publicaine et sociale pour l\u2019e\u0301mergence (MRSE) acte\u0301 au lendemain d\u2019u ...\",\"breadcrumb\":{\"@id\":\"https:\/\/www.africa-press.net\/gabon\/politique\/gabon-le-parti-au-pouvoir-en-congres-de-la-renaissance-les-23-et-24-decembre#breadcrumb\"},\"inLanguage\":\"fr-FR\",\"potentialAction\":[{\"@type\":\"ReadAction\",\"target\":[\"https:\/\/www.africa-press.net\/gabon\/politique\/gabon-le-parti-au-pouvoir-en-congres-de-la-renaissance-les-23-et-24-decembre\"]}]},{\"@type\":\"ImageObject\",\"inLanguage\":\"fr-FR\",\"@id\":\"https:\/\/www.africa-press.net\/gabon\/politique\/gabon-le-parti-au-pouvoir-en-congres-de-la-renaissance-les-23-et-24-decembre#primaryimage\",\"url\":\"https:\/\/static.africa-press.net\/gabon\/sites\/54\/2022\/11\/postQueueImg_1669226715.71.jpg\",\"contentUrl\":\"https:\/\/static.africa-press.net\/gabon\/sites\/54\/2022\/11\/postQueueImg_1669226715.71.jpg\",\"width\":720,\"height\":465,\"caption\":\"Gabon\u00a0: Le Parti au pouvoir en \u00abCongr\u00e8s de la renaissance\u00bb les 23 et 24 d\u00e9cembre\"},{\"@type\":\"BreadcrumbList\",\"@id\":\"https:\/\/www.africa-press.net\/gabon\/politique\/gabon-le-parti-au-pouvoir-en-congres-de-la-renaissance-les-23-et-24-decembre#breadcrumb\",\"itemListElement\":[{\"@type\":\"ListItem\",\"position\":1,\"name\":\"Accueil\",\"item\":\"https:\/\/www.africa-press.net\/gabon\/\"},{\"@type\":\"ListItem\",\"position\":2,\"name\":\"Gabon\u00a0: Le Parti au pouvoir en \u00abCongr\u00e8s de la renaissance\u00bb les 23 et 24 d\u00e9cembre\"}]},{\"@type\":\"WebSite\",\"@id\":\"https:\/\/www.africa-press.net\/gabon\/#website\",\"url\":\"https:\/\/www.africa-press.net\/gabon\/\",\"name\":\"Gabon\",\"description\":\"Just another Africa News Agency Sites site\",\"potentialAction\":[{\"@type\":\"SearchAction\",\"target\":{\"@type\":\"EntryPoint\",\"urlTemplate\":\"https:\/\/www.africa-press.net\/gabon\/?s={search_term_string}\"},\"query-input\":{\"@type\":\"PropertyValueSpecification\",\"valueRequired\":true,\"valueName\":\"search_term_string\"}}],\"inLanguage\":\"fr-FR\"},{\"@type\":\"Person\",\"@id\":\"https:\/\/www.africa-press.net\/gabon\/#\/schema\/person\/2b1cf3cd81a31e3cd26889ca66d677f1\",\"name\":\"cfeditorfr\"}]}<\/script>\n<!-- \/ Yoast SEO Premium plugin. -->","yoast_head_json":{"title":"Gabon\u00a0: Le Parti au pouvoir en \u00abCongr\u00e8s de la renaissance\u00bb les 23 et 24 d\u00e9cembre - Gabon","description":"Le renouvellement du directoire de la Majorite\u0301 re\u0301publicaine et sociale pour l\u2019e\u0301mergence (MRSE) acte\u0301 au lendemain d\u2019u ...","robots":{"index":"index","follow":"follow","max-snippet":"max-snippet:-1","max-image-preview":"max-image-preview:large","max-video-preview":"max-video-preview:-1"},"canonical":"https:\/\/www.africa-press.net\/gabon\/politique\/gabon-le-parti-au-pouvoir-en-congres-de-la-renaissance-les-23-et-24-decembre","og_locale":"fr_FR","og_type":"article","og_title":"Gabon\u00a0: Le Parti au pouvoir en \u00abCongr\u00e8s de la renaissance\u00bb les 23 et 24 d\u00e9cembre","og_description":"Le renouvellement du directoire de la Majorite\u0301 re\u0301publicaine et sociale pour l\u2019e\u0301mergence (MRSE) acte\u0301 au lendemain d\u2019u ...","og_url":"https:\/\/www.africa-press.net\/gabon\/politique\/gabon-le-parti-au-pouvoir-en-congres-de-la-renaissance-les-23-et-24-decembre","og_site_name":"Gabon","article_published_time":"2022-11-23T21:35:12+00:00","article_modified_time":"2022-11-23T22:04:30+00:00","og_image":[{"width":720,"height":465,"url":"https:\/\/static.africa-press.net\/gabon\/sites\/54\/2022\/11\/postQueueImg_1669226715.71.jpg","type":"image\/jpeg"}],"author":"cfeditorfr","twitter_card":"summary_large_image","twitter_misc":{"\u00c9crit par":"cfeditorfr","Dur\u00e9e de lecture estim\u00e9e":"3 minutes"},"schema":{"@context":"https:\/\/schema.org","@graph":[{"@type":"Article","@id":"https:\/\/www.africa-press.net\/gabon\/politique\/gabon-le-parti-au-pouvoir-en-congres-de-la-renaissance-les-23-et-24-decembre#article","isPartOf":{"@id":"https:\/\/www.africa-press.net\/gabon\/politique\/gabon-le-parti-au-pouvoir-en-congres-de-la-renaissance-les-23-et-24-decembre"},"author":{"name":"cfeditorfr","@id":"https:\/\/www.africa-press.net\/gabon\/#\/schema\/person\/2b1cf3cd81a31e3cd26889ca66d677f1"},"headline":"Gabon\u00a0: Le Parti au pouvoir en \u00abCongr\u00e8s de la renaissance\u00bb les 23 et 24 d\u00e9cembre","datePublished":"2022-11-23T21:35:12+00:00","dateModified":"2022-11-23T22:04:30+00:00","mainEntityOfPage":{"@id":"https:\/\/www.africa-press.net\/gabon\/politique\/gabon-le-parti-au-pouvoir-en-congres-de-la-renaissance-les-23-et-24-decembre"},"wordCount":464,"commentCount":0,"image":{"@id":"https:\/\/www.africa-press.net\/gabon\/politique\/gabon-le-parti-au-pouvoir-en-congres-de-la-renaissance-les-23-et-24-decembre#primaryimage"},"thumbnailUrl":"https:\/\/static.africa-press.net\/gabon\/sites\/54\/2022\/11\/postQueueImg_1669226715.71.jpg","keywords":["Africa Press","Africa Press-Gabon","Gabon"],"articleSection":["Politique","Toutes les actualit\u00e9s"],"inLanguage":"fr-FR","potentialAction":[{"@type":"CommentAction","name":"Comment","target":["https:\/\/www.africa-press.net\/gabon\/politique\/gabon-le-parti-au-pouvoir-en-congres-de-la-renaissance-les-23-et-24-decembre#respond"]}]},{"@type":"WebPage","@id":"https:\/\/www.africa-press.net\/gabon\/politique\/gabon-le-parti-au-pouvoir-en-congres-de-la-renaissance-les-23-et-24-decembre","url":"https:\/\/www.africa-press.net\/gabon\/politique\/gabon-le-parti-au-pouvoir-en-congres-de-la-renaissance-les-23-et-24-decembre","name":"Gabon\u00a0: Le Parti au pouvoir en \u00abCongr\u00e8s de la renaissance\u00bb les 23 et 24 d\u00e9cembre - Gabon","isPartOf":{"@id":"https:\/\/www.africa-press.net\/gabon\/#website"},"primaryImageOfPage":{"@id":"https:\/\/www.africa-press.net\/gabon\/politique\/gabon-le-parti-au-pouvoir-en-congres-de-la-renaissance-les-23-et-24-decembre#primaryimage"},"image":{"@id":"https:\/\/www.africa-press.net\/gabon\/politique\/gabon-le-parti-au-pouvoir-en-congres-de-la-renaissance-les-23-et-24-decembre#primaryimage"},"thumbnailUrl":"https:\/\/static.africa-press.net\/gabon\/sites\/54\/2022\/11\/postQueueImg_1669226715.71.jpg","datePublished":"2022-11-23T21:35:12+00:00","dateModified":"2022-11-23T22:04:30+00:00","author":{"@id":"https:\/\/www.africa-press.net\/gabon\/#\/schema\/person\/2b1cf3cd81a31e3cd26889ca66d677f1"},"description":"Le renouvellement du directoire de la Majorite\u0301 re\u0301publicaine et sociale pour l\u2019e\u0301mergence (MRSE) acte\u0301 au lendemain d\u2019u ...","breadcrumb":{"@id":"https:\/\/www.africa-press.net\/gabon\/politique\/gabon-le-parti-au-pouvoir-en-congres-de-la-renaissance-les-23-et-24-decembre#breadcrumb"},"inLanguage":"fr-FR","potentialAction":[{"@type":"ReadAction","target":["https:\/\/www.africa-press.net\/gabon\/politique\/gabon-le-parti-au-pouvoir-en-congres-de-la-renaissance-les-23-et-24-decembre"]}]},{"@type":"ImageObject","inLanguage":"fr-FR","@id":"https:\/\/www.africa-press.net\/gabon\/politique\/gabon-le-parti-au-pouvoir-en-congres-de-la-renaissance-les-23-et-24-decembre#primaryimage","url":"https:\/\/static.africa-press.net\/gabon\/sites\/54\/2022\/11\/postQueueImg_1669226715.71.jpg","contentUrl":"https:\/\/static.africa-press.net\/gabon\/sites\/54\/2022\/11\/postQueueImg_1669226715.71.jpg","width":720,"height":465,"caption":"Gabon\u00a0: Le Parti au pouvoir en \u00abCongr\u00e8s de la renaissance\u00bb les 23 et 24 d\u00e9cembre"},{"@type":"BreadcrumbList","@id":"https:\/\/www.africa-press.net\/gabon\/politique\/gabon-le-parti-au-pouvoir-en-congres-de-la-renaissance-les-23-et-24-decembre#breadcrumb","itemListElement":[{"@type":"ListItem","position":1,"name":"Accueil","item":"https:\/\/www.africa-press.net\/gabon\/"},{"@type":"ListItem","position":2,"name":"Gabon\u00a0: Le Parti au pouvoir en \u00abCongr\u00e8s de la renaissance\u00bb les 23 et 24 d\u00e9cembre"}]},{"@type":"WebSite","@id":"https:\/\/www.africa-press.net\/gabon\/#website","url":"https:\/\/www.africa-press.net\/gabon\/","name":"Gabon","description":"Just another Africa News Agency Sites site","potentialAction":[{"@type":"SearchAction","target":{"@type":"EntryPoint","urlTemplate":"https:\/\/www.africa-press.net\/gabon\/?s={search_term_string}"},"query-input":{"@type":"PropertyValueSpecification","valueRequired":true,"valueName":"search_term_string"}}],"inLanguage":"fr-FR"},{"@type":"Person","@id":"https:\/\/www.africa-press.net\/gabon\/#\/schema\/person\/2b1cf3cd81a31e3cd26889ca66d677f1","name":"cfeditorfr"}]}},"_links":{"self":[{"href":"https:\/\/www.africa-press.net\/gabon\/wp-json\/wp\/v2\/posts\/13076","targetHints":{"allow":["GET"]}}],"collection":[{"href":"https:\/\/www.africa-press.net\/gabon\/wp-json\/wp\/v2\/posts"}],"about":[{"href":"https:\/\/www.africa-press.net\/gabon\/wp-json\/wp\/v2\/types\/post"}],"author":[{"embeddable":true,"href":"https:\/\/www.africa-press.net\/gabon\/wp-json\/wp\/v2\/users\/82"}],"replies":[{"embeddable":true,"href":"https:\/\/www.africa-press.net\/gabon\/wp-json\/wp\/v2\/comments?post=13076"}],"version-history":[{"count":0,"href":"https:\/\/www.africa-press.net\/gabon\/wp-json\/wp\/v2\/posts\/13076\/revisions"}],"wp:featuredmedia":[{"embeddable":true,"href":"https:\/\/www.africa-press.net\/gabon\/wp-json\/wp\/v2\/media\/13075"}],"wp:attachment":[{"href":"https:\/\/www.africa-press.net\/gabon\/wp-json\/wp\/v2\/media?parent=13076"}],"wp:term":[{"taxonomy":"category","embeddable":true,"href":"https:\/\/www.africa-press.net\/gabon\/wp-json\/wp\/v2\/categories?post=13076"},{"taxonomy":"post_tag","embeddable":true,"href":"https:\/\/www.africa-press.net\/gabon\/wp-json\/wp\/v2\/tags?post=13076"}],"curies":[{"name":"wp","href":"https:\/\/api.w.org\/{rel}","templated":true}]}}