{"id":13103,"date":"2022-11-24T20:27:34","date_gmt":"2022-11-24T20:27:34","guid":{"rendered":"https:\/\/www.africa-press.net\/gabon\/politique\/congres-ordinaire-du-pdg-de-decembre-2022-dr-iloko-inquiet-des-demons-de-la-division"},"modified":"2022-11-24T21:19:24","modified_gmt":"2022-11-24T21:19:24","slug":"congres-ordinaire-du-pdg-de-decembre-2022-dr-iloko-inquiet-des-demons-de-la-division","status":"publish","type":"post","link":"https:\/\/www.africa-press.net\/gabon\/politique\/congres-ordinaire-du-pdg-de-decembre-2022-dr-iloko-inquiet-des-demons-de-la-division","title":{"rendered":"Congr\u00e8s ordinaire du PDG de d\u00e9cembre 2022\u00a0: Dr Iloko inquiet des \u00ab\u00a0d\u00e9mons de la division\u00a0\u00bb"},"content":{"rendered":"<p><span style=\"color: #ff6600\"><strong>Africa-Press &#8211; Gabon. <\/strong><\/span><b>Dans un libre propos, le Dr Ste\u0301phane Germain Iloko Boussengui, ancien Conseiller porte-parole Parti de\u0301mocratique gabonais (PDG, au pouvoir), a fait ressortir ses appre\u0301hensions par rapport aux e\u0301ventuelles \u00ab de\u0301mons de la division \u00bb qui pourraient plomber le parti au prochain congre\u0300s qui s\u2019annonce houleux. Lecture<\/b><\/p>\n<p>\u00ab Les dates du prochain congre\u0300s ordinaire du PDG, sont de\u0301sormais connues , le camarade Steeve Nzegho Dieko, l\u2019actuel Secre\u0301taire Ge\u0301ne\u0301ral du grand parti de masses et d\u2019e\u0301lite, en personne l\u2019a annonce\u0301 officiellement, a\u0300 l\u2019ensemble des membres du Secre\u0301tariat Exe\u0301cutif re\u0301uni au sie\u0300ge du parti a\u0300 Louis, au cours d\u2019un tour de table soigneusement pre\u0301pare\u0301, qui a vu la pre\u0301sence de tous les membres du directoire du parti .<\/p>\n<p>Ce sont donc les 23 et 24 de\u0301cembre 2022 que se tiendra a\u0300 Libreville le 12eme congre\u0300s ordinaire du PDG dit \u00bb Congre\u0300s de la Renaissance pour un PDG UNI et SOLIDAIRE \u00bb<\/p>\n<p>Ce grand rendez-vous des militantes et militants trie\u0301s sur le volet, par la hie\u0301rarchie du parti, verra la participation des anciens militants des partis absorbe\u0301s par le PDG lors de la dernie\u0300re ope\u0301ration de fusion absorption et probablement tous ceux qui ont rejoint le PDG apre\u0300s un court se\u0301jour dans l\u2019opposition, qui ont joue\u0301 assure\u0301ment un ro\u0302le de\u0301terminant dans les re\u0301sultats des e\u0301lections pre\u0301sidentielles de 2016, mais sans les anciens membre du Secre\u0301tariat Exe\u0301cutif de\u0301barque\u0301s lors du dernier re\u0301ame\u0301nagement du neuf ( 9) mars 2022, alors qu\u2019ils partagent avec l\u2019e\u0301quipe en place la responsabilite\u0301 de la mise en \u0153uvre des 2R ,expression de la volonte\u0301 du DCP tire\u0301e des conclusions du 11eme congre\u0300s ordinaire du PDG .<\/p>\n<p>D\u2019abord annonce\u0301 pour de\u0301cembre 2021 puis reporte\u0301 sine die, ces assises se tiennent cinq (5) ans et treize (13) jours apre\u0300s le 11eme congre\u0300s dit \u00bb Congre\u0300s de la RE\u0301GE\u0301NE\u0301RATION et de la REVITALISATION \u00bb, neuf (9) mois apre\u0300s le renouvellement de plus de 95% des effectifs de l\u2019Exe\u0301cutif du parti de masses, neuf (9) mois avant la prochaine pre\u0301sidentielle que le PDG souhaite remporter avec la plus belle des manie\u0300res, pour tordre le cou a\u0300 ses de\u0301tracteurs, prendre sa revanche sur tous ceux qui ne vendent plus che\u0300re sa peau et permettre a\u0300 son pre\u0301sident, le DCP Ali Bongo Ondimba, de poursuivre sereinement son ambitieux programme base\u0301 sur la consolidation de l\u2019unite\u0301 nationale, l\u2019acce\u0301le\u0301ration de la transformation du Gabon et la bonne gouvernance institutionnelle .<\/p>\n<p>Nul doute que ce rendez- vous du donner et du recevoir qui a lieu cinquante-quatre ( 54) ans apre\u0300s la cre\u0301ation du parti par Omar Bongo Ondimba le douze( 12) mars mil neuf cent soixante huit ( 1968) , permettra aux congressistes d\u2019apporter la dernie\u0300re touche qui manquait au travail assigne\u0301 a\u0300 l\u2019ancien Secre\u0301tariat Exe\u0301cutif pour achever la mission de Re\u0301ge\u0301ne\u0301rer et de Revitaliser le parti cher a\u0300 Ali Bongo Ondimba, entame\u0301 au lendemain des e\u0301lections pre\u0301sidentielles de 2016, remporte\u0301es par le candidat du PDG.<\/p>\n<p>Cette victoire du parti au pouvoir, combine\u0301e entre autres a\u0300 l\u2019obsolescence irre\u0301versible a\u0300 peine dissimulable de son appareil politique ont convaincu le DCP Ali Bongo Ondimba, d\u2019initier des grandes re\u0301formes en vue de revigorer le parti et de reprendre en main tous les leviers indispensables a\u0300 la conservation du pouvoir de\u0301mocratique et apaise\u0301 afin d\u2019adopter une nouvelle trajectoire et ope\u0301rer un changement de paradigme dans la gouvernance du parti.<\/p>\n<p>Ces mutations, rendues ine\u0301vitables par les nouveaux de\u0301fis au centre desquels se trouvent:<\/p>\n<p>\u2013 la jeunesse qui repre\u0301sente 55% de l\u2019e\u0301cosyste\u0300me politique et dont la prise en compte des pre\u0301occupations devient de plus en plus urgentes<\/p>\n<p>\u2013 les femmes socle de notre socie\u0301te\u0301 avec 60% de la population active, ces femmes demandent davantage un traitement e\u0301quitable.<\/p>\n<p>-le nouveau style de travail, base\u0301 sur la concertation et la consultation.<\/p>\n<p>-La re\u0301appropriation des re\u0301flexes favorisants une prise en compte des choix de la base.<\/p>\n<p>-la promotion de la de\u0301mocratie interne&#8230;.<\/p>\n<p>Les conclusions de ces assises sont tre\u0300s attendues par la classe politique qui espe\u0300re voir le sillon de ce que sera l\u2019image du parti pour les cinq ( 5) prochaines anne\u0301es mais aussi et surtout le visage des prochaines consultations e\u0301lectorales apre\u0300s le raz-de- mare\u0301e des dernie\u0300res e\u0301lections le\u0301gislatives et locales d\u2019octobre 2018 ou l\u2019opposition a totalise\u0301 moins de vingt (20%) des sie\u0300ges dans les deux Chambres du Parlement et des Conseils locaux.<\/p>\n<p>La tentation de vivre au cre\u0301puscule de ce congre\u0300s, des grands chamboulements dans l\u2019appareil du parti de masses est grande et les de\u0301mons de la division sont vent debout pour donner un coup fatal a\u0300 l\u2019ambition porte\u0301e par la Renaissance pour un PDG UNI et SOLIDAIRE.<\/p>\n<p>Prions Dieu que sous le magne\u0301tisme des Vouvouzeleurs de tout bord tapis dans les cercles de de\u0301cisions, les congressistes avertis, de bonne foi restent lucides malgre\u0301 tout, ne jettent pas le be\u0301be\u0301 et l\u2019eau du bain, ce qui serait dommage.<\/p>\n<p><strong>Pour plus d&rsquo;informations et d&rsquo;analyses sur la <a href=\"https:\/\/www.africa-press.net\/gabon\">Gabon<\/a>, suivez <a href=\"https:\/\/www.africa-press.net\/\">Africa-Press<\/a><\/strong><\/p>\n","protected":false},"excerpt":{"rendered":"<p>Africa-Press &#8211; Gabon. Dans un libre propos, le Dr Ste\u0301phane Germain Iloko Boussengui, ancien Conseiller porte-parole Parti de\u0301mocratique gabonais (PDG, au pouvoir), a fait ressortir ses appre\u0301hensions par rapport aux e\u0301ventuelles \u00ab de\u0301mons de la division \u00bb qui pourraient plomber le parti au prochain congre\u0300s qui s\u2019annonce houleux. Lecture \u00ab Les dates du prochain congre\u0300s [&hellip;]<\/p>\n","protected":false},"author":82,"featured_media":13102,"comment_status":"open","ping_status":"closed","sticky":false,"template":"","format":"standard","meta":{"footnotes":""},"categories":[2,10],"tags":[36,50,49],"class_list":["post-13103","post","type-post","status-publish","format-standard","has-post-thumbnail","hentry","category-politique","category-toutes-les-actualites","tag-africa-press","tag-africa-press-gabon","tag-gabon"],"yoast_head":"<!-- This site is optimized with the Yoast SEO Premium plugin v26.1 (Yoast SEO v27.0) - https:\/\/yoast.com\/product\/yoast-seo-premium-wordpress\/ -->\n<title>Congr\u00e8s ordinaire du PDG de d\u00e9cembre 2022\u00a0: Dr Iloko inquiet des \u00ab\u00a0d\u00e9mons de la division\u00a0\u00bb - Gabon<\/title>\n<meta name=\"description\" content=\"Dans un libre propos, le Dr Ste\u0301phane Germain Iloko Boussengui, ancien Conseiller porte-parole Parti de\u0301mocratique ga ...\" \/>\n<meta name=\"robots\" content=\"index, follow, max-snippet:-1, max-image-preview:large, max-video-preview:-1\" \/>\n<link rel=\"canonical\" href=\"https:\/\/www.africa-press.net\/gabon\/politique\/congres-ordinaire-du-pdg-de-decembre-2022-dr-iloko-inquiet-des-demons-de-la-division\" \/>\n<meta property=\"og:locale\" content=\"fr_FR\" \/>\n<meta property=\"og:type\" content=\"article\" \/>\n<meta property=\"og:title\" content=\"Congr\u00e8s ordinaire du PDG de d\u00e9cembre 2022\u00a0: Dr Iloko inquiet des \u00ab\u00a0d\u00e9mons de la division\u00a0\u00bb\" \/>\n<meta property=\"og:description\" content=\"Dans un libre propos, le Dr Ste\u0301phane Germain Iloko Boussengui, ancien Conseiller porte-parole Parti de\u0301mocratique ga ...\" \/>\n<meta property=\"og:url\" content=\"https:\/\/www.africa-press.net\/gabon\/politique\/congres-ordinaire-du-pdg-de-decembre-2022-dr-iloko-inquiet-des-demons-de-la-division\" \/>\n<meta property=\"og:site_name\" content=\"Gabon\" \/>\n<meta property=\"article:published_time\" content=\"2022-11-24T20:27:34+00:00\" \/>\n<meta property=\"article:modified_time\" content=\"2022-11-24T21:19:24+00:00\" \/>\n<meta property=\"og:image\" content=\"https:\/\/static.africa-press.net\/gabon\/sites\/54\/2022\/11\/postQueueImg_1669309063.72.jpg\" \/>\n\t<meta property=\"og:image:width\" content=\"720\" \/>\n\t<meta property=\"og:image:height\" content=\"473\" \/>\n\t<meta property=\"og:image:type\" content=\"image\/jpeg\" \/>\n<meta name=\"author\" content=\"cfeditorfr\" \/>\n<meta name=\"twitter:card\" content=\"summary_large_image\" \/>\n<meta name=\"twitter:label1\" content=\"\u00c9crit par\" \/>\n\t<meta name=\"twitter:data1\" content=\"cfeditorfr\" \/>\n\t<meta name=\"twitter:label2\" content=\"Dur\u00e9e de lecture estim\u00e9e\" \/>\n\t<meta name=\"twitter:data2\" content=\"5 minutes\" \/>\n<script type=\"application\/ld+json\" class=\"yoast-schema-graph\">{\"@context\":\"https:\/\/schema.org\",\"@graph\":[{\"@type\":\"Article\",\"@id\":\"https:\/\/www.africa-press.net\/gabon\/politique\/congres-ordinaire-du-pdg-de-decembre-2022-dr-iloko-inquiet-des-demons-de-la-division#article\",\"isPartOf\":{\"@id\":\"https:\/\/www.africa-press.net\/gabon\/politique\/congres-ordinaire-du-pdg-de-decembre-2022-dr-iloko-inquiet-des-demons-de-la-division\"},\"author\":{\"name\":\"cfeditorfr\",\"@id\":\"https:\/\/www.africa-press.net\/gabon\/#\/schema\/person\/2b1cf3cd81a31e3cd26889ca66d677f1\"},\"headline\":\"Congr\u00e8s ordinaire du PDG de d\u00e9cembre 2022\u00a0: Dr Iloko inquiet des \u00ab\u00a0d\u00e9mons de la division\u00a0\u00bb\",\"datePublished\":\"2022-11-24T20:27:34+00:00\",\"dateModified\":\"2022-11-24T21:19:24+00:00\",\"mainEntityOfPage\":{\"@id\":\"https:\/\/www.africa-press.net\/gabon\/politique\/congres-ordinaire-du-pdg-de-decembre-2022-dr-iloko-inquiet-des-demons-de-la-division\"},\"wordCount\":913,\"commentCount\":0,\"image\":{\"@id\":\"https:\/\/www.africa-press.net\/gabon\/politique\/congres-ordinaire-du-pdg-de-decembre-2022-dr-iloko-inquiet-des-demons-de-la-division#primaryimage\"},\"thumbnailUrl\":\"https:\/\/static.africa-press.net\/gabon\/sites\/54\/2022\/11\/postQueueImg_1669309063.72.jpg\",\"keywords\":[\"Africa Press\",\"Africa Press-Gabon\",\"Gabon\"],\"articleSection\":[\"Politique\",\"Toutes les actualit\u00e9s\"],\"inLanguage\":\"fr-FR\",\"potentialAction\":[{\"@type\":\"CommentAction\",\"name\":\"Comment\",\"target\":[\"https:\/\/www.africa-press.net\/gabon\/politique\/congres-ordinaire-du-pdg-de-decembre-2022-dr-iloko-inquiet-des-demons-de-la-division#respond\"]}]},{\"@type\":\"WebPage\",\"@id\":\"https:\/\/www.africa-press.net\/gabon\/politique\/congres-ordinaire-du-pdg-de-decembre-2022-dr-iloko-inquiet-des-demons-de-la-division\",\"url\":\"https:\/\/www.africa-press.net\/gabon\/politique\/congres-ordinaire-du-pdg-de-decembre-2022-dr-iloko-inquiet-des-demons-de-la-division\",\"name\":\"Congr\u00e8s ordinaire du PDG de d\u00e9cembre 2022\u00a0: Dr Iloko inquiet des \u00ab\u00a0d\u00e9mons de la division\u00a0\u00bb - Gabon\",\"isPartOf\":{\"@id\":\"https:\/\/www.africa-press.net\/gabon\/#website\"},\"primaryImageOfPage\":{\"@id\":\"https:\/\/www.africa-press.net\/gabon\/politique\/congres-ordinaire-du-pdg-de-decembre-2022-dr-iloko-inquiet-des-demons-de-la-division#primaryimage\"},\"image\":{\"@id\":\"https:\/\/www.africa-press.net\/gabon\/politique\/congres-ordinaire-du-pdg-de-decembre-2022-dr-iloko-inquiet-des-demons-de-la-division#primaryimage\"},\"thumbnailUrl\":\"https:\/\/static.africa-press.net\/gabon\/sites\/54\/2022\/11\/postQueueImg_1669309063.72.jpg\",\"datePublished\":\"2022-11-24T20:27:34+00:00\",\"dateModified\":\"2022-11-24T21:19:24+00:00\",\"author\":{\"@id\":\"https:\/\/www.africa-press.net\/gabon\/#\/schema\/person\/2b1cf3cd81a31e3cd26889ca66d677f1\"},\"description\":\"Dans un libre propos, le Dr Ste\u0301phane Germain Iloko Boussengui, ancien Conseiller porte-parole Parti de\u0301mocratique ga ...\",\"breadcrumb\":{\"@id\":\"https:\/\/www.africa-press.net\/gabon\/politique\/congres-ordinaire-du-pdg-de-decembre-2022-dr-iloko-inquiet-des-demons-de-la-division#breadcrumb\"},\"inLanguage\":\"fr-FR\",\"potentialAction\":[{\"@type\":\"ReadAction\",\"target\":[\"https:\/\/www.africa-press.net\/gabon\/politique\/congres-ordinaire-du-pdg-de-decembre-2022-dr-iloko-inquiet-des-demons-de-la-division\"]}]},{\"@type\":\"ImageObject\",\"inLanguage\":\"fr-FR\",\"@id\":\"https:\/\/www.africa-press.net\/gabon\/politique\/congres-ordinaire-du-pdg-de-decembre-2022-dr-iloko-inquiet-des-demons-de-la-division#primaryimage\",\"url\":\"https:\/\/static.africa-press.net\/gabon\/sites\/54\/2022\/11\/postQueueImg_1669309063.72.jpg\",\"contentUrl\":\"https:\/\/static.africa-press.net\/gabon\/sites\/54\/2022\/11\/postQueueImg_1669309063.72.jpg\",\"width\":720,\"height\":473,\"caption\":\"Congr\u00e8s ordinaire du PDG de d\u00e9cembre 2022\u00a0: Dr Iloko inquiet des \u00ab\u00a0d\u00e9mons de la division\u00a0\u00bb\"},{\"@type\":\"BreadcrumbList\",\"@id\":\"https:\/\/www.africa-press.net\/gabon\/politique\/congres-ordinaire-du-pdg-de-decembre-2022-dr-iloko-inquiet-des-demons-de-la-division#breadcrumb\",\"itemListElement\":[{\"@type\":\"ListItem\",\"position\":1,\"name\":\"Accueil\",\"item\":\"https:\/\/www.africa-press.net\/gabon\/\"},{\"@type\":\"ListItem\",\"position\":2,\"name\":\"Congr\u00e8s ordinaire du PDG de d\u00e9cembre 2022\u00a0: Dr Iloko inquiet des \u00ab\u00a0d\u00e9mons de la division\u00a0\u00bb\"}]},{\"@type\":\"WebSite\",\"@id\":\"https:\/\/www.africa-press.net\/gabon\/#website\",\"url\":\"https:\/\/www.africa-press.net\/gabon\/\",\"name\":\"Gabon\",\"description\":\"Just another Africa News Agency Sites site\",\"potentialAction\":[{\"@type\":\"SearchAction\",\"target\":{\"@type\":\"EntryPoint\",\"urlTemplate\":\"https:\/\/www.africa-press.net\/gabon\/?s={search_term_string}\"},\"query-input\":{\"@type\":\"PropertyValueSpecification\",\"valueRequired\":true,\"valueName\":\"search_term_string\"}}],\"inLanguage\":\"fr-FR\"},{\"@type\":\"Person\",\"@id\":\"https:\/\/www.africa-press.net\/gabon\/#\/schema\/person\/2b1cf3cd81a31e3cd26889ca66d677f1\",\"name\":\"cfeditorfr\"}]}<\/script>\n<!-- \/ Yoast SEO Premium plugin. -->","yoast_head_json":{"title":"Congr\u00e8s ordinaire du PDG de d\u00e9cembre 2022\u00a0: Dr Iloko inquiet des \u00ab\u00a0d\u00e9mons de la division\u00a0\u00bb - Gabon","description":"Dans un libre propos, le Dr Ste\u0301phane Germain Iloko Boussengui, ancien Conseiller porte-parole Parti de\u0301mocratique ga ...","robots":{"index":"index","follow":"follow","max-snippet":"max-snippet:-1","max-image-preview":"max-image-preview:large","max-video-preview":"max-video-preview:-1"},"canonical":"https:\/\/www.africa-press.net\/gabon\/politique\/congres-ordinaire-du-pdg-de-decembre-2022-dr-iloko-inquiet-des-demons-de-la-division","og_locale":"fr_FR","og_type":"article","og_title":"Congr\u00e8s ordinaire du PDG de d\u00e9cembre 2022\u00a0: Dr Iloko inquiet des \u00ab\u00a0d\u00e9mons de la division\u00a0\u00bb","og_description":"Dans un libre propos, le Dr Ste\u0301phane Germain Iloko Boussengui, ancien Conseiller porte-parole Parti de\u0301mocratique ga ...","og_url":"https:\/\/www.africa-press.net\/gabon\/politique\/congres-ordinaire-du-pdg-de-decembre-2022-dr-iloko-inquiet-des-demons-de-la-division","og_site_name":"Gabon","article_published_time":"2022-11-24T20:27:34+00:00","article_modified_time":"2022-11-24T21:19:24+00:00","og_image":[{"width":720,"height":473,"url":"https:\/\/static.africa-press.net\/gabon\/sites\/54\/2022\/11\/postQueueImg_1669309063.72.jpg","type":"image\/jpeg"}],"author":"cfeditorfr","twitter_card":"summary_large_image","twitter_misc":{"\u00c9crit par":"cfeditorfr","Dur\u00e9e de lecture estim\u00e9e":"5 minutes"},"schema":{"@context":"https:\/\/schema.org","@graph":[{"@type":"Article","@id":"https:\/\/www.africa-press.net\/gabon\/politique\/congres-ordinaire-du-pdg-de-decembre-2022-dr-iloko-inquiet-des-demons-de-la-division#article","isPartOf":{"@id":"https:\/\/www.africa-press.net\/gabon\/politique\/congres-ordinaire-du-pdg-de-decembre-2022-dr-iloko-inquiet-des-demons-de-la-division"},"author":{"name":"cfeditorfr","@id":"https:\/\/www.africa-press.net\/gabon\/#\/schema\/person\/2b1cf3cd81a31e3cd26889ca66d677f1"},"headline":"Congr\u00e8s ordinaire du PDG de d\u00e9cembre 2022\u00a0: Dr Iloko inquiet des \u00ab\u00a0d\u00e9mons de la division\u00a0\u00bb","datePublished":"2022-11-24T20:27:34+00:00","dateModified":"2022-11-24T21:19:24+00:00","mainEntityOfPage":{"@id":"https:\/\/www.africa-press.net\/gabon\/politique\/congres-ordinaire-du-pdg-de-decembre-2022-dr-iloko-inquiet-des-demons-de-la-division"},"wordCount":913,"commentCount":0,"image":{"@id":"https:\/\/www.africa-press.net\/gabon\/politique\/congres-ordinaire-du-pdg-de-decembre-2022-dr-iloko-inquiet-des-demons-de-la-division#primaryimage"},"thumbnailUrl":"https:\/\/static.africa-press.net\/gabon\/sites\/54\/2022\/11\/postQueueImg_1669309063.72.jpg","keywords":["Africa Press","Africa Press-Gabon","Gabon"],"articleSection":["Politique","Toutes les actualit\u00e9s"],"inLanguage":"fr-FR","potentialAction":[{"@type":"CommentAction","name":"Comment","target":["https:\/\/www.africa-press.net\/gabon\/politique\/congres-ordinaire-du-pdg-de-decembre-2022-dr-iloko-inquiet-des-demons-de-la-division#respond"]}]},{"@type":"WebPage","@id":"https:\/\/www.africa-press.net\/gabon\/politique\/congres-ordinaire-du-pdg-de-decembre-2022-dr-iloko-inquiet-des-demons-de-la-division","url":"https:\/\/www.africa-press.net\/gabon\/politique\/congres-ordinaire-du-pdg-de-decembre-2022-dr-iloko-inquiet-des-demons-de-la-division","name":"Congr\u00e8s ordinaire du PDG de d\u00e9cembre 2022\u00a0: Dr Iloko inquiet des \u00ab\u00a0d\u00e9mons de la division\u00a0\u00bb - Gabon","isPartOf":{"@id":"https:\/\/www.africa-press.net\/gabon\/#website"},"primaryImageOfPage":{"@id":"https:\/\/www.africa-press.net\/gabon\/politique\/congres-ordinaire-du-pdg-de-decembre-2022-dr-iloko-inquiet-des-demons-de-la-division#primaryimage"},"image":{"@id":"https:\/\/www.africa-press.net\/gabon\/politique\/congres-ordinaire-du-pdg-de-decembre-2022-dr-iloko-inquiet-des-demons-de-la-division#primaryimage"},"thumbnailUrl":"https:\/\/static.africa-press.net\/gabon\/sites\/54\/2022\/11\/postQueueImg_1669309063.72.jpg","datePublished":"2022-11-24T20:27:34+00:00","dateModified":"2022-11-24T21:19:24+00:00","author":{"@id":"https:\/\/www.africa-press.net\/gabon\/#\/schema\/person\/2b1cf3cd81a31e3cd26889ca66d677f1"},"description":"Dans un libre propos, le Dr Ste\u0301phane Germain Iloko Boussengui, ancien Conseiller porte-parole Parti de\u0301mocratique ga ...","breadcrumb":{"@id":"https:\/\/www.africa-press.net\/gabon\/politique\/congres-ordinaire-du-pdg-de-decembre-2022-dr-iloko-inquiet-des-demons-de-la-division#breadcrumb"},"inLanguage":"fr-FR","potentialAction":[{"@type":"ReadAction","target":["https:\/\/www.africa-press.net\/gabon\/politique\/congres-ordinaire-du-pdg-de-decembre-2022-dr-iloko-inquiet-des-demons-de-la-division"]}]},{"@type":"ImageObject","inLanguage":"fr-FR","@id":"https:\/\/www.africa-press.net\/gabon\/politique\/congres-ordinaire-du-pdg-de-decembre-2022-dr-iloko-inquiet-des-demons-de-la-division#primaryimage","url":"https:\/\/static.africa-press.net\/gabon\/sites\/54\/2022\/11\/postQueueImg_1669309063.72.jpg","contentUrl":"https:\/\/static.africa-press.net\/gabon\/sites\/54\/2022\/11\/postQueueImg_1669309063.72.jpg","width":720,"height":473,"caption":"Congr\u00e8s ordinaire du PDG de d\u00e9cembre 2022\u00a0: Dr Iloko inquiet des \u00ab\u00a0d\u00e9mons de la division\u00a0\u00bb"},{"@type":"BreadcrumbList","@id":"https:\/\/www.africa-press.net\/gabon\/politique\/congres-ordinaire-du-pdg-de-decembre-2022-dr-iloko-inquiet-des-demons-de-la-division#breadcrumb","itemListElement":[{"@type":"ListItem","position":1,"name":"Accueil","item":"https:\/\/www.africa-press.net\/gabon\/"},{"@type":"ListItem","position":2,"name":"Congr\u00e8s ordinaire du PDG de d\u00e9cembre 2022\u00a0: Dr Iloko inquiet des \u00ab\u00a0d\u00e9mons de la division\u00a0\u00bb"}]},{"@type":"WebSite","@id":"https:\/\/www.africa-press.net\/gabon\/#website","url":"https:\/\/www.africa-press.net\/gabon\/","name":"Gabon","description":"Just another Africa News Agency Sites site","potentialAction":[{"@type":"SearchAction","target":{"@type":"EntryPoint","urlTemplate":"https:\/\/www.africa-press.net\/gabon\/?s={search_term_string}"},"query-input":{"@type":"PropertyValueSpecification","valueRequired":true,"valueName":"search_term_string"}}],"inLanguage":"fr-FR"},{"@type":"Person","@id":"https:\/\/www.africa-press.net\/gabon\/#\/schema\/person\/2b1cf3cd81a31e3cd26889ca66d677f1","name":"cfeditorfr"}]}},"_links":{"self":[{"href":"https:\/\/www.africa-press.net\/gabon\/wp-json\/wp\/v2\/posts\/13103","targetHints":{"allow":["GET"]}}],"collection":[{"href":"https:\/\/www.africa-press.net\/gabon\/wp-json\/wp\/v2\/posts"}],"about":[{"href":"https:\/\/www.africa-press.net\/gabon\/wp-json\/wp\/v2\/types\/post"}],"author":[{"embeddable":true,"href":"https:\/\/www.africa-press.net\/gabon\/wp-json\/wp\/v2\/users\/82"}],"replies":[{"embeddable":true,"href":"https:\/\/www.africa-press.net\/gabon\/wp-json\/wp\/v2\/comments?post=13103"}],"version-history":[{"count":0,"href":"https:\/\/www.africa-press.net\/gabon\/wp-json\/wp\/v2\/posts\/13103\/revisions"}],"wp:featuredmedia":[{"embeddable":true,"href":"https:\/\/www.africa-press.net\/gabon\/wp-json\/wp\/v2\/media\/13102"}],"wp:attachment":[{"href":"https:\/\/www.africa-press.net\/gabon\/wp-json\/wp\/v2\/media?parent=13103"}],"wp:term":[{"taxonomy":"category","embeddable":true,"href":"https:\/\/www.africa-press.net\/gabon\/wp-json\/wp\/v2\/categories?post=13103"},{"taxonomy":"post_tag","embeddable":true,"href":"https:\/\/www.africa-press.net\/gabon\/wp-json\/wp\/v2\/tags?post=13103"}],"curies":[{"name":"wp","href":"https:\/\/api.w.org\/{rel}","templated":true}]}}