{"id":13109,"date":"2022-11-24T20:28:11","date_gmt":"2022-11-24T20:28:11","guid":{"rendered":"https:\/\/www.africa-press.net\/gabon\/politique\/gabon-le-pavillon-gabon-de-lexposition-universel-de-dubai-2020-ouvert-aux-eleves"},"modified":"2022-11-24T21:20:10","modified_gmt":"2022-11-24T21:20:10","slug":"gabon-le-pavillon-gabon-de-lexposition-universel-de-dubai-2020-ouvert-aux-eleves","status":"publish","type":"post","link":"https:\/\/www.africa-press.net\/gabon\/toutes-les-actualites\/gabon-le-pavillon-gabon-de-lexposition-universel-de-dubai-2020-ouvert-aux-eleves","title":{"rendered":"Gabon\u00a0: Le pavillon Gabon de l\u2019Exposition universel de Duba\u00ef 2020 ouvert aux \u00e9l\u00e8ves"},"content":{"rendered":"<p><span style=\"color: #ff6600\"><strong>Africa-Press &#8211; Gabon. <\/strong><\/span><b>Engage\u0301e dans la de\u0301mocratisation de l\u2019acce\u0300s a\u0300 la culture et la sensibilisation de la jeunesse gabonaise aux attributs environnementaux, culturels et e\u0301conomiques du Gabon, la Fac\u0327ade maritime du champ triomphal (FMCT) ouvre aux e\u0301le\u0300ves du pays, jusqu\u2019a\u0300 mi-janvier 2023, les portes du pavillon Gabon de l\u2019Exposition universel de Dubai\u0308 2020, prix d\u2019argent dans la cate\u0301gorie interpre\u0301tation du the\u0300me \u00abConnecter les esprits, Construire le futur\u00bb.<\/b><\/p>\n<p>A\u0300 la suite du pre\u0301sident de la Re\u0301publique, Ali Bongo Ondimba, le 18 novembre dernier, la ministre de l\u2019E\u0301ducation nationale, charge\u0301e de la Formation civique, Camelia Ntoutoume Leclercq, accompagne\u0301e de sa de\u0301le\u0301gue\u0301e, Aubie\u0300rge Sylvine Ngoma et des e\u0301le\u0300ves de l\u2019e\u0301cole publique de Malibe\u0301 1 et ceux du CES Avorbam, a proce\u0301de\u0301 le 22 novembre, a\u0300 une visite du pavillon Gabon de l\u2019Exposition universelle Dubai\u0308 2020, installe\u0301 a\u0300 la Baie des rois de Libreville. Occasion pour ces derniers, d\u2019admirer, de de\u0301couvrir l\u2019exposition universelle de Dubai\u0308 2020 qui a permis au pays de remporter le prix d\u2019argent aux E\u0301mirats arabes unis, le 30 mars 2022.<\/p>\n<p>Inscrite dans une volonte\u0301 du pre\u0301sident de la Re\u0301publique de de\u0301mocratiser l\u2019acce\u0300s a\u0300 la culture et sensibiliser la jeunesse gabonaise aux attributs environnementaux, culturels et e\u0301conomiques du Gabon, cette excursion initie\u0301e par la filiale du Fonds gabonais d\u2019investissement strate\u0301gique, la Fac\u0327ade maritime du champ triomphal, cette ope\u0301ration a permis a\u0300 ces enfants de de\u0301couvrir les potentialite\u0301s de notre pays, l\u2019e\u0301cosyste\u0300me et toute la biodiversite\u0301 qui gravite autour.<\/p>\n<p>Pre\u0301vu trois fois par semaine (mardi, mercredi et jeudi, matin et apre\u0300s-midi), ces visites gratuites, s\u2019e\u0301tendront jusqu\u2019a\u0300 la mi-janvier et concernent les e\u0301tablissements primaires et secondaires du Grand Libreville. Il s\u2019agit pour la FMCT d\u2019offrir a\u0300 la jeunesse gabonaise une immersion dans un lieu hautement culturel et symbolique qui pre\u0301sente la fore\u0302t primaire du pays, la faune et la flore, l\u2019e\u0301conomie ainsi que la culture ancestrale nationale.<\/p>\n<p><strong>Pour plus d&rsquo;informations et d&rsquo;analyses sur la <a href=\"https:\/\/www.africa-press.net\/gabon\">Gabon<\/a>, suivez <a href=\"https:\/\/www.africa-press.net\/\">Africa-Press<\/a><\/strong><\/p>\n","protected":false},"excerpt":{"rendered":"<p>Africa-Press &#8211; Gabon. Engage\u0301e dans la de\u0301mocratisation de l\u2019acce\u0300s a\u0300 la culture et la sensibilisation de la jeunesse gabonaise aux attributs environnementaux, culturels et e\u0301conomiques du Gabon, la Fac\u0327ade maritime du champ triomphal (FMCT) ouvre aux e\u0301le\u0300ves du pays, jusqu\u2019a\u0300 mi-janvier 2023, les portes du pavillon Gabon de l\u2019Exposition universel de Dubai\u0308 2020, prix d\u2019argent [&hellip;]<\/p>\n","protected":false},"author":82,"featured_media":13108,"comment_status":"open","ping_status":"closed","sticky":false,"template":"","format":"standard","meta":{"footnotes":""},"categories":[21,10],"tags":[36,50,49],"class_list":["post-13109","post","type-post","status-publish","format-standard","has-post-thumbnail","hentry","category-communaute","category-toutes-les-actualites","tag-africa-press","tag-africa-press-gabon","tag-gabon"],"yoast_head":"<!-- This site is optimized with the Yoast SEO Premium plugin v26.1 (Yoast SEO v27.0) - https:\/\/yoast.com\/product\/yoast-seo-premium-wordpress\/ -->\n<title>Gabon\u00a0: Le pavillon Gabon de l\u2019Exposition universel de Duba\u00ef 2020 ouvert aux \u00e9l\u00e8ves - Gabon<\/title>\n<meta name=\"description\" content=\"Engage\u0301e dans la de\u0301mocratisation de l\u2019acce\u0300s a\u0300 la culture et la sensibilisation de la jeunesse gabonaise aux attrib ...\" \/>\n<meta name=\"robots\" content=\"index, follow, max-snippet:-1, max-image-preview:large, max-video-preview:-1\" \/>\n<link rel=\"canonical\" href=\"https:\/\/www.africa-press.net\/gabon\/toutes-les-actualites\/gabon-le-pavillon-gabon-de-lexposition-universel-de-dubai-2020-ouvert-aux-eleves\" \/>\n<meta property=\"og:locale\" content=\"fr_FR\" \/>\n<meta property=\"og:type\" content=\"article\" \/>\n<meta property=\"og:title\" content=\"Gabon\u00a0: Le pavillon Gabon de l\u2019Exposition universel de Duba\u00ef 2020 ouvert aux \u00e9l\u00e8ves\" \/>\n<meta property=\"og:description\" content=\"Engage\u0301e dans la de\u0301mocratisation de l\u2019acce\u0300s a\u0300 la culture et la sensibilisation de la jeunesse gabonaise aux attrib ...\" \/>\n<meta property=\"og:url\" content=\"https:\/\/www.africa-press.net\/gabon\/toutes-les-actualites\/gabon-le-pavillon-gabon-de-lexposition-universel-de-dubai-2020-ouvert-aux-eleves\" \/>\n<meta property=\"og:site_name\" content=\"Gabon\" \/>\n<meta property=\"article:published_time\" content=\"2022-11-24T20:28:11+00:00\" \/>\n<meta property=\"article:modified_time\" content=\"2022-11-24T21:20:10+00:00\" \/>\n<meta property=\"og:image\" content=\"https:\/\/static.africa-press.net\/gabon\/sites\/54\/2022\/11\/postQueueImg_1669309116.39.jpg\" \/>\n\t<meta property=\"og:image:width\" content=\"720\" \/>\n\t<meta property=\"og:image:height\" content=\"479\" \/>\n\t<meta property=\"og:image:type\" content=\"image\/jpeg\" \/>\n<meta name=\"author\" content=\"cfeditorfr\" \/>\n<meta name=\"twitter:card\" content=\"summary_large_image\" \/>\n<meta name=\"twitter:label1\" content=\"\u00c9crit par\" \/>\n\t<meta name=\"twitter:data1\" content=\"cfeditorfr\" \/>\n\t<meta name=\"twitter:label2\" content=\"Dur\u00e9e de lecture estim\u00e9e\" \/>\n\t<meta name=\"twitter:data2\" content=\"2 minutes\" \/>\n<script type=\"application\/ld+json\" class=\"yoast-schema-graph\">{\"@context\":\"https:\/\/schema.org\",\"@graph\":[{\"@type\":\"Article\",\"@id\":\"https:\/\/www.africa-press.net\/gabon\/toutes-les-actualites\/gabon-le-pavillon-gabon-de-lexposition-universel-de-dubai-2020-ouvert-aux-eleves#article\",\"isPartOf\":{\"@id\":\"https:\/\/www.africa-press.net\/gabon\/toutes-les-actualites\/gabon-le-pavillon-gabon-de-lexposition-universel-de-dubai-2020-ouvert-aux-eleves\"},\"author\":{\"name\":\"cfeditorfr\",\"@id\":\"https:\/\/www.africa-press.net\/gabon\/#\/schema\/person\/2b1cf3cd81a31e3cd26889ca66d677f1\"},\"headline\":\"Gabon\u00a0: Le pavillon Gabon de l\u2019Exposition universel de Duba\u00ef 2020 ouvert aux \u00e9l\u00e8ves\",\"datePublished\":\"2022-11-24T20:28:11+00:00\",\"dateModified\":\"2022-11-24T21:20:10+00:00\",\"mainEntityOfPage\":{\"@id\":\"https:\/\/www.africa-press.net\/gabon\/toutes-les-actualites\/gabon-le-pavillon-gabon-de-lexposition-universel-de-dubai-2020-ouvert-aux-eleves\"},\"wordCount\":384,\"commentCount\":0,\"image\":{\"@id\":\"https:\/\/www.africa-press.net\/gabon\/toutes-les-actualites\/gabon-le-pavillon-gabon-de-lexposition-universel-de-dubai-2020-ouvert-aux-eleves#primaryimage\"},\"thumbnailUrl\":\"https:\/\/static.africa-press.net\/gabon\/sites\/54\/2022\/11\/postQueueImg_1669309116.39.jpg\",\"keywords\":[\"Africa Press\",\"Africa Press-Gabon\",\"Gabon\"],\"articleSection\":[\"Communaut\u00e9\",\"Toutes les actualit\u00e9s\"],\"inLanguage\":\"fr-FR\",\"potentialAction\":[{\"@type\":\"CommentAction\",\"name\":\"Comment\",\"target\":[\"https:\/\/www.africa-press.net\/gabon\/toutes-les-actualites\/gabon-le-pavillon-gabon-de-lexposition-universel-de-dubai-2020-ouvert-aux-eleves#respond\"]}]},{\"@type\":\"WebPage\",\"@id\":\"https:\/\/www.africa-press.net\/gabon\/toutes-les-actualites\/gabon-le-pavillon-gabon-de-lexposition-universel-de-dubai-2020-ouvert-aux-eleves\",\"url\":\"https:\/\/www.africa-press.net\/gabon\/toutes-les-actualites\/gabon-le-pavillon-gabon-de-lexposition-universel-de-dubai-2020-ouvert-aux-eleves\",\"name\":\"Gabon\u00a0: Le pavillon Gabon de l\u2019Exposition universel de Duba\u00ef 2020 ouvert aux \u00e9l\u00e8ves - Gabon\",\"isPartOf\":{\"@id\":\"https:\/\/www.africa-press.net\/gabon\/#website\"},\"primaryImageOfPage\":{\"@id\":\"https:\/\/www.africa-press.net\/gabon\/toutes-les-actualites\/gabon-le-pavillon-gabon-de-lexposition-universel-de-dubai-2020-ouvert-aux-eleves#primaryimage\"},\"image\":{\"@id\":\"https:\/\/www.africa-press.net\/gabon\/toutes-les-actualites\/gabon-le-pavillon-gabon-de-lexposition-universel-de-dubai-2020-ouvert-aux-eleves#primaryimage\"},\"thumbnailUrl\":\"https:\/\/static.africa-press.net\/gabon\/sites\/54\/2022\/11\/postQueueImg_1669309116.39.jpg\",\"datePublished\":\"2022-11-24T20:28:11+00:00\",\"dateModified\":\"2022-11-24T21:20:10+00:00\",\"author\":{\"@id\":\"https:\/\/www.africa-press.net\/gabon\/#\/schema\/person\/2b1cf3cd81a31e3cd26889ca66d677f1\"},\"description\":\"Engage\u0301e dans la de\u0301mocratisation de l\u2019acce\u0300s a\u0300 la culture et la sensibilisation de la jeunesse gabonaise aux attrib ...\",\"breadcrumb\":{\"@id\":\"https:\/\/www.africa-press.net\/gabon\/toutes-les-actualites\/gabon-le-pavillon-gabon-de-lexposition-universel-de-dubai-2020-ouvert-aux-eleves#breadcrumb\"},\"inLanguage\":\"fr-FR\",\"potentialAction\":[{\"@type\":\"ReadAction\",\"target\":[\"https:\/\/www.africa-press.net\/gabon\/toutes-les-actualites\/gabon-le-pavillon-gabon-de-lexposition-universel-de-dubai-2020-ouvert-aux-eleves\"]}]},{\"@type\":\"ImageObject\",\"inLanguage\":\"fr-FR\",\"@id\":\"https:\/\/www.africa-press.net\/gabon\/toutes-les-actualites\/gabon-le-pavillon-gabon-de-lexposition-universel-de-dubai-2020-ouvert-aux-eleves#primaryimage\",\"url\":\"https:\/\/static.africa-press.net\/gabon\/sites\/54\/2022\/11\/postQueueImg_1669309116.39.jpg\",\"contentUrl\":\"https:\/\/static.africa-press.net\/gabon\/sites\/54\/2022\/11\/postQueueImg_1669309116.39.jpg\",\"width\":720,\"height\":479,\"caption\":\"Gabon\u00a0: Le pavillon Gabon de l\u2019Exposition universel de Duba\u00ef 2020 ouvert aux \u00e9l\u00e8ves\"},{\"@type\":\"BreadcrumbList\",\"@id\":\"https:\/\/www.africa-press.net\/gabon\/toutes-les-actualites\/gabon-le-pavillon-gabon-de-lexposition-universel-de-dubai-2020-ouvert-aux-eleves#breadcrumb\",\"itemListElement\":[{\"@type\":\"ListItem\",\"position\":1,\"name\":\"Accueil\",\"item\":\"https:\/\/www.africa-press.net\/gabon\/\"},{\"@type\":\"ListItem\",\"position\":2,\"name\":\"Gabon\u00a0: Le pavillon Gabon de l\u2019Exposition universel de Duba\u00ef 2020 ouvert aux \u00e9l\u00e8ves\"}]},{\"@type\":\"WebSite\",\"@id\":\"https:\/\/www.africa-press.net\/gabon\/#website\",\"url\":\"https:\/\/www.africa-press.net\/gabon\/\",\"name\":\"Gabon\",\"description\":\"Just another Africa News Agency Sites site\",\"potentialAction\":[{\"@type\":\"SearchAction\",\"target\":{\"@type\":\"EntryPoint\",\"urlTemplate\":\"https:\/\/www.africa-press.net\/gabon\/?s={search_term_string}\"},\"query-input\":{\"@type\":\"PropertyValueSpecification\",\"valueRequired\":true,\"valueName\":\"search_term_string\"}}],\"inLanguage\":\"fr-FR\"},{\"@type\":\"Person\",\"@id\":\"https:\/\/www.africa-press.net\/gabon\/#\/schema\/person\/2b1cf3cd81a31e3cd26889ca66d677f1\",\"name\":\"cfeditorfr\"}]}<\/script>\n<!-- \/ Yoast SEO Premium plugin. -->","yoast_head_json":{"title":"Gabon\u00a0: Le pavillon Gabon de l\u2019Exposition universel de Duba\u00ef 2020 ouvert aux \u00e9l\u00e8ves - Gabon","description":"Engage\u0301e dans la de\u0301mocratisation de l\u2019acce\u0300s a\u0300 la culture et la sensibilisation de la jeunesse gabonaise aux attrib ...","robots":{"index":"index","follow":"follow","max-snippet":"max-snippet:-1","max-image-preview":"max-image-preview:large","max-video-preview":"max-video-preview:-1"},"canonical":"https:\/\/www.africa-press.net\/gabon\/toutes-les-actualites\/gabon-le-pavillon-gabon-de-lexposition-universel-de-dubai-2020-ouvert-aux-eleves","og_locale":"fr_FR","og_type":"article","og_title":"Gabon\u00a0: Le pavillon Gabon de l\u2019Exposition universel de Duba\u00ef 2020 ouvert aux \u00e9l\u00e8ves","og_description":"Engage\u0301e dans la de\u0301mocratisation de l\u2019acce\u0300s a\u0300 la culture et la sensibilisation de la jeunesse gabonaise aux attrib ...","og_url":"https:\/\/www.africa-press.net\/gabon\/toutes-les-actualites\/gabon-le-pavillon-gabon-de-lexposition-universel-de-dubai-2020-ouvert-aux-eleves","og_site_name":"Gabon","article_published_time":"2022-11-24T20:28:11+00:00","article_modified_time":"2022-11-24T21:20:10+00:00","og_image":[{"width":720,"height":479,"url":"https:\/\/static.africa-press.net\/gabon\/sites\/54\/2022\/11\/postQueueImg_1669309116.39.jpg","type":"image\/jpeg"}],"author":"cfeditorfr","twitter_card":"summary_large_image","twitter_misc":{"\u00c9crit par":"cfeditorfr","Dur\u00e9e de lecture estim\u00e9e":"2 minutes"},"schema":{"@context":"https:\/\/schema.org","@graph":[{"@type":"Article","@id":"https:\/\/www.africa-press.net\/gabon\/toutes-les-actualites\/gabon-le-pavillon-gabon-de-lexposition-universel-de-dubai-2020-ouvert-aux-eleves#article","isPartOf":{"@id":"https:\/\/www.africa-press.net\/gabon\/toutes-les-actualites\/gabon-le-pavillon-gabon-de-lexposition-universel-de-dubai-2020-ouvert-aux-eleves"},"author":{"name":"cfeditorfr","@id":"https:\/\/www.africa-press.net\/gabon\/#\/schema\/person\/2b1cf3cd81a31e3cd26889ca66d677f1"},"headline":"Gabon\u00a0: Le pavillon Gabon de l\u2019Exposition universel de Duba\u00ef 2020 ouvert aux \u00e9l\u00e8ves","datePublished":"2022-11-24T20:28:11+00:00","dateModified":"2022-11-24T21:20:10+00:00","mainEntityOfPage":{"@id":"https:\/\/www.africa-press.net\/gabon\/toutes-les-actualites\/gabon-le-pavillon-gabon-de-lexposition-universel-de-dubai-2020-ouvert-aux-eleves"},"wordCount":384,"commentCount":0,"image":{"@id":"https:\/\/www.africa-press.net\/gabon\/toutes-les-actualites\/gabon-le-pavillon-gabon-de-lexposition-universel-de-dubai-2020-ouvert-aux-eleves#primaryimage"},"thumbnailUrl":"https:\/\/static.africa-press.net\/gabon\/sites\/54\/2022\/11\/postQueueImg_1669309116.39.jpg","keywords":["Africa Press","Africa Press-Gabon","Gabon"],"articleSection":["Communaut\u00e9","Toutes les actualit\u00e9s"],"inLanguage":"fr-FR","potentialAction":[{"@type":"CommentAction","name":"Comment","target":["https:\/\/www.africa-press.net\/gabon\/toutes-les-actualites\/gabon-le-pavillon-gabon-de-lexposition-universel-de-dubai-2020-ouvert-aux-eleves#respond"]}]},{"@type":"WebPage","@id":"https:\/\/www.africa-press.net\/gabon\/toutes-les-actualites\/gabon-le-pavillon-gabon-de-lexposition-universel-de-dubai-2020-ouvert-aux-eleves","url":"https:\/\/www.africa-press.net\/gabon\/toutes-les-actualites\/gabon-le-pavillon-gabon-de-lexposition-universel-de-dubai-2020-ouvert-aux-eleves","name":"Gabon\u00a0: Le pavillon Gabon de l\u2019Exposition universel de Duba\u00ef 2020 ouvert aux \u00e9l\u00e8ves - Gabon","isPartOf":{"@id":"https:\/\/www.africa-press.net\/gabon\/#website"},"primaryImageOfPage":{"@id":"https:\/\/www.africa-press.net\/gabon\/toutes-les-actualites\/gabon-le-pavillon-gabon-de-lexposition-universel-de-dubai-2020-ouvert-aux-eleves#primaryimage"},"image":{"@id":"https:\/\/www.africa-press.net\/gabon\/toutes-les-actualites\/gabon-le-pavillon-gabon-de-lexposition-universel-de-dubai-2020-ouvert-aux-eleves#primaryimage"},"thumbnailUrl":"https:\/\/static.africa-press.net\/gabon\/sites\/54\/2022\/11\/postQueueImg_1669309116.39.jpg","datePublished":"2022-11-24T20:28:11+00:00","dateModified":"2022-11-24T21:20:10+00:00","author":{"@id":"https:\/\/www.africa-press.net\/gabon\/#\/schema\/person\/2b1cf3cd81a31e3cd26889ca66d677f1"},"description":"Engage\u0301e dans la de\u0301mocratisation de l\u2019acce\u0300s a\u0300 la culture et la sensibilisation de la jeunesse gabonaise aux attrib ...","breadcrumb":{"@id":"https:\/\/www.africa-press.net\/gabon\/toutes-les-actualites\/gabon-le-pavillon-gabon-de-lexposition-universel-de-dubai-2020-ouvert-aux-eleves#breadcrumb"},"inLanguage":"fr-FR","potentialAction":[{"@type":"ReadAction","target":["https:\/\/www.africa-press.net\/gabon\/toutes-les-actualites\/gabon-le-pavillon-gabon-de-lexposition-universel-de-dubai-2020-ouvert-aux-eleves"]}]},{"@type":"ImageObject","inLanguage":"fr-FR","@id":"https:\/\/www.africa-press.net\/gabon\/toutes-les-actualites\/gabon-le-pavillon-gabon-de-lexposition-universel-de-dubai-2020-ouvert-aux-eleves#primaryimage","url":"https:\/\/static.africa-press.net\/gabon\/sites\/54\/2022\/11\/postQueueImg_1669309116.39.jpg","contentUrl":"https:\/\/static.africa-press.net\/gabon\/sites\/54\/2022\/11\/postQueueImg_1669309116.39.jpg","width":720,"height":479,"caption":"Gabon\u00a0: Le pavillon Gabon de l\u2019Exposition universel de Duba\u00ef 2020 ouvert aux \u00e9l\u00e8ves"},{"@type":"BreadcrumbList","@id":"https:\/\/www.africa-press.net\/gabon\/toutes-les-actualites\/gabon-le-pavillon-gabon-de-lexposition-universel-de-dubai-2020-ouvert-aux-eleves#breadcrumb","itemListElement":[{"@type":"ListItem","position":1,"name":"Accueil","item":"https:\/\/www.africa-press.net\/gabon\/"},{"@type":"ListItem","position":2,"name":"Gabon\u00a0: Le pavillon Gabon de l\u2019Exposition universel de Duba\u00ef 2020 ouvert aux \u00e9l\u00e8ves"}]},{"@type":"WebSite","@id":"https:\/\/www.africa-press.net\/gabon\/#website","url":"https:\/\/www.africa-press.net\/gabon\/","name":"Gabon","description":"Just another Africa News Agency Sites site","potentialAction":[{"@type":"SearchAction","target":{"@type":"EntryPoint","urlTemplate":"https:\/\/www.africa-press.net\/gabon\/?s={search_term_string}"},"query-input":{"@type":"PropertyValueSpecification","valueRequired":true,"valueName":"search_term_string"}}],"inLanguage":"fr-FR"},{"@type":"Person","@id":"https:\/\/www.africa-press.net\/gabon\/#\/schema\/person\/2b1cf3cd81a31e3cd26889ca66d677f1","name":"cfeditorfr"}]}},"_links":{"self":[{"href":"https:\/\/www.africa-press.net\/gabon\/wp-json\/wp\/v2\/posts\/13109","targetHints":{"allow":["GET"]}}],"collection":[{"href":"https:\/\/www.africa-press.net\/gabon\/wp-json\/wp\/v2\/posts"}],"about":[{"href":"https:\/\/www.africa-press.net\/gabon\/wp-json\/wp\/v2\/types\/post"}],"author":[{"embeddable":true,"href":"https:\/\/www.africa-press.net\/gabon\/wp-json\/wp\/v2\/users\/82"}],"replies":[{"embeddable":true,"href":"https:\/\/www.africa-press.net\/gabon\/wp-json\/wp\/v2\/comments?post=13109"}],"version-history":[{"count":0,"href":"https:\/\/www.africa-press.net\/gabon\/wp-json\/wp\/v2\/posts\/13109\/revisions"}],"wp:featuredmedia":[{"embeddable":true,"href":"https:\/\/www.africa-press.net\/gabon\/wp-json\/wp\/v2\/media\/13108"}],"wp:attachment":[{"href":"https:\/\/www.africa-press.net\/gabon\/wp-json\/wp\/v2\/media?parent=13109"}],"wp:term":[{"taxonomy":"category","embeddable":true,"href":"https:\/\/www.africa-press.net\/gabon\/wp-json\/wp\/v2\/categories?post=13109"},{"taxonomy":"post_tag","embeddable":true,"href":"https:\/\/www.africa-press.net\/gabon\/wp-json\/wp\/v2\/tags?post=13109"}],"curies":[{"name":"wp","href":"https:\/\/api.w.org\/{rel}","templated":true}]}}