{"id":13128,"date":"2022-11-24T20:31:04","date_gmt":"2022-11-24T20:31:04","guid":{"rendered":"https:\/\/www.africa-press.net\/gabon\/politique\/commonwealth-les-ministres-de-la-justice-en-conclave-autour-des-droits-de-lhomme-a-maurice"},"modified":"2022-11-24T21:22:20","modified_gmt":"2022-11-24T21:22:20","slug":"commonwealth-les-ministres-de-la-justice-en-conclave-autour-des-droits-de-lhomme-a-maurice","status":"publish","type":"post","link":"https:\/\/www.africa-press.net\/gabon\/politique\/commonwealth-les-ministres-de-la-justice-en-conclave-autour-des-droits-de-lhomme-a-maurice","title":{"rendered":"Commonwealth\u00a0: Les ministres\u00a0 de la Justice en conclave autour des droits de l\u2019homme \u00e0 Maurice"},"content":{"rendered":"<p><span style=\"color: #ff6600\"><strong>Africa-Press &#8211; Gabon. <\/strong><\/span>Le ministre de la Justice, Garde des Sceaux, Erlyne Antonela Ndembet Damas, se\u0301journe depuis le 22 novembre a\u0300 l\u2019i\u0302le Maurice ou\u0300 elle participe a\u0300 la re\u0301union des ministres de la Justice et des hauts fonctionnaires du Commonwealth. Les travaux se de\u0301roulent autour du the\u0300me : \u00abRenforcer la coope\u0301ration internationale par l\u2019e\u0301tat de droit et la protection des droits de l\u2019homme\u00bb. En d\u2019autres termes, il s\u2019agit de mettre l\u2019accent sur la promotion des droits de l\u2019homme.<\/p>\n<p>Les assises des ministres de la Justice du Commonwealth se sont ouvertes le 22 novembre dernier avec la Re\u0301union des hauts fonctionnaires des Ministe\u0300res de la Justice. Elles visaient a\u0300 faire progresser \u00able Commonwealth de consensus et de coope\u0301ration\u00bb et a\u0300 permettre aux acteurs de de\u0301finir les orientations claires, sur une se\u0301rie de questions juridiques, d\u2019e\u0301tat de droit et de justice d\u2019inte\u0301re\u0302t mutuel pour les pays membres. Le Gabon est repre\u0301sente\u0301 a\u0300 ces travaux par son ministre de la Justice Erlyne Antonela Ndembet Damas.<\/p>\n<p>De\u0301bute\u0301s le 22 novembre, ces assises ont e\u0301galement e\u0301te\u0301 l\u2019occasion pour les participants de faire de nouveaux progre\u0300s sur les questions d\u2019acce\u0300s a\u0300 la justice, guide\u0301 par le plan d\u2019action pour l\u2019e\u0301galite\u0301 adopte\u0301 par les chefs d\u2019E\u0301tat du Commonwealth a\u0300 Kigali en juin 2022. Dans cette perspective, la re\u0301union des ministres, qui prend fin le 25 novembre, soutient la promotion des droits de l\u2019homme tout en acce\u0301le\u0301rant les progre\u0300s vers les objectifs de de\u0301veloppement durable e\u0301nonce\u0301s dans l\u2019agenda 2030 des Nations Unies.<\/p>\n<p>La ple\u0301nie\u0300re ministe\u0301rielle a vu la contribution du membre du gouvernement gabonais sur des points inscrits a\u0300 l\u2019ordre du jour, a\u0300 savoir, le renforcement de la coope\u0301ration internationale par l\u2019E\u0301tat de droit et la protection des droits de l\u2019homme, l\u2019e\u0301galite\u0301 d\u2019acce\u0300s a\u0300 la justice, l\u2019avenir des juridictions, les mode\u0300les de lois et des contrats, l\u2019assistance juridique mutuelle, l\u2019entraide judiciaire.<\/p>\n<p>Autres points devant e\u0302tre aborde\u0301s, le droit et le changement climatique, les crite\u0300res anticorruption du Commonwealth ; les cadres juridiques et re\u0301glementaires du Commonwealth pour l\u2019e\u0301conomie nume\u0301rique, la cyberse\u0301curite\u0301 pour les e\u0301lections, les dispositions types sur la protection des donne\u0301es, la liberte\u0301 d\u2019expression et le ro\u0302le des me\u0301dias, la convention de Singapour sur la me\u0301diation, la diversite\u0301 dans les nominations judiciaires, la transformation de la Justice judiciaire, le re\u0300glement extrajudiciaire des diffe\u0301rends et la transformation de la justice militaire.<\/p>\n<p>Les chefs des de\u0301partements de la justice ont e\u0301te\u0301 invite\u0301s a\u0300 contribuer en vue de la prise en compte des propositions et observations dans le rapport final qui sera lu le 25 novembre 2022 au terme des travaux.<\/p>\n<p><strong>Pour plus d&rsquo;informations et d&rsquo;analyses sur la <a href=\"https:\/\/www.africa-press.net\/gabon\">Gabon<\/a>, suivez <a href=\"https:\/\/www.africa-press.net\/\">Africa-Press<\/a><\/strong><\/p>\n","protected":false},"excerpt":{"rendered":"<p>Africa-Press &#8211; Gabon. Le ministre de la Justice, Garde des Sceaux, Erlyne Antonela Ndembet Damas, se\u0301journe depuis le 22 novembre a\u0300 l\u2019i\u0302le Maurice ou\u0300 elle participe a\u0300 la re\u0301union des ministres de la Justice et des hauts fonctionnaires du Commonwealth. Les travaux se de\u0301roulent autour du the\u0300me : \u00abRenforcer la coope\u0301ration internationale par l\u2019e\u0301tat de [&hellip;]<\/p>\n","protected":false},"author":82,"featured_media":13127,"comment_status":"open","ping_status":"closed","sticky":false,"template":"","format":"standard","meta":{"footnotes":""},"categories":[2,10],"tags":[36,50,49],"class_list":["post-13128","post","type-post","status-publish","format-standard","has-post-thumbnail","hentry","category-politique","category-toutes-les-actualites","tag-africa-press","tag-africa-press-gabon","tag-gabon"],"yoast_head":"<!-- This site is optimized with the Yoast SEO Premium plugin v26.1 (Yoast SEO v27.0) - https:\/\/yoast.com\/product\/yoast-seo-premium-wordpress\/ -->\n<title>Commonwealth\u00a0: Les ministres\u00a0 de la Justice en conclave autour des droits de l\u2019homme \u00e0 Maurice - Gabon<\/title>\n<meta name=\"description\" content=\"Le ministre de la Justice, Garde des Sceaux, Erlyne Antonela Ndembet Damas, se\u0301journe depuis le 22 novembre a\u0300 l\u2019i\u0302le Ma ...\" \/>\n<meta name=\"robots\" content=\"index, follow, max-snippet:-1, max-image-preview:large, max-video-preview:-1\" \/>\n<link rel=\"canonical\" href=\"https:\/\/www.africa-press.net\/gabon\/politique\/commonwealth-les-ministres-de-la-justice-en-conclave-autour-des-droits-de-lhomme-a-maurice\" \/>\n<meta property=\"og:locale\" content=\"fr_FR\" \/>\n<meta property=\"og:type\" content=\"article\" \/>\n<meta property=\"og:title\" content=\"Commonwealth\u00a0: Les ministres\u00a0 de la Justice en conclave autour des droits de l\u2019homme \u00e0 Maurice\" \/>\n<meta property=\"og:description\" content=\"Le ministre de la Justice, Garde des Sceaux, Erlyne Antonela Ndembet Damas, se\u0301journe depuis le 22 novembre a\u0300 l\u2019i\u0302le Ma ...\" \/>\n<meta property=\"og:url\" content=\"https:\/\/www.africa-press.net\/gabon\/politique\/commonwealth-les-ministres-de-la-justice-en-conclave-autour-des-droits-de-lhomme-a-maurice\" \/>\n<meta property=\"og:site_name\" content=\"Gabon\" \/>\n<meta property=\"article:published_time\" content=\"2022-11-24T20:31:04+00:00\" \/>\n<meta property=\"article:modified_time\" content=\"2022-11-24T21:22:20+00:00\" \/>\n<meta property=\"og:image\" content=\"https:\/\/static.africa-press.net\/gabon\/sites\/54\/2022\/11\/postQueueImg_1669309269.00.jpg\" \/>\n\t<meta property=\"og:image:width\" content=\"720\" \/>\n\t<meta property=\"og:image:height\" content=\"486\" \/>\n\t<meta property=\"og:image:type\" content=\"image\/jpeg\" \/>\n<meta name=\"author\" content=\"cfeditorfr\" \/>\n<meta name=\"twitter:card\" content=\"summary_large_image\" \/>\n<meta name=\"twitter:label1\" content=\"\u00c9crit par\" \/>\n\t<meta name=\"twitter:data1\" content=\"cfeditorfr\" \/>\n\t<meta name=\"twitter:label2\" content=\"Dur\u00e9e de lecture estim\u00e9e\" \/>\n\t<meta name=\"twitter:data2\" content=\"3 minutes\" \/>\n<script type=\"application\/ld+json\" class=\"yoast-schema-graph\">{\"@context\":\"https:\/\/schema.org\",\"@graph\":[{\"@type\":\"Article\",\"@id\":\"https:\/\/www.africa-press.net\/gabon\/politique\/commonwealth-les-ministres-de-la-justice-en-conclave-autour-des-droits-de-lhomme-a-maurice#article\",\"isPartOf\":{\"@id\":\"https:\/\/www.africa-press.net\/gabon\/politique\/commonwealth-les-ministres-de-la-justice-en-conclave-autour-des-droits-de-lhomme-a-maurice\"},\"author\":{\"name\":\"cfeditorfr\",\"@id\":\"https:\/\/www.africa-press.net\/gabon\/#\/schema\/person\/2b1cf3cd81a31e3cd26889ca66d677f1\"},\"headline\":\"Commonwealth\u00a0: Les ministres\u00a0 de la Justice en conclave autour des droits de l\u2019homme \u00e0 Maurice\",\"datePublished\":\"2022-11-24T20:31:04+00:00\",\"dateModified\":\"2022-11-24T21:22:20+00:00\",\"mainEntityOfPage\":{\"@id\":\"https:\/\/www.africa-press.net\/gabon\/politique\/commonwealth-les-ministres-de-la-justice-en-conclave-autour-des-droits-de-lhomme-a-maurice\"},\"wordCount\":519,\"commentCount\":0,\"image\":{\"@id\":\"https:\/\/www.africa-press.net\/gabon\/politique\/commonwealth-les-ministres-de-la-justice-en-conclave-autour-des-droits-de-lhomme-a-maurice#primaryimage\"},\"thumbnailUrl\":\"https:\/\/static.africa-press.net\/gabon\/sites\/54\/2022\/11\/postQueueImg_1669309269.00.jpg\",\"keywords\":[\"Africa Press\",\"Africa Press-Gabon\",\"Gabon\"],\"articleSection\":[\"Politique\",\"Toutes les actualit\u00e9s\"],\"inLanguage\":\"fr-FR\",\"potentialAction\":[{\"@type\":\"CommentAction\",\"name\":\"Comment\",\"target\":[\"https:\/\/www.africa-press.net\/gabon\/politique\/commonwealth-les-ministres-de-la-justice-en-conclave-autour-des-droits-de-lhomme-a-maurice#respond\"]}]},{\"@type\":\"WebPage\",\"@id\":\"https:\/\/www.africa-press.net\/gabon\/politique\/commonwealth-les-ministres-de-la-justice-en-conclave-autour-des-droits-de-lhomme-a-maurice\",\"url\":\"https:\/\/www.africa-press.net\/gabon\/politique\/commonwealth-les-ministres-de-la-justice-en-conclave-autour-des-droits-de-lhomme-a-maurice\",\"name\":\"Commonwealth\u00a0: Les ministres\u00a0 de la Justice en conclave autour des droits de l\u2019homme \u00e0 Maurice - Gabon\",\"isPartOf\":{\"@id\":\"https:\/\/www.africa-press.net\/gabon\/#website\"},\"primaryImageOfPage\":{\"@id\":\"https:\/\/www.africa-press.net\/gabon\/politique\/commonwealth-les-ministres-de-la-justice-en-conclave-autour-des-droits-de-lhomme-a-maurice#primaryimage\"},\"image\":{\"@id\":\"https:\/\/www.africa-press.net\/gabon\/politique\/commonwealth-les-ministres-de-la-justice-en-conclave-autour-des-droits-de-lhomme-a-maurice#primaryimage\"},\"thumbnailUrl\":\"https:\/\/static.africa-press.net\/gabon\/sites\/54\/2022\/11\/postQueueImg_1669309269.00.jpg\",\"datePublished\":\"2022-11-24T20:31:04+00:00\",\"dateModified\":\"2022-11-24T21:22:20+00:00\",\"author\":{\"@id\":\"https:\/\/www.africa-press.net\/gabon\/#\/schema\/person\/2b1cf3cd81a31e3cd26889ca66d677f1\"},\"description\":\"Le ministre de la Justice, Garde des Sceaux, Erlyne Antonela Ndembet Damas, se\u0301journe depuis le 22 novembre a\u0300 l\u2019i\u0302le Ma ...\",\"breadcrumb\":{\"@id\":\"https:\/\/www.africa-press.net\/gabon\/politique\/commonwealth-les-ministres-de-la-justice-en-conclave-autour-des-droits-de-lhomme-a-maurice#breadcrumb\"},\"inLanguage\":\"fr-FR\",\"potentialAction\":[{\"@type\":\"ReadAction\",\"target\":[\"https:\/\/www.africa-press.net\/gabon\/politique\/commonwealth-les-ministres-de-la-justice-en-conclave-autour-des-droits-de-lhomme-a-maurice\"]}]},{\"@type\":\"ImageObject\",\"inLanguage\":\"fr-FR\",\"@id\":\"https:\/\/www.africa-press.net\/gabon\/politique\/commonwealth-les-ministres-de-la-justice-en-conclave-autour-des-droits-de-lhomme-a-maurice#primaryimage\",\"url\":\"https:\/\/static.africa-press.net\/gabon\/sites\/54\/2022\/11\/postQueueImg_1669309269.00.jpg\",\"contentUrl\":\"https:\/\/static.africa-press.net\/gabon\/sites\/54\/2022\/11\/postQueueImg_1669309269.00.jpg\",\"width\":720,\"height\":486,\"caption\":\"Commonwealth\u00a0: Les ministres\u00a0 de la Justice en conclave autour des droits de l\u2019homme \u00e0 Maurice\"},{\"@type\":\"BreadcrumbList\",\"@id\":\"https:\/\/www.africa-press.net\/gabon\/politique\/commonwealth-les-ministres-de-la-justice-en-conclave-autour-des-droits-de-lhomme-a-maurice#breadcrumb\",\"itemListElement\":[{\"@type\":\"ListItem\",\"position\":1,\"name\":\"Accueil\",\"item\":\"https:\/\/www.africa-press.net\/gabon\/\"},{\"@type\":\"ListItem\",\"position\":2,\"name\":\"Commonwealth\u00a0: Les ministres\u00a0 de la Justice en conclave autour des droits de l\u2019homme \u00e0 Maurice\"}]},{\"@type\":\"WebSite\",\"@id\":\"https:\/\/www.africa-press.net\/gabon\/#website\",\"url\":\"https:\/\/www.africa-press.net\/gabon\/\",\"name\":\"Gabon\",\"description\":\"Just another Africa News Agency Sites site\",\"potentialAction\":[{\"@type\":\"SearchAction\",\"target\":{\"@type\":\"EntryPoint\",\"urlTemplate\":\"https:\/\/www.africa-press.net\/gabon\/?s={search_term_string}\"},\"query-input\":{\"@type\":\"PropertyValueSpecification\",\"valueRequired\":true,\"valueName\":\"search_term_string\"}}],\"inLanguage\":\"fr-FR\"},{\"@type\":\"Person\",\"@id\":\"https:\/\/www.africa-press.net\/gabon\/#\/schema\/person\/2b1cf3cd81a31e3cd26889ca66d677f1\",\"name\":\"cfeditorfr\"}]}<\/script>\n<!-- \/ Yoast SEO Premium plugin. -->","yoast_head_json":{"title":"Commonwealth\u00a0: Les ministres\u00a0 de la Justice en conclave autour des droits de l\u2019homme \u00e0 Maurice - Gabon","description":"Le ministre de la Justice, Garde des Sceaux, Erlyne Antonela Ndembet Damas, se\u0301journe depuis le 22 novembre a\u0300 l\u2019i\u0302le Ma ...","robots":{"index":"index","follow":"follow","max-snippet":"max-snippet:-1","max-image-preview":"max-image-preview:large","max-video-preview":"max-video-preview:-1"},"canonical":"https:\/\/www.africa-press.net\/gabon\/politique\/commonwealth-les-ministres-de-la-justice-en-conclave-autour-des-droits-de-lhomme-a-maurice","og_locale":"fr_FR","og_type":"article","og_title":"Commonwealth\u00a0: Les ministres\u00a0 de la Justice en conclave autour des droits de l\u2019homme \u00e0 Maurice","og_description":"Le ministre de la Justice, Garde des Sceaux, Erlyne Antonela Ndembet Damas, se\u0301journe depuis le 22 novembre a\u0300 l\u2019i\u0302le Ma ...","og_url":"https:\/\/www.africa-press.net\/gabon\/politique\/commonwealth-les-ministres-de-la-justice-en-conclave-autour-des-droits-de-lhomme-a-maurice","og_site_name":"Gabon","article_published_time":"2022-11-24T20:31:04+00:00","article_modified_time":"2022-11-24T21:22:20+00:00","og_image":[{"width":720,"height":486,"url":"https:\/\/static.africa-press.net\/gabon\/sites\/54\/2022\/11\/postQueueImg_1669309269.00.jpg","type":"image\/jpeg"}],"author":"cfeditorfr","twitter_card":"summary_large_image","twitter_misc":{"\u00c9crit par":"cfeditorfr","Dur\u00e9e de lecture estim\u00e9e":"3 minutes"},"schema":{"@context":"https:\/\/schema.org","@graph":[{"@type":"Article","@id":"https:\/\/www.africa-press.net\/gabon\/politique\/commonwealth-les-ministres-de-la-justice-en-conclave-autour-des-droits-de-lhomme-a-maurice#article","isPartOf":{"@id":"https:\/\/www.africa-press.net\/gabon\/politique\/commonwealth-les-ministres-de-la-justice-en-conclave-autour-des-droits-de-lhomme-a-maurice"},"author":{"name":"cfeditorfr","@id":"https:\/\/www.africa-press.net\/gabon\/#\/schema\/person\/2b1cf3cd81a31e3cd26889ca66d677f1"},"headline":"Commonwealth\u00a0: Les ministres\u00a0 de la Justice en conclave autour des droits de l\u2019homme \u00e0 Maurice","datePublished":"2022-11-24T20:31:04+00:00","dateModified":"2022-11-24T21:22:20+00:00","mainEntityOfPage":{"@id":"https:\/\/www.africa-press.net\/gabon\/politique\/commonwealth-les-ministres-de-la-justice-en-conclave-autour-des-droits-de-lhomme-a-maurice"},"wordCount":519,"commentCount":0,"image":{"@id":"https:\/\/www.africa-press.net\/gabon\/politique\/commonwealth-les-ministres-de-la-justice-en-conclave-autour-des-droits-de-lhomme-a-maurice#primaryimage"},"thumbnailUrl":"https:\/\/static.africa-press.net\/gabon\/sites\/54\/2022\/11\/postQueueImg_1669309269.00.jpg","keywords":["Africa Press","Africa Press-Gabon","Gabon"],"articleSection":["Politique","Toutes les actualit\u00e9s"],"inLanguage":"fr-FR","potentialAction":[{"@type":"CommentAction","name":"Comment","target":["https:\/\/www.africa-press.net\/gabon\/politique\/commonwealth-les-ministres-de-la-justice-en-conclave-autour-des-droits-de-lhomme-a-maurice#respond"]}]},{"@type":"WebPage","@id":"https:\/\/www.africa-press.net\/gabon\/politique\/commonwealth-les-ministres-de-la-justice-en-conclave-autour-des-droits-de-lhomme-a-maurice","url":"https:\/\/www.africa-press.net\/gabon\/politique\/commonwealth-les-ministres-de-la-justice-en-conclave-autour-des-droits-de-lhomme-a-maurice","name":"Commonwealth\u00a0: Les ministres\u00a0 de la Justice en conclave autour des droits de l\u2019homme \u00e0 Maurice - Gabon","isPartOf":{"@id":"https:\/\/www.africa-press.net\/gabon\/#website"},"primaryImageOfPage":{"@id":"https:\/\/www.africa-press.net\/gabon\/politique\/commonwealth-les-ministres-de-la-justice-en-conclave-autour-des-droits-de-lhomme-a-maurice#primaryimage"},"image":{"@id":"https:\/\/www.africa-press.net\/gabon\/politique\/commonwealth-les-ministres-de-la-justice-en-conclave-autour-des-droits-de-lhomme-a-maurice#primaryimage"},"thumbnailUrl":"https:\/\/static.africa-press.net\/gabon\/sites\/54\/2022\/11\/postQueueImg_1669309269.00.jpg","datePublished":"2022-11-24T20:31:04+00:00","dateModified":"2022-11-24T21:22:20+00:00","author":{"@id":"https:\/\/www.africa-press.net\/gabon\/#\/schema\/person\/2b1cf3cd81a31e3cd26889ca66d677f1"},"description":"Le ministre de la Justice, Garde des Sceaux, Erlyne Antonela Ndembet Damas, se\u0301journe depuis le 22 novembre a\u0300 l\u2019i\u0302le Ma ...","breadcrumb":{"@id":"https:\/\/www.africa-press.net\/gabon\/politique\/commonwealth-les-ministres-de-la-justice-en-conclave-autour-des-droits-de-lhomme-a-maurice#breadcrumb"},"inLanguage":"fr-FR","potentialAction":[{"@type":"ReadAction","target":["https:\/\/www.africa-press.net\/gabon\/politique\/commonwealth-les-ministres-de-la-justice-en-conclave-autour-des-droits-de-lhomme-a-maurice"]}]},{"@type":"ImageObject","inLanguage":"fr-FR","@id":"https:\/\/www.africa-press.net\/gabon\/politique\/commonwealth-les-ministres-de-la-justice-en-conclave-autour-des-droits-de-lhomme-a-maurice#primaryimage","url":"https:\/\/static.africa-press.net\/gabon\/sites\/54\/2022\/11\/postQueueImg_1669309269.00.jpg","contentUrl":"https:\/\/static.africa-press.net\/gabon\/sites\/54\/2022\/11\/postQueueImg_1669309269.00.jpg","width":720,"height":486,"caption":"Commonwealth\u00a0: Les ministres\u00a0 de la Justice en conclave autour des droits de l\u2019homme \u00e0 Maurice"},{"@type":"BreadcrumbList","@id":"https:\/\/www.africa-press.net\/gabon\/politique\/commonwealth-les-ministres-de-la-justice-en-conclave-autour-des-droits-de-lhomme-a-maurice#breadcrumb","itemListElement":[{"@type":"ListItem","position":1,"name":"Accueil","item":"https:\/\/www.africa-press.net\/gabon\/"},{"@type":"ListItem","position":2,"name":"Commonwealth\u00a0: Les ministres\u00a0 de la Justice en conclave autour des droits de l\u2019homme \u00e0 Maurice"}]},{"@type":"WebSite","@id":"https:\/\/www.africa-press.net\/gabon\/#website","url":"https:\/\/www.africa-press.net\/gabon\/","name":"Gabon","description":"Just another Africa News Agency Sites site","potentialAction":[{"@type":"SearchAction","target":{"@type":"EntryPoint","urlTemplate":"https:\/\/www.africa-press.net\/gabon\/?s={search_term_string}"},"query-input":{"@type":"PropertyValueSpecification","valueRequired":true,"valueName":"search_term_string"}}],"inLanguage":"fr-FR"},{"@type":"Person","@id":"https:\/\/www.africa-press.net\/gabon\/#\/schema\/person\/2b1cf3cd81a31e3cd26889ca66d677f1","name":"cfeditorfr"}]}},"_links":{"self":[{"href":"https:\/\/www.africa-press.net\/gabon\/wp-json\/wp\/v2\/posts\/13128","targetHints":{"allow":["GET"]}}],"collection":[{"href":"https:\/\/www.africa-press.net\/gabon\/wp-json\/wp\/v2\/posts"}],"about":[{"href":"https:\/\/www.africa-press.net\/gabon\/wp-json\/wp\/v2\/types\/post"}],"author":[{"embeddable":true,"href":"https:\/\/www.africa-press.net\/gabon\/wp-json\/wp\/v2\/users\/82"}],"replies":[{"embeddable":true,"href":"https:\/\/www.africa-press.net\/gabon\/wp-json\/wp\/v2\/comments?post=13128"}],"version-history":[{"count":0,"href":"https:\/\/www.africa-press.net\/gabon\/wp-json\/wp\/v2\/posts\/13128\/revisions"}],"wp:featuredmedia":[{"embeddable":true,"href":"https:\/\/www.africa-press.net\/gabon\/wp-json\/wp\/v2\/media\/13127"}],"wp:attachment":[{"href":"https:\/\/www.africa-press.net\/gabon\/wp-json\/wp\/v2\/media?parent=13128"}],"wp:term":[{"taxonomy":"category","embeddable":true,"href":"https:\/\/www.africa-press.net\/gabon\/wp-json\/wp\/v2\/categories?post=13128"},{"taxonomy":"post_tag","embeddable":true,"href":"https:\/\/www.africa-press.net\/gabon\/wp-json\/wp\/v2\/tags?post=13128"}],"curies":[{"name":"wp","href":"https:\/\/api.w.org\/{rel}","templated":true}]}}