{"id":1313,"date":"2021-07-29T19:15:33","date_gmt":"2021-07-29T19:15:33","guid":{"rendered":"https:\/\/www.africa-press.net\/gabon\/politique\/nouvel-accord-de-pret-du-fmi-le-merite-dali-bongo-et-du-gouvernement-estime-ossouka-raponda"},"modified":"2021-07-29T19:15:19","modified_gmt":"2021-07-29T19:15:19","slug":"nouvel-accord-de-pret-du-fmi-le-merite-dali-bongo-et-du-gouvernement-estime-ossouka-raponda","status":"publish","type":"post","link":"https:\/\/www.africa-press.net\/gabon\/economie\/nouvel-accord-de-pret-du-fmi-le-merite-dali-bongo-et-du-gouvernement-estime-ossouka-raponda","title":{"rendered":"Nouvel accord de pr\u00eat du FMI : Le m\u00e9rite d\u2019Ali Bongo et du gouvernement, estime Ossouka Raponda"},"content":{"rendered":"<p><span style=\"color: #ff6600\"><strong><a href=\"https:\/\/www.africa-press.net\/\">Africa-Press<\/a> &#8211; <a href=\"https:\/\/www.africa-press.net\/gabon\">Gabon<\/a>. <\/strong><\/span> La cheffe du gouvernement a mis au cr\u00e9dit du chef de l\u2019Etat et du gouvernement, le nouvel accord \u00e9conomique et financier triennal du Fonds mon\u00e9taire international (FMI) pour le Gabon. \u00abCette d\u00e9cision vient consacrer le long et m\u00e9ritoire travail du Pr\u00e9sident de la R\u00e9publique Ali Bongo Ondimba et de mon gouvernement\u00bb, a d\u00e9clar\u00e9 Rose Christiane Ossouka Raponda sur Facebook, le 28 juillet.<br \/>\nLe Conseil d\u2019administration du Fonds mon\u00e9taire international (FMI) vient d\u2019approuver l\u2019accord \u00e9conomique et financier triennal pour le Gabon, \u00e0 hauteur de 306 milliards de francs CFA. Une issue dont la Premi\u00e8re ministre a attribu\u00e9 tout le m\u00e9rite au pr\u00e9sident Ali Bongo.<br \/>\n\u00abCette d\u00e9cision vient consacrer le long et m\u00e9ritoire travail du Pr\u00e9sident de la R\u00e9publique Ali Bongo Ondimba et de mon gouvernement. Elle constitue une marque de confiance importante dans la capacit\u00e9 du Gabon \u00e0 se r\u00e9former et \u00e0 transformer son \u00e9conomie pour la rendre plus comp\u00e9titive et cr\u00e9atrice d\u2019emplois\u00bb, a \u00e9crit Rose Christiane Ossouka Raponda sur Facebook, le 28 juillet.<br \/>\nCe nouveau programme vise notamment \u00e0 soutenir la r\u00e9ponse \u00e0 court terme au Covid-19 et, jeter les bases d\u2019une croissance verte et inclusive tir\u00e9e par le secteur priv\u00e9. D\u2019autant que la crise sanitaire a favoris\u00e9 les d\u00e9s\u00e9quilibres macro\u00e9conomiques en accentuant le ch\u00f4mage et la pauvret\u00e9.<br \/>\nPartager :<\/p>\n","protected":false},"excerpt":{"rendered":"<p>Africa-Press &#8211; Gabon. La cheffe du gouvernement a mis au cr\u00e9dit du chef de l\u2019Etat et du gouvernement, le nouvel accord \u00e9conomique et financier triennal du Fonds mon\u00e9taire international (FMI) pour le Gabon. \u00abCette d\u00e9cision vient consacrer le long et m\u00e9ritoire travail du Pr\u00e9sident de la R\u00e9publique Ali Bongo Ondimba et de mon gouvernement\u00bb, a [&hellip;]<\/p>\n","protected":false},"author":82,"featured_media":1312,"comment_status":"open","ping_status":"closed","sticky":false,"template":"","format":"standard","meta":{"footnotes":""},"categories":[21,3,11,10],"tags":[36,50,49,336,335,184],"class_list":["post-1313","post","type-post","status-publish","format-standard","has-post-thumbnail","hentry","category-communaute","category-economie","category-homepage-french","category-toutes-les-actualites","tag-africa-press","tag-africa-press-gabon","tag-gabon","tag-le-merite-dali-bongo","tag-nouvel-accord","tag-ossouka-raponda"],"yoast_head":"<!-- This site is optimized with the Yoast SEO Premium plugin v26.1 (Yoast SEO v27.0) - https:\/\/yoast.com\/product\/yoast-seo-premium-wordpress\/ -->\n<title>Nouvel accord de pr\u00eat du FMI : Le m\u00e9rite d\u2019Ali Bongo et du gouvernement, estime Ossouka Raponda - Gabon<\/title>\n<meta name=\"description\" content=\"La cheffe du gouvernement a mis au cr\u00e9dit du chef de l\u2019Etat et du gouvernement, le nouvel accord \u00e9conomique et financie ...\" \/>\n<meta name=\"robots\" content=\"index, follow, max-snippet:-1, max-image-preview:large, max-video-preview:-1\" \/>\n<link rel=\"canonical\" href=\"https:\/\/www.africa-press.net\/gabon\/economie\/nouvel-accord-de-pret-du-fmi-le-merite-dali-bongo-et-du-gouvernement-estime-ossouka-raponda\" \/>\n<meta property=\"og:locale\" content=\"fr_FR\" \/>\n<meta property=\"og:type\" content=\"article\" \/>\n<meta property=\"og:title\" content=\"Nouvel accord de pr\u00eat du FMI : Le m\u00e9rite d\u2019Ali Bongo et du gouvernement, estime Ossouka Raponda\" \/>\n<meta property=\"og:description\" content=\"La cheffe du gouvernement a mis au cr\u00e9dit du chef de l\u2019Etat et du gouvernement, le nouvel accord \u00e9conomique et financie ...\" \/>\n<meta property=\"og:url\" content=\"https:\/\/www.africa-press.net\/gabon\/economie\/nouvel-accord-de-pret-du-fmi-le-merite-dali-bongo-et-du-gouvernement-estime-ossouka-raponda\" \/>\n<meta property=\"og:site_name\" content=\"Gabon\" \/>\n<meta property=\"article:published_time\" content=\"2021-07-29T19:15:33+00:00\" \/>\n<meta property=\"og:image\" content=\"https:\/\/static.africa-press.net\/centrafricaine\/sites\/54\/2021\/07\/img-6102fe0ad5f20.jpg\" \/>\n\t<meta property=\"og:image:width\" content=\"640\" \/>\n\t<meta property=\"og:image:height\" content=\"427\" \/>\n\t<meta property=\"og:image:type\" content=\"image\/jpeg\" \/>\n<meta name=\"author\" content=\"cfeditorfr\" \/>\n<meta name=\"twitter:card\" content=\"summary_large_image\" \/>\n<meta name=\"twitter:label1\" content=\"\u00c9crit par\" \/>\n\t<meta name=\"twitter:data1\" content=\"cfeditorfr\" \/>\n\t<meta name=\"twitter:label2\" content=\"Dur\u00e9e de lecture estim\u00e9e\" \/>\n\t<meta name=\"twitter:data2\" content=\"1 minute\" \/>\n<script type=\"application\/ld+json\" class=\"yoast-schema-graph\">{\"@context\":\"https:\/\/schema.org\",\"@graph\":[{\"@type\":\"Article\",\"@id\":\"https:\/\/www.africa-press.net\/gabon\/economie\/nouvel-accord-de-pret-du-fmi-le-merite-dali-bongo-et-du-gouvernement-estime-ossouka-raponda#article\",\"isPartOf\":{\"@id\":\"https:\/\/www.africa-press.net\/gabon\/economie\/nouvel-accord-de-pret-du-fmi-le-merite-dali-bongo-et-du-gouvernement-estime-ossouka-raponda\"},\"author\":{\"name\":\"cfeditorfr\",\"@id\":\"https:\/\/www.africa-press.net\/gabon\/#\/schema\/person\/2b1cf3cd81a31e3cd26889ca66d677f1\"},\"headline\":\"Nouvel accord de pr\u00eat du FMI : Le m\u00e9rite d\u2019Ali Bongo et du gouvernement, estime Ossouka Raponda\",\"datePublished\":\"2021-07-29T19:15:33+00:00\",\"mainEntityOfPage\":{\"@id\":\"https:\/\/www.africa-press.net\/gabon\/economie\/nouvel-accord-de-pret-du-fmi-le-merite-dali-bongo-et-du-gouvernement-estime-ossouka-raponda\"},\"wordCount\":254,\"commentCount\":0,\"image\":{\"@id\":\"https:\/\/www.africa-press.net\/gabon\/economie\/nouvel-accord-de-pret-du-fmi-le-merite-dali-bongo-et-du-gouvernement-estime-ossouka-raponda#primaryimage\"},\"thumbnailUrl\":\"https:\/\/static.africa-press.net\/centrafricaine\/sites\/54\/2021\/07\/img-6102fe0ad5f20.jpg\",\"keywords\":[\"Africa Press\",\"Africa Press-Gabon\",\"Gabon\",\"Le m\u00e9rite d\u2019Ali Bongo\",\"Nouvel accord\",\"Ossouka Raponda\"],\"articleSection\":[\"Communaut\u00e9\",\"\u00c9conomie\",\"homepage-french\",\"Toutes les actualit\u00e9s\"],\"inLanguage\":\"fr-FR\",\"potentialAction\":[{\"@type\":\"CommentAction\",\"name\":\"Comment\",\"target\":[\"https:\/\/www.africa-press.net\/gabon\/economie\/nouvel-accord-de-pret-du-fmi-le-merite-dali-bongo-et-du-gouvernement-estime-ossouka-raponda#respond\"]}]},{\"@type\":\"WebPage\",\"@id\":\"https:\/\/www.africa-press.net\/gabon\/economie\/nouvel-accord-de-pret-du-fmi-le-merite-dali-bongo-et-du-gouvernement-estime-ossouka-raponda\",\"url\":\"https:\/\/www.africa-press.net\/gabon\/economie\/nouvel-accord-de-pret-du-fmi-le-merite-dali-bongo-et-du-gouvernement-estime-ossouka-raponda\",\"name\":\"Nouvel accord de pr\u00eat du FMI : Le m\u00e9rite d\u2019Ali Bongo et du gouvernement, estime Ossouka Raponda - Gabon\",\"isPartOf\":{\"@id\":\"https:\/\/www.africa-press.net\/gabon\/#website\"},\"primaryImageOfPage\":{\"@id\":\"https:\/\/www.africa-press.net\/gabon\/economie\/nouvel-accord-de-pret-du-fmi-le-merite-dali-bongo-et-du-gouvernement-estime-ossouka-raponda#primaryimage\"},\"image\":{\"@id\":\"https:\/\/www.africa-press.net\/gabon\/economie\/nouvel-accord-de-pret-du-fmi-le-merite-dali-bongo-et-du-gouvernement-estime-ossouka-raponda#primaryimage\"},\"thumbnailUrl\":\"https:\/\/static.africa-press.net\/centrafricaine\/sites\/54\/2021\/07\/img-6102fe0ad5f20.jpg\",\"datePublished\":\"2021-07-29T19:15:33+00:00\",\"author\":{\"@id\":\"https:\/\/www.africa-press.net\/gabon\/#\/schema\/person\/2b1cf3cd81a31e3cd26889ca66d677f1\"},\"description\":\"La cheffe du gouvernement a mis au cr\u00e9dit du chef de l\u2019Etat et du gouvernement, le nouvel accord \u00e9conomique et financie ...\",\"breadcrumb\":{\"@id\":\"https:\/\/www.africa-press.net\/gabon\/economie\/nouvel-accord-de-pret-du-fmi-le-merite-dali-bongo-et-du-gouvernement-estime-ossouka-raponda#breadcrumb\"},\"inLanguage\":\"fr-FR\",\"potentialAction\":[{\"@type\":\"ReadAction\",\"target\":[\"https:\/\/www.africa-press.net\/gabon\/economie\/nouvel-accord-de-pret-du-fmi-le-merite-dali-bongo-et-du-gouvernement-estime-ossouka-raponda\"]}]},{\"@type\":\"ImageObject\",\"inLanguage\":\"fr-FR\",\"@id\":\"https:\/\/www.africa-press.net\/gabon\/economie\/nouvel-accord-de-pret-du-fmi-le-merite-dali-bongo-et-du-gouvernement-estime-ossouka-raponda#primaryimage\",\"url\":\"https:\/\/static.africa-press.net\/centrafricaine\/sites\/54\/2021\/07\/img-6102fe0ad5f20.jpg\",\"contentUrl\":\"https:\/\/static.africa-press.net\/centrafricaine\/sites\/54\/2021\/07\/img-6102fe0ad5f20.jpg\",\"width\":640,\"height\":427,\"caption\":\"Nouvel accord de pr\u00eat du FMI : Le m\u00e9rite d\u2019Ali Bongo et du gouvernement, estime Ossouka Raponda\"},{\"@type\":\"BreadcrumbList\",\"@id\":\"https:\/\/www.africa-press.net\/gabon\/economie\/nouvel-accord-de-pret-du-fmi-le-merite-dali-bongo-et-du-gouvernement-estime-ossouka-raponda#breadcrumb\",\"itemListElement\":[{\"@type\":\"ListItem\",\"position\":1,\"name\":\"Accueil\",\"item\":\"https:\/\/www.africa-press.net\/gabon\/\"},{\"@type\":\"ListItem\",\"position\":2,\"name\":\"Nouvel accord de pr\u00eat du FMI : Le m\u00e9rite d\u2019Ali Bongo et du gouvernement, estime Ossouka Raponda\"}]},{\"@type\":\"WebSite\",\"@id\":\"https:\/\/www.africa-press.net\/gabon\/#website\",\"url\":\"https:\/\/www.africa-press.net\/gabon\/\",\"name\":\"Gabon\",\"description\":\"Just another Africa News Agency Sites site\",\"potentialAction\":[{\"@type\":\"SearchAction\",\"target\":{\"@type\":\"EntryPoint\",\"urlTemplate\":\"https:\/\/www.africa-press.net\/gabon\/?s={search_term_string}\"},\"query-input\":{\"@type\":\"PropertyValueSpecification\",\"valueRequired\":true,\"valueName\":\"search_term_string\"}}],\"inLanguage\":\"fr-FR\"},{\"@type\":\"Person\",\"@id\":\"https:\/\/www.africa-press.net\/gabon\/#\/schema\/person\/2b1cf3cd81a31e3cd26889ca66d677f1\",\"name\":\"cfeditorfr\"}]}<\/script>\n<!-- \/ Yoast SEO Premium plugin. -->","yoast_head_json":{"title":"Nouvel accord de pr\u00eat du FMI : Le m\u00e9rite d\u2019Ali Bongo et du gouvernement, estime Ossouka Raponda - Gabon","description":"La cheffe du gouvernement a mis au cr\u00e9dit du chef de l\u2019Etat et du gouvernement, le nouvel accord \u00e9conomique et financie ...","robots":{"index":"index","follow":"follow","max-snippet":"max-snippet:-1","max-image-preview":"max-image-preview:large","max-video-preview":"max-video-preview:-1"},"canonical":"https:\/\/www.africa-press.net\/gabon\/economie\/nouvel-accord-de-pret-du-fmi-le-merite-dali-bongo-et-du-gouvernement-estime-ossouka-raponda","og_locale":"fr_FR","og_type":"article","og_title":"Nouvel accord de pr\u00eat du FMI : Le m\u00e9rite d\u2019Ali Bongo et du gouvernement, estime Ossouka Raponda","og_description":"La cheffe du gouvernement a mis au cr\u00e9dit du chef de l\u2019Etat et du gouvernement, le nouvel accord \u00e9conomique et financie ...","og_url":"https:\/\/www.africa-press.net\/gabon\/economie\/nouvel-accord-de-pret-du-fmi-le-merite-dali-bongo-et-du-gouvernement-estime-ossouka-raponda","og_site_name":"Gabon","article_published_time":"2021-07-29T19:15:33+00:00","og_image":[{"width":640,"height":427,"url":"https:\/\/static.africa-press.net\/centrafricaine\/sites\/54\/2021\/07\/img-6102fe0ad5f20.jpg","type":"image\/jpeg"}],"author":"cfeditorfr","twitter_card":"summary_large_image","twitter_misc":{"\u00c9crit par":"cfeditorfr","Dur\u00e9e de lecture estim\u00e9e":"1 minute"},"schema":{"@context":"https:\/\/schema.org","@graph":[{"@type":"Article","@id":"https:\/\/www.africa-press.net\/gabon\/economie\/nouvel-accord-de-pret-du-fmi-le-merite-dali-bongo-et-du-gouvernement-estime-ossouka-raponda#article","isPartOf":{"@id":"https:\/\/www.africa-press.net\/gabon\/economie\/nouvel-accord-de-pret-du-fmi-le-merite-dali-bongo-et-du-gouvernement-estime-ossouka-raponda"},"author":{"name":"cfeditorfr","@id":"https:\/\/www.africa-press.net\/gabon\/#\/schema\/person\/2b1cf3cd81a31e3cd26889ca66d677f1"},"headline":"Nouvel accord de pr\u00eat du FMI : Le m\u00e9rite d\u2019Ali Bongo et du gouvernement, estime Ossouka Raponda","datePublished":"2021-07-29T19:15:33+00:00","mainEntityOfPage":{"@id":"https:\/\/www.africa-press.net\/gabon\/economie\/nouvel-accord-de-pret-du-fmi-le-merite-dali-bongo-et-du-gouvernement-estime-ossouka-raponda"},"wordCount":254,"commentCount":0,"image":{"@id":"https:\/\/www.africa-press.net\/gabon\/economie\/nouvel-accord-de-pret-du-fmi-le-merite-dali-bongo-et-du-gouvernement-estime-ossouka-raponda#primaryimage"},"thumbnailUrl":"https:\/\/static.africa-press.net\/centrafricaine\/sites\/54\/2021\/07\/img-6102fe0ad5f20.jpg","keywords":["Africa Press","Africa Press-Gabon","Gabon","Le m\u00e9rite d\u2019Ali Bongo","Nouvel accord","Ossouka Raponda"],"articleSection":["Communaut\u00e9","\u00c9conomie","homepage-french","Toutes les actualit\u00e9s"],"inLanguage":"fr-FR","potentialAction":[{"@type":"CommentAction","name":"Comment","target":["https:\/\/www.africa-press.net\/gabon\/economie\/nouvel-accord-de-pret-du-fmi-le-merite-dali-bongo-et-du-gouvernement-estime-ossouka-raponda#respond"]}]},{"@type":"WebPage","@id":"https:\/\/www.africa-press.net\/gabon\/economie\/nouvel-accord-de-pret-du-fmi-le-merite-dali-bongo-et-du-gouvernement-estime-ossouka-raponda","url":"https:\/\/www.africa-press.net\/gabon\/economie\/nouvel-accord-de-pret-du-fmi-le-merite-dali-bongo-et-du-gouvernement-estime-ossouka-raponda","name":"Nouvel accord de pr\u00eat du FMI : Le m\u00e9rite d\u2019Ali Bongo et du gouvernement, estime Ossouka Raponda - Gabon","isPartOf":{"@id":"https:\/\/www.africa-press.net\/gabon\/#website"},"primaryImageOfPage":{"@id":"https:\/\/www.africa-press.net\/gabon\/economie\/nouvel-accord-de-pret-du-fmi-le-merite-dali-bongo-et-du-gouvernement-estime-ossouka-raponda#primaryimage"},"image":{"@id":"https:\/\/www.africa-press.net\/gabon\/economie\/nouvel-accord-de-pret-du-fmi-le-merite-dali-bongo-et-du-gouvernement-estime-ossouka-raponda#primaryimage"},"thumbnailUrl":"https:\/\/static.africa-press.net\/centrafricaine\/sites\/54\/2021\/07\/img-6102fe0ad5f20.jpg","datePublished":"2021-07-29T19:15:33+00:00","author":{"@id":"https:\/\/www.africa-press.net\/gabon\/#\/schema\/person\/2b1cf3cd81a31e3cd26889ca66d677f1"},"description":"La cheffe du gouvernement a mis au cr\u00e9dit du chef de l\u2019Etat et du gouvernement, le nouvel accord \u00e9conomique et financie ...","breadcrumb":{"@id":"https:\/\/www.africa-press.net\/gabon\/economie\/nouvel-accord-de-pret-du-fmi-le-merite-dali-bongo-et-du-gouvernement-estime-ossouka-raponda#breadcrumb"},"inLanguage":"fr-FR","potentialAction":[{"@type":"ReadAction","target":["https:\/\/www.africa-press.net\/gabon\/economie\/nouvel-accord-de-pret-du-fmi-le-merite-dali-bongo-et-du-gouvernement-estime-ossouka-raponda"]}]},{"@type":"ImageObject","inLanguage":"fr-FR","@id":"https:\/\/www.africa-press.net\/gabon\/economie\/nouvel-accord-de-pret-du-fmi-le-merite-dali-bongo-et-du-gouvernement-estime-ossouka-raponda#primaryimage","url":"https:\/\/static.africa-press.net\/centrafricaine\/sites\/54\/2021\/07\/img-6102fe0ad5f20.jpg","contentUrl":"https:\/\/static.africa-press.net\/centrafricaine\/sites\/54\/2021\/07\/img-6102fe0ad5f20.jpg","width":640,"height":427,"caption":"Nouvel accord de pr\u00eat du FMI : Le m\u00e9rite d\u2019Ali Bongo et du gouvernement, estime Ossouka Raponda"},{"@type":"BreadcrumbList","@id":"https:\/\/www.africa-press.net\/gabon\/economie\/nouvel-accord-de-pret-du-fmi-le-merite-dali-bongo-et-du-gouvernement-estime-ossouka-raponda#breadcrumb","itemListElement":[{"@type":"ListItem","position":1,"name":"Accueil","item":"https:\/\/www.africa-press.net\/gabon\/"},{"@type":"ListItem","position":2,"name":"Nouvel accord de pr\u00eat du FMI : Le m\u00e9rite d\u2019Ali Bongo et du gouvernement, estime Ossouka Raponda"}]},{"@type":"WebSite","@id":"https:\/\/www.africa-press.net\/gabon\/#website","url":"https:\/\/www.africa-press.net\/gabon\/","name":"Gabon","description":"Just another Africa News Agency Sites site","potentialAction":[{"@type":"SearchAction","target":{"@type":"EntryPoint","urlTemplate":"https:\/\/www.africa-press.net\/gabon\/?s={search_term_string}"},"query-input":{"@type":"PropertyValueSpecification","valueRequired":true,"valueName":"search_term_string"}}],"inLanguage":"fr-FR"},{"@type":"Person","@id":"https:\/\/www.africa-press.net\/gabon\/#\/schema\/person\/2b1cf3cd81a31e3cd26889ca66d677f1","name":"cfeditorfr"}]}},"_links":{"self":[{"href":"https:\/\/www.africa-press.net\/gabon\/wp-json\/wp\/v2\/posts\/1313","targetHints":{"allow":["GET"]}}],"collection":[{"href":"https:\/\/www.africa-press.net\/gabon\/wp-json\/wp\/v2\/posts"}],"about":[{"href":"https:\/\/www.africa-press.net\/gabon\/wp-json\/wp\/v2\/types\/post"}],"author":[{"embeddable":true,"href":"https:\/\/www.africa-press.net\/gabon\/wp-json\/wp\/v2\/users\/82"}],"replies":[{"embeddable":true,"href":"https:\/\/www.africa-press.net\/gabon\/wp-json\/wp\/v2\/comments?post=1313"}],"version-history":[{"count":0,"href":"https:\/\/www.africa-press.net\/gabon\/wp-json\/wp\/v2\/posts\/1313\/revisions"}],"wp:featuredmedia":[{"embeddable":true,"href":"https:\/\/www.africa-press.net\/gabon\/wp-json\/wp\/v2\/media\/1312"}],"wp:attachment":[{"href":"https:\/\/www.africa-press.net\/gabon\/wp-json\/wp\/v2\/media?parent=1313"}],"wp:term":[{"taxonomy":"category","embeddable":true,"href":"https:\/\/www.africa-press.net\/gabon\/wp-json\/wp\/v2\/categories?post=1313"},{"taxonomy":"post_tag","embeddable":true,"href":"https:\/\/www.africa-press.net\/gabon\/wp-json\/wp\/v2\/tags?post=1313"}],"curies":[{"name":"wp","href":"https:\/\/api.w.org\/{rel}","templated":true}]}}