{"id":13131,"date":"2022-11-24T20:31:14","date_gmt":"2022-11-24T20:31:14","guid":{"rendered":"https:\/\/www.africa-press.net\/gabon\/politique\/violences-faites-aux-femmes-ali-bongo-met-en-service-le-centre-gabon-egalite-de-nzeng-ayong"},"modified":"2022-11-24T21:22:41","modified_gmt":"2022-11-24T21:22:41","slug":"violences-faites-aux-femmes-ali-bongo-met-en-service-le-centre-gabon-egalite-de-nzeng-ayong","status":"publish","type":"post","link":"https:\/\/www.africa-press.net\/gabon\/politique\/violences-faites-aux-femmes-ali-bongo-met-en-service-le-centre-gabon-egalite-de-nzeng-ayong","title":{"rendered":"Violences faites aux femmes\u00a0: Ali Bongo met en service le \u00abCentre Gabon \u00c9galit\u00e9\u00bb de Nzeng-Ayong"},"content":{"rendered":"<p><span style=\"color: #ff6600\"><strong>Africa-Press &#8211; Gabon. <\/strong><\/span>La promulgation de la loi n\u00b0006\/2021 portant e\u0301limination des violences faites aux femmes et le de\u0301ploiement du programme \u00abGabon Egalite\u0301\u00bb de\u0301sormais en bonne place, le gouvernement a de\u0301cide\u0301, le 1er septembre dernier lors du Conseil des ministres de la cre\u0301ation d\u2019un Centre de protection et de promotion sociale pour la prise en charge des femmes victimes de violences. Trois mois apre\u0300s, c\u2019est de\u0301sormais chose faite. Le pre\u0301sident de la Re\u0301publique, Ali Bongo Ondimba, a inaugure\u0301 ce jeudi 24 novembre cette structure situe\u0301e a\u0300 Nzeng-Ayong, dans le 6e arrondissement de Libreville. Il se nomme \u00abCentre Gabon <b>E\u0301galite\u0301<\/b>\u00bb.<\/p>\n<p>Le gouvernement gabonais multiplie les actions et me\u0301canismes en vue de re\u0301duire ou de mettre de\u0301finitivement un terme aux violences faites aux femmes ou base\u0301es sur le genre. Lors du Conseil des ministres du 1er septembre dernier, il avait valide\u0301 le projet de de\u0301cret relatif a\u0300 la cre\u0301ation, a\u0300 Nzeng-Ayong, du Centre de protection et de promotion sociale pour la prise en charge des femmes victimes de violence. Baptise\u0301 Centre Gabon E\u0301galite\u0301, il a e\u0301te\u0301 inaugure\u0301 ce jeudi 24 novembre par le pre\u0301sident Ali Bongo Ondimba, en pre\u0301sence de son e\u0301pouse, Sylvia Bongo Ondimba, promotrice de la fondation e\u0301ponyme pour la famille.<\/p>\n<p>A\u0300 mettre a\u0300 l\u2019actif de la Premie\u0300re dame Sylvia Bongo Ondimba et de sa Fondation, ce Centre Gabon E\u0301galite\u0301, la toute premie\u0300re structure ope\u0301rationnelle d\u2019accompagnement et de soutien aux victimes des violences base\u0301es sur le genre inte\u0300gre le programme gouvernemental de lutte contre les violences en tous genres. E\u0301tablissement de re\u0301fe\u0301rence, il entend surtout s\u2019occuper des victimes, \u00ables aider a\u0300 se reconstruire, a\u0300 reba\u0302tir un avenir\u00bb, tel que l\u2019a fait savoir le chef de l\u2019E\u0301tat.<\/p>\n<p>Pour lui, \u00abCe Centre est un maillon essentiel de la strate\u0301gie Gabon E\u0301galite\u0301\u00bb. \u00abFace aux violences envers les femmes, a laisse\u0301 entendre Ali Bongo Ondimba, les pouvoirs publics sont entie\u0300rement mobilise\u0301s et s\u2019assureront que les actions mene\u0301es soient pe\u0301rennes pour ne pas transformer en coup d\u2019e\u0301pe\u0301e dans l\u2019eau ou en simple coup de communication cette mobilisation\u00bb.<\/p>\n<p>Refuge su\u0302r et apaisant pour les femmes violente\u0301es&#8230;<\/p>\n<p>S\u2019il y a la solution pe\u0301nale contre les auteurs des violences, la Premie\u0300re dame estime en effet qu\u2019elle n\u2019est pas suffisante. \u00abIl faut e\u0301galement et surtout s\u2019occuper des victimes. Ce dont celles-ci ont besoin, c\u2019est d\u2019e\u0302tre accompagne\u0301es, y compris sur les plans psychologique, social et e\u0301conomique\u00bb, de\u0301clarait-elle dans une interview.<\/p>\n<p>\u00abRefuge su\u0302r et apaisant pour les femmes violente\u0301es et leurs tendres che\u0301rubins\u00bb, selon l\u2019expression du Premier ministre, Rose Christiane Ossouka Raponda, ce Centre d\u2019Accueil qui dispose des services d\u2019accueil et d\u2019he\u0301bergement, des services sociaux, d\u2019aide juridique et judiciaire, de formation, comprend : un ba\u0302timent administratif avec une clinique juridique inte\u0301gre\u0301e, trois ba\u0302timents d\u2019he\u0301bergement d\u2019urgence dont la dure\u0301e du se\u0301jour est comprise entre 1 et 10 jours pour les personnes en danger et leurs enfants, six ba\u0302timents d\u2019he\u0301bergement longue dure\u0301e dont le se\u0301jour va de 1 a\u0300 6 mois pour les personnes a\u0300 re\u0301inse\u0301rer. Les 9 ba\u0302timents a\u0300 usage d\u2019habitation ont une capacite\u0301 de 154 lits pour 90 femmes et leurs enfants, un re\u0301fectoire, une buanderie et un magasin.<\/p>\n<p>Pour Ossouka Raponda, \u00able Centre d\u2019accueil Gabon E\u0301galite\u0301 est un magnifique cadeau\u00bb. \u00abC\u2019est un formidable acte d\u2019espoir, que vous (Ali Bongo Ondimba, NDLR) offrez aujourd\u2019hui, a\u0300 toutes les femmes et a\u0300 toutes les filles qui sont malheureusement, et encore trop souvent, victimes de violences prote\u0301iformes, dans notre pays\u00bb.<\/p>\n<p><strong>Pour plus d&rsquo;informations et d&rsquo;analyses sur la <a href=\"https:\/\/www.africa-press.net\/gabon\">Gabon<\/a>, suivez <a href=\"https:\/\/www.africa-press.net\/\">Africa-Press<\/a><\/strong><\/p>\n","protected":false},"excerpt":{"rendered":"<p>Africa-Press &#8211; Gabon. La promulgation de la loi n\u00b0006\/2021 portant e\u0301limination des violences faites aux femmes et le de\u0301ploiement du programme \u00abGabon Egalite\u0301\u00bb de\u0301sormais en bonne place, le gouvernement a de\u0301cide\u0301, le 1er septembre dernier lors du Conseil des ministres de la cre\u0301ation d\u2019un Centre de protection et de promotion sociale pour la prise en [&hellip;]<\/p>\n","protected":false},"author":82,"featured_media":13130,"comment_status":"open","ping_status":"closed","sticky":false,"template":"","format":"standard","meta":{"footnotes":""},"categories":[2,10],"tags":[36,50,49],"class_list":["post-13131","post","type-post","status-publish","format-standard","has-post-thumbnail","hentry","category-politique","category-toutes-les-actualites","tag-africa-press","tag-africa-press-gabon","tag-gabon"],"yoast_head":"<!-- This site is optimized with the Yoast SEO Premium plugin v26.1 (Yoast SEO v27.0) - https:\/\/yoast.com\/product\/yoast-seo-premium-wordpress\/ -->\n<title>Violences faites aux femmes\u00a0: Ali Bongo met en service le \u00abCentre Gabon \u00c9galit\u00e9\u00bb de Nzeng-Ayong - Gabon<\/title>\n<meta name=\"description\" content=\"La promulgation de la loi n\u00b0006\/2021 portant e\u0301limination des violences faites aux femmes et le de\u0301ploiement du programm ...\" \/>\n<meta name=\"robots\" content=\"index, follow, max-snippet:-1, max-image-preview:large, max-video-preview:-1\" \/>\n<link rel=\"canonical\" href=\"https:\/\/www.africa-press.net\/gabon\/politique\/violences-faites-aux-femmes-ali-bongo-met-en-service-le-centre-gabon-egalite-de-nzeng-ayong\" \/>\n<meta property=\"og:locale\" content=\"fr_FR\" \/>\n<meta property=\"og:type\" content=\"article\" \/>\n<meta property=\"og:title\" content=\"Violences faites aux femmes\u00a0: Ali Bongo met en service le \u00abCentre Gabon \u00c9galit\u00e9\u00bb de Nzeng-Ayong\" \/>\n<meta property=\"og:description\" content=\"La promulgation de la loi n\u00b0006\/2021 portant e\u0301limination des violences faites aux femmes et le de\u0301ploiement du programm ...\" \/>\n<meta property=\"og:url\" content=\"https:\/\/www.africa-press.net\/gabon\/politique\/violences-faites-aux-femmes-ali-bongo-met-en-service-le-centre-gabon-egalite-de-nzeng-ayong\" \/>\n<meta property=\"og:site_name\" content=\"Gabon\" \/>\n<meta property=\"article:published_time\" content=\"2022-11-24T20:31:14+00:00\" \/>\n<meta property=\"article:modified_time\" content=\"2022-11-24T21:22:41+00:00\" \/>\n<meta property=\"og:image\" content=\"https:\/\/static.africa-press.net\/gabon\/sites\/54\/2022\/11\/postQueueImg_1669309281.71.jpg\" \/>\n\t<meta property=\"og:image:width\" content=\"720\" \/>\n\t<meta property=\"og:image:height\" content=\"444\" \/>\n\t<meta property=\"og:image:type\" content=\"image\/jpeg\" \/>\n<meta name=\"author\" content=\"cfeditorfr\" \/>\n<meta name=\"twitter:card\" content=\"summary_large_image\" \/>\n<meta name=\"twitter:label1\" content=\"\u00c9crit par\" \/>\n\t<meta name=\"twitter:data1\" content=\"cfeditorfr\" \/>\n\t<meta name=\"twitter:label2\" content=\"Dur\u00e9e de lecture estim\u00e9e\" \/>\n\t<meta name=\"twitter:data2\" content=\"3 minutes\" \/>\n<script type=\"application\/ld+json\" class=\"yoast-schema-graph\">{\"@context\":\"https:\/\/schema.org\",\"@graph\":[{\"@type\":\"Article\",\"@id\":\"https:\/\/www.africa-press.net\/gabon\/politique\/violences-faites-aux-femmes-ali-bongo-met-en-service-le-centre-gabon-egalite-de-nzeng-ayong#article\",\"isPartOf\":{\"@id\":\"https:\/\/www.africa-press.net\/gabon\/politique\/violences-faites-aux-femmes-ali-bongo-met-en-service-le-centre-gabon-egalite-de-nzeng-ayong\"},\"author\":{\"name\":\"cfeditorfr\",\"@id\":\"https:\/\/www.africa-press.net\/gabon\/#\/schema\/person\/2b1cf3cd81a31e3cd26889ca66d677f1\"},\"headline\":\"Violences faites aux femmes\u00a0: Ali Bongo met en service le \u00abCentre Gabon \u00c9galit\u00e9\u00bb de Nzeng-Ayong\",\"datePublished\":\"2022-11-24T20:31:14+00:00\",\"dateModified\":\"2022-11-24T21:22:41+00:00\",\"mainEntityOfPage\":{\"@id\":\"https:\/\/www.africa-press.net\/gabon\/politique\/violences-faites-aux-femmes-ali-bongo-met-en-service-le-centre-gabon-egalite-de-nzeng-ayong\"},\"wordCount\":674,\"commentCount\":0,\"image\":{\"@id\":\"https:\/\/www.africa-press.net\/gabon\/politique\/violences-faites-aux-femmes-ali-bongo-met-en-service-le-centre-gabon-egalite-de-nzeng-ayong#primaryimage\"},\"thumbnailUrl\":\"https:\/\/static.africa-press.net\/gabon\/sites\/54\/2022\/11\/postQueueImg_1669309281.71.jpg\",\"keywords\":[\"Africa Press\",\"Africa Press-Gabon\",\"Gabon\"],\"articleSection\":[\"Politique\",\"Toutes les actualit\u00e9s\"],\"inLanguage\":\"fr-FR\",\"potentialAction\":[{\"@type\":\"CommentAction\",\"name\":\"Comment\",\"target\":[\"https:\/\/www.africa-press.net\/gabon\/politique\/violences-faites-aux-femmes-ali-bongo-met-en-service-le-centre-gabon-egalite-de-nzeng-ayong#respond\"]}]},{\"@type\":\"WebPage\",\"@id\":\"https:\/\/www.africa-press.net\/gabon\/politique\/violences-faites-aux-femmes-ali-bongo-met-en-service-le-centre-gabon-egalite-de-nzeng-ayong\",\"url\":\"https:\/\/www.africa-press.net\/gabon\/politique\/violences-faites-aux-femmes-ali-bongo-met-en-service-le-centre-gabon-egalite-de-nzeng-ayong\",\"name\":\"Violences faites aux femmes\u00a0: Ali Bongo met en service le \u00abCentre Gabon \u00c9galit\u00e9\u00bb de Nzeng-Ayong - Gabon\",\"isPartOf\":{\"@id\":\"https:\/\/www.africa-press.net\/gabon\/#website\"},\"primaryImageOfPage\":{\"@id\":\"https:\/\/www.africa-press.net\/gabon\/politique\/violences-faites-aux-femmes-ali-bongo-met-en-service-le-centre-gabon-egalite-de-nzeng-ayong#primaryimage\"},\"image\":{\"@id\":\"https:\/\/www.africa-press.net\/gabon\/politique\/violences-faites-aux-femmes-ali-bongo-met-en-service-le-centre-gabon-egalite-de-nzeng-ayong#primaryimage\"},\"thumbnailUrl\":\"https:\/\/static.africa-press.net\/gabon\/sites\/54\/2022\/11\/postQueueImg_1669309281.71.jpg\",\"datePublished\":\"2022-11-24T20:31:14+00:00\",\"dateModified\":\"2022-11-24T21:22:41+00:00\",\"author\":{\"@id\":\"https:\/\/www.africa-press.net\/gabon\/#\/schema\/person\/2b1cf3cd81a31e3cd26889ca66d677f1\"},\"description\":\"La promulgation de la loi n\u00b0006\/2021 portant e\u0301limination des violences faites aux femmes et le de\u0301ploiement du programm ...\",\"breadcrumb\":{\"@id\":\"https:\/\/www.africa-press.net\/gabon\/politique\/violences-faites-aux-femmes-ali-bongo-met-en-service-le-centre-gabon-egalite-de-nzeng-ayong#breadcrumb\"},\"inLanguage\":\"fr-FR\",\"potentialAction\":[{\"@type\":\"ReadAction\",\"target\":[\"https:\/\/www.africa-press.net\/gabon\/politique\/violences-faites-aux-femmes-ali-bongo-met-en-service-le-centre-gabon-egalite-de-nzeng-ayong\"]}]},{\"@type\":\"ImageObject\",\"inLanguage\":\"fr-FR\",\"@id\":\"https:\/\/www.africa-press.net\/gabon\/politique\/violences-faites-aux-femmes-ali-bongo-met-en-service-le-centre-gabon-egalite-de-nzeng-ayong#primaryimage\",\"url\":\"https:\/\/static.africa-press.net\/gabon\/sites\/54\/2022\/11\/postQueueImg_1669309281.71.jpg\",\"contentUrl\":\"https:\/\/static.africa-press.net\/gabon\/sites\/54\/2022\/11\/postQueueImg_1669309281.71.jpg\",\"width\":720,\"height\":444,\"caption\":\"Violences faites aux femmes\u00a0: Ali Bongo met en service le \u00abCentre Gabon \u00c9galit\u00e9\u00bb de Nzeng-Ayong\"},{\"@type\":\"BreadcrumbList\",\"@id\":\"https:\/\/www.africa-press.net\/gabon\/politique\/violences-faites-aux-femmes-ali-bongo-met-en-service-le-centre-gabon-egalite-de-nzeng-ayong#breadcrumb\",\"itemListElement\":[{\"@type\":\"ListItem\",\"position\":1,\"name\":\"Accueil\",\"item\":\"https:\/\/www.africa-press.net\/gabon\/\"},{\"@type\":\"ListItem\",\"position\":2,\"name\":\"Violences faites aux femmes\u00a0: Ali Bongo met en service le \u00abCentre Gabon \u00c9galit\u00e9\u00bb de Nzeng-Ayong\"}]},{\"@type\":\"WebSite\",\"@id\":\"https:\/\/www.africa-press.net\/gabon\/#website\",\"url\":\"https:\/\/www.africa-press.net\/gabon\/\",\"name\":\"Gabon\",\"description\":\"Just another Africa News Agency Sites site\",\"potentialAction\":[{\"@type\":\"SearchAction\",\"target\":{\"@type\":\"EntryPoint\",\"urlTemplate\":\"https:\/\/www.africa-press.net\/gabon\/?s={search_term_string}\"},\"query-input\":{\"@type\":\"PropertyValueSpecification\",\"valueRequired\":true,\"valueName\":\"search_term_string\"}}],\"inLanguage\":\"fr-FR\"},{\"@type\":\"Person\",\"@id\":\"https:\/\/www.africa-press.net\/gabon\/#\/schema\/person\/2b1cf3cd81a31e3cd26889ca66d677f1\",\"name\":\"cfeditorfr\"}]}<\/script>\n<!-- \/ Yoast SEO Premium plugin. -->","yoast_head_json":{"title":"Violences faites aux femmes\u00a0: Ali Bongo met en service le \u00abCentre Gabon \u00c9galit\u00e9\u00bb de Nzeng-Ayong - Gabon","description":"La promulgation de la loi n\u00b0006\/2021 portant e\u0301limination des violences faites aux femmes et le de\u0301ploiement du programm ...","robots":{"index":"index","follow":"follow","max-snippet":"max-snippet:-1","max-image-preview":"max-image-preview:large","max-video-preview":"max-video-preview:-1"},"canonical":"https:\/\/www.africa-press.net\/gabon\/politique\/violences-faites-aux-femmes-ali-bongo-met-en-service-le-centre-gabon-egalite-de-nzeng-ayong","og_locale":"fr_FR","og_type":"article","og_title":"Violences faites aux femmes\u00a0: Ali Bongo met en service le \u00abCentre Gabon \u00c9galit\u00e9\u00bb de Nzeng-Ayong","og_description":"La promulgation de la loi n\u00b0006\/2021 portant e\u0301limination des violences faites aux femmes et le de\u0301ploiement du programm ...","og_url":"https:\/\/www.africa-press.net\/gabon\/politique\/violences-faites-aux-femmes-ali-bongo-met-en-service-le-centre-gabon-egalite-de-nzeng-ayong","og_site_name":"Gabon","article_published_time":"2022-11-24T20:31:14+00:00","article_modified_time":"2022-11-24T21:22:41+00:00","og_image":[{"width":720,"height":444,"url":"https:\/\/static.africa-press.net\/gabon\/sites\/54\/2022\/11\/postQueueImg_1669309281.71.jpg","type":"image\/jpeg"}],"author":"cfeditorfr","twitter_card":"summary_large_image","twitter_misc":{"\u00c9crit par":"cfeditorfr","Dur\u00e9e de lecture estim\u00e9e":"3 minutes"},"schema":{"@context":"https:\/\/schema.org","@graph":[{"@type":"Article","@id":"https:\/\/www.africa-press.net\/gabon\/politique\/violences-faites-aux-femmes-ali-bongo-met-en-service-le-centre-gabon-egalite-de-nzeng-ayong#article","isPartOf":{"@id":"https:\/\/www.africa-press.net\/gabon\/politique\/violences-faites-aux-femmes-ali-bongo-met-en-service-le-centre-gabon-egalite-de-nzeng-ayong"},"author":{"name":"cfeditorfr","@id":"https:\/\/www.africa-press.net\/gabon\/#\/schema\/person\/2b1cf3cd81a31e3cd26889ca66d677f1"},"headline":"Violences faites aux femmes\u00a0: Ali Bongo met en service le \u00abCentre Gabon \u00c9galit\u00e9\u00bb de Nzeng-Ayong","datePublished":"2022-11-24T20:31:14+00:00","dateModified":"2022-11-24T21:22:41+00:00","mainEntityOfPage":{"@id":"https:\/\/www.africa-press.net\/gabon\/politique\/violences-faites-aux-femmes-ali-bongo-met-en-service-le-centre-gabon-egalite-de-nzeng-ayong"},"wordCount":674,"commentCount":0,"image":{"@id":"https:\/\/www.africa-press.net\/gabon\/politique\/violences-faites-aux-femmes-ali-bongo-met-en-service-le-centre-gabon-egalite-de-nzeng-ayong#primaryimage"},"thumbnailUrl":"https:\/\/static.africa-press.net\/gabon\/sites\/54\/2022\/11\/postQueueImg_1669309281.71.jpg","keywords":["Africa Press","Africa Press-Gabon","Gabon"],"articleSection":["Politique","Toutes les actualit\u00e9s"],"inLanguage":"fr-FR","potentialAction":[{"@type":"CommentAction","name":"Comment","target":["https:\/\/www.africa-press.net\/gabon\/politique\/violences-faites-aux-femmes-ali-bongo-met-en-service-le-centre-gabon-egalite-de-nzeng-ayong#respond"]}]},{"@type":"WebPage","@id":"https:\/\/www.africa-press.net\/gabon\/politique\/violences-faites-aux-femmes-ali-bongo-met-en-service-le-centre-gabon-egalite-de-nzeng-ayong","url":"https:\/\/www.africa-press.net\/gabon\/politique\/violences-faites-aux-femmes-ali-bongo-met-en-service-le-centre-gabon-egalite-de-nzeng-ayong","name":"Violences faites aux femmes\u00a0: Ali Bongo met en service le \u00abCentre Gabon \u00c9galit\u00e9\u00bb de Nzeng-Ayong - Gabon","isPartOf":{"@id":"https:\/\/www.africa-press.net\/gabon\/#website"},"primaryImageOfPage":{"@id":"https:\/\/www.africa-press.net\/gabon\/politique\/violences-faites-aux-femmes-ali-bongo-met-en-service-le-centre-gabon-egalite-de-nzeng-ayong#primaryimage"},"image":{"@id":"https:\/\/www.africa-press.net\/gabon\/politique\/violences-faites-aux-femmes-ali-bongo-met-en-service-le-centre-gabon-egalite-de-nzeng-ayong#primaryimage"},"thumbnailUrl":"https:\/\/static.africa-press.net\/gabon\/sites\/54\/2022\/11\/postQueueImg_1669309281.71.jpg","datePublished":"2022-11-24T20:31:14+00:00","dateModified":"2022-11-24T21:22:41+00:00","author":{"@id":"https:\/\/www.africa-press.net\/gabon\/#\/schema\/person\/2b1cf3cd81a31e3cd26889ca66d677f1"},"description":"La promulgation de la loi n\u00b0006\/2021 portant e\u0301limination des violences faites aux femmes et le de\u0301ploiement du programm ...","breadcrumb":{"@id":"https:\/\/www.africa-press.net\/gabon\/politique\/violences-faites-aux-femmes-ali-bongo-met-en-service-le-centre-gabon-egalite-de-nzeng-ayong#breadcrumb"},"inLanguage":"fr-FR","potentialAction":[{"@type":"ReadAction","target":["https:\/\/www.africa-press.net\/gabon\/politique\/violences-faites-aux-femmes-ali-bongo-met-en-service-le-centre-gabon-egalite-de-nzeng-ayong"]}]},{"@type":"ImageObject","inLanguage":"fr-FR","@id":"https:\/\/www.africa-press.net\/gabon\/politique\/violences-faites-aux-femmes-ali-bongo-met-en-service-le-centre-gabon-egalite-de-nzeng-ayong#primaryimage","url":"https:\/\/static.africa-press.net\/gabon\/sites\/54\/2022\/11\/postQueueImg_1669309281.71.jpg","contentUrl":"https:\/\/static.africa-press.net\/gabon\/sites\/54\/2022\/11\/postQueueImg_1669309281.71.jpg","width":720,"height":444,"caption":"Violences faites aux femmes\u00a0: Ali Bongo met en service le \u00abCentre Gabon \u00c9galit\u00e9\u00bb de Nzeng-Ayong"},{"@type":"BreadcrumbList","@id":"https:\/\/www.africa-press.net\/gabon\/politique\/violences-faites-aux-femmes-ali-bongo-met-en-service-le-centre-gabon-egalite-de-nzeng-ayong#breadcrumb","itemListElement":[{"@type":"ListItem","position":1,"name":"Accueil","item":"https:\/\/www.africa-press.net\/gabon\/"},{"@type":"ListItem","position":2,"name":"Violences faites aux femmes\u00a0: Ali Bongo met en service le \u00abCentre Gabon \u00c9galit\u00e9\u00bb de Nzeng-Ayong"}]},{"@type":"WebSite","@id":"https:\/\/www.africa-press.net\/gabon\/#website","url":"https:\/\/www.africa-press.net\/gabon\/","name":"Gabon","description":"Just another Africa News Agency Sites site","potentialAction":[{"@type":"SearchAction","target":{"@type":"EntryPoint","urlTemplate":"https:\/\/www.africa-press.net\/gabon\/?s={search_term_string}"},"query-input":{"@type":"PropertyValueSpecification","valueRequired":true,"valueName":"search_term_string"}}],"inLanguage":"fr-FR"},{"@type":"Person","@id":"https:\/\/www.africa-press.net\/gabon\/#\/schema\/person\/2b1cf3cd81a31e3cd26889ca66d677f1","name":"cfeditorfr"}]}},"_links":{"self":[{"href":"https:\/\/www.africa-press.net\/gabon\/wp-json\/wp\/v2\/posts\/13131","targetHints":{"allow":["GET"]}}],"collection":[{"href":"https:\/\/www.africa-press.net\/gabon\/wp-json\/wp\/v2\/posts"}],"about":[{"href":"https:\/\/www.africa-press.net\/gabon\/wp-json\/wp\/v2\/types\/post"}],"author":[{"embeddable":true,"href":"https:\/\/www.africa-press.net\/gabon\/wp-json\/wp\/v2\/users\/82"}],"replies":[{"embeddable":true,"href":"https:\/\/www.africa-press.net\/gabon\/wp-json\/wp\/v2\/comments?post=13131"}],"version-history":[{"count":0,"href":"https:\/\/www.africa-press.net\/gabon\/wp-json\/wp\/v2\/posts\/13131\/revisions"}],"wp:featuredmedia":[{"embeddable":true,"href":"https:\/\/www.africa-press.net\/gabon\/wp-json\/wp\/v2\/media\/13130"}],"wp:attachment":[{"href":"https:\/\/www.africa-press.net\/gabon\/wp-json\/wp\/v2\/media?parent=13131"}],"wp:term":[{"taxonomy":"category","embeddable":true,"href":"https:\/\/www.africa-press.net\/gabon\/wp-json\/wp\/v2\/categories?post=13131"},{"taxonomy":"post_tag","embeddable":true,"href":"https:\/\/www.africa-press.net\/gabon\/wp-json\/wp\/v2\/tags?post=13131"}],"curies":[{"name":"wp","href":"https:\/\/api.w.org\/{rel}","templated":true}]}}