{"id":13143,"date":"2022-11-25T17:59:37","date_gmt":"2022-11-25T17:59:37","guid":{"rendered":"https:\/\/www.africa-press.net\/gabon\/politique\/grande-pharmacie-des-forestiers-28-salaries-decores-de-la-medaille-du-travail"},"modified":"2022-11-25T18:39:02","modified_gmt":"2022-11-25T18:39:02","slug":"grande-pharmacie-des-forestiers-28-salaries-decores-de-la-medaille-du-travail","status":"publish","type":"post","link":"https:\/\/www.africa-press.net\/gabon\/toutes-les-actualites\/grande-pharmacie-des-forestiers-28-salaries-decores-de-la-medaille-du-travail","title":{"rendered":"Grande Pharmacie des Forestiers\u00a0: 28 salari\u00e9s d\u00e9cor\u00e9s de la m\u00e9daille du travail"},"content":{"rendered":"<p><span style=\"color: #ff6600\"><strong>Africa-Press &#8211; Gabon. <\/strong><\/span>La Grande Pharmacie des Forestiers a de\u0301core\u0301 28 de ses salarie\u0301s de la me\u0301daille du travail, le 24 novembre a\u0300 Libreville. Soit 21 en bronze, quatre en argent et trois en or. \u00abC\u2019est notre engagement qui est salue\u0301 aujourd\u2019hui\u00bb, se sont re\u0301jouis les re\u0301cipiendaires qui cumulent 10, 20 et 30 anne\u0301es de service au sein de la plus grande pharmacie du pays.<\/p>\n<p>Ils cumulent 10, 20 et 30 anne\u0301es de service. 28 salarie\u0301s de la Grande Pharmacie des Forestiers ont e\u0301te\u0301 de\u0301core\u0301s de la me\u0301daille du travail, le 24 novembre a\u0300 Libreville, a\u0300 la faveur d\u2019une ce\u0301re\u0301monie riche en couleurs et en e\u0301motions. Soit 21 en bronze, quatre en argent et trois en or. A\u0300 cette occasion, le directeur de cabinet du ministre de Travail a demande\u0301 aux re\u0301cipiendaires de garder le me\u0302me esprit au travail que pendant les pre\u0301ce\u0301dentes anne\u0301es.<\/p>\n<p>\u00abVous e\u0302tes a\u0300 fe\u0301liciter parce que durant toutes ces anne\u0301es, vous avez su e\u0302tre disponibles chaque jour pour les clients en de\u0301tresse, pour ceux qui attendaient de vous, de bons conseils sur tel ou tel produit. Soyez fiers et poursuivez sur cet e\u0301lan\u00bb, a de\u0301clare\u0301 Cyrille Angoue. Ce dernier n\u2019a pas manque\u0301 de fe\u0301liciter la direction ge\u0301ne\u0301rale de la premie\u0300re pharmacie du Gabon pour avoir honore\u0301 ces employe\u0301s.<\/p>\n<p>\u00abMonsieur le PDG, en mettant a\u0300 l\u2019honneur vos salarie\u0301s et en les magnifiant aussi solennellement ce jour, vous reconnaissez sans ambages leur ro\u0302le de\u0301terminant et vous l\u2019avez exprime\u0301 dans le fonctionnement et l\u2019existence me\u0302me de cette pharmacie. Nous voici donc re\u0301unis ce jour, pour leur dire combien de fois l\u2019E\u0301tat gabonais et l\u2019employeur que vous e\u0302tes sont reconnaissants a\u0300 leur e\u0301gard\u00bb, a affirme\u0301 Cyrille Angoue.<\/p>\n<p>La reconnaissance d\u2019un engagement<\/p>\n<p>Le PDG de la Grande Pharmacie des Forestiers, quant a\u0300 lui, a dit tout le bien qu\u2019il pensait de ses collaborateurs. \u00abLes 28 que nous honorons ce soir, c\u2019est gra\u0302ce a\u0300 eux que la pharmacie, qui il y a quelques anne\u0301es avait une vingtaine d\u2019employe\u0301s, en a maintenant 200. Ce n\u2019est pas 200 personnes, mais 200 familles. Ce qui veut dire pour direction ge\u0301ne\u0301rale et nos collaborateurs, une lourde responsabilite\u0301\u00bb, a souligne\u0301 Roger Lopez.<\/p>\n<p>Les re\u0301cipiendaires, a\u0300 travers leur repre\u0301sentant, ont adresse\u0301 leurs remerciements a\u0300 leur hie\u0301rarchie pour cette marque de reconnaissance. Ils se sont dits \u00abhonore\u0301s\u00bb. \u00abCette ce\u0301re\u0301monie est un moment symbolique, important et solennel en ce qu\u2019elle marque une e\u0301tape majeure dans l\u2019e\u0301volution du parcours professionnel d\u2019un travailleur. A\u0300 travers cette ce\u0301re\u0301monie, c\u2019est le parcours de chaque re\u0301cipiendaire, notre carrie\u0300re, notre quotidien depuis 10, 20 et 30 ans qui sont mis a\u0300 l\u2019\u0153uvre. C\u2019est e\u0301galement notre engagement qui est salue\u0301 aujourd\u2019hui, car il faut le reconnai\u0302tre, c\u2019est une partie de notre vie que nous avons consacre\u0301e a\u0300 la sante\u0301 et au service des autres\u00bb, a de\u0301clare\u0301 Ruffin Logozo<\/p>\n<p>La Grande Pharmacie des Forestiers propose des produits pharmaceutiques et parapharmaceutiques en provenance d\u2019Europe et d\u2019Ame\u0301rique du Nord.<\/p>\n<p><strong>Pour plus d&rsquo;informations et d&rsquo;analyses sur la <a href=\"https:\/\/www.africa-press.net\/gabon\">Gabon<\/a>, suivez <a href=\"https:\/\/www.africa-press.net\/\">Africa-Press<\/a><\/strong><\/p>\n","protected":false},"excerpt":{"rendered":"<p>Africa-Press &#8211; Gabon. La Grande Pharmacie des Forestiers a de\u0301core\u0301 28 de ses salarie\u0301s de la me\u0301daille du travail, le 24 novembre a\u0300 Libreville. Soit 21 en bronze, quatre en argent et trois en or. \u00abC\u2019est notre engagement qui est salue\u0301 aujourd\u2019hui\u00bb, se sont re\u0301jouis les re\u0301cipiendaires qui cumulent 10, 20 et 30 anne\u0301es de [&hellip;]<\/p>\n","protected":false},"author":82,"featured_media":13142,"comment_status":"open","ping_status":"closed","sticky":false,"template":"","format":"standard","meta":{"footnotes":""},"categories":[21,10],"tags":[36,50,49],"class_list":["post-13143","post","type-post","status-publish","format-standard","has-post-thumbnail","hentry","category-communaute","category-toutes-les-actualites","tag-africa-press","tag-africa-press-gabon","tag-gabon"],"yoast_head":"<!-- This site is optimized with the Yoast SEO Premium plugin v26.1 (Yoast SEO v27.0) - https:\/\/yoast.com\/product\/yoast-seo-premium-wordpress\/ -->\n<title>Grande Pharmacie des Forestiers\u00a0: 28 salari\u00e9s d\u00e9cor\u00e9s de la m\u00e9daille du travail - Gabon<\/title>\n<meta name=\"description\" content=\"La Grande Pharmacie des Forestiers a de\u0301core\u0301 28 de ses salarie\u0301s de la me\u0301daille du travail, le 24 novembre a\u0300 Librevil ...\" \/>\n<meta name=\"robots\" content=\"index, follow, max-snippet:-1, max-image-preview:large, max-video-preview:-1\" \/>\n<link rel=\"canonical\" href=\"https:\/\/www.africa-press.net\/gabon\/toutes-les-actualites\/grande-pharmacie-des-forestiers-28-salaries-decores-de-la-medaille-du-travail\" \/>\n<meta property=\"og:locale\" content=\"fr_FR\" \/>\n<meta property=\"og:type\" content=\"article\" \/>\n<meta property=\"og:title\" content=\"Grande Pharmacie des Forestiers\u00a0: 28 salari\u00e9s d\u00e9cor\u00e9s de la m\u00e9daille du travail\" \/>\n<meta property=\"og:description\" content=\"La Grande Pharmacie des Forestiers a de\u0301core\u0301 28 de ses salarie\u0301s de la me\u0301daille du travail, le 24 novembre a\u0300 Librevil ...\" \/>\n<meta property=\"og:url\" content=\"https:\/\/www.africa-press.net\/gabon\/toutes-les-actualites\/grande-pharmacie-des-forestiers-28-salaries-decores-de-la-medaille-du-travail\" \/>\n<meta property=\"og:site_name\" content=\"Gabon\" \/>\n<meta property=\"article:published_time\" content=\"2022-11-25T17:59:37+00:00\" \/>\n<meta property=\"article:modified_time\" content=\"2022-11-25T18:39:02+00:00\" \/>\n<meta property=\"og:image\" content=\"https:\/\/static.africa-press.net\/gabon\/sites\/54\/2022\/11\/postQueueImg_1669386612.35.jpg\" \/>\n\t<meta property=\"og:image:width\" content=\"1280\" \/>\n\t<meta property=\"og:image:height\" content=\"720\" \/>\n\t<meta property=\"og:image:type\" content=\"image\/jpeg\" \/>\n<meta name=\"author\" content=\"cfeditorfr\" \/>\n<meta name=\"twitter:card\" content=\"summary_large_image\" \/>\n<meta name=\"twitter:label1\" content=\"\u00c9crit par\" \/>\n\t<meta name=\"twitter:data1\" content=\"cfeditorfr\" \/>\n\t<meta name=\"twitter:label2\" content=\"Dur\u00e9e de lecture estim\u00e9e\" \/>\n\t<meta name=\"twitter:data2\" content=\"3 minutes\" \/>\n<script type=\"application\/ld+json\" class=\"yoast-schema-graph\">{\"@context\":\"https:\/\/schema.org\",\"@graph\":[{\"@type\":\"Article\",\"@id\":\"https:\/\/www.africa-press.net\/gabon\/toutes-les-actualites\/grande-pharmacie-des-forestiers-28-salaries-decores-de-la-medaille-du-travail#article\",\"isPartOf\":{\"@id\":\"https:\/\/www.africa-press.net\/gabon\/toutes-les-actualites\/grande-pharmacie-des-forestiers-28-salaries-decores-de-la-medaille-du-travail\"},\"author\":{\"name\":\"cfeditorfr\",\"@id\":\"https:\/\/www.africa-press.net\/gabon\/#\/schema\/person\/2b1cf3cd81a31e3cd26889ca66d677f1\"},\"headline\":\"Grande Pharmacie des Forestiers\u00a0: 28 salari\u00e9s d\u00e9cor\u00e9s de la m\u00e9daille du travail\",\"datePublished\":\"2022-11-25T17:59:37+00:00\",\"dateModified\":\"2022-11-25T18:39:02+00:00\",\"mainEntityOfPage\":{\"@id\":\"https:\/\/www.africa-press.net\/gabon\/toutes-les-actualites\/grande-pharmacie-des-forestiers-28-salaries-decores-de-la-medaille-du-travail\"},\"wordCount\":573,\"commentCount\":0,\"image\":{\"@id\":\"https:\/\/www.africa-press.net\/gabon\/toutes-les-actualites\/grande-pharmacie-des-forestiers-28-salaries-decores-de-la-medaille-du-travail#primaryimage\"},\"thumbnailUrl\":\"https:\/\/static.africa-press.net\/gabon\/sites\/54\/2022\/11\/postQueueImg_1669386612.35.jpg\",\"keywords\":[\"Africa Press\",\"Africa Press-Gabon\",\"Gabon\"],\"articleSection\":[\"Communaut\u00e9\",\"Toutes les actualit\u00e9s\"],\"inLanguage\":\"fr-FR\",\"potentialAction\":[{\"@type\":\"CommentAction\",\"name\":\"Comment\",\"target\":[\"https:\/\/www.africa-press.net\/gabon\/toutes-les-actualites\/grande-pharmacie-des-forestiers-28-salaries-decores-de-la-medaille-du-travail#respond\"]}]},{\"@type\":\"WebPage\",\"@id\":\"https:\/\/www.africa-press.net\/gabon\/toutes-les-actualites\/grande-pharmacie-des-forestiers-28-salaries-decores-de-la-medaille-du-travail\",\"url\":\"https:\/\/www.africa-press.net\/gabon\/toutes-les-actualites\/grande-pharmacie-des-forestiers-28-salaries-decores-de-la-medaille-du-travail\",\"name\":\"Grande Pharmacie des Forestiers\u00a0: 28 salari\u00e9s d\u00e9cor\u00e9s de la m\u00e9daille du travail - Gabon\",\"isPartOf\":{\"@id\":\"https:\/\/www.africa-press.net\/gabon\/#website\"},\"primaryImageOfPage\":{\"@id\":\"https:\/\/www.africa-press.net\/gabon\/toutes-les-actualites\/grande-pharmacie-des-forestiers-28-salaries-decores-de-la-medaille-du-travail#primaryimage\"},\"image\":{\"@id\":\"https:\/\/www.africa-press.net\/gabon\/toutes-les-actualites\/grande-pharmacie-des-forestiers-28-salaries-decores-de-la-medaille-du-travail#primaryimage\"},\"thumbnailUrl\":\"https:\/\/static.africa-press.net\/gabon\/sites\/54\/2022\/11\/postQueueImg_1669386612.35.jpg\",\"datePublished\":\"2022-11-25T17:59:37+00:00\",\"dateModified\":\"2022-11-25T18:39:02+00:00\",\"author\":{\"@id\":\"https:\/\/www.africa-press.net\/gabon\/#\/schema\/person\/2b1cf3cd81a31e3cd26889ca66d677f1\"},\"description\":\"La Grande Pharmacie des Forestiers a de\u0301core\u0301 28 de ses salarie\u0301s de la me\u0301daille du travail, le 24 novembre a\u0300 Librevil ...\",\"breadcrumb\":{\"@id\":\"https:\/\/www.africa-press.net\/gabon\/toutes-les-actualites\/grande-pharmacie-des-forestiers-28-salaries-decores-de-la-medaille-du-travail#breadcrumb\"},\"inLanguage\":\"fr-FR\",\"potentialAction\":[{\"@type\":\"ReadAction\",\"target\":[\"https:\/\/www.africa-press.net\/gabon\/toutes-les-actualites\/grande-pharmacie-des-forestiers-28-salaries-decores-de-la-medaille-du-travail\"]}]},{\"@type\":\"ImageObject\",\"inLanguage\":\"fr-FR\",\"@id\":\"https:\/\/www.africa-press.net\/gabon\/toutes-les-actualites\/grande-pharmacie-des-forestiers-28-salaries-decores-de-la-medaille-du-travail#primaryimage\",\"url\":\"https:\/\/static.africa-press.net\/gabon\/sites\/54\/2022\/11\/postQueueImg_1669386612.35.jpg\",\"contentUrl\":\"https:\/\/static.africa-press.net\/gabon\/sites\/54\/2022\/11\/postQueueImg_1669386612.35.jpg\",\"width\":1280,\"height\":720,\"caption\":\"Grande Pharmacie des Forestiers\u00a0: 28 salari\u00e9s d\u00e9cor\u00e9s de la m\u00e9daille du travail\"},{\"@type\":\"BreadcrumbList\",\"@id\":\"https:\/\/www.africa-press.net\/gabon\/toutes-les-actualites\/grande-pharmacie-des-forestiers-28-salaries-decores-de-la-medaille-du-travail#breadcrumb\",\"itemListElement\":[{\"@type\":\"ListItem\",\"position\":1,\"name\":\"Accueil\",\"item\":\"https:\/\/www.africa-press.net\/gabon\/\"},{\"@type\":\"ListItem\",\"position\":2,\"name\":\"Grande Pharmacie des Forestiers\u00a0: 28 salari\u00e9s d\u00e9cor\u00e9s de la m\u00e9daille du travail\"}]},{\"@type\":\"WebSite\",\"@id\":\"https:\/\/www.africa-press.net\/gabon\/#website\",\"url\":\"https:\/\/www.africa-press.net\/gabon\/\",\"name\":\"Gabon\",\"description\":\"Just another Africa News Agency Sites site\",\"potentialAction\":[{\"@type\":\"SearchAction\",\"target\":{\"@type\":\"EntryPoint\",\"urlTemplate\":\"https:\/\/www.africa-press.net\/gabon\/?s={search_term_string}\"},\"query-input\":{\"@type\":\"PropertyValueSpecification\",\"valueRequired\":true,\"valueName\":\"search_term_string\"}}],\"inLanguage\":\"fr-FR\"},{\"@type\":\"Person\",\"@id\":\"https:\/\/www.africa-press.net\/gabon\/#\/schema\/person\/2b1cf3cd81a31e3cd26889ca66d677f1\",\"name\":\"cfeditorfr\"}]}<\/script>\n<!-- \/ Yoast SEO Premium plugin. -->","yoast_head_json":{"title":"Grande Pharmacie des Forestiers\u00a0: 28 salari\u00e9s d\u00e9cor\u00e9s de la m\u00e9daille du travail - Gabon","description":"La Grande Pharmacie des Forestiers a de\u0301core\u0301 28 de ses salarie\u0301s de la me\u0301daille du travail, le 24 novembre a\u0300 Librevil ...","robots":{"index":"index","follow":"follow","max-snippet":"max-snippet:-1","max-image-preview":"max-image-preview:large","max-video-preview":"max-video-preview:-1"},"canonical":"https:\/\/www.africa-press.net\/gabon\/toutes-les-actualites\/grande-pharmacie-des-forestiers-28-salaries-decores-de-la-medaille-du-travail","og_locale":"fr_FR","og_type":"article","og_title":"Grande Pharmacie des Forestiers\u00a0: 28 salari\u00e9s d\u00e9cor\u00e9s de la m\u00e9daille du travail","og_description":"La Grande Pharmacie des Forestiers a de\u0301core\u0301 28 de ses salarie\u0301s de la me\u0301daille du travail, le 24 novembre a\u0300 Librevil ...","og_url":"https:\/\/www.africa-press.net\/gabon\/toutes-les-actualites\/grande-pharmacie-des-forestiers-28-salaries-decores-de-la-medaille-du-travail","og_site_name":"Gabon","article_published_time":"2022-11-25T17:59:37+00:00","article_modified_time":"2022-11-25T18:39:02+00:00","og_image":[{"width":1280,"height":720,"url":"https:\/\/static.africa-press.net\/gabon\/sites\/54\/2022\/11\/postQueueImg_1669386612.35.jpg","type":"image\/jpeg"}],"author":"cfeditorfr","twitter_card":"summary_large_image","twitter_misc":{"\u00c9crit par":"cfeditorfr","Dur\u00e9e de lecture estim\u00e9e":"3 minutes"},"schema":{"@context":"https:\/\/schema.org","@graph":[{"@type":"Article","@id":"https:\/\/www.africa-press.net\/gabon\/toutes-les-actualites\/grande-pharmacie-des-forestiers-28-salaries-decores-de-la-medaille-du-travail#article","isPartOf":{"@id":"https:\/\/www.africa-press.net\/gabon\/toutes-les-actualites\/grande-pharmacie-des-forestiers-28-salaries-decores-de-la-medaille-du-travail"},"author":{"name":"cfeditorfr","@id":"https:\/\/www.africa-press.net\/gabon\/#\/schema\/person\/2b1cf3cd81a31e3cd26889ca66d677f1"},"headline":"Grande Pharmacie des Forestiers\u00a0: 28 salari\u00e9s d\u00e9cor\u00e9s de la m\u00e9daille du travail","datePublished":"2022-11-25T17:59:37+00:00","dateModified":"2022-11-25T18:39:02+00:00","mainEntityOfPage":{"@id":"https:\/\/www.africa-press.net\/gabon\/toutes-les-actualites\/grande-pharmacie-des-forestiers-28-salaries-decores-de-la-medaille-du-travail"},"wordCount":573,"commentCount":0,"image":{"@id":"https:\/\/www.africa-press.net\/gabon\/toutes-les-actualites\/grande-pharmacie-des-forestiers-28-salaries-decores-de-la-medaille-du-travail#primaryimage"},"thumbnailUrl":"https:\/\/static.africa-press.net\/gabon\/sites\/54\/2022\/11\/postQueueImg_1669386612.35.jpg","keywords":["Africa Press","Africa Press-Gabon","Gabon"],"articleSection":["Communaut\u00e9","Toutes les actualit\u00e9s"],"inLanguage":"fr-FR","potentialAction":[{"@type":"CommentAction","name":"Comment","target":["https:\/\/www.africa-press.net\/gabon\/toutes-les-actualites\/grande-pharmacie-des-forestiers-28-salaries-decores-de-la-medaille-du-travail#respond"]}]},{"@type":"WebPage","@id":"https:\/\/www.africa-press.net\/gabon\/toutes-les-actualites\/grande-pharmacie-des-forestiers-28-salaries-decores-de-la-medaille-du-travail","url":"https:\/\/www.africa-press.net\/gabon\/toutes-les-actualites\/grande-pharmacie-des-forestiers-28-salaries-decores-de-la-medaille-du-travail","name":"Grande Pharmacie des Forestiers\u00a0: 28 salari\u00e9s d\u00e9cor\u00e9s de la m\u00e9daille du travail - Gabon","isPartOf":{"@id":"https:\/\/www.africa-press.net\/gabon\/#website"},"primaryImageOfPage":{"@id":"https:\/\/www.africa-press.net\/gabon\/toutes-les-actualites\/grande-pharmacie-des-forestiers-28-salaries-decores-de-la-medaille-du-travail#primaryimage"},"image":{"@id":"https:\/\/www.africa-press.net\/gabon\/toutes-les-actualites\/grande-pharmacie-des-forestiers-28-salaries-decores-de-la-medaille-du-travail#primaryimage"},"thumbnailUrl":"https:\/\/static.africa-press.net\/gabon\/sites\/54\/2022\/11\/postQueueImg_1669386612.35.jpg","datePublished":"2022-11-25T17:59:37+00:00","dateModified":"2022-11-25T18:39:02+00:00","author":{"@id":"https:\/\/www.africa-press.net\/gabon\/#\/schema\/person\/2b1cf3cd81a31e3cd26889ca66d677f1"},"description":"La Grande Pharmacie des Forestiers a de\u0301core\u0301 28 de ses salarie\u0301s de la me\u0301daille du travail, le 24 novembre a\u0300 Librevil ...","breadcrumb":{"@id":"https:\/\/www.africa-press.net\/gabon\/toutes-les-actualites\/grande-pharmacie-des-forestiers-28-salaries-decores-de-la-medaille-du-travail#breadcrumb"},"inLanguage":"fr-FR","potentialAction":[{"@type":"ReadAction","target":["https:\/\/www.africa-press.net\/gabon\/toutes-les-actualites\/grande-pharmacie-des-forestiers-28-salaries-decores-de-la-medaille-du-travail"]}]},{"@type":"ImageObject","inLanguage":"fr-FR","@id":"https:\/\/www.africa-press.net\/gabon\/toutes-les-actualites\/grande-pharmacie-des-forestiers-28-salaries-decores-de-la-medaille-du-travail#primaryimage","url":"https:\/\/static.africa-press.net\/gabon\/sites\/54\/2022\/11\/postQueueImg_1669386612.35.jpg","contentUrl":"https:\/\/static.africa-press.net\/gabon\/sites\/54\/2022\/11\/postQueueImg_1669386612.35.jpg","width":1280,"height":720,"caption":"Grande Pharmacie des Forestiers\u00a0: 28 salari\u00e9s d\u00e9cor\u00e9s de la m\u00e9daille du travail"},{"@type":"BreadcrumbList","@id":"https:\/\/www.africa-press.net\/gabon\/toutes-les-actualites\/grande-pharmacie-des-forestiers-28-salaries-decores-de-la-medaille-du-travail#breadcrumb","itemListElement":[{"@type":"ListItem","position":1,"name":"Accueil","item":"https:\/\/www.africa-press.net\/gabon\/"},{"@type":"ListItem","position":2,"name":"Grande Pharmacie des Forestiers\u00a0: 28 salari\u00e9s d\u00e9cor\u00e9s de la m\u00e9daille du travail"}]},{"@type":"WebSite","@id":"https:\/\/www.africa-press.net\/gabon\/#website","url":"https:\/\/www.africa-press.net\/gabon\/","name":"Gabon","description":"Just another Africa News Agency Sites site","potentialAction":[{"@type":"SearchAction","target":{"@type":"EntryPoint","urlTemplate":"https:\/\/www.africa-press.net\/gabon\/?s={search_term_string}"},"query-input":{"@type":"PropertyValueSpecification","valueRequired":true,"valueName":"search_term_string"}}],"inLanguage":"fr-FR"},{"@type":"Person","@id":"https:\/\/www.africa-press.net\/gabon\/#\/schema\/person\/2b1cf3cd81a31e3cd26889ca66d677f1","name":"cfeditorfr"}]}},"_links":{"self":[{"href":"https:\/\/www.africa-press.net\/gabon\/wp-json\/wp\/v2\/posts\/13143","targetHints":{"allow":["GET"]}}],"collection":[{"href":"https:\/\/www.africa-press.net\/gabon\/wp-json\/wp\/v2\/posts"}],"about":[{"href":"https:\/\/www.africa-press.net\/gabon\/wp-json\/wp\/v2\/types\/post"}],"author":[{"embeddable":true,"href":"https:\/\/www.africa-press.net\/gabon\/wp-json\/wp\/v2\/users\/82"}],"replies":[{"embeddable":true,"href":"https:\/\/www.africa-press.net\/gabon\/wp-json\/wp\/v2\/comments?post=13143"}],"version-history":[{"count":0,"href":"https:\/\/www.africa-press.net\/gabon\/wp-json\/wp\/v2\/posts\/13143\/revisions"}],"wp:featuredmedia":[{"embeddable":true,"href":"https:\/\/www.africa-press.net\/gabon\/wp-json\/wp\/v2\/media\/13142"}],"wp:attachment":[{"href":"https:\/\/www.africa-press.net\/gabon\/wp-json\/wp\/v2\/media?parent=13143"}],"wp:term":[{"taxonomy":"category","embeddable":true,"href":"https:\/\/www.africa-press.net\/gabon\/wp-json\/wp\/v2\/categories?post=13143"},{"taxonomy":"post_tag","embeddable":true,"href":"https:\/\/www.africa-press.net\/gabon\/wp-json\/wp\/v2\/tags?post=13143"}],"curies":[{"name":"wp","href":"https:\/\/api.w.org\/{rel}","templated":true}]}}