{"id":13158,"date":"2022-11-25T18:01:22","date_gmt":"2022-11-25T18:01:22","guid":{"rendered":"https:\/\/www.africa-press.net\/gabon\/politique\/nuit-du-talent-le-premier-jet-presente-a-la-presse"},"modified":"2022-11-25T18:41:20","modified_gmt":"2022-11-25T18:41:20","slug":"nuit-du-talent-le-premier-jet-presente-a-la-presse","status":"publish","type":"post","link":"https:\/\/www.africa-press.net\/gabon\/culture-et-art\/nuit-du-talent-le-premier-jet-presente-a-la-presse","title":{"rendered":"\u00abNuit du talent\u00bb\u00a0: Le \u00abpremier jet\u00bb pr\u00e9sent\u00e9 \u00e0 la presse"},"content":{"rendered":"<p><span style=\"color: #ff6600\"><strong>Africa-Press &#8211; Gabon. <\/strong><\/span>Lanc\u0327ant \u00abLa Nuit du talent\u00bb, le gouvernement veut davantage faire e\u0301voluer les choses pour les artistes gabonais vivant, dans l\u2019ensemble, sans droits d\u2019auteurs et ayant subi le choc relatif au Covid-19. Avant la premie\u0300re e\u0301dition de ce 25 novembre, le ministre de la Culture et des Arts, Pr Patrick Daouda Mouguiama et son de\u0301le\u0301gue\u0301, Max-Samuel Oboumadjogo (Massassi), ont pre\u0301sente\u0301, la veille a\u0300 Libreville, cet e\u0301ve\u0300nement mettant en lumie\u0300re les acteurs culturels. Un premier jet pour lequel il e\u0301tait ne\u0301cessaire de rassurer et d\u2019e\u0301clairer la lanterne des uns et des autres sur ses contours.<\/p>\n<p>Le Conseil des ministres du 13 octobre dernier avait annonce\u0301 l\u2019organisation, dans les semaines a\u0300 venir, de la \u00abNuit du talent\u00bb. Un e\u0301ve\u0300nement devant permettre une remise des prix aux artistes. C\u2019est de\u0301sormais chose faite. Depuis quelques jours, apre\u0300s se\u0301lection des candidats, les nomine\u0301s dans plusieurs cate\u0301gories ont e\u0301te\u0301 affiche\u0301s sur internet pour les votes populaires. En attendant la ce\u0301re\u0301monie proprement dite, le ministre de la Culture, Pr Patrick Daouda Mouguiama et son de\u0301le\u0301gue\u0301, Max-Samuel Oboumadjogo, e\u0301taient face a\u0300 la presse, le 24 novembre, pour faire le point sur cet e\u0301ve\u0300nement qui met a\u0300 l\u2019honneur les artistes gabonais lors d\u2019une soire\u0301e me\u0301morable le 25 novembre.<\/p>\n<p>\u00abC\u2019est la premie\u0300re e\u0301dition, il y a quelques remarques qui ne sont pas toujours positives, mais nous sommes la\u0300 pour rassurer, e\u0301clairer la lanterne de ceux qui n\u2019ont pas peut-e\u0302tre bien compris les enjeux de cet e\u0301ve\u0300nement qui a vocation a\u0300 rassembler la famille des hommes de lettres, de culture, de l\u2019art autour du chef de l\u2019E\u0301tat, le pre\u0301sident de la Re\u0301publique qui en est l\u2019initiateur\u00bb, a fait savoir le Pr Patrick Daouda Mouguiama.<\/p>\n<p>E\u0301ve\u0300nement culturel majeur du Gabon, porte\u0301 par le ministe\u0300re en charge de la Culture et des Arts, la premie\u0300re e\u0301dition de cette ce\u0301re\u0301monie de re\u0301compense des artistes confondus verra la participation de la plupart des corporations artistiques du pays. \u00abPre\u0300s de 40 cre\u0301ateurs des \u0153uvres de l\u2019esprit qui se sont notamment distingue\u0301s pendant la pe\u0301riode de Covid-19 seront re\u0301compense\u0301s\u00bb, a indique\u0301 le Pr Daouda Mouguiama.<\/p>\n<p>Si les artistes musiciens apparaissent plus nombreux dans la se\u0301lection des nomine\u0301s, le chef de de\u0301partement de la Culture a laisse\u0301 entendre que \u00abla musique est le secteur dans lequel il y a plus d\u2019artistes qui sont potentiellement re\u0301compensables que d\u2019autres. \u00abIl y a plus d\u2019artistes musiciens que de sculpteurs, que de peintres au Gabon\u00bb, a-t-il dit, tandis que son de\u0301le\u0301gue\u0301 a renche\u0301ri : \u00abvous remarquerez par vous-me\u0302me que pendant la Covid-19, ce sont les seuls qui n\u2019ont pas travaille\u0301. Les autres encore pouvaient le faire. Vous prenez un peintre, un sculpteur, il pouvait afficher son tableau et le vendre. A\u0300 partir de ce moment, il fallait penser a\u0300 ceux qui ont le plus souffert, les artistes musiciens\u00bb. Ils assurent toutefois que tous les secteurs sont repre\u0301sente\u0301s.<\/p>\n<p>Au-dela\u0300, ils ont releve\u0301 la difficulte\u0301 a\u0300 avoir une liste actualise\u0301e des artistes aupre\u0300s du Bureau gabonais des droits d\u2019auteurs (Bugada). D\u2019ou\u0300 le recours aux me\u0301dias qui diffusent ces artistes pour une meilleure se\u0301lection. 78 candidats ont e\u0301te\u0301 nomine\u0301s pour 27 prix a\u0300 de\u0301cerner aux diffe\u0301rents laure\u0301ats, re\u0301partis en 8 cate\u0301gories.<\/p>\n<p>L\u2019inte\u0301re\u0302t de cet e\u0301ve\u0300nement est de ce\u0301le\u0301brer et de promouvoir le ge\u0301nie cre\u0301atif des acteurs culturels nationaux et de susciter l\u2019e\u0301mulation chez artistes en herbe. \u00abC\u2019est un premier jet, nous sommes conscients que l\u2019anne\u0301e prochaine, il faudra affiner l\u2019offre\u00bb, a de\u0301clare\u0301 le ministre de\u0301le\u0301gue\u0301. Au cours de la ce\u0301re\u0301monie qui sera diffuse\u0301e sur les re\u0301seaux sociaux et sur les te\u0301le\u0301visions nationales, des cate\u0301gories spe\u0301ciales, n\u2019ayant pas figure\u0301 sur les classifications a\u0300 voter, seront e\u0301galement prime\u0301es.<\/p>\n<p><strong>Pour plus d&rsquo;informations et d&rsquo;analyses sur la <a href=\"https:\/\/www.africa-press.net\/gabon\">Gabon<\/a>, suivez <a href=\"https:\/\/www.africa-press.net\/\">Africa-Press<\/a><\/strong><\/p>\n","protected":false},"excerpt":{"rendered":"<p>Africa-Press &#8211; Gabon. Lanc\u0327ant \u00abLa Nuit du talent\u00bb, le gouvernement veut davantage faire e\u0301voluer les choses pour les artistes gabonais vivant, dans l\u2019ensemble, sans droits d\u2019auteurs et ayant subi le choc relatif au Covid-19. Avant la premie\u0300re e\u0301dition de ce 25 novembre, le ministre de la Culture et des Arts, Pr Patrick Daouda Mouguiama et [&hellip;]<\/p>\n","protected":false},"author":82,"featured_media":13157,"comment_status":"open","ping_status":"closed","sticky":false,"template":"","format":"standard","meta":{"footnotes":""},"categories":[5,10],"tags":[36,50,49],"class_list":["post-13158","post","type-post","status-publish","format-standard","has-post-thumbnail","hentry","category-culture-et-art","category-toutes-les-actualites","tag-africa-press","tag-africa-press-gabon","tag-gabon"],"yoast_head":"<!-- This site is optimized with the Yoast SEO Premium plugin v26.1 (Yoast SEO v27.0) - https:\/\/yoast.com\/product\/yoast-seo-premium-wordpress\/ -->\n<title>\u00abNuit du talent\u00bb\u00a0: Le \u00abpremier jet\u00bb pr\u00e9sent\u00e9 \u00e0 la presse - Gabon<\/title>\n<meta name=\"description\" content=\"Lanc\u0327ant \u00abLa Nuit du talent\u00bb, le gouvernement veut davantage faire e\u0301voluer les choses pour les artistes gabonais vivant ...\" \/>\n<meta name=\"robots\" content=\"index, follow, max-snippet:-1, max-image-preview:large, max-video-preview:-1\" \/>\n<link rel=\"canonical\" href=\"https:\/\/www.africa-press.net\/gabon\/culture-et-art\/nuit-du-talent-le-premier-jet-presente-a-la-presse\" \/>\n<meta property=\"og:locale\" content=\"fr_FR\" \/>\n<meta property=\"og:type\" content=\"article\" \/>\n<meta property=\"og:title\" content=\"\u00abNuit du talent\u00bb\u00a0: Le \u00abpremier jet\u00bb pr\u00e9sent\u00e9 \u00e0 la presse\" \/>\n<meta property=\"og:description\" content=\"Lanc\u0327ant \u00abLa Nuit du talent\u00bb, le gouvernement veut davantage faire e\u0301voluer les choses pour les artistes gabonais vivant ...\" \/>\n<meta property=\"og:url\" content=\"https:\/\/www.africa-press.net\/gabon\/culture-et-art\/nuit-du-talent-le-premier-jet-presente-a-la-presse\" \/>\n<meta property=\"og:site_name\" content=\"Gabon\" \/>\n<meta property=\"article:published_time\" content=\"2022-11-25T18:01:22+00:00\" \/>\n<meta property=\"article:modified_time\" content=\"2022-11-25T18:41:20+00:00\" \/>\n<meta property=\"og:image\" content=\"https:\/\/static.africa-press.net\/gabon\/sites\/54\/2022\/11\/postQueueImg_1669386688.26.jpg\" \/>\n\t<meta property=\"og:image:width\" content=\"720\" \/>\n\t<meta property=\"og:image:height\" content=\"464\" \/>\n\t<meta property=\"og:image:type\" content=\"image\/jpeg\" \/>\n<meta name=\"author\" content=\"cfeditorfr\" \/>\n<meta name=\"twitter:card\" content=\"summary_large_image\" \/>\n<meta name=\"twitter:label1\" content=\"\u00c9crit par\" \/>\n\t<meta name=\"twitter:data1\" content=\"cfeditorfr\" \/>\n\t<meta name=\"twitter:label2\" content=\"Dur\u00e9e de lecture estim\u00e9e\" \/>\n\t<meta name=\"twitter:data2\" content=\"4 minutes\" \/>\n<script type=\"application\/ld+json\" class=\"yoast-schema-graph\">{\"@context\":\"https:\/\/schema.org\",\"@graph\":[{\"@type\":\"Article\",\"@id\":\"https:\/\/www.africa-press.net\/gabon\/culture-et-art\/nuit-du-talent-le-premier-jet-presente-a-la-presse#article\",\"isPartOf\":{\"@id\":\"https:\/\/www.africa-press.net\/gabon\/culture-et-art\/nuit-du-talent-le-premier-jet-presente-a-la-presse\"},\"author\":{\"name\":\"cfeditorfr\",\"@id\":\"https:\/\/www.africa-press.net\/gabon\/#\/schema\/person\/2b1cf3cd81a31e3cd26889ca66d677f1\"},\"headline\":\"\u00abNuit du talent\u00bb\u00a0: Le \u00abpremier jet\u00bb pr\u00e9sent\u00e9 \u00e0 la presse\",\"datePublished\":\"2022-11-25T18:01:22+00:00\",\"dateModified\":\"2022-11-25T18:41:20+00:00\",\"mainEntityOfPage\":{\"@id\":\"https:\/\/www.africa-press.net\/gabon\/culture-et-art\/nuit-du-talent-le-premier-jet-presente-a-la-presse\"},\"wordCount\":729,\"commentCount\":0,\"image\":{\"@id\":\"https:\/\/www.africa-press.net\/gabon\/culture-et-art\/nuit-du-talent-le-premier-jet-presente-a-la-presse#primaryimage\"},\"thumbnailUrl\":\"https:\/\/static.africa-press.net\/gabon\/sites\/54\/2022\/11\/postQueueImg_1669386688.26.jpg\",\"keywords\":[\"Africa Press\",\"Africa Press-Gabon\",\"Gabon\"],\"articleSection\":[\"Culture et Art\",\"Toutes les actualit\u00e9s\"],\"inLanguage\":\"fr-FR\",\"potentialAction\":[{\"@type\":\"CommentAction\",\"name\":\"Comment\",\"target\":[\"https:\/\/www.africa-press.net\/gabon\/culture-et-art\/nuit-du-talent-le-premier-jet-presente-a-la-presse#respond\"]}]},{\"@type\":\"WebPage\",\"@id\":\"https:\/\/www.africa-press.net\/gabon\/culture-et-art\/nuit-du-talent-le-premier-jet-presente-a-la-presse\",\"url\":\"https:\/\/www.africa-press.net\/gabon\/culture-et-art\/nuit-du-talent-le-premier-jet-presente-a-la-presse\",\"name\":\"\u00abNuit du talent\u00bb\u00a0: Le \u00abpremier jet\u00bb pr\u00e9sent\u00e9 \u00e0 la presse - Gabon\",\"isPartOf\":{\"@id\":\"https:\/\/www.africa-press.net\/gabon\/#website\"},\"primaryImageOfPage\":{\"@id\":\"https:\/\/www.africa-press.net\/gabon\/culture-et-art\/nuit-du-talent-le-premier-jet-presente-a-la-presse#primaryimage\"},\"image\":{\"@id\":\"https:\/\/www.africa-press.net\/gabon\/culture-et-art\/nuit-du-talent-le-premier-jet-presente-a-la-presse#primaryimage\"},\"thumbnailUrl\":\"https:\/\/static.africa-press.net\/gabon\/sites\/54\/2022\/11\/postQueueImg_1669386688.26.jpg\",\"datePublished\":\"2022-11-25T18:01:22+00:00\",\"dateModified\":\"2022-11-25T18:41:20+00:00\",\"author\":{\"@id\":\"https:\/\/www.africa-press.net\/gabon\/#\/schema\/person\/2b1cf3cd81a31e3cd26889ca66d677f1\"},\"description\":\"Lanc\u0327ant \u00abLa Nuit du talent\u00bb, le gouvernement veut davantage faire e\u0301voluer les choses pour les artistes gabonais vivant ...\",\"breadcrumb\":{\"@id\":\"https:\/\/www.africa-press.net\/gabon\/culture-et-art\/nuit-du-talent-le-premier-jet-presente-a-la-presse#breadcrumb\"},\"inLanguage\":\"fr-FR\",\"potentialAction\":[{\"@type\":\"ReadAction\",\"target\":[\"https:\/\/www.africa-press.net\/gabon\/culture-et-art\/nuit-du-talent-le-premier-jet-presente-a-la-presse\"]}]},{\"@type\":\"ImageObject\",\"inLanguage\":\"fr-FR\",\"@id\":\"https:\/\/www.africa-press.net\/gabon\/culture-et-art\/nuit-du-talent-le-premier-jet-presente-a-la-presse#primaryimage\",\"url\":\"https:\/\/static.africa-press.net\/gabon\/sites\/54\/2022\/11\/postQueueImg_1669386688.26.jpg\",\"contentUrl\":\"https:\/\/static.africa-press.net\/gabon\/sites\/54\/2022\/11\/postQueueImg_1669386688.26.jpg\",\"width\":720,\"height\":464,\"caption\":\"\u00abNuit du talent\u00bb\u00a0: Le \u00abpremier jet\u00bb pr\u00e9sent\u00e9 \u00e0 la presse\"},{\"@type\":\"BreadcrumbList\",\"@id\":\"https:\/\/www.africa-press.net\/gabon\/culture-et-art\/nuit-du-talent-le-premier-jet-presente-a-la-presse#breadcrumb\",\"itemListElement\":[{\"@type\":\"ListItem\",\"position\":1,\"name\":\"Accueil\",\"item\":\"https:\/\/www.africa-press.net\/gabon\/\"},{\"@type\":\"ListItem\",\"position\":2,\"name\":\"\u00abNuit du talent\u00bb\u00a0: Le \u00abpremier jet\u00bb pr\u00e9sent\u00e9 \u00e0 la presse\"}]},{\"@type\":\"WebSite\",\"@id\":\"https:\/\/www.africa-press.net\/gabon\/#website\",\"url\":\"https:\/\/www.africa-press.net\/gabon\/\",\"name\":\"Gabon\",\"description\":\"Just another Africa News Agency Sites site\",\"potentialAction\":[{\"@type\":\"SearchAction\",\"target\":{\"@type\":\"EntryPoint\",\"urlTemplate\":\"https:\/\/www.africa-press.net\/gabon\/?s={search_term_string}\"},\"query-input\":{\"@type\":\"PropertyValueSpecification\",\"valueRequired\":true,\"valueName\":\"search_term_string\"}}],\"inLanguage\":\"fr-FR\"},{\"@type\":\"Person\",\"@id\":\"https:\/\/www.africa-press.net\/gabon\/#\/schema\/person\/2b1cf3cd81a31e3cd26889ca66d677f1\",\"name\":\"cfeditorfr\"}]}<\/script>\n<!-- \/ Yoast SEO Premium plugin. -->","yoast_head_json":{"title":"\u00abNuit du talent\u00bb\u00a0: Le \u00abpremier jet\u00bb pr\u00e9sent\u00e9 \u00e0 la presse - Gabon","description":"Lanc\u0327ant \u00abLa Nuit du talent\u00bb, le gouvernement veut davantage faire e\u0301voluer les choses pour les artistes gabonais vivant ...","robots":{"index":"index","follow":"follow","max-snippet":"max-snippet:-1","max-image-preview":"max-image-preview:large","max-video-preview":"max-video-preview:-1"},"canonical":"https:\/\/www.africa-press.net\/gabon\/culture-et-art\/nuit-du-talent-le-premier-jet-presente-a-la-presse","og_locale":"fr_FR","og_type":"article","og_title":"\u00abNuit du talent\u00bb\u00a0: Le \u00abpremier jet\u00bb pr\u00e9sent\u00e9 \u00e0 la presse","og_description":"Lanc\u0327ant \u00abLa Nuit du talent\u00bb, le gouvernement veut davantage faire e\u0301voluer les choses pour les artistes gabonais vivant ...","og_url":"https:\/\/www.africa-press.net\/gabon\/culture-et-art\/nuit-du-talent-le-premier-jet-presente-a-la-presse","og_site_name":"Gabon","article_published_time":"2022-11-25T18:01:22+00:00","article_modified_time":"2022-11-25T18:41:20+00:00","og_image":[{"width":720,"height":464,"url":"https:\/\/static.africa-press.net\/gabon\/sites\/54\/2022\/11\/postQueueImg_1669386688.26.jpg","type":"image\/jpeg"}],"author":"cfeditorfr","twitter_card":"summary_large_image","twitter_misc":{"\u00c9crit par":"cfeditorfr","Dur\u00e9e de lecture estim\u00e9e":"4 minutes"},"schema":{"@context":"https:\/\/schema.org","@graph":[{"@type":"Article","@id":"https:\/\/www.africa-press.net\/gabon\/culture-et-art\/nuit-du-talent-le-premier-jet-presente-a-la-presse#article","isPartOf":{"@id":"https:\/\/www.africa-press.net\/gabon\/culture-et-art\/nuit-du-talent-le-premier-jet-presente-a-la-presse"},"author":{"name":"cfeditorfr","@id":"https:\/\/www.africa-press.net\/gabon\/#\/schema\/person\/2b1cf3cd81a31e3cd26889ca66d677f1"},"headline":"\u00abNuit du talent\u00bb\u00a0: Le \u00abpremier jet\u00bb pr\u00e9sent\u00e9 \u00e0 la presse","datePublished":"2022-11-25T18:01:22+00:00","dateModified":"2022-11-25T18:41:20+00:00","mainEntityOfPage":{"@id":"https:\/\/www.africa-press.net\/gabon\/culture-et-art\/nuit-du-talent-le-premier-jet-presente-a-la-presse"},"wordCount":729,"commentCount":0,"image":{"@id":"https:\/\/www.africa-press.net\/gabon\/culture-et-art\/nuit-du-talent-le-premier-jet-presente-a-la-presse#primaryimage"},"thumbnailUrl":"https:\/\/static.africa-press.net\/gabon\/sites\/54\/2022\/11\/postQueueImg_1669386688.26.jpg","keywords":["Africa Press","Africa Press-Gabon","Gabon"],"articleSection":["Culture et Art","Toutes les actualit\u00e9s"],"inLanguage":"fr-FR","potentialAction":[{"@type":"CommentAction","name":"Comment","target":["https:\/\/www.africa-press.net\/gabon\/culture-et-art\/nuit-du-talent-le-premier-jet-presente-a-la-presse#respond"]}]},{"@type":"WebPage","@id":"https:\/\/www.africa-press.net\/gabon\/culture-et-art\/nuit-du-talent-le-premier-jet-presente-a-la-presse","url":"https:\/\/www.africa-press.net\/gabon\/culture-et-art\/nuit-du-talent-le-premier-jet-presente-a-la-presse","name":"\u00abNuit du talent\u00bb\u00a0: Le \u00abpremier jet\u00bb pr\u00e9sent\u00e9 \u00e0 la presse - Gabon","isPartOf":{"@id":"https:\/\/www.africa-press.net\/gabon\/#website"},"primaryImageOfPage":{"@id":"https:\/\/www.africa-press.net\/gabon\/culture-et-art\/nuit-du-talent-le-premier-jet-presente-a-la-presse#primaryimage"},"image":{"@id":"https:\/\/www.africa-press.net\/gabon\/culture-et-art\/nuit-du-talent-le-premier-jet-presente-a-la-presse#primaryimage"},"thumbnailUrl":"https:\/\/static.africa-press.net\/gabon\/sites\/54\/2022\/11\/postQueueImg_1669386688.26.jpg","datePublished":"2022-11-25T18:01:22+00:00","dateModified":"2022-11-25T18:41:20+00:00","author":{"@id":"https:\/\/www.africa-press.net\/gabon\/#\/schema\/person\/2b1cf3cd81a31e3cd26889ca66d677f1"},"description":"Lanc\u0327ant \u00abLa Nuit du talent\u00bb, le gouvernement veut davantage faire e\u0301voluer les choses pour les artistes gabonais vivant ...","breadcrumb":{"@id":"https:\/\/www.africa-press.net\/gabon\/culture-et-art\/nuit-du-talent-le-premier-jet-presente-a-la-presse#breadcrumb"},"inLanguage":"fr-FR","potentialAction":[{"@type":"ReadAction","target":["https:\/\/www.africa-press.net\/gabon\/culture-et-art\/nuit-du-talent-le-premier-jet-presente-a-la-presse"]}]},{"@type":"ImageObject","inLanguage":"fr-FR","@id":"https:\/\/www.africa-press.net\/gabon\/culture-et-art\/nuit-du-talent-le-premier-jet-presente-a-la-presse#primaryimage","url":"https:\/\/static.africa-press.net\/gabon\/sites\/54\/2022\/11\/postQueueImg_1669386688.26.jpg","contentUrl":"https:\/\/static.africa-press.net\/gabon\/sites\/54\/2022\/11\/postQueueImg_1669386688.26.jpg","width":720,"height":464,"caption":"\u00abNuit du talent\u00bb\u00a0: Le \u00abpremier jet\u00bb pr\u00e9sent\u00e9 \u00e0 la presse"},{"@type":"BreadcrumbList","@id":"https:\/\/www.africa-press.net\/gabon\/culture-et-art\/nuit-du-talent-le-premier-jet-presente-a-la-presse#breadcrumb","itemListElement":[{"@type":"ListItem","position":1,"name":"Accueil","item":"https:\/\/www.africa-press.net\/gabon\/"},{"@type":"ListItem","position":2,"name":"\u00abNuit du talent\u00bb\u00a0: Le \u00abpremier jet\u00bb pr\u00e9sent\u00e9 \u00e0 la presse"}]},{"@type":"WebSite","@id":"https:\/\/www.africa-press.net\/gabon\/#website","url":"https:\/\/www.africa-press.net\/gabon\/","name":"Gabon","description":"Just another Africa News Agency Sites site","potentialAction":[{"@type":"SearchAction","target":{"@type":"EntryPoint","urlTemplate":"https:\/\/www.africa-press.net\/gabon\/?s={search_term_string}"},"query-input":{"@type":"PropertyValueSpecification","valueRequired":true,"valueName":"search_term_string"}}],"inLanguage":"fr-FR"},{"@type":"Person","@id":"https:\/\/www.africa-press.net\/gabon\/#\/schema\/person\/2b1cf3cd81a31e3cd26889ca66d677f1","name":"cfeditorfr"}]}},"_links":{"self":[{"href":"https:\/\/www.africa-press.net\/gabon\/wp-json\/wp\/v2\/posts\/13158","targetHints":{"allow":["GET"]}}],"collection":[{"href":"https:\/\/www.africa-press.net\/gabon\/wp-json\/wp\/v2\/posts"}],"about":[{"href":"https:\/\/www.africa-press.net\/gabon\/wp-json\/wp\/v2\/types\/post"}],"author":[{"embeddable":true,"href":"https:\/\/www.africa-press.net\/gabon\/wp-json\/wp\/v2\/users\/82"}],"replies":[{"embeddable":true,"href":"https:\/\/www.africa-press.net\/gabon\/wp-json\/wp\/v2\/comments?post=13158"}],"version-history":[{"count":0,"href":"https:\/\/www.africa-press.net\/gabon\/wp-json\/wp\/v2\/posts\/13158\/revisions"}],"wp:featuredmedia":[{"embeddable":true,"href":"https:\/\/www.africa-press.net\/gabon\/wp-json\/wp\/v2\/media\/13157"}],"wp:attachment":[{"href":"https:\/\/www.africa-press.net\/gabon\/wp-json\/wp\/v2\/media?parent=13158"}],"wp:term":[{"taxonomy":"category","embeddable":true,"href":"https:\/\/www.africa-press.net\/gabon\/wp-json\/wp\/v2\/categories?post=13158"},{"taxonomy":"post_tag","embeddable":true,"href":"https:\/\/www.africa-press.net\/gabon\/wp-json\/wp\/v2\/tags?post=13158"}],"curies":[{"name":"wp","href":"https:\/\/api.w.org\/{rel}","templated":true}]}}