{"id":1316,"date":"2021-07-29T19:20:27","date_gmt":"2021-07-29T19:20:27","guid":{"rendered":"https:\/\/www.africa-press.net\/gabon\/?p=1316"},"modified":"2021-07-29T19:18:08","modified_gmt":"2021-07-29T19:18:08","slug":"parc-national-divindo-ali-bongo-y-voit-une-recompense-des-efforts-du-gabon","status":"publish","type":"post","link":"https:\/\/www.africa-press.net\/gabon\/toutes-les-actualites\/parc-national-divindo-ali-bongo-y-voit-une-recompense-des-efforts-du-gabon","title":{"rendered":"Parc national d\u2019Ivindo : Ali Bongo y voit une r\u00e9compense des efforts du Gabon"},"content":{"rendered":"<p><span style=\"color: #ff6600\"><strong><a href=\"https:\/\/www.africa-press.net\/\">Africa-Press<\/a> &#8211; <a href=\"https:\/\/www.africa-press.net\/gabon\">Gabon<\/a>. <\/strong><\/span>Pour le chef de l\u2019\u00c9tat que certains pr\u00e9sentent comme un \u00abchampion\u00bb de la lutte contre le r\u00e9chauffement climatique, l\u2019inscription du parc national d\u2019Ivindo sur la liste du patrimoine mondial de l\u2019Unesco \u00abvient r\u00e9compenser les efforts du Gabon en mati\u00e8re de protection des for\u00eats\u00bb.<br \/>\nPour Ali Bongo, l\u2019inscription du parc national d\u2019Ivindo sur la liste du patrimoine mondial de l\u2019humanit\u00e9 par l\u2019Unesco est \u00abun grand jour pour notre pays et pour notre plan\u00e8te\u00bb. \u00a9 Communication pr\u00e9sidentielle<br \/>\nRendue publique dans la journ\u00e9e du mercredi 28 juillet 2021, l\u2019inscription du parc national d\u2019Ivindo sur la liste du patrimoine mondial de l\u2019humanit\u00e9 par l\u2019Unesco est loin d\u2019\u00eatre une surprise pour les autorit\u00e9s gabonaises, en t\u00eate desquelles Ali Bongo. R\u00e9agissant \u00e0 cette annonce sur sa page Facebook, le pr\u00e9sident de la R\u00e9publique que certains pr\u00e9sentent comme un \u00abchampion\u00bb de la lutte contre le r\u00e9chauffement climatique au niveau mondial a estim\u00e9 que cette inscription \u00abvient r\u00e9compenser les efforts du Gabon en mati\u00e8re de protection des for\u00eats\u00bb.<br \/>\nSitu\u00e9 \u00e0 cheval entre les provinces de l\u2019Ogoou\u00e9-Ivindo et de l\u2019Ogoou\u00e9-Lolo, ce parc cr\u00e9\u00e9 19 ans plus t\u00f4t joue, selon le chef de l\u2019\u00c9tat, \u00abun r\u00f4le d\u00e9terminant dans la lutte contre le r\u00e9chauffement climatique\u00bb, notamment pour la flore qu\u2019elle renferme. \u00abC\u2019est un grand jour pour notre pays et pour notre plan\u00e8te\u00bb, s\u2019est-il r\u00e9joui.<\/p>\n","protected":false},"excerpt":{"rendered":"<p>Africa-Press &#8211; Gabon. Pour le chef de l\u2019\u00c9tat que certains pr\u00e9sentent comme un \u00abchampion\u00bb de la lutte contre le r\u00e9chauffement climatique, l\u2019inscription du parc national d\u2019Ivindo sur la liste du patrimoine mondial de l\u2019Unesco \u00abvient r\u00e9compenser les efforts du Gabon en mati\u00e8re de protection des for\u00eats\u00bb. Pour Ali Bongo, l\u2019inscription du parc national d\u2019Ivindo sur [&hellip;]<\/p>\n","protected":false},"author":82,"featured_media":1315,"comment_status":"open","ping_status":"closed","sticky":false,"template":"","format":"standard","meta":{"footnotes":""},"categories":[22,11,10],"tags":[36,50,165,337,49,338],"class_list":["post-1316","post","type-post","status-publish","format-standard","has-post-thumbnail","hentry","category-divers","category-homepage-french","category-toutes-les-actualites","tag-africa-press","tag-africa-press-gabon","tag-ali-bongo","tag-efforts-du-gabon","tag-gabon","tag-national-divindo"],"yoast_head":"<!-- This site is optimized with the Yoast SEO Premium plugin v26.1 (Yoast SEO v27.0) - https:\/\/yoast.com\/product\/yoast-seo-premium-wordpress\/ -->\n<title>Parc national d\u2019Ivindo : Ali Bongo y voit une r\u00e9compense des efforts du Gabon - Gabon<\/title>\n<meta name=\"description\" content=\"Pour le chef de l\u2019\u00c9tat que certains pr\u00e9sentent comme un \u00abchampion\u00bb de la lutte contre le r\u00e9chauffement climatique, l\u2019ins ...\" \/>\n<meta name=\"robots\" content=\"index, follow, max-snippet:-1, max-image-preview:large, max-video-preview:-1\" \/>\n<link rel=\"canonical\" href=\"https:\/\/www.africa-press.net\/gabon\/toutes-les-actualites\/parc-national-divindo-ali-bongo-y-voit-une-recompense-des-efforts-du-gabon\" \/>\n<meta property=\"og:locale\" content=\"fr_FR\" \/>\n<meta property=\"og:type\" content=\"article\" \/>\n<meta property=\"og:title\" content=\"Parc national d\u2019Ivindo : Ali Bongo y voit une r\u00e9compense des efforts du Gabon\" \/>\n<meta property=\"og:description\" content=\"Pour le chef de l\u2019\u00c9tat que certains pr\u00e9sentent comme un \u00abchampion\u00bb de la lutte contre le r\u00e9chauffement climatique, l\u2019ins ...\" \/>\n<meta property=\"og:url\" content=\"https:\/\/www.africa-press.net\/gabon\/toutes-les-actualites\/parc-national-divindo-ali-bongo-y-voit-une-recompense-des-efforts-du-gabon\" \/>\n<meta property=\"og:site_name\" content=\"Gabon\" \/>\n<meta property=\"article:published_time\" content=\"2021-07-29T19:20:27+00:00\" \/>\n<meta property=\"og:image\" content=\"https:\/\/static.africa-press.net\/centrafricaine\/sites\/54\/2021\/07\/img-6102feb7758c5.jpg\" \/>\n\t<meta property=\"og:image:width\" content=\"640\" \/>\n\t<meta property=\"og:image:height\" content=\"408\" \/>\n\t<meta property=\"og:image:type\" content=\"image\/jpeg\" \/>\n<meta name=\"author\" content=\"cfeditorfr\" \/>\n<meta name=\"twitter:card\" content=\"summary_large_image\" \/>\n<meta name=\"twitter:label1\" content=\"\u00c9crit par\" \/>\n\t<meta name=\"twitter:data1\" content=\"cfeditorfr\" \/>\n\t<meta name=\"twitter:label2\" content=\"Dur\u00e9e de lecture estim\u00e9e\" \/>\n\t<meta name=\"twitter:data2\" content=\"1 minute\" \/>\n<script type=\"application\/ld+json\" class=\"yoast-schema-graph\">{\"@context\":\"https:\/\/schema.org\",\"@graph\":[{\"@type\":\"Article\",\"@id\":\"https:\/\/www.africa-press.net\/gabon\/toutes-les-actualites\/parc-national-divindo-ali-bongo-y-voit-une-recompense-des-efforts-du-gabon#article\",\"isPartOf\":{\"@id\":\"https:\/\/www.africa-press.net\/gabon\/toutes-les-actualites\/parc-national-divindo-ali-bongo-y-voit-une-recompense-des-efforts-du-gabon\"},\"author\":{\"name\":\"cfeditorfr\",\"@id\":\"https:\/\/www.africa-press.net\/gabon\/#\/schema\/person\/2b1cf3cd81a31e3cd26889ca66d677f1\"},\"headline\":\"Parc national d\u2019Ivindo : Ali Bongo y voit une r\u00e9compense des efforts du Gabon\",\"datePublished\":\"2021-07-29T19:20:27+00:00\",\"mainEntityOfPage\":{\"@id\":\"https:\/\/www.africa-press.net\/gabon\/toutes-les-actualites\/parc-national-divindo-ali-bongo-y-voit-une-recompense-des-efforts-du-gabon\"},\"wordCount\":270,\"commentCount\":0,\"image\":{\"@id\":\"https:\/\/www.africa-press.net\/gabon\/toutes-les-actualites\/parc-national-divindo-ali-bongo-y-voit-une-recompense-des-efforts-du-gabon#primaryimage\"},\"thumbnailUrl\":\"https:\/\/static.africa-press.net\/centrafricaine\/sites\/54\/2021\/07\/img-6102feb7758c5.jpg\",\"keywords\":[\"Africa Press\",\"Africa Press-Gabon\",\"Ali Bongo\",\"efforts du Gabon\",\"Gabon\",\"national d\u2019Ivindo\"],\"articleSection\":[\"Divers\",\"homepage-french\",\"Toutes les actualit\u00e9s\"],\"inLanguage\":\"fr-FR\",\"potentialAction\":[{\"@type\":\"CommentAction\",\"name\":\"Comment\",\"target\":[\"https:\/\/www.africa-press.net\/gabon\/toutes-les-actualites\/parc-national-divindo-ali-bongo-y-voit-une-recompense-des-efforts-du-gabon#respond\"]}]},{\"@type\":\"WebPage\",\"@id\":\"https:\/\/www.africa-press.net\/gabon\/toutes-les-actualites\/parc-national-divindo-ali-bongo-y-voit-une-recompense-des-efforts-du-gabon\",\"url\":\"https:\/\/www.africa-press.net\/gabon\/toutes-les-actualites\/parc-national-divindo-ali-bongo-y-voit-une-recompense-des-efforts-du-gabon\",\"name\":\"Parc national d\u2019Ivindo : Ali Bongo y voit une r\u00e9compense des efforts du Gabon - Gabon\",\"isPartOf\":{\"@id\":\"https:\/\/www.africa-press.net\/gabon\/#website\"},\"primaryImageOfPage\":{\"@id\":\"https:\/\/www.africa-press.net\/gabon\/toutes-les-actualites\/parc-national-divindo-ali-bongo-y-voit-une-recompense-des-efforts-du-gabon#primaryimage\"},\"image\":{\"@id\":\"https:\/\/www.africa-press.net\/gabon\/toutes-les-actualites\/parc-national-divindo-ali-bongo-y-voit-une-recompense-des-efforts-du-gabon#primaryimage\"},\"thumbnailUrl\":\"https:\/\/static.africa-press.net\/centrafricaine\/sites\/54\/2021\/07\/img-6102feb7758c5.jpg\",\"datePublished\":\"2021-07-29T19:20:27+00:00\",\"author\":{\"@id\":\"https:\/\/www.africa-press.net\/gabon\/#\/schema\/person\/2b1cf3cd81a31e3cd26889ca66d677f1\"},\"description\":\"Pour le chef de l\u2019\u00c9tat que certains pr\u00e9sentent comme un \u00abchampion\u00bb de la lutte contre le r\u00e9chauffement climatique, l\u2019ins ...\",\"breadcrumb\":{\"@id\":\"https:\/\/www.africa-press.net\/gabon\/toutes-les-actualites\/parc-national-divindo-ali-bongo-y-voit-une-recompense-des-efforts-du-gabon#breadcrumb\"},\"inLanguage\":\"fr-FR\",\"potentialAction\":[{\"@type\":\"ReadAction\",\"target\":[\"https:\/\/www.africa-press.net\/gabon\/toutes-les-actualites\/parc-national-divindo-ali-bongo-y-voit-une-recompense-des-efforts-du-gabon\"]}]},{\"@type\":\"ImageObject\",\"inLanguage\":\"fr-FR\",\"@id\":\"https:\/\/www.africa-press.net\/gabon\/toutes-les-actualites\/parc-national-divindo-ali-bongo-y-voit-une-recompense-des-efforts-du-gabon#primaryimage\",\"url\":\"https:\/\/static.africa-press.net\/centrafricaine\/sites\/54\/2021\/07\/img-6102feb7758c5.jpg\",\"contentUrl\":\"https:\/\/static.africa-press.net\/centrafricaine\/sites\/54\/2021\/07\/img-6102feb7758c5.jpg\",\"width\":640,\"height\":408,\"caption\":\"Parc national d\u2019Ivindo : Ali Bongo y voit une r\u00e9compense des efforts du Gabon\"},{\"@type\":\"BreadcrumbList\",\"@id\":\"https:\/\/www.africa-press.net\/gabon\/toutes-les-actualites\/parc-national-divindo-ali-bongo-y-voit-une-recompense-des-efforts-du-gabon#breadcrumb\",\"itemListElement\":[{\"@type\":\"ListItem\",\"position\":1,\"name\":\"Accueil\",\"item\":\"https:\/\/www.africa-press.net\/gabon\/\"},{\"@type\":\"ListItem\",\"position\":2,\"name\":\"Parc national d\u2019Ivindo : Ali Bongo y voit une r\u00e9compense des efforts du Gabon\"}]},{\"@type\":\"WebSite\",\"@id\":\"https:\/\/www.africa-press.net\/gabon\/#website\",\"url\":\"https:\/\/www.africa-press.net\/gabon\/\",\"name\":\"Gabon\",\"description\":\"Just another Africa News Agency Sites site\",\"potentialAction\":[{\"@type\":\"SearchAction\",\"target\":{\"@type\":\"EntryPoint\",\"urlTemplate\":\"https:\/\/www.africa-press.net\/gabon\/?s={search_term_string}\"},\"query-input\":{\"@type\":\"PropertyValueSpecification\",\"valueRequired\":true,\"valueName\":\"search_term_string\"}}],\"inLanguage\":\"fr-FR\"},{\"@type\":\"Person\",\"@id\":\"https:\/\/www.africa-press.net\/gabon\/#\/schema\/person\/2b1cf3cd81a31e3cd26889ca66d677f1\",\"name\":\"cfeditorfr\"}]}<\/script>\n<!-- \/ Yoast SEO Premium plugin. -->","yoast_head_json":{"title":"Parc national d\u2019Ivindo : Ali Bongo y voit une r\u00e9compense des efforts du Gabon - Gabon","description":"Pour le chef de l\u2019\u00c9tat que certains pr\u00e9sentent comme un \u00abchampion\u00bb de la lutte contre le r\u00e9chauffement climatique, l\u2019ins ...","robots":{"index":"index","follow":"follow","max-snippet":"max-snippet:-1","max-image-preview":"max-image-preview:large","max-video-preview":"max-video-preview:-1"},"canonical":"https:\/\/www.africa-press.net\/gabon\/toutes-les-actualites\/parc-national-divindo-ali-bongo-y-voit-une-recompense-des-efforts-du-gabon","og_locale":"fr_FR","og_type":"article","og_title":"Parc national d\u2019Ivindo : Ali Bongo y voit une r\u00e9compense des efforts du Gabon","og_description":"Pour le chef de l\u2019\u00c9tat que certains pr\u00e9sentent comme un \u00abchampion\u00bb de la lutte contre le r\u00e9chauffement climatique, l\u2019ins ...","og_url":"https:\/\/www.africa-press.net\/gabon\/toutes-les-actualites\/parc-national-divindo-ali-bongo-y-voit-une-recompense-des-efforts-du-gabon","og_site_name":"Gabon","article_published_time":"2021-07-29T19:20:27+00:00","og_image":[{"width":640,"height":408,"url":"https:\/\/static.africa-press.net\/centrafricaine\/sites\/54\/2021\/07\/img-6102feb7758c5.jpg","type":"image\/jpeg"}],"author":"cfeditorfr","twitter_card":"summary_large_image","twitter_misc":{"\u00c9crit par":"cfeditorfr","Dur\u00e9e de lecture estim\u00e9e":"1 minute"},"schema":{"@context":"https:\/\/schema.org","@graph":[{"@type":"Article","@id":"https:\/\/www.africa-press.net\/gabon\/toutes-les-actualites\/parc-national-divindo-ali-bongo-y-voit-une-recompense-des-efforts-du-gabon#article","isPartOf":{"@id":"https:\/\/www.africa-press.net\/gabon\/toutes-les-actualites\/parc-national-divindo-ali-bongo-y-voit-une-recompense-des-efforts-du-gabon"},"author":{"name":"cfeditorfr","@id":"https:\/\/www.africa-press.net\/gabon\/#\/schema\/person\/2b1cf3cd81a31e3cd26889ca66d677f1"},"headline":"Parc national d\u2019Ivindo : Ali Bongo y voit une r\u00e9compense des efforts du Gabon","datePublished":"2021-07-29T19:20:27+00:00","mainEntityOfPage":{"@id":"https:\/\/www.africa-press.net\/gabon\/toutes-les-actualites\/parc-national-divindo-ali-bongo-y-voit-une-recompense-des-efforts-du-gabon"},"wordCount":270,"commentCount":0,"image":{"@id":"https:\/\/www.africa-press.net\/gabon\/toutes-les-actualites\/parc-national-divindo-ali-bongo-y-voit-une-recompense-des-efforts-du-gabon#primaryimage"},"thumbnailUrl":"https:\/\/static.africa-press.net\/centrafricaine\/sites\/54\/2021\/07\/img-6102feb7758c5.jpg","keywords":["Africa Press","Africa Press-Gabon","Ali Bongo","efforts du Gabon","Gabon","national d\u2019Ivindo"],"articleSection":["Divers","homepage-french","Toutes les actualit\u00e9s"],"inLanguage":"fr-FR","potentialAction":[{"@type":"CommentAction","name":"Comment","target":["https:\/\/www.africa-press.net\/gabon\/toutes-les-actualites\/parc-national-divindo-ali-bongo-y-voit-une-recompense-des-efforts-du-gabon#respond"]}]},{"@type":"WebPage","@id":"https:\/\/www.africa-press.net\/gabon\/toutes-les-actualites\/parc-national-divindo-ali-bongo-y-voit-une-recompense-des-efforts-du-gabon","url":"https:\/\/www.africa-press.net\/gabon\/toutes-les-actualites\/parc-national-divindo-ali-bongo-y-voit-une-recompense-des-efforts-du-gabon","name":"Parc national d\u2019Ivindo : Ali Bongo y voit une r\u00e9compense des efforts du Gabon - Gabon","isPartOf":{"@id":"https:\/\/www.africa-press.net\/gabon\/#website"},"primaryImageOfPage":{"@id":"https:\/\/www.africa-press.net\/gabon\/toutes-les-actualites\/parc-national-divindo-ali-bongo-y-voit-une-recompense-des-efforts-du-gabon#primaryimage"},"image":{"@id":"https:\/\/www.africa-press.net\/gabon\/toutes-les-actualites\/parc-national-divindo-ali-bongo-y-voit-une-recompense-des-efforts-du-gabon#primaryimage"},"thumbnailUrl":"https:\/\/static.africa-press.net\/centrafricaine\/sites\/54\/2021\/07\/img-6102feb7758c5.jpg","datePublished":"2021-07-29T19:20:27+00:00","author":{"@id":"https:\/\/www.africa-press.net\/gabon\/#\/schema\/person\/2b1cf3cd81a31e3cd26889ca66d677f1"},"description":"Pour le chef de l\u2019\u00c9tat que certains pr\u00e9sentent comme un \u00abchampion\u00bb de la lutte contre le r\u00e9chauffement climatique, l\u2019ins ...","breadcrumb":{"@id":"https:\/\/www.africa-press.net\/gabon\/toutes-les-actualites\/parc-national-divindo-ali-bongo-y-voit-une-recompense-des-efforts-du-gabon#breadcrumb"},"inLanguage":"fr-FR","potentialAction":[{"@type":"ReadAction","target":["https:\/\/www.africa-press.net\/gabon\/toutes-les-actualites\/parc-national-divindo-ali-bongo-y-voit-une-recompense-des-efforts-du-gabon"]}]},{"@type":"ImageObject","inLanguage":"fr-FR","@id":"https:\/\/www.africa-press.net\/gabon\/toutes-les-actualites\/parc-national-divindo-ali-bongo-y-voit-une-recompense-des-efforts-du-gabon#primaryimage","url":"https:\/\/static.africa-press.net\/centrafricaine\/sites\/54\/2021\/07\/img-6102feb7758c5.jpg","contentUrl":"https:\/\/static.africa-press.net\/centrafricaine\/sites\/54\/2021\/07\/img-6102feb7758c5.jpg","width":640,"height":408,"caption":"Parc national d\u2019Ivindo : Ali Bongo y voit une r\u00e9compense des efforts du Gabon"},{"@type":"BreadcrumbList","@id":"https:\/\/www.africa-press.net\/gabon\/toutes-les-actualites\/parc-national-divindo-ali-bongo-y-voit-une-recompense-des-efforts-du-gabon#breadcrumb","itemListElement":[{"@type":"ListItem","position":1,"name":"Accueil","item":"https:\/\/www.africa-press.net\/gabon\/"},{"@type":"ListItem","position":2,"name":"Parc national d\u2019Ivindo : Ali Bongo y voit une r\u00e9compense des efforts du Gabon"}]},{"@type":"WebSite","@id":"https:\/\/www.africa-press.net\/gabon\/#website","url":"https:\/\/www.africa-press.net\/gabon\/","name":"Gabon","description":"Just another Africa News Agency Sites site","potentialAction":[{"@type":"SearchAction","target":{"@type":"EntryPoint","urlTemplate":"https:\/\/www.africa-press.net\/gabon\/?s={search_term_string}"},"query-input":{"@type":"PropertyValueSpecification","valueRequired":true,"valueName":"search_term_string"}}],"inLanguage":"fr-FR"},{"@type":"Person","@id":"https:\/\/www.africa-press.net\/gabon\/#\/schema\/person\/2b1cf3cd81a31e3cd26889ca66d677f1","name":"cfeditorfr"}]}},"_links":{"self":[{"href":"https:\/\/www.africa-press.net\/gabon\/wp-json\/wp\/v2\/posts\/1316","targetHints":{"allow":["GET"]}}],"collection":[{"href":"https:\/\/www.africa-press.net\/gabon\/wp-json\/wp\/v2\/posts"}],"about":[{"href":"https:\/\/www.africa-press.net\/gabon\/wp-json\/wp\/v2\/types\/post"}],"author":[{"embeddable":true,"href":"https:\/\/www.africa-press.net\/gabon\/wp-json\/wp\/v2\/users\/82"}],"replies":[{"embeddable":true,"href":"https:\/\/www.africa-press.net\/gabon\/wp-json\/wp\/v2\/comments?post=1316"}],"version-history":[{"count":0,"href":"https:\/\/www.africa-press.net\/gabon\/wp-json\/wp\/v2\/posts\/1316\/revisions"}],"wp:featuredmedia":[{"embeddable":true,"href":"https:\/\/www.africa-press.net\/gabon\/wp-json\/wp\/v2\/media\/1315"}],"wp:attachment":[{"href":"https:\/\/www.africa-press.net\/gabon\/wp-json\/wp\/v2\/media?parent=1316"}],"wp:term":[{"taxonomy":"category","embeddable":true,"href":"https:\/\/www.africa-press.net\/gabon\/wp-json\/wp\/v2\/categories?post=1316"},{"taxonomy":"post_tag","embeddable":true,"href":"https:\/\/www.africa-press.net\/gabon\/wp-json\/wp\/v2\/tags?post=1316"}],"curies":[{"name":"wp","href":"https:\/\/api.w.org\/{rel}","templated":true}]}}