{"id":13161,"date":"2022-11-25T18:01:33","date_gmt":"2022-11-25T18:01:33","guid":{"rendered":"https:\/\/www.africa-press.net\/gabon\/politique\/gabon-le-professeur-de-francais-a-lhonneur"},"modified":"2022-11-25T18:41:44","modified_gmt":"2022-11-25T18:41:44","slug":"gabon-le-professeur-de-francais-a-lhonneur","status":"publish","type":"post","link":"https:\/\/www.africa-press.net\/gabon\/toutes-les-actualites\/gabon-le-professeur-de-francais-a-lhonneur","title":{"rendered":"Gabon\u00a0: Le professeur de fran\u00e7ais \u00e0 l\u2019honneur"},"content":{"rendered":"<p><span style=\"color: #ff6600\"><strong>Africa-Press &#8211; Gabon. <\/strong><\/span>La 4e e\u0301dition de la Journe\u0301e internationale du professeur de franc\u0327ais a e\u0301te\u0301 ce\u0301le\u0301bre\u0301e le 24 novembre a\u0300 Libreville. A la Repre\u0301sentation pour l\u2019Afrique centrale de l\u2019Organisation internationale de francophonie (OIF), puis a\u0300 l\u2019Institut franc\u0327ais du Gabon, les participants a\u0300 cette ce\u0301re\u0301monie organise\u0301e par l\u2019Association des professionnels en sciences de l\u2019e\u0301ducation du Gabon (Apseg) ont eu droit a\u0300 un panel de\u0301battant sur le the\u0300me \u00abLe professeur de franc\u0327ais, cre\u0301ateur d\u2019avenir\u00bb et au de\u0301voilement des laure\u0301ats du Concours \u00abMon innovation pe\u0301dagogique\u00bb.<\/p>\n<p>Le 24 novembre a e\u0301te\u0301 le jour du professeur de franc\u0327ais a\u0300 Libreville. Ce dernier a e\u0301te\u0301 ce\u0301le\u0301bre\u0301 dans le cadre de la quatrie\u0300me e\u0301dition de la Journe\u0301e internationale des professeurs de franc\u0327ais (JIPF) place\u0301e sous le the\u0300me : \u00abLe professeur de franc\u0327ais, cre\u0301ateur d\u2019avenir\u00bb. Une initiative porte\u0301e par l\u2019Association des professionnels en sciences de l\u2019e\u0301ducation du Gabon (Apseg) qui \u0153uvre et contribue a\u0300 la promotion de l\u2019enseignement\/apprentissage des disciplines enseigne\u0301es dans les e\u0301tablissements du primaire, du secondaire et du supe\u0301rieur au Gabon.<\/p>\n<p>Journe\u0301e valorisant le me\u0301tier d\u2019enseignant de franc\u0327ais par des activite\u0301s et des e\u0301ve\u0300nements qui vont cre\u0301er du lien et de la solidarite\u0301, la 4e e\u0301dition de cet e\u0301ve\u0300nement a e\u0301te\u0301 ouverte par le repre\u0301sentant de l\u2019OIF pour l\u2019Afrique centrale. Alphonse Waguena a rendu \u00abun vibrant hommage aux enseignants de franc\u0327ais qui sont un maillon important dans la chai\u0302ne de consolidation de la langue franc\u0327aise dans le monde\u00bb.<\/p>\n<p>Au nom de ces acteurs de l\u2019e\u0301ducation, le professeur Jean Aime\u0301 Pambou a axe\u0301 son propos sur \u00abla place du professeur de franc\u0327ais dans la formation des apprenants\u00bb. Pour lui, \u00abil doit susciter des vocations , e\u0302tre cre\u0301ateur d\u2019avenir\u00bb comme l\u2019indique le the\u0300me de cette anne\u0301e. En d\u2019autres termes, \u00abil ne doit pas uniquement se contenter d\u2019enseigner une langue\u00bb.<\/p>\n<p>Le Dr Steeve Elvis Ella a, quant a\u0300 lui, e\u0301difie\u0301 l\u2019assistance sur la Task-force \u00abRefonte des programmes pe\u0301dagogiques et des curricula\u00bb. Une entite\u0301 du Conseil national du Plan d\u2019acce\u0301le\u0301ration de la transformation (PAT) qui travaille sur la refonte des programmes pe\u0301dagogiques et des curricula, partant de l\u2019enseignement scolaire primaire, secondaire et supe\u0301rieur, et de l\u2019enseignement technique professionnel. Cette re\u0301forme, en cours, a de\u0301bute\u0301 en 2021 et devrait s\u2019achever en 2023 par la production des livrables.<\/p>\n<p>Autour du professeur Marina Myriam Ondo, un panel d\u2019experts a e\u0301change\u0301 sur la the\u0301matique de l\u2019e\u0301dition 2022, avant la suite de la ce\u0301re\u0301monie a\u0300 l\u2019IFG, en pre\u0301sence de l\u2019ambassadeur du Se\u0301ne\u0301gal au Gabon, des personnalite\u0301s de l\u2019ambassade de France et du ministe\u0300re gabonais des Affaires e\u0301trange\u0300res. S\u2019en est suivie la de\u0301libe\u0301ration du concours \u00abMon innovation pe\u0301dagogique\u00bb remporte\u0301e par Passi Brice Moussounda avec sa vide\u0301o intitule\u0301e \u00abInitiation a\u0300 l\u2019e\u0301criture nume\u0301rique collaborative avec Framapad\u00bb. Le podium est comple\u0301te\u0301 par Avelyn Roger Mouketou-Moutsinga pour sa vide\u0301o intitule\u0301e \u00abL\u2019enseignement du Franc\u0327ais a\u0300 l\u2019heure de la lutte pour la pre\u0301servation de l\u2019environnement\u00bb et par Grimaldy Elvin Pendy avec \u00abLe projet tutore\u0301\u00bb.<\/p>\n<p>Pre\u0301sidente de l\u2019Apseg et Coordinatrice du Comite\u0301 d\u2019organisation, la Dre Mireille Essono Ebang a dit sa satisfaction au regard de l\u2019engouement des enseignants de franc\u0327ais autour de cette journe\u0301e qui devient sous re\u0301gionale. L\u2019e\u0301dition 2023 se tiendra en effet a\u0300 Yaounde\u0301, au Cameroun.<\/p>\n<p><strong>Pour plus d&rsquo;informations et d&rsquo;analyses sur la <a href=\"https:\/\/www.africa-press.net\/gabon\">Gabon<\/a>, suivez <a href=\"https:\/\/www.africa-press.net\/\">Africa-Press<\/a><\/strong><\/p>\n","protected":false},"excerpt":{"rendered":"<p>Africa-Press &#8211; Gabon. La 4e e\u0301dition de la Journe\u0301e internationale du professeur de franc\u0327ais a e\u0301te\u0301 ce\u0301le\u0301bre\u0301e le 24 novembre a\u0300 Libreville. A la Repre\u0301sentation pour l\u2019Afrique centrale de l\u2019Organisation internationale de francophonie (OIF), puis a\u0300 l\u2019Institut franc\u0327ais du Gabon, les participants a\u0300 cette ce\u0301re\u0301monie organise\u0301e par l\u2019Association des professionnels en sciences de l\u2019e\u0301ducation du [&hellip;]<\/p>\n","protected":false},"author":82,"featured_media":13160,"comment_status":"open","ping_status":"closed","sticky":false,"template":"","format":"standard","meta":{"footnotes":""},"categories":[21,10],"tags":[36,50,49],"class_list":["post-13161","post","type-post","status-publish","format-standard","has-post-thumbnail","hentry","category-communaute","category-toutes-les-actualites","tag-africa-press","tag-africa-press-gabon","tag-gabon"],"yoast_head":"<!-- This site is optimized with the Yoast SEO Premium plugin v26.1 (Yoast SEO v27.0) - https:\/\/yoast.com\/product\/yoast-seo-premium-wordpress\/ -->\n<title>Gabon\u00a0: Le professeur de fran\u00e7ais \u00e0 l\u2019honneur - Gabon<\/title>\n<meta name=\"description\" content=\"La 4e e\u0301dition de la Journe\u0301e internationale du professeur de franc\u0327ais a e\u0301te\u0301 ce\u0301le\u0301bre\u0301e le 24 novembre a\u0300 Libreville ...\" \/>\n<meta name=\"robots\" content=\"index, follow, max-snippet:-1, max-image-preview:large, max-video-preview:-1\" \/>\n<link rel=\"canonical\" href=\"https:\/\/www.africa-press.net\/gabon\/toutes-les-actualites\/gabon-le-professeur-de-francais-a-lhonneur\" \/>\n<meta property=\"og:locale\" content=\"fr_FR\" \/>\n<meta property=\"og:type\" content=\"article\" \/>\n<meta property=\"og:title\" content=\"Gabon\u00a0: Le professeur de fran\u00e7ais \u00e0 l\u2019honneur\" \/>\n<meta property=\"og:description\" content=\"La 4e e\u0301dition de la Journe\u0301e internationale du professeur de franc\u0327ais a e\u0301te\u0301 ce\u0301le\u0301bre\u0301e le 24 novembre a\u0300 Libreville ...\" \/>\n<meta property=\"og:url\" content=\"https:\/\/www.africa-press.net\/gabon\/toutes-les-actualites\/gabon-le-professeur-de-francais-a-lhonneur\" \/>\n<meta property=\"og:site_name\" content=\"Gabon\" \/>\n<meta property=\"article:published_time\" content=\"2022-11-25T18:01:33+00:00\" \/>\n<meta property=\"article:modified_time\" content=\"2022-11-25T18:41:44+00:00\" \/>\n<meta property=\"og:image\" content=\"https:\/\/static.africa-press.net\/gabon\/sites\/54\/2022\/11\/postQueueImg_1669386700.13.jpg\" \/>\n\t<meta property=\"og:image:width\" content=\"720\" \/>\n\t<meta property=\"og:image:height\" content=\"443\" \/>\n\t<meta property=\"og:image:type\" content=\"image\/jpeg\" \/>\n<meta name=\"author\" content=\"cfeditorfr\" \/>\n<meta name=\"twitter:card\" content=\"summary_large_image\" \/>\n<meta name=\"twitter:label1\" content=\"\u00c9crit par\" \/>\n\t<meta name=\"twitter:data1\" content=\"cfeditorfr\" \/>\n\t<meta name=\"twitter:label2\" content=\"Dur\u00e9e de lecture estim\u00e9e\" \/>\n\t<meta name=\"twitter:data2\" content=\"3 minutes\" \/>\n<script type=\"application\/ld+json\" class=\"yoast-schema-graph\">{\"@context\":\"https:\/\/schema.org\",\"@graph\":[{\"@type\":\"Article\",\"@id\":\"https:\/\/www.africa-press.net\/gabon\/toutes-les-actualites\/gabon-le-professeur-de-francais-a-lhonneur#article\",\"isPartOf\":{\"@id\":\"https:\/\/www.africa-press.net\/gabon\/toutes-les-actualites\/gabon-le-professeur-de-francais-a-lhonneur\"},\"author\":{\"name\":\"cfeditorfr\",\"@id\":\"https:\/\/www.africa-press.net\/gabon\/#\/schema\/person\/2b1cf3cd81a31e3cd26889ca66d677f1\"},\"headline\":\"Gabon\u00a0: Le professeur de fran\u00e7ais \u00e0 l\u2019honneur\",\"datePublished\":\"2022-11-25T18:01:33+00:00\",\"dateModified\":\"2022-11-25T18:41:44+00:00\",\"mainEntityOfPage\":{\"@id\":\"https:\/\/www.africa-press.net\/gabon\/toutes-les-actualites\/gabon-le-professeur-de-francais-a-lhonneur\"},\"wordCount\":663,\"commentCount\":0,\"image\":{\"@id\":\"https:\/\/www.africa-press.net\/gabon\/toutes-les-actualites\/gabon-le-professeur-de-francais-a-lhonneur#primaryimage\"},\"thumbnailUrl\":\"https:\/\/static.africa-press.net\/gabon\/sites\/54\/2022\/11\/postQueueImg_1669386700.13.jpg\",\"keywords\":[\"Africa Press\",\"Africa Press-Gabon\",\"Gabon\"],\"articleSection\":[\"Communaut\u00e9\",\"Toutes les actualit\u00e9s\"],\"inLanguage\":\"fr-FR\",\"potentialAction\":[{\"@type\":\"CommentAction\",\"name\":\"Comment\",\"target\":[\"https:\/\/www.africa-press.net\/gabon\/toutes-les-actualites\/gabon-le-professeur-de-francais-a-lhonneur#respond\"]}]},{\"@type\":\"WebPage\",\"@id\":\"https:\/\/www.africa-press.net\/gabon\/toutes-les-actualites\/gabon-le-professeur-de-francais-a-lhonneur\",\"url\":\"https:\/\/www.africa-press.net\/gabon\/toutes-les-actualites\/gabon-le-professeur-de-francais-a-lhonneur\",\"name\":\"Gabon\u00a0: Le professeur de fran\u00e7ais \u00e0 l\u2019honneur - Gabon\",\"isPartOf\":{\"@id\":\"https:\/\/www.africa-press.net\/gabon\/#website\"},\"primaryImageOfPage\":{\"@id\":\"https:\/\/www.africa-press.net\/gabon\/toutes-les-actualites\/gabon-le-professeur-de-francais-a-lhonneur#primaryimage\"},\"image\":{\"@id\":\"https:\/\/www.africa-press.net\/gabon\/toutes-les-actualites\/gabon-le-professeur-de-francais-a-lhonneur#primaryimage\"},\"thumbnailUrl\":\"https:\/\/static.africa-press.net\/gabon\/sites\/54\/2022\/11\/postQueueImg_1669386700.13.jpg\",\"datePublished\":\"2022-11-25T18:01:33+00:00\",\"dateModified\":\"2022-11-25T18:41:44+00:00\",\"author\":{\"@id\":\"https:\/\/www.africa-press.net\/gabon\/#\/schema\/person\/2b1cf3cd81a31e3cd26889ca66d677f1\"},\"description\":\"La 4e e\u0301dition de la Journe\u0301e internationale du professeur de franc\u0327ais a e\u0301te\u0301 ce\u0301le\u0301bre\u0301e le 24 novembre a\u0300 Libreville ...\",\"breadcrumb\":{\"@id\":\"https:\/\/www.africa-press.net\/gabon\/toutes-les-actualites\/gabon-le-professeur-de-francais-a-lhonneur#breadcrumb\"},\"inLanguage\":\"fr-FR\",\"potentialAction\":[{\"@type\":\"ReadAction\",\"target\":[\"https:\/\/www.africa-press.net\/gabon\/toutes-les-actualites\/gabon-le-professeur-de-francais-a-lhonneur\"]}]},{\"@type\":\"ImageObject\",\"inLanguage\":\"fr-FR\",\"@id\":\"https:\/\/www.africa-press.net\/gabon\/toutes-les-actualites\/gabon-le-professeur-de-francais-a-lhonneur#primaryimage\",\"url\":\"https:\/\/static.africa-press.net\/gabon\/sites\/54\/2022\/11\/postQueueImg_1669386700.13.jpg\",\"contentUrl\":\"https:\/\/static.africa-press.net\/gabon\/sites\/54\/2022\/11\/postQueueImg_1669386700.13.jpg\",\"width\":720,\"height\":443,\"caption\":\"Gabon\u00a0: Le professeur de fran\u00e7ais \u00e0 l\u2019honneur\"},{\"@type\":\"BreadcrumbList\",\"@id\":\"https:\/\/www.africa-press.net\/gabon\/toutes-les-actualites\/gabon-le-professeur-de-francais-a-lhonneur#breadcrumb\",\"itemListElement\":[{\"@type\":\"ListItem\",\"position\":1,\"name\":\"Accueil\",\"item\":\"https:\/\/www.africa-press.net\/gabon\/\"},{\"@type\":\"ListItem\",\"position\":2,\"name\":\"Gabon\u00a0: Le professeur de fran\u00e7ais \u00e0 l\u2019honneur\"}]},{\"@type\":\"WebSite\",\"@id\":\"https:\/\/www.africa-press.net\/gabon\/#website\",\"url\":\"https:\/\/www.africa-press.net\/gabon\/\",\"name\":\"Gabon\",\"description\":\"Just another Africa News Agency Sites site\",\"potentialAction\":[{\"@type\":\"SearchAction\",\"target\":{\"@type\":\"EntryPoint\",\"urlTemplate\":\"https:\/\/www.africa-press.net\/gabon\/?s={search_term_string}\"},\"query-input\":{\"@type\":\"PropertyValueSpecification\",\"valueRequired\":true,\"valueName\":\"search_term_string\"}}],\"inLanguage\":\"fr-FR\"},{\"@type\":\"Person\",\"@id\":\"https:\/\/www.africa-press.net\/gabon\/#\/schema\/person\/2b1cf3cd81a31e3cd26889ca66d677f1\",\"name\":\"cfeditorfr\"}]}<\/script>\n<!-- \/ Yoast SEO Premium plugin. -->","yoast_head_json":{"title":"Gabon\u00a0: Le professeur de fran\u00e7ais \u00e0 l\u2019honneur - Gabon","description":"La 4e e\u0301dition de la Journe\u0301e internationale du professeur de franc\u0327ais a e\u0301te\u0301 ce\u0301le\u0301bre\u0301e le 24 novembre a\u0300 Libreville ...","robots":{"index":"index","follow":"follow","max-snippet":"max-snippet:-1","max-image-preview":"max-image-preview:large","max-video-preview":"max-video-preview:-1"},"canonical":"https:\/\/www.africa-press.net\/gabon\/toutes-les-actualites\/gabon-le-professeur-de-francais-a-lhonneur","og_locale":"fr_FR","og_type":"article","og_title":"Gabon\u00a0: Le professeur de fran\u00e7ais \u00e0 l\u2019honneur","og_description":"La 4e e\u0301dition de la Journe\u0301e internationale du professeur de franc\u0327ais a e\u0301te\u0301 ce\u0301le\u0301bre\u0301e le 24 novembre a\u0300 Libreville ...","og_url":"https:\/\/www.africa-press.net\/gabon\/toutes-les-actualites\/gabon-le-professeur-de-francais-a-lhonneur","og_site_name":"Gabon","article_published_time":"2022-11-25T18:01:33+00:00","article_modified_time":"2022-11-25T18:41:44+00:00","og_image":[{"width":720,"height":443,"url":"https:\/\/static.africa-press.net\/gabon\/sites\/54\/2022\/11\/postQueueImg_1669386700.13.jpg","type":"image\/jpeg"}],"author":"cfeditorfr","twitter_card":"summary_large_image","twitter_misc":{"\u00c9crit par":"cfeditorfr","Dur\u00e9e de lecture estim\u00e9e":"3 minutes"},"schema":{"@context":"https:\/\/schema.org","@graph":[{"@type":"Article","@id":"https:\/\/www.africa-press.net\/gabon\/toutes-les-actualites\/gabon-le-professeur-de-francais-a-lhonneur#article","isPartOf":{"@id":"https:\/\/www.africa-press.net\/gabon\/toutes-les-actualites\/gabon-le-professeur-de-francais-a-lhonneur"},"author":{"name":"cfeditorfr","@id":"https:\/\/www.africa-press.net\/gabon\/#\/schema\/person\/2b1cf3cd81a31e3cd26889ca66d677f1"},"headline":"Gabon\u00a0: Le professeur de fran\u00e7ais \u00e0 l\u2019honneur","datePublished":"2022-11-25T18:01:33+00:00","dateModified":"2022-11-25T18:41:44+00:00","mainEntityOfPage":{"@id":"https:\/\/www.africa-press.net\/gabon\/toutes-les-actualites\/gabon-le-professeur-de-francais-a-lhonneur"},"wordCount":663,"commentCount":0,"image":{"@id":"https:\/\/www.africa-press.net\/gabon\/toutes-les-actualites\/gabon-le-professeur-de-francais-a-lhonneur#primaryimage"},"thumbnailUrl":"https:\/\/static.africa-press.net\/gabon\/sites\/54\/2022\/11\/postQueueImg_1669386700.13.jpg","keywords":["Africa Press","Africa Press-Gabon","Gabon"],"articleSection":["Communaut\u00e9","Toutes les actualit\u00e9s"],"inLanguage":"fr-FR","potentialAction":[{"@type":"CommentAction","name":"Comment","target":["https:\/\/www.africa-press.net\/gabon\/toutes-les-actualites\/gabon-le-professeur-de-francais-a-lhonneur#respond"]}]},{"@type":"WebPage","@id":"https:\/\/www.africa-press.net\/gabon\/toutes-les-actualites\/gabon-le-professeur-de-francais-a-lhonneur","url":"https:\/\/www.africa-press.net\/gabon\/toutes-les-actualites\/gabon-le-professeur-de-francais-a-lhonneur","name":"Gabon\u00a0: Le professeur de fran\u00e7ais \u00e0 l\u2019honneur - Gabon","isPartOf":{"@id":"https:\/\/www.africa-press.net\/gabon\/#website"},"primaryImageOfPage":{"@id":"https:\/\/www.africa-press.net\/gabon\/toutes-les-actualites\/gabon-le-professeur-de-francais-a-lhonneur#primaryimage"},"image":{"@id":"https:\/\/www.africa-press.net\/gabon\/toutes-les-actualites\/gabon-le-professeur-de-francais-a-lhonneur#primaryimage"},"thumbnailUrl":"https:\/\/static.africa-press.net\/gabon\/sites\/54\/2022\/11\/postQueueImg_1669386700.13.jpg","datePublished":"2022-11-25T18:01:33+00:00","dateModified":"2022-11-25T18:41:44+00:00","author":{"@id":"https:\/\/www.africa-press.net\/gabon\/#\/schema\/person\/2b1cf3cd81a31e3cd26889ca66d677f1"},"description":"La 4e e\u0301dition de la Journe\u0301e internationale du professeur de franc\u0327ais a e\u0301te\u0301 ce\u0301le\u0301bre\u0301e le 24 novembre a\u0300 Libreville ...","breadcrumb":{"@id":"https:\/\/www.africa-press.net\/gabon\/toutes-les-actualites\/gabon-le-professeur-de-francais-a-lhonneur#breadcrumb"},"inLanguage":"fr-FR","potentialAction":[{"@type":"ReadAction","target":["https:\/\/www.africa-press.net\/gabon\/toutes-les-actualites\/gabon-le-professeur-de-francais-a-lhonneur"]}]},{"@type":"ImageObject","inLanguage":"fr-FR","@id":"https:\/\/www.africa-press.net\/gabon\/toutes-les-actualites\/gabon-le-professeur-de-francais-a-lhonneur#primaryimage","url":"https:\/\/static.africa-press.net\/gabon\/sites\/54\/2022\/11\/postQueueImg_1669386700.13.jpg","contentUrl":"https:\/\/static.africa-press.net\/gabon\/sites\/54\/2022\/11\/postQueueImg_1669386700.13.jpg","width":720,"height":443,"caption":"Gabon\u00a0: Le professeur de fran\u00e7ais \u00e0 l\u2019honneur"},{"@type":"BreadcrumbList","@id":"https:\/\/www.africa-press.net\/gabon\/toutes-les-actualites\/gabon-le-professeur-de-francais-a-lhonneur#breadcrumb","itemListElement":[{"@type":"ListItem","position":1,"name":"Accueil","item":"https:\/\/www.africa-press.net\/gabon\/"},{"@type":"ListItem","position":2,"name":"Gabon\u00a0: Le professeur de fran\u00e7ais \u00e0 l\u2019honneur"}]},{"@type":"WebSite","@id":"https:\/\/www.africa-press.net\/gabon\/#website","url":"https:\/\/www.africa-press.net\/gabon\/","name":"Gabon","description":"Just another Africa News Agency Sites site","potentialAction":[{"@type":"SearchAction","target":{"@type":"EntryPoint","urlTemplate":"https:\/\/www.africa-press.net\/gabon\/?s={search_term_string}"},"query-input":{"@type":"PropertyValueSpecification","valueRequired":true,"valueName":"search_term_string"}}],"inLanguage":"fr-FR"},{"@type":"Person","@id":"https:\/\/www.africa-press.net\/gabon\/#\/schema\/person\/2b1cf3cd81a31e3cd26889ca66d677f1","name":"cfeditorfr"}]}},"_links":{"self":[{"href":"https:\/\/www.africa-press.net\/gabon\/wp-json\/wp\/v2\/posts\/13161","targetHints":{"allow":["GET"]}}],"collection":[{"href":"https:\/\/www.africa-press.net\/gabon\/wp-json\/wp\/v2\/posts"}],"about":[{"href":"https:\/\/www.africa-press.net\/gabon\/wp-json\/wp\/v2\/types\/post"}],"author":[{"embeddable":true,"href":"https:\/\/www.africa-press.net\/gabon\/wp-json\/wp\/v2\/users\/82"}],"replies":[{"embeddable":true,"href":"https:\/\/www.africa-press.net\/gabon\/wp-json\/wp\/v2\/comments?post=13161"}],"version-history":[{"count":0,"href":"https:\/\/www.africa-press.net\/gabon\/wp-json\/wp\/v2\/posts\/13161\/revisions"}],"wp:featuredmedia":[{"embeddable":true,"href":"https:\/\/www.africa-press.net\/gabon\/wp-json\/wp\/v2\/media\/13160"}],"wp:attachment":[{"href":"https:\/\/www.africa-press.net\/gabon\/wp-json\/wp\/v2\/media?parent=13161"}],"wp:term":[{"taxonomy":"category","embeddable":true,"href":"https:\/\/www.africa-press.net\/gabon\/wp-json\/wp\/v2\/categories?post=13161"},{"taxonomy":"post_tag","embeddable":true,"href":"https:\/\/www.africa-press.net\/gabon\/wp-json\/wp\/v2\/tags?post=13161"}],"curies":[{"name":"wp","href":"https:\/\/api.w.org\/{rel}","templated":true}]}}