{"id":13164,"date":"2022-11-25T18:01:45","date_gmt":"2022-11-25T18:01:45","guid":{"rendered":"https:\/\/www.africa-press.net\/gabon\/politique\/18e-salon-international-du-batiment-le-gabon-a-lhonneur-au-maroc"},"modified":"2022-11-25T18:42:08","modified_gmt":"2022-11-25T18:42:08","slug":"18e-salon-international-du-batiment-le-gabon-a-lhonneur-au-maroc","status":"publish","type":"post","link":"https:\/\/www.africa-press.net\/gabon\/economie\/18e-salon-international-du-batiment-le-gabon-a-lhonneur-au-maroc","title":{"rendered":"18e Salon international du b\u00e2timent : Le Gabon \u00e0 l\u2019honneur au Maroc"},"content":{"rendered":"<p><span style=\"color: #ff6600\"><strong>Africa-Press &#8211; Gabon. <\/strong><\/span>Le ministre gabonais de l\u2019Habitat et de l\u2019Urbanisme, Olivier Abel Nang Ekomie, participe depuis le 22 novembre au 18e Salon international du ba\u0302timent (SIB) au Maroc. Un e\u0301ve\u0301nement organise\u0301 sous le haut patronage de Sa Majeste\u0301 Le Roi Mohammed VI, place\u0301 sous le the\u0300me : \u00abInnovation et re\u0301silience au service d\u2019un cadre de vie meilleur\u00bb, qui se de\u0301roulera du 23 au 27 du mois en cours, au Parc d\u2019exposition Mohammed VI d\u2019El Jadida.<\/p>\n<p>Apre\u0300s quatre anne\u0301es d\u2019absence due a\u0300 la crise sanitaire, c\u2019est le grand retour pour le Salon international du ba\u0302timent (SIB). Place\u0301e sous le the\u0300me \u00abInnovation et re\u0301silience au service d\u2019un cadre de vie meilleur\u00bb et organise\u0301e sous le haut patronage du Roi Mohammed VI, cette 18e e\u0301dition enregistre la pre\u0301sence du Gabon comme pays a\u0300 l\u2019honneur. Pour ce faire, le ministre de l\u2019Habitat et de l\u2019Urbanisme, Olivier Abel Nang Ekomie, est le porte-e\u0301tendard de la forte de\u0301le\u0301gation gabonaise a\u0300 cette biennale a\u0300 dimension internationale et regroupant l\u2019ensemble des ope\u0301rateurs du secteur du ba\u0302timent, de la construction, de l\u2019urbanisme et de la de\u0301coration.<\/p>\n<p>Donnant le coup d\u2019envoi de ce Salon, la ministre marocaine de l\u2019Habitat, de l\u2019Urbanisme et de la Politique de la ville, Fatima Zahra Mansouri, s\u2019est dite ravie de remettre sur les rails le SIB, apre\u0300s une absence de 4 anne\u0301es due au Covid-19. Elle a exprime\u0301 sa joie pour le choix du Gabon comme invite\u0301 d\u2019honneur de cette e\u0301dition. \u00abCette anne\u0301e, nous avons le plaisir d\u2019accueillir la Re\u0301publique gabonaise, repre\u0301sente\u0301e par une forte de\u0301le\u0301gation pre\u0301side\u0301e par Monsieur le ministre de l\u2019Habitat et de l\u2019Urbanisme, en tant qu\u2019invite\u0301 d\u2019honneur pour renforcer davantage la coope\u0301ration entre nos deux pays amis et fre\u0300res, dans le cadre de la coope\u0301ration Sud-Sud, conforme\u0301ment aux hautes instructions royales ainsi que l\u2019e\u0301change d\u2019expe\u0301rience et d\u2019expertise dans le domaine de l\u2019Ame\u0301nagement du territoire, de l\u2019Urbanisme, de l\u2019Habitat et de la Politique de la ville\u00bb, a laisse\u0301 entendre la ministre marocaine.<\/p>\n<p>\u00abUne volonte\u0301 de ba\u0302tir ensemble\u00bb<\/p>\n<p>Selon elle, le SIB 2022 est l\u2019occasion pour \u00abencourager l\u2019investissement et les partenariats dans ce secteur strate\u0301gique qui emploie 1,2 million de personnes\u00bb, tout en insistant sur la re\u0301silience, l\u2019innovation et la qualite\u0301 pour un meilleur cadre ba\u0302ti et un meilleur cadre de vie aux citoyennes et citoyens.<\/p>\n<p>Pour Olivier Abel Nang Ekomie, \u00able Gabon et le Maroc ont toujours entretenu d\u2019excellents liens d\u2019amitie\u0301 et de fraternite\u0301, aujourd\u2019hui soutenus par Son excellence Ali Bongo Ondimba, pre\u0301sident de la Re\u0301publique, chef de l\u2019E\u0301tat, et Sa Majeste\u0301 le Roi Mohammed VI\u00bb. \u00abIl s\u2019agit donc pour nous de poursuivre cette dynamique au niveau de la coope\u0301ration technique dans les domaines de l\u2019Habitat, de l\u2019Urbanisme, de la gestion foncie\u0300re et de la politique de la ville\u00bb, a-t-il dit, ajoutant que \u00abc\u2019est une volonte\u0301 de ba\u0302tir ensemble, exprime\u0301e par nos chefs d\u2019E\u0301tat, que nous manifestons ici dans un esprit de fraternite\u0301 pour la poursuite de la modernisation de nos structures, gages d\u2019attractivite\u0301 et de compe\u0301titivite\u0301 de nos pays, face aux multiples enjeux de l\u2019heure\u00bb.<\/p>\n<p>Le 18e SIB est organise\u0301 par le ministe\u0300re de l\u2019Ame\u0301nagement du territoire national, de l\u2019Urbanisme, de l\u2019Habitat et de la Politique de la ville, en partenariat avec l\u2019Agence marocaine de de\u0301veloppement des investissements et des exportations (Amdie). Au programme de cette e\u0301dition, des confe\u0301rences techniques destine\u0301es a\u0300 l\u2019ensemble des intervenants dans l\u2019acte de construire seront anime\u0301es par des experts et des professionnels en la matie\u0300re. Ce sera e\u0301galement l\u2019occasion de signatures d\u2019accords, de conventions et de partenariats.<\/p>\n<p>A\u0300 noter que la dernie\u0300re e\u0301dition organise\u0301e en 2018 a rec\u0327u plus de 190.000 visiteurs et 700 exposants e\u0301manant de 58 pays, dont douze issus du continent africain.<\/p>\n<p><strong>Pour plus d&rsquo;informations et d&rsquo;analyses sur la <a href=\"https:\/\/www.africa-press.net\/gabon\">Gabon<\/a>, suivez <a href=\"https:\/\/www.africa-press.net\/\">Africa-Press<\/a><\/strong><\/p>\n","protected":false},"excerpt":{"rendered":"<p>Africa-Press &#8211; Gabon. Le ministre gabonais de l\u2019Habitat et de l\u2019Urbanisme, Olivier Abel Nang Ekomie, participe depuis le 22 novembre au 18e Salon international du ba\u0302timent (SIB) au Maroc. Un e\u0301ve\u0301nement organise\u0301 sous le haut patronage de Sa Majeste\u0301 Le Roi Mohammed VI, place\u0301 sous le the\u0300me : \u00abInnovation et re\u0301silience au service d\u2019un cadre [&hellip;]<\/p>\n","protected":false},"author":82,"featured_media":13163,"comment_status":"open","ping_status":"closed","sticky":false,"template":"","format":"standard","meta":{"footnotes":""},"categories":[3,10],"tags":[36,50,49],"class_list":["post-13164","post","type-post","status-publish","format-standard","has-post-thumbnail","hentry","category-economie","category-toutes-les-actualites","tag-africa-press","tag-africa-press-gabon","tag-gabon"],"yoast_head":"<!-- This site is optimized with the Yoast SEO Premium plugin v26.1 (Yoast SEO v27.0) - https:\/\/yoast.com\/product\/yoast-seo-premium-wordpress\/ -->\n<title>18e Salon international du b\u00e2timent : Le Gabon \u00e0 l\u2019honneur au Maroc - Gabon<\/title>\n<meta name=\"description\" content=\"Le ministre gabonais de l\u2019Habitat et de l\u2019Urbanisme, Olivier Abel Nang Ekomie, participe depuis le 22 novembre au 18e Sa ...\" \/>\n<meta name=\"robots\" content=\"index, follow, max-snippet:-1, max-image-preview:large, max-video-preview:-1\" \/>\n<link rel=\"canonical\" href=\"https:\/\/www.africa-press.net\/gabon\/economie\/18e-salon-international-du-batiment-le-gabon-a-lhonneur-au-maroc\" \/>\n<meta property=\"og:locale\" content=\"fr_FR\" \/>\n<meta property=\"og:type\" content=\"article\" \/>\n<meta property=\"og:title\" content=\"18e Salon international du b\u00e2timent : Le Gabon \u00e0 l\u2019honneur au Maroc\" \/>\n<meta property=\"og:description\" content=\"Le ministre gabonais de l\u2019Habitat et de l\u2019Urbanisme, Olivier Abel Nang Ekomie, participe depuis le 22 novembre au 18e Sa ...\" \/>\n<meta property=\"og:url\" content=\"https:\/\/www.africa-press.net\/gabon\/economie\/18e-salon-international-du-batiment-le-gabon-a-lhonneur-au-maroc\" \/>\n<meta property=\"og:site_name\" content=\"Gabon\" \/>\n<meta property=\"article:published_time\" content=\"2022-11-25T18:01:45+00:00\" \/>\n<meta property=\"article:modified_time\" content=\"2022-11-25T18:42:08+00:00\" \/>\n<meta property=\"og:image\" content=\"https:\/\/static.africa-press.net\/gabon\/sites\/54\/2022\/11\/postQueueImg_1669386710.21.jpg\" \/>\n\t<meta property=\"og:image:width\" content=\"720\" \/>\n\t<meta property=\"og:image:height\" content=\"474\" \/>\n\t<meta property=\"og:image:type\" content=\"image\/jpeg\" \/>\n<meta name=\"author\" content=\"cfeditorfr\" \/>\n<meta name=\"twitter:card\" content=\"summary_large_image\" \/>\n<meta name=\"twitter:label1\" content=\"\u00c9crit par\" \/>\n\t<meta name=\"twitter:data1\" content=\"cfeditorfr\" \/>\n\t<meta name=\"twitter:label2\" content=\"Dur\u00e9e de lecture estim\u00e9e\" \/>\n\t<meta name=\"twitter:data2\" content=\"4 minutes\" \/>\n<script type=\"application\/ld+json\" class=\"yoast-schema-graph\">{\"@context\":\"https:\/\/schema.org\",\"@graph\":[{\"@type\":\"Article\",\"@id\":\"https:\/\/www.africa-press.net\/gabon\/economie\/18e-salon-international-du-batiment-le-gabon-a-lhonneur-au-maroc#article\",\"isPartOf\":{\"@id\":\"https:\/\/www.africa-press.net\/gabon\/economie\/18e-salon-international-du-batiment-le-gabon-a-lhonneur-au-maroc\"},\"author\":{\"name\":\"cfeditorfr\",\"@id\":\"https:\/\/www.africa-press.net\/gabon\/#\/schema\/person\/2b1cf3cd81a31e3cd26889ca66d677f1\"},\"headline\":\"18e Salon international du b\u00e2timent : Le Gabon \u00e0 l\u2019honneur au Maroc\",\"datePublished\":\"2022-11-25T18:01:45+00:00\",\"dateModified\":\"2022-11-25T18:42:08+00:00\",\"mainEntityOfPage\":{\"@id\":\"https:\/\/www.africa-press.net\/gabon\/economie\/18e-salon-international-du-batiment-le-gabon-a-lhonneur-au-maroc\"},\"wordCount\":729,\"commentCount\":0,\"image\":{\"@id\":\"https:\/\/www.africa-press.net\/gabon\/economie\/18e-salon-international-du-batiment-le-gabon-a-lhonneur-au-maroc#primaryimage\"},\"thumbnailUrl\":\"https:\/\/static.africa-press.net\/gabon\/sites\/54\/2022\/11\/postQueueImg_1669386710.21.jpg\",\"keywords\":[\"Africa Press\",\"Africa Press-Gabon\",\"Gabon\"],\"articleSection\":[\"\u00c9conomie\",\"Toutes les actualit\u00e9s\"],\"inLanguage\":\"fr-FR\",\"potentialAction\":[{\"@type\":\"CommentAction\",\"name\":\"Comment\",\"target\":[\"https:\/\/www.africa-press.net\/gabon\/economie\/18e-salon-international-du-batiment-le-gabon-a-lhonneur-au-maroc#respond\"]}]},{\"@type\":\"WebPage\",\"@id\":\"https:\/\/www.africa-press.net\/gabon\/economie\/18e-salon-international-du-batiment-le-gabon-a-lhonneur-au-maroc\",\"url\":\"https:\/\/www.africa-press.net\/gabon\/economie\/18e-salon-international-du-batiment-le-gabon-a-lhonneur-au-maroc\",\"name\":\"18e Salon international du b\u00e2timent : Le Gabon \u00e0 l\u2019honneur au Maroc - Gabon\",\"isPartOf\":{\"@id\":\"https:\/\/www.africa-press.net\/gabon\/#website\"},\"primaryImageOfPage\":{\"@id\":\"https:\/\/www.africa-press.net\/gabon\/economie\/18e-salon-international-du-batiment-le-gabon-a-lhonneur-au-maroc#primaryimage\"},\"image\":{\"@id\":\"https:\/\/www.africa-press.net\/gabon\/economie\/18e-salon-international-du-batiment-le-gabon-a-lhonneur-au-maroc#primaryimage\"},\"thumbnailUrl\":\"https:\/\/static.africa-press.net\/gabon\/sites\/54\/2022\/11\/postQueueImg_1669386710.21.jpg\",\"datePublished\":\"2022-11-25T18:01:45+00:00\",\"dateModified\":\"2022-11-25T18:42:08+00:00\",\"author\":{\"@id\":\"https:\/\/www.africa-press.net\/gabon\/#\/schema\/person\/2b1cf3cd81a31e3cd26889ca66d677f1\"},\"description\":\"Le ministre gabonais de l\u2019Habitat et de l\u2019Urbanisme, Olivier Abel Nang Ekomie, participe depuis le 22 novembre au 18e Sa ...\",\"breadcrumb\":{\"@id\":\"https:\/\/www.africa-press.net\/gabon\/economie\/18e-salon-international-du-batiment-le-gabon-a-lhonneur-au-maroc#breadcrumb\"},\"inLanguage\":\"fr-FR\",\"potentialAction\":[{\"@type\":\"ReadAction\",\"target\":[\"https:\/\/www.africa-press.net\/gabon\/economie\/18e-salon-international-du-batiment-le-gabon-a-lhonneur-au-maroc\"]}]},{\"@type\":\"ImageObject\",\"inLanguage\":\"fr-FR\",\"@id\":\"https:\/\/www.africa-press.net\/gabon\/economie\/18e-salon-international-du-batiment-le-gabon-a-lhonneur-au-maroc#primaryimage\",\"url\":\"https:\/\/static.africa-press.net\/gabon\/sites\/54\/2022\/11\/postQueueImg_1669386710.21.jpg\",\"contentUrl\":\"https:\/\/static.africa-press.net\/gabon\/sites\/54\/2022\/11\/postQueueImg_1669386710.21.jpg\",\"width\":720,\"height\":474,\"caption\":\"18e Salon international du b\u00e2timent : Le Gabon \u00e0 l\u2019honneur au Maroc\"},{\"@type\":\"BreadcrumbList\",\"@id\":\"https:\/\/www.africa-press.net\/gabon\/economie\/18e-salon-international-du-batiment-le-gabon-a-lhonneur-au-maroc#breadcrumb\",\"itemListElement\":[{\"@type\":\"ListItem\",\"position\":1,\"name\":\"Accueil\",\"item\":\"https:\/\/www.africa-press.net\/gabon\/\"},{\"@type\":\"ListItem\",\"position\":2,\"name\":\"18e Salon international du b\u00e2timent : Le Gabon \u00e0 l\u2019honneur au Maroc\"}]},{\"@type\":\"WebSite\",\"@id\":\"https:\/\/www.africa-press.net\/gabon\/#website\",\"url\":\"https:\/\/www.africa-press.net\/gabon\/\",\"name\":\"Gabon\",\"description\":\"Just another Africa News Agency Sites site\",\"potentialAction\":[{\"@type\":\"SearchAction\",\"target\":{\"@type\":\"EntryPoint\",\"urlTemplate\":\"https:\/\/www.africa-press.net\/gabon\/?s={search_term_string}\"},\"query-input\":{\"@type\":\"PropertyValueSpecification\",\"valueRequired\":true,\"valueName\":\"search_term_string\"}}],\"inLanguage\":\"fr-FR\"},{\"@type\":\"Person\",\"@id\":\"https:\/\/www.africa-press.net\/gabon\/#\/schema\/person\/2b1cf3cd81a31e3cd26889ca66d677f1\",\"name\":\"cfeditorfr\"}]}<\/script>\n<!-- \/ Yoast SEO Premium plugin. -->","yoast_head_json":{"title":"18e Salon international du b\u00e2timent : Le Gabon \u00e0 l\u2019honneur au Maroc - Gabon","description":"Le ministre gabonais de l\u2019Habitat et de l\u2019Urbanisme, Olivier Abel Nang Ekomie, participe depuis le 22 novembre au 18e Sa ...","robots":{"index":"index","follow":"follow","max-snippet":"max-snippet:-1","max-image-preview":"max-image-preview:large","max-video-preview":"max-video-preview:-1"},"canonical":"https:\/\/www.africa-press.net\/gabon\/economie\/18e-salon-international-du-batiment-le-gabon-a-lhonneur-au-maroc","og_locale":"fr_FR","og_type":"article","og_title":"18e Salon international du b\u00e2timent : Le Gabon \u00e0 l\u2019honneur au Maroc","og_description":"Le ministre gabonais de l\u2019Habitat et de l\u2019Urbanisme, Olivier Abel Nang Ekomie, participe depuis le 22 novembre au 18e Sa ...","og_url":"https:\/\/www.africa-press.net\/gabon\/economie\/18e-salon-international-du-batiment-le-gabon-a-lhonneur-au-maroc","og_site_name":"Gabon","article_published_time":"2022-11-25T18:01:45+00:00","article_modified_time":"2022-11-25T18:42:08+00:00","og_image":[{"width":720,"height":474,"url":"https:\/\/static.africa-press.net\/gabon\/sites\/54\/2022\/11\/postQueueImg_1669386710.21.jpg","type":"image\/jpeg"}],"author":"cfeditorfr","twitter_card":"summary_large_image","twitter_misc":{"\u00c9crit par":"cfeditorfr","Dur\u00e9e de lecture estim\u00e9e":"4 minutes"},"schema":{"@context":"https:\/\/schema.org","@graph":[{"@type":"Article","@id":"https:\/\/www.africa-press.net\/gabon\/economie\/18e-salon-international-du-batiment-le-gabon-a-lhonneur-au-maroc#article","isPartOf":{"@id":"https:\/\/www.africa-press.net\/gabon\/economie\/18e-salon-international-du-batiment-le-gabon-a-lhonneur-au-maroc"},"author":{"name":"cfeditorfr","@id":"https:\/\/www.africa-press.net\/gabon\/#\/schema\/person\/2b1cf3cd81a31e3cd26889ca66d677f1"},"headline":"18e Salon international du b\u00e2timent : Le Gabon \u00e0 l\u2019honneur au Maroc","datePublished":"2022-11-25T18:01:45+00:00","dateModified":"2022-11-25T18:42:08+00:00","mainEntityOfPage":{"@id":"https:\/\/www.africa-press.net\/gabon\/economie\/18e-salon-international-du-batiment-le-gabon-a-lhonneur-au-maroc"},"wordCount":729,"commentCount":0,"image":{"@id":"https:\/\/www.africa-press.net\/gabon\/economie\/18e-salon-international-du-batiment-le-gabon-a-lhonneur-au-maroc#primaryimage"},"thumbnailUrl":"https:\/\/static.africa-press.net\/gabon\/sites\/54\/2022\/11\/postQueueImg_1669386710.21.jpg","keywords":["Africa Press","Africa Press-Gabon","Gabon"],"articleSection":["\u00c9conomie","Toutes les actualit\u00e9s"],"inLanguage":"fr-FR","potentialAction":[{"@type":"CommentAction","name":"Comment","target":["https:\/\/www.africa-press.net\/gabon\/economie\/18e-salon-international-du-batiment-le-gabon-a-lhonneur-au-maroc#respond"]}]},{"@type":"WebPage","@id":"https:\/\/www.africa-press.net\/gabon\/economie\/18e-salon-international-du-batiment-le-gabon-a-lhonneur-au-maroc","url":"https:\/\/www.africa-press.net\/gabon\/economie\/18e-salon-international-du-batiment-le-gabon-a-lhonneur-au-maroc","name":"18e Salon international du b\u00e2timent : Le Gabon \u00e0 l\u2019honneur au Maroc - Gabon","isPartOf":{"@id":"https:\/\/www.africa-press.net\/gabon\/#website"},"primaryImageOfPage":{"@id":"https:\/\/www.africa-press.net\/gabon\/economie\/18e-salon-international-du-batiment-le-gabon-a-lhonneur-au-maroc#primaryimage"},"image":{"@id":"https:\/\/www.africa-press.net\/gabon\/economie\/18e-salon-international-du-batiment-le-gabon-a-lhonneur-au-maroc#primaryimage"},"thumbnailUrl":"https:\/\/static.africa-press.net\/gabon\/sites\/54\/2022\/11\/postQueueImg_1669386710.21.jpg","datePublished":"2022-11-25T18:01:45+00:00","dateModified":"2022-11-25T18:42:08+00:00","author":{"@id":"https:\/\/www.africa-press.net\/gabon\/#\/schema\/person\/2b1cf3cd81a31e3cd26889ca66d677f1"},"description":"Le ministre gabonais de l\u2019Habitat et de l\u2019Urbanisme, Olivier Abel Nang Ekomie, participe depuis le 22 novembre au 18e Sa ...","breadcrumb":{"@id":"https:\/\/www.africa-press.net\/gabon\/economie\/18e-salon-international-du-batiment-le-gabon-a-lhonneur-au-maroc#breadcrumb"},"inLanguage":"fr-FR","potentialAction":[{"@type":"ReadAction","target":["https:\/\/www.africa-press.net\/gabon\/economie\/18e-salon-international-du-batiment-le-gabon-a-lhonneur-au-maroc"]}]},{"@type":"ImageObject","inLanguage":"fr-FR","@id":"https:\/\/www.africa-press.net\/gabon\/economie\/18e-salon-international-du-batiment-le-gabon-a-lhonneur-au-maroc#primaryimage","url":"https:\/\/static.africa-press.net\/gabon\/sites\/54\/2022\/11\/postQueueImg_1669386710.21.jpg","contentUrl":"https:\/\/static.africa-press.net\/gabon\/sites\/54\/2022\/11\/postQueueImg_1669386710.21.jpg","width":720,"height":474,"caption":"18e Salon international du b\u00e2timent : Le Gabon \u00e0 l\u2019honneur au Maroc"},{"@type":"BreadcrumbList","@id":"https:\/\/www.africa-press.net\/gabon\/economie\/18e-salon-international-du-batiment-le-gabon-a-lhonneur-au-maroc#breadcrumb","itemListElement":[{"@type":"ListItem","position":1,"name":"Accueil","item":"https:\/\/www.africa-press.net\/gabon\/"},{"@type":"ListItem","position":2,"name":"18e Salon international du b\u00e2timent : Le Gabon \u00e0 l\u2019honneur au Maroc"}]},{"@type":"WebSite","@id":"https:\/\/www.africa-press.net\/gabon\/#website","url":"https:\/\/www.africa-press.net\/gabon\/","name":"Gabon","description":"Just another Africa News Agency Sites site","potentialAction":[{"@type":"SearchAction","target":{"@type":"EntryPoint","urlTemplate":"https:\/\/www.africa-press.net\/gabon\/?s={search_term_string}"},"query-input":{"@type":"PropertyValueSpecification","valueRequired":true,"valueName":"search_term_string"}}],"inLanguage":"fr-FR"},{"@type":"Person","@id":"https:\/\/www.africa-press.net\/gabon\/#\/schema\/person\/2b1cf3cd81a31e3cd26889ca66d677f1","name":"cfeditorfr"}]}},"_links":{"self":[{"href":"https:\/\/www.africa-press.net\/gabon\/wp-json\/wp\/v2\/posts\/13164","targetHints":{"allow":["GET"]}}],"collection":[{"href":"https:\/\/www.africa-press.net\/gabon\/wp-json\/wp\/v2\/posts"}],"about":[{"href":"https:\/\/www.africa-press.net\/gabon\/wp-json\/wp\/v2\/types\/post"}],"author":[{"embeddable":true,"href":"https:\/\/www.africa-press.net\/gabon\/wp-json\/wp\/v2\/users\/82"}],"replies":[{"embeddable":true,"href":"https:\/\/www.africa-press.net\/gabon\/wp-json\/wp\/v2\/comments?post=13164"}],"version-history":[{"count":0,"href":"https:\/\/www.africa-press.net\/gabon\/wp-json\/wp\/v2\/posts\/13164\/revisions"}],"wp:featuredmedia":[{"embeddable":true,"href":"https:\/\/www.africa-press.net\/gabon\/wp-json\/wp\/v2\/media\/13163"}],"wp:attachment":[{"href":"https:\/\/www.africa-press.net\/gabon\/wp-json\/wp\/v2\/media?parent=13164"}],"wp:term":[{"taxonomy":"category","embeddable":true,"href":"https:\/\/www.africa-press.net\/gabon\/wp-json\/wp\/v2\/categories?post=13164"},{"taxonomy":"post_tag","embeddable":true,"href":"https:\/\/www.africa-press.net\/gabon\/wp-json\/wp\/v2\/tags?post=13164"}],"curies":[{"name":"wp","href":"https:\/\/api.w.org\/{rel}","templated":true}]}}