{"id":13179,"date":"2022-11-26T17:07:42","date_gmt":"2022-11-26T17:07:42","guid":{"rendered":"https:\/\/www.africa-press.net\/gabon\/politique\/le-gotha-politique-pdg-de-logooue-lolo-en-rang-serre-pour-les-conseils-provinciaux"},"modified":"2022-11-26T17:35:23","modified_gmt":"2022-11-26T17:35:23","slug":"le-gotha-politique-pdg-de-logooue-lolo-en-rang-serre-pour-les-conseils-provinciaux","status":"publish","type":"post","link":"https:\/\/www.africa-press.net\/gabon\/politique\/le-gotha-politique-pdg-de-logooue-lolo-en-rang-serre-pour-les-conseils-provinciaux","title":{"rendered":"Le gotha politique PDG de l\u2019Ogoou\u00e9-Lolo en rang serr\u00e9 pour les conseils provinciaux"},"content":{"rendered":"<p><span style=\"color: #ff6600\"><strong>Africa-Press &#8211; Gabon. <\/strong><\/span><b>Le Ministre De\u0301le\u0301gue\u0301 aux Eaux et Fore\u0302ts, Michel Ste\u0301phane Bonda, par ailleurs pre\u0301sident de la Commission communication du conseil provincial de l\u2019Ogooue\u0301-Lolo qui se tiendra incessamment, a durant une re\u0301union pre\u0301paratoire dirige\u0301e par Faustin Boukoubi, pre\u0301sident de l\u2019Assemble\u0301e nationale et doyen politique de ladite province, a appele\u0301 les cadres et militants du cru, a\u0300 une mobilisation exceptionnelle de l\u2019ensemble des militants lors des prochaines assises provinciales et du \u00ab congre\u0300s de la Renaissance \u00bb du Parti de\u0301mocratique gabonais (PDG, au pouvoir) pre\u0301vue se de\u0301roule\u0301 du 23 au 24 de\u0301cembre 2022 a\u0300 Libreville.<\/b><\/p>\n<p>\u00ab Nous sommes la\u0300 pour pre\u0301parer le congre\u0300s de la Renaissance, pour un PDG Uni et Solidaire \u00bb, a souligne\u0301 M. Bonda lors d\u2019une d\u2019une rencontre ayant eu lieu jeudi 24 novembre 2022 dans la salle du 1er e\u0301tage de l\u2019Assemble\u0301e nationale, re\u0301unissant tout le gotha politique PDG de l\u2019Ogooue\u0301-Lolo.<\/p>\n<p>Pour le membre du gouvernement, ces assises vont marquer le \u00ab renouveau, la redynamisation et consolideront les valeurs d\u2019Unite\u0301 et de Solidarite\u0301 du PDG a\u0300 travers la mise en place des strate\u0301gies politiques d\u2019apaisement, d\u2019inclusion et de rassemblement de toutes les forces, a pre\u0301cise\u0301 le Membre du Gouvernement \u00bb.<\/p>\n<p>Durant cette re\u0301union strate\u0301gique , Faustin Boukoubi, e\u0301tait entoure\u0301 de Blaise Louembe et Huguette Tsono, respectivement Membre du comite\u0301 permanent du bureau politique et Secre\u0301taire national, charge\u0301 de l\u2019animation politique dans la Province de l\u2019Ogooue\u0301-Lolo.<\/p>\n<p>Suivant les orientations du Secre\u0301taire ge\u0301ne\u0301ral du PDG, Steeve Nze\u0301gho Die\u0301ko, le Membre du comite\u0301 permanent du bureau politique, a sollicite\u0301 \u00ab l\u2019implication et l\u2019engagement since\u0300re de tous les responsables politiques de cette province pour la re\u0301ussite de ces assises \u00bb.<\/p>\n<p>Faustin Boukoubi, a assigne\u0301 au gotha politique comme principal objectif \u00ab de\u0301montrer que l\u2019Ogooue\u0301-Lolo demeure la place forte e\u0301ternelle du PDG et assurer de notre fide\u0301lite\u0301 ine\u0301branlable en 2023 au Distingue\u0301 Camarade Pre\u0301sident Ali Bongo Ondimba \u00bb.<\/p>\n<p><b>Camille Boussoughou<\/b><\/p>\n<p><strong>Pour plus d&rsquo;informations et d&rsquo;analyses sur la <a href=\"https:\/\/www.africa-press.net\/gabon\">Gabon<\/a>, suivez <a href=\"https:\/\/www.africa-press.net\/\">Africa-Press<\/a><\/strong><\/p>\n","protected":false},"excerpt":{"rendered":"<p>Africa-Press &#8211; Gabon. Le Ministre De\u0301le\u0301gue\u0301 aux Eaux et Fore\u0302ts, Michel Ste\u0301phane Bonda, par ailleurs pre\u0301sident de la Commission communication du conseil provincial de l\u2019Ogooue\u0301-Lolo qui se tiendra incessamment, a durant une re\u0301union pre\u0301paratoire dirige\u0301e par Faustin Boukoubi, pre\u0301sident de l\u2019Assemble\u0301e nationale et doyen politique de ladite province, a appele\u0301 les cadres et militants du [&hellip;]<\/p>\n","protected":false},"author":82,"featured_media":13178,"comment_status":"open","ping_status":"closed","sticky":false,"template":"","format":"standard","meta":{"footnotes":""},"categories":[2,10],"tags":[36,50,49],"class_list":["post-13179","post","type-post","status-publish","format-standard","has-post-thumbnail","hentry","category-politique","category-toutes-les-actualites","tag-africa-press","tag-africa-press-gabon","tag-gabon"],"yoast_head":"<!-- This site is optimized with the Yoast SEO Premium plugin v26.1 (Yoast SEO v27.0) - https:\/\/yoast.com\/product\/yoast-seo-premium-wordpress\/ -->\n<title>Le gotha politique PDG de l\u2019Ogoou\u00e9-Lolo en rang serr\u00e9 pour les conseils provinciaux - Gabon<\/title>\n<meta name=\"description\" content=\"Le Ministre De\u0301le\u0301gue\u0301 aux Eaux et Fore\u0302ts, Michel Ste\u0301phane Bonda, par ailleurs pre\u0301sident de la Commission communic ...\" \/>\n<meta name=\"robots\" content=\"index, follow, max-snippet:-1, max-image-preview:large, max-video-preview:-1\" \/>\n<link rel=\"canonical\" href=\"https:\/\/www.africa-press.net\/gabon\/politique\/le-gotha-politique-pdg-de-logooue-lolo-en-rang-serre-pour-les-conseils-provinciaux\" \/>\n<meta property=\"og:locale\" content=\"fr_FR\" \/>\n<meta property=\"og:type\" content=\"article\" \/>\n<meta property=\"og:title\" content=\"Le gotha politique PDG de l\u2019Ogoou\u00e9-Lolo en rang serr\u00e9 pour les conseils provinciaux\" \/>\n<meta property=\"og:description\" content=\"Le Ministre De\u0301le\u0301gue\u0301 aux Eaux et Fore\u0302ts, Michel Ste\u0301phane Bonda, par ailleurs pre\u0301sident de la Commission communic ...\" \/>\n<meta property=\"og:url\" content=\"https:\/\/www.africa-press.net\/gabon\/politique\/le-gotha-politique-pdg-de-logooue-lolo-en-rang-serre-pour-les-conseils-provinciaux\" \/>\n<meta property=\"og:site_name\" content=\"Gabon\" \/>\n<meta property=\"article:published_time\" content=\"2022-11-26T17:07:42+00:00\" \/>\n<meta property=\"article:modified_time\" content=\"2022-11-26T17:35:23+00:00\" \/>\n<meta property=\"og:image\" content=\"https:\/\/static.africa-press.net\/gabon\/sites\/54\/2022\/11\/postQueueImg_1669469872.35.jpg\" \/>\n\t<meta property=\"og:image:width\" content=\"1156\" \/>\n\t<meta property=\"og:image:height\" content=\"867\" \/>\n\t<meta property=\"og:image:type\" content=\"image\/jpeg\" \/>\n<meta name=\"author\" content=\"cfeditorfr\" \/>\n<meta name=\"twitter:card\" content=\"summary_large_image\" \/>\n<meta name=\"twitter:label1\" content=\"\u00c9crit par\" \/>\n\t<meta name=\"twitter:data1\" content=\"cfeditorfr\" \/>\n\t<meta name=\"twitter:label2\" content=\"Dur\u00e9e de lecture estim\u00e9e\" \/>\n\t<meta name=\"twitter:data2\" content=\"2 minutes\" \/>\n<script type=\"application\/ld+json\" class=\"yoast-schema-graph\">{\"@context\":\"https:\/\/schema.org\",\"@graph\":[{\"@type\":\"Article\",\"@id\":\"https:\/\/www.africa-press.net\/gabon\/politique\/le-gotha-politique-pdg-de-logooue-lolo-en-rang-serre-pour-les-conseils-provinciaux#article\",\"isPartOf\":{\"@id\":\"https:\/\/www.africa-press.net\/gabon\/politique\/le-gotha-politique-pdg-de-logooue-lolo-en-rang-serre-pour-les-conseils-provinciaux\"},\"author\":{\"name\":\"cfeditorfr\",\"@id\":\"https:\/\/www.africa-press.net\/gabon\/#\/schema\/person\/2b1cf3cd81a31e3cd26889ca66d677f1\"},\"headline\":\"Le gotha politique PDG de l\u2019Ogoou\u00e9-Lolo en rang serr\u00e9 pour les conseils provinciaux\",\"datePublished\":\"2022-11-26T17:07:42+00:00\",\"dateModified\":\"2022-11-26T17:35:23+00:00\",\"mainEntityOfPage\":{\"@id\":\"https:\/\/www.africa-press.net\/gabon\/politique\/le-gotha-politique-pdg-de-logooue-lolo-en-rang-serre-pour-les-conseils-provinciaux\"},\"wordCount\":376,\"commentCount\":0,\"image\":{\"@id\":\"https:\/\/www.africa-press.net\/gabon\/politique\/le-gotha-politique-pdg-de-logooue-lolo-en-rang-serre-pour-les-conseils-provinciaux#primaryimage\"},\"thumbnailUrl\":\"https:\/\/static.africa-press.net\/gabon\/sites\/54\/2022\/11\/postQueueImg_1669469872.35.jpg\",\"keywords\":[\"Africa Press\",\"Africa Press-Gabon\",\"Gabon\"],\"articleSection\":[\"Politique\",\"Toutes les actualit\u00e9s\"],\"inLanguage\":\"fr-FR\",\"potentialAction\":[{\"@type\":\"CommentAction\",\"name\":\"Comment\",\"target\":[\"https:\/\/www.africa-press.net\/gabon\/politique\/le-gotha-politique-pdg-de-logooue-lolo-en-rang-serre-pour-les-conseils-provinciaux#respond\"]}]},{\"@type\":\"WebPage\",\"@id\":\"https:\/\/www.africa-press.net\/gabon\/politique\/le-gotha-politique-pdg-de-logooue-lolo-en-rang-serre-pour-les-conseils-provinciaux\",\"url\":\"https:\/\/www.africa-press.net\/gabon\/politique\/le-gotha-politique-pdg-de-logooue-lolo-en-rang-serre-pour-les-conseils-provinciaux\",\"name\":\"Le gotha politique PDG de l\u2019Ogoou\u00e9-Lolo en rang serr\u00e9 pour les conseils provinciaux - Gabon\",\"isPartOf\":{\"@id\":\"https:\/\/www.africa-press.net\/gabon\/#website\"},\"primaryImageOfPage\":{\"@id\":\"https:\/\/www.africa-press.net\/gabon\/politique\/le-gotha-politique-pdg-de-logooue-lolo-en-rang-serre-pour-les-conseils-provinciaux#primaryimage\"},\"image\":{\"@id\":\"https:\/\/www.africa-press.net\/gabon\/politique\/le-gotha-politique-pdg-de-logooue-lolo-en-rang-serre-pour-les-conseils-provinciaux#primaryimage\"},\"thumbnailUrl\":\"https:\/\/static.africa-press.net\/gabon\/sites\/54\/2022\/11\/postQueueImg_1669469872.35.jpg\",\"datePublished\":\"2022-11-26T17:07:42+00:00\",\"dateModified\":\"2022-11-26T17:35:23+00:00\",\"author\":{\"@id\":\"https:\/\/www.africa-press.net\/gabon\/#\/schema\/person\/2b1cf3cd81a31e3cd26889ca66d677f1\"},\"description\":\"Le Ministre De\u0301le\u0301gue\u0301 aux Eaux et Fore\u0302ts, Michel Ste\u0301phane Bonda, par ailleurs pre\u0301sident de la Commission communic ...\",\"breadcrumb\":{\"@id\":\"https:\/\/www.africa-press.net\/gabon\/politique\/le-gotha-politique-pdg-de-logooue-lolo-en-rang-serre-pour-les-conseils-provinciaux#breadcrumb\"},\"inLanguage\":\"fr-FR\",\"potentialAction\":[{\"@type\":\"ReadAction\",\"target\":[\"https:\/\/www.africa-press.net\/gabon\/politique\/le-gotha-politique-pdg-de-logooue-lolo-en-rang-serre-pour-les-conseils-provinciaux\"]}]},{\"@type\":\"ImageObject\",\"inLanguage\":\"fr-FR\",\"@id\":\"https:\/\/www.africa-press.net\/gabon\/politique\/le-gotha-politique-pdg-de-logooue-lolo-en-rang-serre-pour-les-conseils-provinciaux#primaryimage\",\"url\":\"https:\/\/static.africa-press.net\/gabon\/sites\/54\/2022\/11\/postQueueImg_1669469872.35.jpg\",\"contentUrl\":\"https:\/\/static.africa-press.net\/gabon\/sites\/54\/2022\/11\/postQueueImg_1669469872.35.jpg\",\"width\":1156,\"height\":867,\"caption\":\"Le gotha politique PDG de l\u2019Ogoou\u00e9-Lolo en rang serr\u00e9 pour les conseils provinciaux\"},{\"@type\":\"BreadcrumbList\",\"@id\":\"https:\/\/www.africa-press.net\/gabon\/politique\/le-gotha-politique-pdg-de-logooue-lolo-en-rang-serre-pour-les-conseils-provinciaux#breadcrumb\",\"itemListElement\":[{\"@type\":\"ListItem\",\"position\":1,\"name\":\"Accueil\",\"item\":\"https:\/\/www.africa-press.net\/gabon\/\"},{\"@type\":\"ListItem\",\"position\":2,\"name\":\"Le gotha politique PDG de l\u2019Ogoou\u00e9-Lolo en rang serr\u00e9 pour les conseils provinciaux\"}]},{\"@type\":\"WebSite\",\"@id\":\"https:\/\/www.africa-press.net\/gabon\/#website\",\"url\":\"https:\/\/www.africa-press.net\/gabon\/\",\"name\":\"Gabon\",\"description\":\"Just another Africa News Agency Sites site\",\"potentialAction\":[{\"@type\":\"SearchAction\",\"target\":{\"@type\":\"EntryPoint\",\"urlTemplate\":\"https:\/\/www.africa-press.net\/gabon\/?s={search_term_string}\"},\"query-input\":{\"@type\":\"PropertyValueSpecification\",\"valueRequired\":true,\"valueName\":\"search_term_string\"}}],\"inLanguage\":\"fr-FR\"},{\"@type\":\"Person\",\"@id\":\"https:\/\/www.africa-press.net\/gabon\/#\/schema\/person\/2b1cf3cd81a31e3cd26889ca66d677f1\",\"name\":\"cfeditorfr\"}]}<\/script>\n<!-- \/ Yoast SEO Premium plugin. -->","yoast_head_json":{"title":"Le gotha politique PDG de l\u2019Ogoou\u00e9-Lolo en rang serr\u00e9 pour les conseils provinciaux - Gabon","description":"Le Ministre De\u0301le\u0301gue\u0301 aux Eaux et Fore\u0302ts, Michel Ste\u0301phane Bonda, par ailleurs pre\u0301sident de la Commission communic ...","robots":{"index":"index","follow":"follow","max-snippet":"max-snippet:-1","max-image-preview":"max-image-preview:large","max-video-preview":"max-video-preview:-1"},"canonical":"https:\/\/www.africa-press.net\/gabon\/politique\/le-gotha-politique-pdg-de-logooue-lolo-en-rang-serre-pour-les-conseils-provinciaux","og_locale":"fr_FR","og_type":"article","og_title":"Le gotha politique PDG de l\u2019Ogoou\u00e9-Lolo en rang serr\u00e9 pour les conseils provinciaux","og_description":"Le Ministre De\u0301le\u0301gue\u0301 aux Eaux et Fore\u0302ts, Michel Ste\u0301phane Bonda, par ailleurs pre\u0301sident de la Commission communic ...","og_url":"https:\/\/www.africa-press.net\/gabon\/politique\/le-gotha-politique-pdg-de-logooue-lolo-en-rang-serre-pour-les-conseils-provinciaux","og_site_name":"Gabon","article_published_time":"2022-11-26T17:07:42+00:00","article_modified_time":"2022-11-26T17:35:23+00:00","og_image":[{"width":1156,"height":867,"url":"https:\/\/static.africa-press.net\/gabon\/sites\/54\/2022\/11\/postQueueImg_1669469872.35.jpg","type":"image\/jpeg"}],"author":"cfeditorfr","twitter_card":"summary_large_image","twitter_misc":{"\u00c9crit par":"cfeditorfr","Dur\u00e9e de lecture estim\u00e9e":"2 minutes"},"schema":{"@context":"https:\/\/schema.org","@graph":[{"@type":"Article","@id":"https:\/\/www.africa-press.net\/gabon\/politique\/le-gotha-politique-pdg-de-logooue-lolo-en-rang-serre-pour-les-conseils-provinciaux#article","isPartOf":{"@id":"https:\/\/www.africa-press.net\/gabon\/politique\/le-gotha-politique-pdg-de-logooue-lolo-en-rang-serre-pour-les-conseils-provinciaux"},"author":{"name":"cfeditorfr","@id":"https:\/\/www.africa-press.net\/gabon\/#\/schema\/person\/2b1cf3cd81a31e3cd26889ca66d677f1"},"headline":"Le gotha politique PDG de l\u2019Ogoou\u00e9-Lolo en rang serr\u00e9 pour les conseils provinciaux","datePublished":"2022-11-26T17:07:42+00:00","dateModified":"2022-11-26T17:35:23+00:00","mainEntityOfPage":{"@id":"https:\/\/www.africa-press.net\/gabon\/politique\/le-gotha-politique-pdg-de-logooue-lolo-en-rang-serre-pour-les-conseils-provinciaux"},"wordCount":376,"commentCount":0,"image":{"@id":"https:\/\/www.africa-press.net\/gabon\/politique\/le-gotha-politique-pdg-de-logooue-lolo-en-rang-serre-pour-les-conseils-provinciaux#primaryimage"},"thumbnailUrl":"https:\/\/static.africa-press.net\/gabon\/sites\/54\/2022\/11\/postQueueImg_1669469872.35.jpg","keywords":["Africa Press","Africa Press-Gabon","Gabon"],"articleSection":["Politique","Toutes les actualit\u00e9s"],"inLanguage":"fr-FR","potentialAction":[{"@type":"CommentAction","name":"Comment","target":["https:\/\/www.africa-press.net\/gabon\/politique\/le-gotha-politique-pdg-de-logooue-lolo-en-rang-serre-pour-les-conseils-provinciaux#respond"]}]},{"@type":"WebPage","@id":"https:\/\/www.africa-press.net\/gabon\/politique\/le-gotha-politique-pdg-de-logooue-lolo-en-rang-serre-pour-les-conseils-provinciaux","url":"https:\/\/www.africa-press.net\/gabon\/politique\/le-gotha-politique-pdg-de-logooue-lolo-en-rang-serre-pour-les-conseils-provinciaux","name":"Le gotha politique PDG de l\u2019Ogoou\u00e9-Lolo en rang serr\u00e9 pour les conseils provinciaux - Gabon","isPartOf":{"@id":"https:\/\/www.africa-press.net\/gabon\/#website"},"primaryImageOfPage":{"@id":"https:\/\/www.africa-press.net\/gabon\/politique\/le-gotha-politique-pdg-de-logooue-lolo-en-rang-serre-pour-les-conseils-provinciaux#primaryimage"},"image":{"@id":"https:\/\/www.africa-press.net\/gabon\/politique\/le-gotha-politique-pdg-de-logooue-lolo-en-rang-serre-pour-les-conseils-provinciaux#primaryimage"},"thumbnailUrl":"https:\/\/static.africa-press.net\/gabon\/sites\/54\/2022\/11\/postQueueImg_1669469872.35.jpg","datePublished":"2022-11-26T17:07:42+00:00","dateModified":"2022-11-26T17:35:23+00:00","author":{"@id":"https:\/\/www.africa-press.net\/gabon\/#\/schema\/person\/2b1cf3cd81a31e3cd26889ca66d677f1"},"description":"Le Ministre De\u0301le\u0301gue\u0301 aux Eaux et Fore\u0302ts, Michel Ste\u0301phane Bonda, par ailleurs pre\u0301sident de la Commission communic ...","breadcrumb":{"@id":"https:\/\/www.africa-press.net\/gabon\/politique\/le-gotha-politique-pdg-de-logooue-lolo-en-rang-serre-pour-les-conseils-provinciaux#breadcrumb"},"inLanguage":"fr-FR","potentialAction":[{"@type":"ReadAction","target":["https:\/\/www.africa-press.net\/gabon\/politique\/le-gotha-politique-pdg-de-logooue-lolo-en-rang-serre-pour-les-conseils-provinciaux"]}]},{"@type":"ImageObject","inLanguage":"fr-FR","@id":"https:\/\/www.africa-press.net\/gabon\/politique\/le-gotha-politique-pdg-de-logooue-lolo-en-rang-serre-pour-les-conseils-provinciaux#primaryimage","url":"https:\/\/static.africa-press.net\/gabon\/sites\/54\/2022\/11\/postQueueImg_1669469872.35.jpg","contentUrl":"https:\/\/static.africa-press.net\/gabon\/sites\/54\/2022\/11\/postQueueImg_1669469872.35.jpg","width":1156,"height":867,"caption":"Le gotha politique PDG de l\u2019Ogoou\u00e9-Lolo en rang serr\u00e9 pour les conseils provinciaux"},{"@type":"BreadcrumbList","@id":"https:\/\/www.africa-press.net\/gabon\/politique\/le-gotha-politique-pdg-de-logooue-lolo-en-rang-serre-pour-les-conseils-provinciaux#breadcrumb","itemListElement":[{"@type":"ListItem","position":1,"name":"Accueil","item":"https:\/\/www.africa-press.net\/gabon\/"},{"@type":"ListItem","position":2,"name":"Le gotha politique PDG de l\u2019Ogoou\u00e9-Lolo en rang serr\u00e9 pour les conseils provinciaux"}]},{"@type":"WebSite","@id":"https:\/\/www.africa-press.net\/gabon\/#website","url":"https:\/\/www.africa-press.net\/gabon\/","name":"Gabon","description":"Just another Africa News Agency Sites site","potentialAction":[{"@type":"SearchAction","target":{"@type":"EntryPoint","urlTemplate":"https:\/\/www.africa-press.net\/gabon\/?s={search_term_string}"},"query-input":{"@type":"PropertyValueSpecification","valueRequired":true,"valueName":"search_term_string"}}],"inLanguage":"fr-FR"},{"@type":"Person","@id":"https:\/\/www.africa-press.net\/gabon\/#\/schema\/person\/2b1cf3cd81a31e3cd26889ca66d677f1","name":"cfeditorfr"}]}},"_links":{"self":[{"href":"https:\/\/www.africa-press.net\/gabon\/wp-json\/wp\/v2\/posts\/13179","targetHints":{"allow":["GET"]}}],"collection":[{"href":"https:\/\/www.africa-press.net\/gabon\/wp-json\/wp\/v2\/posts"}],"about":[{"href":"https:\/\/www.africa-press.net\/gabon\/wp-json\/wp\/v2\/types\/post"}],"author":[{"embeddable":true,"href":"https:\/\/www.africa-press.net\/gabon\/wp-json\/wp\/v2\/users\/82"}],"replies":[{"embeddable":true,"href":"https:\/\/www.africa-press.net\/gabon\/wp-json\/wp\/v2\/comments?post=13179"}],"version-history":[{"count":0,"href":"https:\/\/www.africa-press.net\/gabon\/wp-json\/wp\/v2\/posts\/13179\/revisions"}],"wp:featuredmedia":[{"embeddable":true,"href":"https:\/\/www.africa-press.net\/gabon\/wp-json\/wp\/v2\/media\/13178"}],"wp:attachment":[{"href":"https:\/\/www.africa-press.net\/gabon\/wp-json\/wp\/v2\/media?parent=13179"}],"wp:term":[{"taxonomy":"category","embeddable":true,"href":"https:\/\/www.africa-press.net\/gabon\/wp-json\/wp\/v2\/categories?post=13179"},{"taxonomy":"post_tag","embeddable":true,"href":"https:\/\/www.africa-press.net\/gabon\/wp-json\/wp\/v2\/tags?post=13179"}],"curies":[{"name":"wp","href":"https:\/\/api.w.org\/{rel}","templated":true}]}}