{"id":13191,"date":"2022-11-26T17:08:51","date_gmt":"2022-11-26T17:08:51","guid":{"rendered":"https:\/\/www.africa-press.net\/gabon\/politique\/suite-aux-cop-climat-et-cites-en-eaux-troubles"},"modified":"2022-11-26T17:37:04","modified_gmt":"2022-11-26T17:37:04","slug":"suite-aux-cop-climat-et-cites-en-eaux-troubles","status":"publish","type":"post","link":"https:\/\/www.africa-press.net\/gabon\/toutes-les-actualites\/suite-aux-cop-climat-et-cites-en-eaux-troubles","title":{"rendered":"Suite aux Cop climat et Cites : En eaux troubles"},"content":{"rendered":"<p><span style=\"color: #ff6600\"><strong>Africa-Press &#8211; Gabon. <\/strong><\/span><b>Le discours officiel sur les changements climatiques et la conservation de la biodiversite\u0301 est contredit par la re\u0301alite\u0301 de terrain.<\/b><\/p>\n<p>Le Gabon est-il cette \u00absuper puissance verte\u00bb vante\u0301e par Abdulla Shahid, ministre des Affaires e\u0301trange\u0300res des Maldives ? Dispose-t-il d\u2019une re\u0301elle politique forestie\u0300re et environnementale ? Porte-il une vraie ambition e\u0301cologique ? Quelques jours apre\u0300s la 27e\u0300me e\u0301dition de la Confe\u0301rence des parties a\u0300 la Convention-cadre des Nations-unies sur les changements climatiques (Cop \u2013 CCNUCC), ces questions prennent une autre re\u0301sonance. Au lendemain de la 19e\u0300me Confe\u0301rence des parties a\u0300 la Convention sur le commerce international des espe\u0300ces de faune menace\u0301es d\u2019extinction (Cop \u2013 Cites), elles sont d\u2019une bru\u0302lante actualite\u0301. Apre\u0300s tout, jour apre\u0300s jour, de nouveaux scandales de corruption e\u0301clatent. Ministre apre\u0300s ministre, les pratiques demeurent, quand elles ne vont pas de Charybde en Scylla. Si de hauts cadres de l\u2019administration forestie\u0300re sont syste\u0301matiquement e\u0301pingle\u0301s, jamais ils ne re\u0301pondent de leurs actes. Comme si la protection de l\u2019environnement pouvait se faire dans un climat ou\u0300 la corruption co\u0302toie l\u2019ille\u0301galite\u0301 et l\u2019impunite\u0301.<\/p>\n<p><b>Entre cynisme et arbitraire<\/b><\/p>\n<p>Pourtant, en novembre 2015, on avait glose\u0301 sur la de\u0301livrance des autorisations de re\u0301cupe\u0301ration de bois abandonne\u0301. Suite a\u0300 une descente muscle\u0301e des agents de la Direction ge\u0301ne\u0301rale des recherches (DGR) au ministe\u0300re des Fore\u0302ts, de nombreuses personnalite\u0301s furent interpelle\u0301es puis jete\u0301es en prison. Comme pour attester de sa de\u0301termination, le gouvernement s\u2019en fe\u0301licita, annonc\u0327ant vouloir \u00abappliquer la loi (&#8230;) dans toute sa rigueur (&#8230;) (et) punir les auteurs (&#8230;) de ces trafics.\u00bb En mars 2019, il e\u0301tait question de la disparition de 353 containers scelle\u0301s par la justice et contenant pas moins de 5 000 m3 de ke\u0301vazingo. Me\u0302me si, l\u2019opinion y voit de\u0301sormais une machination politicienne, le vice-pre\u0301sident de la Re\u0301publique et le ministre des Fore\u0302ts d\u2019alors en firent les frais. Depuis mars dernier, on parle a\u0300 nouveau de re\u0301cupe\u0301ration de bois abandonne\u0301. Mis en cause, le directeur ge\u0301ne\u0301ral des Fore\u0302ts fut e\u0301croue\u0301 puis libe\u0301re\u0301, avant de reprendre cra\u0302nement ses fonctions, laisse\u0301es vacantes durant son incarce\u0301ration. Malgre\u0301 l\u2019accumulation des plaintes, il y demeure a\u0300 ce jour.<\/p>\n<p>Loin de toute volonte\u0301 de nuire, cette situation n\u2019est pas a\u0300 l\u2019honneur du gouvernement. Sans inciter a\u0300 couper des te\u0302tes, elle ne contribue nullement a\u0300 cre\u0301dibiliser sa parole. Si elle fait penser a\u0300 l\u2019existence d\u2019un re\u0301seau be\u0301ne\u0301ficiant de protections particulie\u0300res, elle ruine le discours officiel sur les changements climatiques et la conservation de la biodiversite\u0301. Peut-on parler d\u2019engagement politique fort quand certains jouissent d\u2019une quasi-impunite\u0301 ? Peut-on parler de cohe\u0301rence entre politique et le\u0301gislation quand des arrangements douteux se multiplient au nez et a\u0300 la barbe des pouvoirs publics ? Peut-on croire en l\u2019efficacite\u0301 de l\u2019administration quand certains parmi ses principaux animateurs sont accuse\u0301s de corruption dans l\u2019indiffe\u0301rence de leur hie\u0301rarchie ? Entre cynisme et arbitraire, l\u2019exe\u0301cutif s\u2019enferre dans ses propres contradictions, laissant le sentiment de naviguer en eaux troubles, sans cap ni objectifs, hormis l\u2019enrichissement de quelques-uns.<\/p>\n<p><b>Consommation exte\u0301rieure <\/b><\/p>\n<p>Forestie\u0300re ou environnementale, une politique ne se limite ni a\u0300 des annonces tout a\u0300 trac ni a\u0300 la surenche\u0300re verbale. Encore moins a\u0300 la participation a\u0300 tous les raouts internationaux. Une politique suppose un consensus entre le gouvernement et les parties prenantes autour d\u2019orientations, principes, objectifs et actions. Dans sa mise en \u0153uvre, elle repose sur un e\u0301le\u0301ment essentiel : la loi. Or, celle-ci ne peut e\u0302tre applique\u0301e quand l\u2019administration s\u2019efforce de la contourner. Elle ne peut e\u0302tre respecte\u0301e quand l\u2019emprisonnement est banalise\u0301, traite\u0301 comme un fait anecdotique, sans conse\u0301quence sur la suite. Elle ne peut avoir de re\u0301elle porte\u0301e quand flotte un parfum de favoritisme. Ou quand elle s\u2019applique aux uns et pas aux autres, au point d\u2019apparai\u0302tre comme un instrument de re\u0300glement de comptes personnels ou politiciens. Le gouvernement aura beau se gargariser une pre\u0301tendue reconnaissance internationale, la re\u0301alite\u0301 du terrain dira toujours le contraire. Il aura beau multiplier les sommets et annonces, son engagement e\u0301cologique ne deviendra pas re\u0301el pour autant.<\/p>\n<p>S\u2019il veut inverser la tendance, le gouvernement doit combattre deux fle\u0301aux : le conformisme et l\u2019arbitraire. Comme chacun peut s\u2019en rendre compte, ses annonces sont toujours destine\u0301es a\u0300 la consommation exte\u0301rieure. Rarement, elles reposent sur un diagnostic froid de la situation de terrain. Syste\u0301matiquement, elles cherchent a\u0300 faire e\u0301cho a\u0300 des initiatives internationales et non pas a\u0300 re\u0301soudre des proble\u0300mes rencontre\u0301es par les populations. Ge\u0301ne\u0301ralement, elles ne tiennent compte ni du corpus juridique national ni de la pratique politico-administrative en vigueur. Du coup, leur mise en \u0153uvre de\u0301pend de la seule volonte\u0301 de quelques-uns, donnant naissance a\u0300 des comportements sectaires et peu conformes a\u0300 la loi. Pour sortir des postures et prendre re\u0301solument position, l\u2019exe\u0301cutif doit rompre avec toutes ces habitudes.<\/p>\n<p><strong>Pour plus d&rsquo;informations et d&rsquo;analyses sur la <a href=\"https:\/\/www.africa-press.net\/gabon\">Gabon<\/a>, suivez <a href=\"https:\/\/www.africa-press.net\/\">Africa-Press<\/a><\/strong><\/p>\n","protected":false},"excerpt":{"rendered":"<p>Africa-Press &#8211; Gabon. Le discours officiel sur les changements climatiques et la conservation de la biodiversite\u0301 est contredit par la re\u0301alite\u0301 de terrain. Le Gabon est-il cette \u00absuper puissance verte\u00bb vante\u0301e par Abdulla Shahid, ministre des Affaires e\u0301trange\u0300res des Maldives ? Dispose-t-il d\u2019une re\u0301elle politique forestie\u0300re et environnementale ? Porte-il une vraie ambition e\u0301cologique ? [&hellip;]<\/p>\n","protected":false},"author":82,"featured_media":13190,"comment_status":"open","ping_status":"closed","sticky":false,"template":"","format":"standard","meta":{"footnotes":""},"categories":[21,10],"tags":[36,50,49],"class_list":["post-13191","post","type-post","status-publish","format-standard","has-post-thumbnail","hentry","category-communaute","category-toutes-les-actualites","tag-africa-press","tag-africa-press-gabon","tag-gabon"],"yoast_head":"<!-- This site is optimized with the Yoast SEO Premium plugin v26.1 (Yoast SEO v27.0) - https:\/\/yoast.com\/product\/yoast-seo-premium-wordpress\/ -->\n<title>Suite aux Cop climat et Cites : En eaux troubles - Gabon<\/title>\n<meta name=\"description\" content=\"Le discours officiel sur les changements climatiques et la conservation de la biodiversite\u0301 est contredit par la re\u0301a ...\" \/>\n<meta name=\"robots\" content=\"index, follow, max-snippet:-1, max-image-preview:large, max-video-preview:-1\" \/>\n<link rel=\"canonical\" href=\"https:\/\/www.africa-press.net\/gabon\/toutes-les-actualites\/suite-aux-cop-climat-et-cites-en-eaux-troubles\" \/>\n<meta property=\"og:locale\" content=\"fr_FR\" \/>\n<meta property=\"og:type\" content=\"article\" \/>\n<meta property=\"og:title\" content=\"Suite aux Cop climat et Cites : En eaux troubles\" \/>\n<meta property=\"og:description\" content=\"Le discours officiel sur les changements climatiques et la conservation de la biodiversite\u0301 est contredit par la re\u0301a ...\" \/>\n<meta property=\"og:url\" content=\"https:\/\/www.africa-press.net\/gabon\/toutes-les-actualites\/suite-aux-cop-climat-et-cites-en-eaux-troubles\" \/>\n<meta property=\"og:site_name\" content=\"Gabon\" \/>\n<meta property=\"article:published_time\" content=\"2022-11-26T17:08:51+00:00\" \/>\n<meta property=\"article:modified_time\" content=\"2022-11-26T17:37:04+00:00\" \/>\n<meta property=\"og:image\" content=\"https:\/\/static.africa-press.net\/gabon\/sites\/54\/2022\/11\/postQueueImg_1669469935.81.jpg\" \/>\n\t<meta property=\"og:image:width\" content=\"720\" \/>\n\t<meta property=\"og:image:height\" content=\"472\" \/>\n\t<meta property=\"og:image:type\" content=\"image\/jpeg\" \/>\n<meta name=\"author\" content=\"cfeditorfr\" \/>\n<meta name=\"twitter:card\" content=\"summary_large_image\" \/>\n<meta name=\"twitter:label1\" content=\"\u00c9crit par\" \/>\n\t<meta name=\"twitter:data1\" content=\"cfeditorfr\" \/>\n\t<meta name=\"twitter:label2\" content=\"Dur\u00e9e de lecture estim\u00e9e\" \/>\n\t<meta name=\"twitter:data2\" content=\"4 minutes\" \/>\n<script type=\"application\/ld+json\" class=\"yoast-schema-graph\">{\"@context\":\"https:\/\/schema.org\",\"@graph\":[{\"@type\":\"Article\",\"@id\":\"https:\/\/www.africa-press.net\/gabon\/toutes-les-actualites\/suite-aux-cop-climat-et-cites-en-eaux-troubles#article\",\"isPartOf\":{\"@id\":\"https:\/\/www.africa-press.net\/gabon\/toutes-les-actualites\/suite-aux-cop-climat-et-cites-en-eaux-troubles\"},\"author\":{\"name\":\"cfeditorfr\",\"@id\":\"https:\/\/www.africa-press.net\/gabon\/#\/schema\/person\/2b1cf3cd81a31e3cd26889ca66d677f1\"},\"headline\":\"Suite aux Cop climat et Cites : En eaux troubles\",\"datePublished\":\"2022-11-26T17:08:51+00:00\",\"dateModified\":\"2022-11-26T17:37:04+00:00\",\"mainEntityOfPage\":{\"@id\":\"https:\/\/www.africa-press.net\/gabon\/toutes-les-actualites\/suite-aux-cop-climat-et-cites-en-eaux-troubles\"},\"wordCount\":911,\"commentCount\":0,\"image\":{\"@id\":\"https:\/\/www.africa-press.net\/gabon\/toutes-les-actualites\/suite-aux-cop-climat-et-cites-en-eaux-troubles#primaryimage\"},\"thumbnailUrl\":\"https:\/\/static.africa-press.net\/gabon\/sites\/54\/2022\/11\/postQueueImg_1669469935.81.jpg\",\"keywords\":[\"Africa Press\",\"Africa Press-Gabon\",\"Gabon\"],\"articleSection\":[\"Communaut\u00e9\",\"Toutes les actualit\u00e9s\"],\"inLanguage\":\"fr-FR\",\"potentialAction\":[{\"@type\":\"CommentAction\",\"name\":\"Comment\",\"target\":[\"https:\/\/www.africa-press.net\/gabon\/toutes-les-actualites\/suite-aux-cop-climat-et-cites-en-eaux-troubles#respond\"]}]},{\"@type\":\"WebPage\",\"@id\":\"https:\/\/www.africa-press.net\/gabon\/toutes-les-actualites\/suite-aux-cop-climat-et-cites-en-eaux-troubles\",\"url\":\"https:\/\/www.africa-press.net\/gabon\/toutes-les-actualites\/suite-aux-cop-climat-et-cites-en-eaux-troubles\",\"name\":\"Suite aux Cop climat et Cites : En eaux troubles - Gabon\",\"isPartOf\":{\"@id\":\"https:\/\/www.africa-press.net\/gabon\/#website\"},\"primaryImageOfPage\":{\"@id\":\"https:\/\/www.africa-press.net\/gabon\/toutes-les-actualites\/suite-aux-cop-climat-et-cites-en-eaux-troubles#primaryimage\"},\"image\":{\"@id\":\"https:\/\/www.africa-press.net\/gabon\/toutes-les-actualites\/suite-aux-cop-climat-et-cites-en-eaux-troubles#primaryimage\"},\"thumbnailUrl\":\"https:\/\/static.africa-press.net\/gabon\/sites\/54\/2022\/11\/postQueueImg_1669469935.81.jpg\",\"datePublished\":\"2022-11-26T17:08:51+00:00\",\"dateModified\":\"2022-11-26T17:37:04+00:00\",\"author\":{\"@id\":\"https:\/\/www.africa-press.net\/gabon\/#\/schema\/person\/2b1cf3cd81a31e3cd26889ca66d677f1\"},\"description\":\"Le discours officiel sur les changements climatiques et la conservation de la biodiversite\u0301 est contredit par la re\u0301a ...\",\"breadcrumb\":{\"@id\":\"https:\/\/www.africa-press.net\/gabon\/toutes-les-actualites\/suite-aux-cop-climat-et-cites-en-eaux-troubles#breadcrumb\"},\"inLanguage\":\"fr-FR\",\"potentialAction\":[{\"@type\":\"ReadAction\",\"target\":[\"https:\/\/www.africa-press.net\/gabon\/toutes-les-actualites\/suite-aux-cop-climat-et-cites-en-eaux-troubles\"]}]},{\"@type\":\"ImageObject\",\"inLanguage\":\"fr-FR\",\"@id\":\"https:\/\/www.africa-press.net\/gabon\/toutes-les-actualites\/suite-aux-cop-climat-et-cites-en-eaux-troubles#primaryimage\",\"url\":\"https:\/\/static.africa-press.net\/gabon\/sites\/54\/2022\/11\/postQueueImg_1669469935.81.jpg\",\"contentUrl\":\"https:\/\/static.africa-press.net\/gabon\/sites\/54\/2022\/11\/postQueueImg_1669469935.81.jpg\",\"width\":720,\"height\":472,\"caption\":\"Suite aux Cop climat et Cites : En eaux troubles\"},{\"@type\":\"BreadcrumbList\",\"@id\":\"https:\/\/www.africa-press.net\/gabon\/toutes-les-actualites\/suite-aux-cop-climat-et-cites-en-eaux-troubles#breadcrumb\",\"itemListElement\":[{\"@type\":\"ListItem\",\"position\":1,\"name\":\"Accueil\",\"item\":\"https:\/\/www.africa-press.net\/gabon\/\"},{\"@type\":\"ListItem\",\"position\":2,\"name\":\"Suite aux Cop climat et Cites : En eaux troubles\"}]},{\"@type\":\"WebSite\",\"@id\":\"https:\/\/www.africa-press.net\/gabon\/#website\",\"url\":\"https:\/\/www.africa-press.net\/gabon\/\",\"name\":\"Gabon\",\"description\":\"Just another Africa News Agency Sites site\",\"potentialAction\":[{\"@type\":\"SearchAction\",\"target\":{\"@type\":\"EntryPoint\",\"urlTemplate\":\"https:\/\/www.africa-press.net\/gabon\/?s={search_term_string}\"},\"query-input\":{\"@type\":\"PropertyValueSpecification\",\"valueRequired\":true,\"valueName\":\"search_term_string\"}}],\"inLanguage\":\"fr-FR\"},{\"@type\":\"Person\",\"@id\":\"https:\/\/www.africa-press.net\/gabon\/#\/schema\/person\/2b1cf3cd81a31e3cd26889ca66d677f1\",\"name\":\"cfeditorfr\"}]}<\/script>\n<!-- \/ Yoast SEO Premium plugin. -->","yoast_head_json":{"title":"Suite aux Cop climat et Cites : En eaux troubles - Gabon","description":"Le discours officiel sur les changements climatiques et la conservation de la biodiversite\u0301 est contredit par la re\u0301a ...","robots":{"index":"index","follow":"follow","max-snippet":"max-snippet:-1","max-image-preview":"max-image-preview:large","max-video-preview":"max-video-preview:-1"},"canonical":"https:\/\/www.africa-press.net\/gabon\/toutes-les-actualites\/suite-aux-cop-climat-et-cites-en-eaux-troubles","og_locale":"fr_FR","og_type":"article","og_title":"Suite aux Cop climat et Cites : En eaux troubles","og_description":"Le discours officiel sur les changements climatiques et la conservation de la biodiversite\u0301 est contredit par la re\u0301a ...","og_url":"https:\/\/www.africa-press.net\/gabon\/toutes-les-actualites\/suite-aux-cop-climat-et-cites-en-eaux-troubles","og_site_name":"Gabon","article_published_time":"2022-11-26T17:08:51+00:00","article_modified_time":"2022-11-26T17:37:04+00:00","og_image":[{"width":720,"height":472,"url":"https:\/\/static.africa-press.net\/gabon\/sites\/54\/2022\/11\/postQueueImg_1669469935.81.jpg","type":"image\/jpeg"}],"author":"cfeditorfr","twitter_card":"summary_large_image","twitter_misc":{"\u00c9crit par":"cfeditorfr","Dur\u00e9e de lecture estim\u00e9e":"4 minutes"},"schema":{"@context":"https:\/\/schema.org","@graph":[{"@type":"Article","@id":"https:\/\/www.africa-press.net\/gabon\/toutes-les-actualites\/suite-aux-cop-climat-et-cites-en-eaux-troubles#article","isPartOf":{"@id":"https:\/\/www.africa-press.net\/gabon\/toutes-les-actualites\/suite-aux-cop-climat-et-cites-en-eaux-troubles"},"author":{"name":"cfeditorfr","@id":"https:\/\/www.africa-press.net\/gabon\/#\/schema\/person\/2b1cf3cd81a31e3cd26889ca66d677f1"},"headline":"Suite aux Cop climat et Cites : En eaux troubles","datePublished":"2022-11-26T17:08:51+00:00","dateModified":"2022-11-26T17:37:04+00:00","mainEntityOfPage":{"@id":"https:\/\/www.africa-press.net\/gabon\/toutes-les-actualites\/suite-aux-cop-climat-et-cites-en-eaux-troubles"},"wordCount":911,"commentCount":0,"image":{"@id":"https:\/\/www.africa-press.net\/gabon\/toutes-les-actualites\/suite-aux-cop-climat-et-cites-en-eaux-troubles#primaryimage"},"thumbnailUrl":"https:\/\/static.africa-press.net\/gabon\/sites\/54\/2022\/11\/postQueueImg_1669469935.81.jpg","keywords":["Africa Press","Africa Press-Gabon","Gabon"],"articleSection":["Communaut\u00e9","Toutes les actualit\u00e9s"],"inLanguage":"fr-FR","potentialAction":[{"@type":"CommentAction","name":"Comment","target":["https:\/\/www.africa-press.net\/gabon\/toutes-les-actualites\/suite-aux-cop-climat-et-cites-en-eaux-troubles#respond"]}]},{"@type":"WebPage","@id":"https:\/\/www.africa-press.net\/gabon\/toutes-les-actualites\/suite-aux-cop-climat-et-cites-en-eaux-troubles","url":"https:\/\/www.africa-press.net\/gabon\/toutes-les-actualites\/suite-aux-cop-climat-et-cites-en-eaux-troubles","name":"Suite aux Cop climat et Cites : En eaux troubles - Gabon","isPartOf":{"@id":"https:\/\/www.africa-press.net\/gabon\/#website"},"primaryImageOfPage":{"@id":"https:\/\/www.africa-press.net\/gabon\/toutes-les-actualites\/suite-aux-cop-climat-et-cites-en-eaux-troubles#primaryimage"},"image":{"@id":"https:\/\/www.africa-press.net\/gabon\/toutes-les-actualites\/suite-aux-cop-climat-et-cites-en-eaux-troubles#primaryimage"},"thumbnailUrl":"https:\/\/static.africa-press.net\/gabon\/sites\/54\/2022\/11\/postQueueImg_1669469935.81.jpg","datePublished":"2022-11-26T17:08:51+00:00","dateModified":"2022-11-26T17:37:04+00:00","author":{"@id":"https:\/\/www.africa-press.net\/gabon\/#\/schema\/person\/2b1cf3cd81a31e3cd26889ca66d677f1"},"description":"Le discours officiel sur les changements climatiques et la conservation de la biodiversite\u0301 est contredit par la re\u0301a ...","breadcrumb":{"@id":"https:\/\/www.africa-press.net\/gabon\/toutes-les-actualites\/suite-aux-cop-climat-et-cites-en-eaux-troubles#breadcrumb"},"inLanguage":"fr-FR","potentialAction":[{"@type":"ReadAction","target":["https:\/\/www.africa-press.net\/gabon\/toutes-les-actualites\/suite-aux-cop-climat-et-cites-en-eaux-troubles"]}]},{"@type":"ImageObject","inLanguage":"fr-FR","@id":"https:\/\/www.africa-press.net\/gabon\/toutes-les-actualites\/suite-aux-cop-climat-et-cites-en-eaux-troubles#primaryimage","url":"https:\/\/static.africa-press.net\/gabon\/sites\/54\/2022\/11\/postQueueImg_1669469935.81.jpg","contentUrl":"https:\/\/static.africa-press.net\/gabon\/sites\/54\/2022\/11\/postQueueImg_1669469935.81.jpg","width":720,"height":472,"caption":"Suite aux Cop climat et Cites : En eaux troubles"},{"@type":"BreadcrumbList","@id":"https:\/\/www.africa-press.net\/gabon\/toutes-les-actualites\/suite-aux-cop-climat-et-cites-en-eaux-troubles#breadcrumb","itemListElement":[{"@type":"ListItem","position":1,"name":"Accueil","item":"https:\/\/www.africa-press.net\/gabon\/"},{"@type":"ListItem","position":2,"name":"Suite aux Cop climat et Cites : En eaux troubles"}]},{"@type":"WebSite","@id":"https:\/\/www.africa-press.net\/gabon\/#website","url":"https:\/\/www.africa-press.net\/gabon\/","name":"Gabon","description":"Just another Africa News Agency Sites site","potentialAction":[{"@type":"SearchAction","target":{"@type":"EntryPoint","urlTemplate":"https:\/\/www.africa-press.net\/gabon\/?s={search_term_string}"},"query-input":{"@type":"PropertyValueSpecification","valueRequired":true,"valueName":"search_term_string"}}],"inLanguage":"fr-FR"},{"@type":"Person","@id":"https:\/\/www.africa-press.net\/gabon\/#\/schema\/person\/2b1cf3cd81a31e3cd26889ca66d677f1","name":"cfeditorfr"}]}},"_links":{"self":[{"href":"https:\/\/www.africa-press.net\/gabon\/wp-json\/wp\/v2\/posts\/13191","targetHints":{"allow":["GET"]}}],"collection":[{"href":"https:\/\/www.africa-press.net\/gabon\/wp-json\/wp\/v2\/posts"}],"about":[{"href":"https:\/\/www.africa-press.net\/gabon\/wp-json\/wp\/v2\/types\/post"}],"author":[{"embeddable":true,"href":"https:\/\/www.africa-press.net\/gabon\/wp-json\/wp\/v2\/users\/82"}],"replies":[{"embeddable":true,"href":"https:\/\/www.africa-press.net\/gabon\/wp-json\/wp\/v2\/comments?post=13191"}],"version-history":[{"count":0,"href":"https:\/\/www.africa-press.net\/gabon\/wp-json\/wp\/v2\/posts\/13191\/revisions"}],"wp:featuredmedia":[{"embeddable":true,"href":"https:\/\/www.africa-press.net\/gabon\/wp-json\/wp\/v2\/media\/13190"}],"wp:attachment":[{"href":"https:\/\/www.africa-press.net\/gabon\/wp-json\/wp\/v2\/media?parent=13191"}],"wp:term":[{"taxonomy":"category","embeddable":true,"href":"https:\/\/www.africa-press.net\/gabon\/wp-json\/wp\/v2\/categories?post=13191"},{"taxonomy":"post_tag","embeddable":true,"href":"https:\/\/www.africa-press.net\/gabon\/wp-json\/wp\/v2\/tags?post=13191"}],"curies":[{"name":"wp","href":"https:\/\/api.w.org\/{rel}","templated":true}]}}