{"id":13203,"date":"2022-11-27T19:55:54","date_gmt":"2022-11-27T19:55:54","guid":{"rendered":"https:\/\/www.africa-press.net\/gabon\/politique\/le-rpm-organise-son-1er-congres-ordinaire-les-23-et-4-decembre-prochain-pour-preparer-lelection-presidentielle-de-2023"},"modified":"2022-11-27T20:45:08","modified_gmt":"2022-11-27T20:45:08","slug":"le-rpm-organise-son-1er-congres-ordinaire-les-23-et-4-decembre-prochain-pour-preparer-lelection-presidentielle-de-2023","status":"publish","type":"post","link":"https:\/\/www.africa-press.net\/gabon\/politique\/le-rpm-organise-son-1er-congres-ordinaire-les-23-et-4-decembre-prochain-pour-preparer-lelection-presidentielle-de-2023","title":{"rendered":"Le RPM organise son 1er congr\u00e8s ordinaire les 2,3 et 4 d\u00e9cembre prochain  pour pr\u00e9parer l\u2019\u00e9lection pr\u00e9sidentielle de 2023"},"content":{"rendered":"<p><span style=\"color: #ff6600\"><strong>Africa-Press &#8211; Gabon. <\/strong><\/span><b>Le Rassemblement pour la patrie et la modernite\u0301 (RPM), parti politique de l\u2019opposant Alexandre Barro Chambrier, a annonce\u0301 dans un communique\u0301, l\u2019organisation les 2,3 et 4 de\u0301cembre prochain a\u0300 Libreville, de son 1er congre\u0300s ordinaire pour pre\u0301parer l\u2019e\u0301lection pre\u0301sidentielle tant attendue en 2023.<\/b><\/p>\n<p>\u00ab Il s\u2019agit d\u2019un important rendez-vous qui permettra aux nombreux militants venus de toutes les provinces du pays de renforcer leur unite\u0301, d\u2019accroi\u0302tre leur cohe\u0301sion et de re\u0301affirmer leur de\u0301termination a\u0300 poursuivre la lutte pour l\u2019alternance et le changement \u00bb, a indique\u0301 le communique\u0301.<\/p>\n<p>La messe politique sera organise\u0301e sous la the\u0301matique : \u00ab renforcer les acquis pour affronter les de\u0301fis a\u0300 venir \u00bb. Il s\u2019agira de faire un diagnostic sans complaisance, indique-t-on, du poids de la jeune formation politique, de\u0301termine\u0301e a\u0300 conque\u0301rir les sie\u0300ges aux e\u0301lections le\u0301gislatives et locales, lesquelles seront organise\u0301es e\u0301galement concomitamment en 2023.<\/p>\n<p>\u00ab Le Congre\u0300s proce\u0301dera a\u0300 la lumie\u0300re d\u2019une part, d\u2019une analyse objective de la situation de notre pays, et d\u2019autre part, des forces et des faiblesses du Parti, a\u0300 un approfondissement de sa ligne politique et organisationnelle ainsi qu\u2019au renouvellement de ses organes dirigeants \u00bb, a souligne\u0301 le communique\u0301.<\/p>\n<p><b>Antoine Relaxe<\/b><\/p>\n<p><strong>Pour plus d&rsquo;informations et d&rsquo;analyses sur la <a href=\"https:\/\/www.africa-press.net\/gabon\">Gabon<\/a>, suivez <a href=\"https:\/\/www.africa-press.net\/\">Africa-Press<\/a><\/strong><\/p>\n","protected":false},"excerpt":{"rendered":"<p>Africa-Press &#8211; Gabon. Le Rassemblement pour la patrie et la modernite\u0301 (RPM), parti politique de l\u2019opposant Alexandre Barro Chambrier, a annonce\u0301 dans un communique\u0301, l\u2019organisation les 2,3 et 4 de\u0301cembre prochain a\u0300 Libreville, de son 1er congre\u0300s ordinaire pour pre\u0301parer l\u2019e\u0301lection pre\u0301sidentielle tant attendue en 2023. \u00ab Il s\u2019agit d\u2019un important rendez-vous qui permettra aux [&hellip;]<\/p>\n","protected":false},"author":82,"featured_media":13202,"comment_status":"open","ping_status":"closed","sticky":false,"template":"","format":"standard","meta":{"footnotes":""},"categories":[2,10],"tags":[36,50,49],"class_list":["post-13203","post","type-post","status-publish","format-standard","has-post-thumbnail","hentry","category-politique","category-toutes-les-actualites","tag-africa-press","tag-africa-press-gabon","tag-gabon"],"yoast_head":"<!-- This site is optimized with the Yoast SEO Premium plugin v26.1 (Yoast SEO v27.0) - https:\/\/yoast.com\/product\/yoast-seo-premium-wordpress\/ -->\n<title>Le RPM organise son 1er congr\u00e8s ordinaire les 2,3 et 4 d\u00e9cembre prochain pour pr\u00e9parer l\u2019\u00e9lection pr\u00e9sidentielle de 2023 - Gabon<\/title>\n<meta name=\"description\" content=\"Le Rassemblement pour la patrie et la modernite\u0301 (RPM), parti politique de l\u2019opposant Alexandre Barro Chambrier, a an ...\" \/>\n<meta name=\"robots\" content=\"index, follow, max-snippet:-1, max-image-preview:large, max-video-preview:-1\" \/>\n<link rel=\"canonical\" href=\"https:\/\/www.africa-press.net\/gabon\/politique\/le-rpm-organise-son-1er-congres-ordinaire-les-23-et-4-decembre-prochain-pour-preparer-lelection-presidentielle-de-2023\" \/>\n<meta property=\"og:locale\" content=\"fr_FR\" \/>\n<meta property=\"og:type\" content=\"article\" \/>\n<meta property=\"og:title\" content=\"Le RPM organise son 1er congr\u00e8s ordinaire les 2,3 et 4 d\u00e9cembre prochain pour pr\u00e9parer l\u2019\u00e9lection pr\u00e9sidentielle de 2023\" \/>\n<meta property=\"og:description\" content=\"Le Rassemblement pour la patrie et la modernite\u0301 (RPM), parti politique de l\u2019opposant Alexandre Barro Chambrier, a an ...\" \/>\n<meta property=\"og:url\" content=\"https:\/\/www.africa-press.net\/gabon\/politique\/le-rpm-organise-son-1er-congres-ordinaire-les-23-et-4-decembre-prochain-pour-preparer-lelection-presidentielle-de-2023\" \/>\n<meta property=\"og:site_name\" content=\"Gabon\" \/>\n<meta property=\"article:published_time\" content=\"2022-11-27T19:55:54+00:00\" \/>\n<meta property=\"article:modified_time\" content=\"2022-11-27T20:45:08+00:00\" \/>\n<meta property=\"og:image\" content=\"https:\/\/static.africa-press.net\/gabon\/sites\/54\/2022\/11\/postQueueImg_1669566369.34.jpg\" \/>\n\t<meta property=\"og:image:width\" content=\"960\" \/>\n\t<meta property=\"og:image:height\" content=\"540\" \/>\n\t<meta property=\"og:image:type\" content=\"image\/jpeg\" \/>\n<meta name=\"author\" content=\"cfeditorfr\" \/>\n<meta name=\"twitter:card\" content=\"summary_large_image\" \/>\n<meta name=\"twitter:label1\" content=\"\u00c9crit par\" \/>\n\t<meta name=\"twitter:data1\" content=\"cfeditorfr\" \/>\n\t<meta name=\"twitter:label2\" content=\"Dur\u00e9e de lecture estim\u00e9e\" \/>\n\t<meta name=\"twitter:data2\" content=\"2 minutes\" \/>\n<script type=\"application\/ld+json\" class=\"yoast-schema-graph\">{\"@context\":\"https:\/\/schema.org\",\"@graph\":[{\"@type\":\"Article\",\"@id\":\"https:\/\/www.africa-press.net\/gabon\/politique\/le-rpm-organise-son-1er-congres-ordinaire-les-23-et-4-decembre-prochain-pour-preparer-lelection-presidentielle-de-2023#article\",\"isPartOf\":{\"@id\":\"https:\/\/www.africa-press.net\/gabon\/politique\/le-rpm-organise-son-1er-congres-ordinaire-les-23-et-4-decembre-prochain-pour-preparer-lelection-presidentielle-de-2023\"},\"author\":{\"name\":\"cfeditorfr\",\"@id\":\"https:\/\/www.africa-press.net\/gabon\/#\/schema\/person\/2b1cf3cd81a31e3cd26889ca66d677f1\"},\"headline\":\"Le RPM organise son 1er congr\u00e8s ordinaire les 2,3 et 4 d\u00e9cembre prochain pour pr\u00e9parer l\u2019\u00e9lection pr\u00e9sidentielle de 2023\",\"datePublished\":\"2022-11-27T19:55:54+00:00\",\"dateModified\":\"2022-11-27T20:45:08+00:00\",\"mainEntityOfPage\":{\"@id\":\"https:\/\/www.africa-press.net\/gabon\/politique\/le-rpm-organise-son-1er-congres-ordinaire-les-23-et-4-decembre-prochain-pour-preparer-lelection-presidentielle-de-2023\"},\"wordCount\":251,\"commentCount\":0,\"image\":{\"@id\":\"https:\/\/www.africa-press.net\/gabon\/politique\/le-rpm-organise-son-1er-congres-ordinaire-les-23-et-4-decembre-prochain-pour-preparer-lelection-presidentielle-de-2023#primaryimage\"},\"thumbnailUrl\":\"https:\/\/static.africa-press.net\/gabon\/sites\/54\/2022\/11\/postQueueImg_1669566369.34.jpg\",\"keywords\":[\"Africa Press\",\"Africa Press-Gabon\",\"Gabon\"],\"articleSection\":[\"Politique\",\"Toutes les actualit\u00e9s\"],\"inLanguage\":\"fr-FR\",\"potentialAction\":[{\"@type\":\"CommentAction\",\"name\":\"Comment\",\"target\":[\"https:\/\/www.africa-press.net\/gabon\/politique\/le-rpm-organise-son-1er-congres-ordinaire-les-23-et-4-decembre-prochain-pour-preparer-lelection-presidentielle-de-2023#respond\"]}]},{\"@type\":\"WebPage\",\"@id\":\"https:\/\/www.africa-press.net\/gabon\/politique\/le-rpm-organise-son-1er-congres-ordinaire-les-23-et-4-decembre-prochain-pour-preparer-lelection-presidentielle-de-2023\",\"url\":\"https:\/\/www.africa-press.net\/gabon\/politique\/le-rpm-organise-son-1er-congres-ordinaire-les-23-et-4-decembre-prochain-pour-preparer-lelection-presidentielle-de-2023\",\"name\":\"Le RPM organise son 1er congr\u00e8s ordinaire les 2,3 et 4 d\u00e9cembre prochain pour pr\u00e9parer l\u2019\u00e9lection pr\u00e9sidentielle de 2023 - Gabon\",\"isPartOf\":{\"@id\":\"https:\/\/www.africa-press.net\/gabon\/#website\"},\"primaryImageOfPage\":{\"@id\":\"https:\/\/www.africa-press.net\/gabon\/politique\/le-rpm-organise-son-1er-congres-ordinaire-les-23-et-4-decembre-prochain-pour-preparer-lelection-presidentielle-de-2023#primaryimage\"},\"image\":{\"@id\":\"https:\/\/www.africa-press.net\/gabon\/politique\/le-rpm-organise-son-1er-congres-ordinaire-les-23-et-4-decembre-prochain-pour-preparer-lelection-presidentielle-de-2023#primaryimage\"},\"thumbnailUrl\":\"https:\/\/static.africa-press.net\/gabon\/sites\/54\/2022\/11\/postQueueImg_1669566369.34.jpg\",\"datePublished\":\"2022-11-27T19:55:54+00:00\",\"dateModified\":\"2022-11-27T20:45:08+00:00\",\"author\":{\"@id\":\"https:\/\/www.africa-press.net\/gabon\/#\/schema\/person\/2b1cf3cd81a31e3cd26889ca66d677f1\"},\"description\":\"Le Rassemblement pour la patrie et la modernite\u0301 (RPM), parti politique de l\u2019opposant Alexandre Barro Chambrier, a an ...\",\"breadcrumb\":{\"@id\":\"https:\/\/www.africa-press.net\/gabon\/politique\/le-rpm-organise-son-1er-congres-ordinaire-les-23-et-4-decembre-prochain-pour-preparer-lelection-presidentielle-de-2023#breadcrumb\"},\"inLanguage\":\"fr-FR\",\"potentialAction\":[{\"@type\":\"ReadAction\",\"target\":[\"https:\/\/www.africa-press.net\/gabon\/politique\/le-rpm-organise-son-1er-congres-ordinaire-les-23-et-4-decembre-prochain-pour-preparer-lelection-presidentielle-de-2023\"]}]},{\"@type\":\"ImageObject\",\"inLanguage\":\"fr-FR\",\"@id\":\"https:\/\/www.africa-press.net\/gabon\/politique\/le-rpm-organise-son-1er-congres-ordinaire-les-23-et-4-decembre-prochain-pour-preparer-lelection-presidentielle-de-2023#primaryimage\",\"url\":\"https:\/\/static.africa-press.net\/gabon\/sites\/54\/2022\/11\/postQueueImg_1669566369.34.jpg\",\"contentUrl\":\"https:\/\/static.africa-press.net\/gabon\/sites\/54\/2022\/11\/postQueueImg_1669566369.34.jpg\",\"width\":960,\"height\":540,\"caption\":\"Le RPM organise son 1er congr\u00e8s ordinaire les 2,3 et 4 d\u00e9cembre prochain pour pr\u00e9parer l\u2019\u00e9lection pr\u00e9sidentielle de 2023\"},{\"@type\":\"BreadcrumbList\",\"@id\":\"https:\/\/www.africa-press.net\/gabon\/politique\/le-rpm-organise-son-1er-congres-ordinaire-les-23-et-4-decembre-prochain-pour-preparer-lelection-presidentielle-de-2023#breadcrumb\",\"itemListElement\":[{\"@type\":\"ListItem\",\"position\":1,\"name\":\"Accueil\",\"item\":\"https:\/\/www.africa-press.net\/gabon\/\"},{\"@type\":\"ListItem\",\"position\":2,\"name\":\"Le RPM organise son 1er congr\u00e8s ordinaire les 2,3 et 4 d\u00e9cembre prochain pour pr\u00e9parer l\u2019\u00e9lection pr\u00e9sidentielle de 2023\"}]},{\"@type\":\"WebSite\",\"@id\":\"https:\/\/www.africa-press.net\/gabon\/#website\",\"url\":\"https:\/\/www.africa-press.net\/gabon\/\",\"name\":\"Gabon\",\"description\":\"Just another Africa News Agency Sites site\",\"potentialAction\":[{\"@type\":\"SearchAction\",\"target\":{\"@type\":\"EntryPoint\",\"urlTemplate\":\"https:\/\/www.africa-press.net\/gabon\/?s={search_term_string}\"},\"query-input\":{\"@type\":\"PropertyValueSpecification\",\"valueRequired\":true,\"valueName\":\"search_term_string\"}}],\"inLanguage\":\"fr-FR\"},{\"@type\":\"Person\",\"@id\":\"https:\/\/www.africa-press.net\/gabon\/#\/schema\/person\/2b1cf3cd81a31e3cd26889ca66d677f1\",\"name\":\"cfeditorfr\"}]}<\/script>\n<!-- \/ Yoast SEO Premium plugin. -->","yoast_head_json":{"title":"Le RPM organise son 1er congr\u00e8s ordinaire les 2,3 et 4 d\u00e9cembre prochain pour pr\u00e9parer l\u2019\u00e9lection pr\u00e9sidentielle de 2023 - Gabon","description":"Le Rassemblement pour la patrie et la modernite\u0301 (RPM), parti politique de l\u2019opposant Alexandre Barro Chambrier, a an ...","robots":{"index":"index","follow":"follow","max-snippet":"max-snippet:-1","max-image-preview":"max-image-preview:large","max-video-preview":"max-video-preview:-1"},"canonical":"https:\/\/www.africa-press.net\/gabon\/politique\/le-rpm-organise-son-1er-congres-ordinaire-les-23-et-4-decembre-prochain-pour-preparer-lelection-presidentielle-de-2023","og_locale":"fr_FR","og_type":"article","og_title":"Le RPM organise son 1er congr\u00e8s ordinaire les 2,3 et 4 d\u00e9cembre prochain pour pr\u00e9parer l\u2019\u00e9lection pr\u00e9sidentielle de 2023","og_description":"Le Rassemblement pour la patrie et la modernite\u0301 (RPM), parti politique de l\u2019opposant Alexandre Barro Chambrier, a an ...","og_url":"https:\/\/www.africa-press.net\/gabon\/politique\/le-rpm-organise-son-1er-congres-ordinaire-les-23-et-4-decembre-prochain-pour-preparer-lelection-presidentielle-de-2023","og_site_name":"Gabon","article_published_time":"2022-11-27T19:55:54+00:00","article_modified_time":"2022-11-27T20:45:08+00:00","og_image":[{"width":960,"height":540,"url":"https:\/\/static.africa-press.net\/gabon\/sites\/54\/2022\/11\/postQueueImg_1669566369.34.jpg","type":"image\/jpeg"}],"author":"cfeditorfr","twitter_card":"summary_large_image","twitter_misc":{"\u00c9crit par":"cfeditorfr","Dur\u00e9e de lecture estim\u00e9e":"2 minutes"},"schema":{"@context":"https:\/\/schema.org","@graph":[{"@type":"Article","@id":"https:\/\/www.africa-press.net\/gabon\/politique\/le-rpm-organise-son-1er-congres-ordinaire-les-23-et-4-decembre-prochain-pour-preparer-lelection-presidentielle-de-2023#article","isPartOf":{"@id":"https:\/\/www.africa-press.net\/gabon\/politique\/le-rpm-organise-son-1er-congres-ordinaire-les-23-et-4-decembre-prochain-pour-preparer-lelection-presidentielle-de-2023"},"author":{"name":"cfeditorfr","@id":"https:\/\/www.africa-press.net\/gabon\/#\/schema\/person\/2b1cf3cd81a31e3cd26889ca66d677f1"},"headline":"Le RPM organise son 1er congr\u00e8s ordinaire les 2,3 et 4 d\u00e9cembre prochain pour pr\u00e9parer l\u2019\u00e9lection pr\u00e9sidentielle de 2023","datePublished":"2022-11-27T19:55:54+00:00","dateModified":"2022-11-27T20:45:08+00:00","mainEntityOfPage":{"@id":"https:\/\/www.africa-press.net\/gabon\/politique\/le-rpm-organise-son-1er-congres-ordinaire-les-23-et-4-decembre-prochain-pour-preparer-lelection-presidentielle-de-2023"},"wordCount":251,"commentCount":0,"image":{"@id":"https:\/\/www.africa-press.net\/gabon\/politique\/le-rpm-organise-son-1er-congres-ordinaire-les-23-et-4-decembre-prochain-pour-preparer-lelection-presidentielle-de-2023#primaryimage"},"thumbnailUrl":"https:\/\/static.africa-press.net\/gabon\/sites\/54\/2022\/11\/postQueueImg_1669566369.34.jpg","keywords":["Africa Press","Africa Press-Gabon","Gabon"],"articleSection":["Politique","Toutes les actualit\u00e9s"],"inLanguage":"fr-FR","potentialAction":[{"@type":"CommentAction","name":"Comment","target":["https:\/\/www.africa-press.net\/gabon\/politique\/le-rpm-organise-son-1er-congres-ordinaire-les-23-et-4-decembre-prochain-pour-preparer-lelection-presidentielle-de-2023#respond"]}]},{"@type":"WebPage","@id":"https:\/\/www.africa-press.net\/gabon\/politique\/le-rpm-organise-son-1er-congres-ordinaire-les-23-et-4-decembre-prochain-pour-preparer-lelection-presidentielle-de-2023","url":"https:\/\/www.africa-press.net\/gabon\/politique\/le-rpm-organise-son-1er-congres-ordinaire-les-23-et-4-decembre-prochain-pour-preparer-lelection-presidentielle-de-2023","name":"Le RPM organise son 1er congr\u00e8s ordinaire les 2,3 et 4 d\u00e9cembre prochain pour pr\u00e9parer l\u2019\u00e9lection pr\u00e9sidentielle de 2023 - Gabon","isPartOf":{"@id":"https:\/\/www.africa-press.net\/gabon\/#website"},"primaryImageOfPage":{"@id":"https:\/\/www.africa-press.net\/gabon\/politique\/le-rpm-organise-son-1er-congres-ordinaire-les-23-et-4-decembre-prochain-pour-preparer-lelection-presidentielle-de-2023#primaryimage"},"image":{"@id":"https:\/\/www.africa-press.net\/gabon\/politique\/le-rpm-organise-son-1er-congres-ordinaire-les-23-et-4-decembre-prochain-pour-preparer-lelection-presidentielle-de-2023#primaryimage"},"thumbnailUrl":"https:\/\/static.africa-press.net\/gabon\/sites\/54\/2022\/11\/postQueueImg_1669566369.34.jpg","datePublished":"2022-11-27T19:55:54+00:00","dateModified":"2022-11-27T20:45:08+00:00","author":{"@id":"https:\/\/www.africa-press.net\/gabon\/#\/schema\/person\/2b1cf3cd81a31e3cd26889ca66d677f1"},"description":"Le Rassemblement pour la patrie et la modernite\u0301 (RPM), parti politique de l\u2019opposant Alexandre Barro Chambrier, a an ...","breadcrumb":{"@id":"https:\/\/www.africa-press.net\/gabon\/politique\/le-rpm-organise-son-1er-congres-ordinaire-les-23-et-4-decembre-prochain-pour-preparer-lelection-presidentielle-de-2023#breadcrumb"},"inLanguage":"fr-FR","potentialAction":[{"@type":"ReadAction","target":["https:\/\/www.africa-press.net\/gabon\/politique\/le-rpm-organise-son-1er-congres-ordinaire-les-23-et-4-decembre-prochain-pour-preparer-lelection-presidentielle-de-2023"]}]},{"@type":"ImageObject","inLanguage":"fr-FR","@id":"https:\/\/www.africa-press.net\/gabon\/politique\/le-rpm-organise-son-1er-congres-ordinaire-les-23-et-4-decembre-prochain-pour-preparer-lelection-presidentielle-de-2023#primaryimage","url":"https:\/\/static.africa-press.net\/gabon\/sites\/54\/2022\/11\/postQueueImg_1669566369.34.jpg","contentUrl":"https:\/\/static.africa-press.net\/gabon\/sites\/54\/2022\/11\/postQueueImg_1669566369.34.jpg","width":960,"height":540,"caption":"Le RPM organise son 1er congr\u00e8s ordinaire les 2,3 et 4 d\u00e9cembre prochain pour pr\u00e9parer l\u2019\u00e9lection pr\u00e9sidentielle de 2023"},{"@type":"BreadcrumbList","@id":"https:\/\/www.africa-press.net\/gabon\/politique\/le-rpm-organise-son-1er-congres-ordinaire-les-23-et-4-decembre-prochain-pour-preparer-lelection-presidentielle-de-2023#breadcrumb","itemListElement":[{"@type":"ListItem","position":1,"name":"Accueil","item":"https:\/\/www.africa-press.net\/gabon\/"},{"@type":"ListItem","position":2,"name":"Le RPM organise son 1er congr\u00e8s ordinaire les 2,3 et 4 d\u00e9cembre prochain pour pr\u00e9parer l\u2019\u00e9lection pr\u00e9sidentielle de 2023"}]},{"@type":"WebSite","@id":"https:\/\/www.africa-press.net\/gabon\/#website","url":"https:\/\/www.africa-press.net\/gabon\/","name":"Gabon","description":"Just another Africa News Agency Sites site","potentialAction":[{"@type":"SearchAction","target":{"@type":"EntryPoint","urlTemplate":"https:\/\/www.africa-press.net\/gabon\/?s={search_term_string}"},"query-input":{"@type":"PropertyValueSpecification","valueRequired":true,"valueName":"search_term_string"}}],"inLanguage":"fr-FR"},{"@type":"Person","@id":"https:\/\/www.africa-press.net\/gabon\/#\/schema\/person\/2b1cf3cd81a31e3cd26889ca66d677f1","name":"cfeditorfr"}]}},"_links":{"self":[{"href":"https:\/\/www.africa-press.net\/gabon\/wp-json\/wp\/v2\/posts\/13203","targetHints":{"allow":["GET"]}}],"collection":[{"href":"https:\/\/www.africa-press.net\/gabon\/wp-json\/wp\/v2\/posts"}],"about":[{"href":"https:\/\/www.africa-press.net\/gabon\/wp-json\/wp\/v2\/types\/post"}],"author":[{"embeddable":true,"href":"https:\/\/www.africa-press.net\/gabon\/wp-json\/wp\/v2\/users\/82"}],"replies":[{"embeddable":true,"href":"https:\/\/www.africa-press.net\/gabon\/wp-json\/wp\/v2\/comments?post=13203"}],"version-history":[{"count":0,"href":"https:\/\/www.africa-press.net\/gabon\/wp-json\/wp\/v2\/posts\/13203\/revisions"}],"wp:featuredmedia":[{"embeddable":true,"href":"https:\/\/www.africa-press.net\/gabon\/wp-json\/wp\/v2\/media\/13202"}],"wp:attachment":[{"href":"https:\/\/www.africa-press.net\/gabon\/wp-json\/wp\/v2\/media?parent=13203"}],"wp:term":[{"taxonomy":"category","embeddable":true,"href":"https:\/\/www.africa-press.net\/gabon\/wp-json\/wp\/v2\/categories?post=13203"},{"taxonomy":"post_tag","embeddable":true,"href":"https:\/\/www.africa-press.net\/gabon\/wp-json\/wp\/v2\/tags?post=13203"}],"curies":[{"name":"wp","href":"https:\/\/api.w.org\/{rel}","templated":true}]}}