{"id":13209,"date":"2022-11-27T19:57:27","date_gmt":"2022-11-27T19:57:27","guid":{"rendered":"https:\/\/www.africa-press.net\/gabon\/politique\/paulette-missambo-appelle-au-rassemblement-de-lopposition-pour-ecarter-le-pdg-du-pouvoir"},"modified":"2022-11-27T20:46:01","modified_gmt":"2022-11-27T20:46:01","slug":"paulette-missambo-appelle-au-rassemblement-de-lopposition-pour-ecarter-le-pdg-du-pouvoir","status":"publish","type":"post","link":"https:\/\/www.africa-press.net\/gabon\/politique\/paulette-missambo-appelle-au-rassemblement-de-lopposition-pour-ecarter-le-pdg-du-pouvoir","title":{"rendered":"Paulette Missambo appelle au rassemblement de l\u2019opposition pour \u00e9carter le PDG du pouvoir"},"content":{"rendered":"<p><span style=\"color: #ff6600\"><strong>Africa-Press &#8211; Gabon. <\/strong><\/span><b>Dans son discours de rentre\u0301e politique a\u0300 la Chambre de commerce ce dimanche, la pre\u0301sidente de l\u2019Union nationale (UN), Paulette Missambo a de\u0301plore\u0301 la mauvaise gestion du Gabon et sugge\u0301re\u0301 que pour sauver le pays du de\u0301clin, il faut que l\u2019opposition se rassemble d\u2019abord pour arracher du pouvoir la transparence e\u0301lectorale et enfin l\u2019alternance au sommet de l\u2019Etat.<\/b><\/p>\n<p>Voici l\u2019inte\u0301gralite\u0301 du discours lu en pre\u0301sence de plusieurs dirigeants de l\u2019opposition dont Louis Gaston Mayila (UPNR), Hugues Alexandre Barro Chambrier (RPM), Jean Valentin Leyama (REAGIR), Laurent Angue Mezui (RPG) et de nombreux responsables de la socie\u0301te\u0301 civile comme le Professeur Albert Ondo Ossa et Geoffroy Mfoumboula Lebika Makosso.<\/p>\n<p><b>Mesdames et Messieurs les responsables des Partis politiques amis, distingue\u0301s invite\u0301s,<\/b><br \/>\n<b>Monsieur le Secre\u0301taire exe\u0301cutif,<\/b><br \/>\n<b>Madame et messieurs les Vice-pre\u0301sidents,<\/b><br \/>\n<b>Madame et messieurs les Secre\u0301taires exe\u0301cutifs adjoints,<\/b><br \/>\n<b>Militantes et militants, chers compagnons,<\/b><br \/>\n<b>Chers compatriotes,<\/b><br \/>\n<b>Mesdames et messieurs,<\/b><\/p>\n<p>Je suis tre\u0300s heureuse de me retrouver parmi vous, pour cette rentre\u0301e politique de l\u2019Union Nationale. Je salue chaleureusement tous les Pre\u0301sidents et repre\u0301sentants de Partis amis, qui nous font l\u2019honneur de leur pre\u0301sence. J\u2019adresse un salut spe\u0301cial aux repre\u0301sentants provinciaux de l\u2019Union Nationale venus de l\u2019inte\u0301rieur du pays, aux coordonnateurs ainsi qu\u2019a\u0300 tous les militants ici pre\u0301sents. Gra\u0302ce a\u0300 eux, a\u0300 leur de\u0301vouement, a\u0300 leur constance, a\u0300 leur de\u0301termination et a\u0300 leur e\u0301nergie, notre Parti poursuit son implantation.<\/p>\n<p>Cette rentre\u0301e politique n\u2019est pas un moment ordinaire. Au cours de l\u2019anne\u0301e 2023 qui arrive, les Gabonaises et les Gabonais seront appele\u0301s aux urnes pour e\u0301lire les conseillers municipaux, les de\u0301pute\u0301s et le pre\u0301sident de la Re\u0301publique. A\u0300 travers ces trois e\u0301lections se jouera l\u2019avenir de notre pays pour plusieurs de\u0301cennies. Dans cette perspective, le moment est venu de tracer les contours de notre action commune. L\u2019Union Nationale a donc choisi de sortir de son sie\u0300ge pour s\u2019adresser au pays et a\u0300 sa classe politique, pour partager sa vision avec tous.<\/p>\n<p>En 2009 comme en 2016, le peuple gabonais a clairement rejete\u0301 dans les urnes un choix qui lui a malheureusement e\u0301te\u0301 impose\u0301 par la force des armes, et avec la complicite\u0301 des femmes et des hommes qui e\u0301taient en charge de la conduite du processus e\u0301lectoral. Depuis le mois d\u2019octobre 2018, une imposture, que nul ne conteste plus, s\u2019est installe\u0301e a\u0300 la te\u0302te de l\u2019E\u0301tat. A raison, nos compatriotes peinent a\u0300 savoir qui de\u0301cide pour eux et pour le Gabon. Au regard de la crise multiforme \u2013 e\u0301thique, politique, e\u0301conomique, financie\u0300re et sociale -, que traverse notre pays, il ne fait aucun doute qu\u2019en 2023, le rejet de ce re\u0301gime sera encore plus franc qu\u2019en 2016. La responsabilite\u0301 de la classe politique, dans son ensemble, est d\u2019entendre le pays et de lui offrir la perspective dont il a tant besoin. Pour l\u2019opposition gabonaise et pour tous les patriotes soucieux du devenir de notre pays, le de\u0301fi est de transformer le rejet du pouvoir en place en victoire e\u0301lectorale puis en alternance de\u0301mocratique.<\/p>\n<p><b>Chers compatriotes,<\/b><br \/>\n<b>Mesdames et messieurs<\/b><\/p>\n<p>Aujourd\u2019hui, tous les indicateurs sont au rouge. On l\u2019a vu avec ces e\u0301boulements et inondations qui ont seme\u0301 la mort et la de\u0301solation dans de nombreuses familles parce que la question de l\u2019urbanisation de notre capitale et celle connexe du logement n\u2019ont jamais e\u0301te\u0301 traite\u0301es avec le se\u0301rieux qu\u2019elles ne\u0301cessitent. On le voit avec toutes ces routes impraticables qui transforment nos provinces, de\u0301partements et villages en autant d\u2019enclaves coupe\u0301es les unes des autres. Qu\u2019on parle de l\u2019Estuaire, du Haut-Ogooue\u0301, du Moyen-Ogooue\u0301, de la Ngounie\u0301, de la Nyanga, de l\u2019Ogooue\u0301-Ivindo, de l\u2019Ogooue\u0301-Lolo, de l\u2019Ogooue\u0301-Maritime ou du Woleu-Ntem, le constat est le me\u0302me : l\u2019e\u0301chec des gouvernements successifs en matie\u0300re d\u2019infrastructures. Partout, on se retrouve face a\u0300 un pays a\u0300 l\u2019abandon.<\/p>\n<p>La vie e\u0301conomique de notre pays se singularise par un essoufflement de l\u2019activite\u0301 et un cho\u0302mage ende\u0301mique, qui de\u0301passe les 38% chez les jeunes. Malgre\u0301 les promesses et discours alle\u0301chants, plus de 17. 000 emplois nets ont e\u0301te\u0301 de\u0301truits au cours des cinq dernie\u0300res anne\u0301es. Piliers de notre syste\u0300me de protection sociale, la CNSS et la CNAM-GS peinent de\u0301sormais a\u0300 remplir leurs missions. Quant aux retraite\u0301s du secteur public, ils ont le plus grand mal a\u0300 vivre avec les maigres pensions qui leur sont verse\u0301es. Dans leur immense majorite\u0301, nos compatriotes n\u2019arrivent plus a\u0300 se nourrir convenablement, tant l\u2019inflation se concentre principalement sur les produits alimentaires de base. Pendant que les Gabonais s\u2019appauvrissent et vivent le martyr, on assiste, comme jamais dans l\u2019histoire de notre pays, au pillage des ressources ainsi qu\u2019a\u0300 un endettement sans fin.<\/p>\n<p>A quelques mois d\u2019une anne\u0301e particulie\u0300rement charge\u0301e, rien n\u2019est fait pour e\u0301viter a\u0300 notre pays de sombrer davantage. Bien au contraire. Tout semble e\u0302tre fait pour le pre\u0301cipiter dans l\u2019abi\u0302me et dans le chaos. La violence observe\u0301e dans nos e\u0301coles, villes et villages, n\u2019est que le signe du mal-e\u0302tre de populations abandonne\u0301es a\u0300 elles-me\u0302mes et confronte\u0301es a\u0300 une pauvrete\u0301 ende\u0301mique. Oui, nous assistons a\u0300 une clochardisation progressive de nos compatriotes. Notre vivre-ensemble n\u2019est plus menace\u0301. Il est se\u0301rieusement entame\u0301. Alors, peut-on et doit-on continuer a\u0300 danser sur le pont pendant que le bateau coule ? a\u0300 l\u2019Union Nationale, nous ne pouvons nous re\u0301soudre a\u0300 cela.<\/p>\n<p><b>Chers compatriotes,<\/b><br \/>\n<b>Mesdames et messieurs<\/b><\/p>\n<p>2023, anne\u0301e de toutes les e\u0301lections, se pre\u0301sente comme notre principal de\u0301fi. L\u2019an prochain, nous avons rendez-vous avec l\u2019histoire. Avec plusieurs autres formations politiques amies, notamment le Congre\u0300s pour la de\u0301mocratie et la justice (CDJ), Les De\u0301mocrates, le Front de\u0301mocratique et culturel (FDC), le Parti du re\u0301veil citoyen (PRC), le Rassemblement pour le Gabon (RPG), le Rassemblement pour la patrie et la modernite\u0301 (RPM), le Rassemblement des patriotes re\u0301publicains (RPR), l\u2019Union de\u0301mocratique et sociale (UDS), et l\u2019Union pour la nouvelle Re\u0301publique (UPNR), nous avons pris l\u2019initiative de soumettre au pays un me\u0301morandum en vue d\u2019une re\u0301forme du syste\u0300me e\u0301lectoral national. Notre conviction est que, je cite : \u00ab Le maintien du syste\u0300me e\u0301lectoral en vigueur ou le refus de le re\u0301former pourrait conduite le pays vers des tensions aux conse\u0301quences incalculables. \u00bb Fin de citation. Sur le me\u0302me the\u0300me, le parti REAGIR et la socie\u0301te\u0301 civile ont, eux aussi, de\u0301pose\u0301 des me\u0301moranda. Pour notre part, nous nous sommes simultane\u0301ment adresse\u0301s a\u0300 la Cour constitutionnelle et au ministe\u0300re de l\u2019Inte\u0301rieur. Six mois plus tard, l\u2019exe\u0301cutif n\u2019a toujours pas juge\u0301 utile de discuter de nos propositions. Il ne trouve toujours pas ne\u0301cessaire d\u2019engager cette concertation pourtant annonce\u0301e par le Ministre de l\u2019Inte\u0301rieur. C\u2019est pourquoi, avec gravite\u0301, nous disons a\u0300 l\u2019endroit de tous, particulie\u0300rement du pouvoir exe\u0301cutif, que la responsabilite\u0301 commande que cette pre\u0301occupation soit entendue et traite\u0301e avec le plus grand se\u0301rieux. Il ne s\u2019agit nullement d\u2019ouvrir un quelconque marchandage politicien. Il s\u2019agit de cre\u0301er les conditions de la pre\u0301servation de la paix sociale et de la construction d\u2019une de\u0301mocratie participative et apaise\u0301e.<\/p>\n<p><b>Chers compatriotes,<\/b><br \/>\n<b>Mesdames et messieurs<\/b><\/p>\n<p>En 2016, pre\u0300s de 34% des Gabonais en a\u0302ge de voter n\u2019avaient pas juge\u0301 ne\u0301cessaire de s\u2019inscrire sur les listes e\u0301lectorales. Parmi les inscrits, pre\u0300s de 43% avaient opte\u0301 pour l\u2019abstention. L\u2019enro\u0302lement et la participation doivent donc nous pre\u0301occuper au plus haut point. Nous devons examiner ces questions le plus rapidement possible. Nous devons le faire avec me\u0301thode et loin de toute de\u0301magogie. Nous ne devons pas nous laisser enfermer dans des postures dogmatiques. Nous devons nous doter d\u2019une strate\u0301gie commune pour peser sur les e\u0301ve\u0300nements. Cela veut dire que nous devons re\u0301fle\u0301chir aux moyens de donner a\u0300 chaque Gabonaise et a\u0300 chaque Gabonais des raisons d\u2019y croire et de se sentir pleinement concerne\u0301 par les e\u0301che\u0301ances a\u0300 venir. Voila\u0300 pourquoi, je propose aux Pre\u0301sidents des partis signataires du Me\u0301morandum pour une re\u0301forme du syste\u0300me e\u0301lectoral national, au parti REAGIR et, pourquoi pas, a\u0300 d\u2019autres partis qui partagent la me\u0302me vision, de nous retrouver sans de\u0301lai afin d\u2019esquisser les contours d\u2019un cadre me\u0301thodologique et organisationnel pour une re\u0301flexion commune. Il s\u2019agit de permettre le rassemblement et l\u2019unite\u0301 des forces de l\u2019alternance, d\u2019impulser une dynamique citoyenne et agissante, tout en posant les bases d\u2019une gouvernance moderne. Avant, pendant et apre\u0300s les e\u0301che\u0301ances de 2023, nous devons e\u0302tre capables d\u2019agir ensemble. Notre responsabilite\u0301 est d\u2019apporter aux Gabonais les re\u0301ponses aux deux questions suivantes : \u00ab Ou\u0300 va le Gabon ? \u00bb et \u00ab Que devons-nous faire pour stopper son de\u0301clin ?\u00ab .<\/p>\n<p><b>Chers compatriotes,<\/b><br \/>\n<b>Mesdames et messieurs<\/b><\/p>\n<p>La pre\u0301sidentielle \u2013 vous le savez \u2013 est l\u2019e\u0301lection politique majeure. Nous devons nous y pre\u0301parer. Les le\u0301gislatives constituent le deuxie\u0300me scrutin d\u2019importance. En regardant dans le re\u0301troviseur, on ne peut que nourrir quelques regrets, la dynamique unitaire qui avait pourtant montre\u0301 son efficacite\u0301 en 2016 n\u2019ayant pu e\u0302tre re\u0301e\u0301dite\u0301e en 2018, le de\u0301bat s\u2019e\u0301tant focalise\u0301 sur la pertinence de notre participation. Nous devons nous garder de retomber dans les me\u0302mes errements. Le troisie\u0300me scrutin, ce sont les locales. Parce qu\u2019elles de\u0301terminent la composition future du Se\u0301nat, je souhaite que nous nous y pre\u0301parions avec minutie. Cela signifie inciter nos compatriotes, notamment les jeunes et les femmes, a\u0300 s\u2019inscrire sur les listes e\u0301lectorales. Cela signifie aussi pointer les dangers de l\u2019abstention car, s\u2019abstenir c\u2019est donner a\u0300 autrui le droit de de\u0301cider pour nous et sans nous ! Cela signifie enfin que nos militants soient pre\u0302ts a\u0300 prendre part aux formations que nous devrons organiser en direction de nos scrutateurs afin de les mettre en capacite\u0301 de remplir correctement leur mission avant, pendant et apre\u0300s les diffe\u0301rents scrutins. Je suis convaincue que si nous nous organisons bien, si nous parvenons a\u0300 mobiliser l\u2019ensemble de nos forces et faire progresser le taux de participation, l\u2019alternance sera a\u0300 notre porte\u0301e.<\/p>\n<p><b>Chers compatriotes,<\/b><br \/>\n<b>Mesdames et messieurs<\/b><\/p>\n<p>Fide\u0300le a\u0300 cette conviction et instruite par l\u2019expe\u0301rience du passe\u0301, l\u2019Union Nationale veut proposer une dynamique nouvelle. En 2016, notre parti a indique\u0301 la voie de l\u2019unite\u0301 et du rassemblement en initiant le processus de de\u0301signation du candidat unique de l\u2019opposition a\u0300 la pre\u0301sidentielle. C\u2019est le lieu de rendre un vibrant hommage aux candidats qui n\u2019avaient pas e\u0301te\u0301 retenus et qui avaient su se hisser au niveau des enjeux en renonc\u0327ant a\u0300 leurs le\u0301gitimes ambitions pour faire triompher l\u2019inte\u0301re\u0302t de l\u2019opposition, du Gabon et des Gabonais.<\/p>\n<p>Comme en 2016, nous devons, de\u0300s a\u0300 pre\u0301sent, privile\u0301gier l\u2019unite\u0301 et le rassemblement. Nous devons le faire dans l\u2019inte\u0301re\u0302t du peuple gabonais. Nous devrons le faire pour nos enfants, pour nos petit-enfants et pour les ge\u0301ne\u0301rations futures. Nous devons le faire dans le cadre bien compris de scrutins a\u0300 deux (2) tours. Voila\u0300 pourquoi nous devons innover. Voila\u0300 pourquoi nous devons adapter notre strate\u0301gie commune.<\/p>\n<p>De fac\u0327on solennelle et devant le peuple gabonais, je lance un appel pressant a\u0300 tous les partis signataires du Me\u0301morandum pour une re\u0301forme du syste\u0300me e\u0301lectoral national, au parti REAGIR ainsi qu\u2019a\u0300 tous les patriotes qui adhe\u0300rent a\u0300 cette initiative, afin que nous nous accordions sur les principes, objectifs et actions a\u0300 mener ensemble en vue d\u2019obtenir l\u2019organisation d\u2019e\u0301lections libres, transparentes et apaise\u0301es en 2023. Sans tabou, nous devons ouvrir une discussion sur la reconstruction de l\u2019Etat et de la Re\u0301publique. Si nous devons impulser le renouvellement de notre pratique politique, nous devons aussi arre\u0302ter un programme commun de gouvernement. Nous devons le faire dans le respect des identite\u0301s de nos organisations respectives. En un mot, nous devons conclure un \u00ab Pacte de confiance. \u00bb Voila\u0300 pourquoi, ce dimanche 27 novembre 2023, a\u0300 la Chambre de commerce de Libreville, j\u2018en appelle au rassemblement et a\u0300 l\u2019unite\u0301 de toutes les forces de l\u2019opposition pour travailler ensemble a\u0300 l\u2019ave\u0300nement de l\u2019alternance de\u0301mocratique en 2023.<\/p>\n<p>Vive l\u2019Union Nationale !<\/p>\n<p>Vive l\u2019unite\u0301 de l\u2019opposition !<\/p>\n<p>Vive la Re\u0301publique !<\/p>\n<p>Pour que vive le Gabon !<\/p>\n<p><b>Je vous remercie.<\/b><\/p>\n<p><strong>Pour plus d&rsquo;informations et d&rsquo;analyses sur la <a href=\"https:\/\/www.africa-press.net\/gabon\">Gabon<\/a>, suivez <a href=\"https:\/\/www.africa-press.net\/\">Africa-Press<\/a><\/strong><\/p>\n","protected":false},"excerpt":{"rendered":"<p>Africa-Press &#8211; Gabon. Dans son discours de rentre\u0301e politique a\u0300 la Chambre de commerce ce dimanche, la pre\u0301sidente de l\u2019Union nationale (UN), Paulette Missambo a de\u0301plore\u0301 la mauvaise gestion du Gabon et sugge\u0301re\u0301 que pour sauver le pays du de\u0301clin, il faut que l\u2019opposition se rassemble d\u2019abord pour arracher du pouvoir la transparence e\u0301lectorale et [&hellip;]<\/p>\n","protected":false},"author":82,"featured_media":13208,"comment_status":"open","ping_status":"closed","sticky":false,"template":"","format":"standard","meta":{"footnotes":""},"categories":[2,10],"tags":[36,50,49],"class_list":["post-13209","post","type-post","status-publish","format-standard","has-post-thumbnail","hentry","category-politique","category-toutes-les-actualites","tag-africa-press","tag-africa-press-gabon","tag-gabon"],"yoast_head":"<!-- This site is optimized with the Yoast SEO Premium plugin v26.1 (Yoast SEO v27.0) - https:\/\/yoast.com\/product\/yoast-seo-premium-wordpress\/ -->\n<title>Paulette Missambo appelle au rassemblement de l\u2019opposition pour \u00e9carter le PDG du pouvoir - Gabon<\/title>\n<meta name=\"description\" content=\"Dans son discours de rentre\u0301e politique a\u0300 la Chambre de commerce ce dimanche, la pre\u0301sidente de l\u2019Union nationale (U ...\" \/>\n<meta name=\"robots\" content=\"index, follow, max-snippet:-1, max-image-preview:large, max-video-preview:-1\" \/>\n<link rel=\"canonical\" href=\"https:\/\/www.africa-press.net\/gabon\/politique\/paulette-missambo-appelle-au-rassemblement-de-lopposition-pour-ecarter-le-pdg-du-pouvoir\" \/>\n<meta property=\"og:locale\" content=\"fr_FR\" \/>\n<meta property=\"og:type\" content=\"article\" \/>\n<meta property=\"og:title\" content=\"Paulette Missambo appelle au rassemblement de l\u2019opposition pour \u00e9carter le PDG du pouvoir\" \/>\n<meta property=\"og:description\" content=\"Dans son discours de rentre\u0301e politique a\u0300 la Chambre de commerce ce dimanche, la pre\u0301sidente de l\u2019Union nationale (U ...\" \/>\n<meta property=\"og:url\" content=\"https:\/\/www.africa-press.net\/gabon\/politique\/paulette-missambo-appelle-au-rassemblement-de-lopposition-pour-ecarter-le-pdg-du-pouvoir\" \/>\n<meta property=\"og:site_name\" content=\"Gabon\" \/>\n<meta property=\"article:published_time\" content=\"2022-11-27T19:57:27+00:00\" \/>\n<meta property=\"article:modified_time\" content=\"2022-11-27T20:46:01+00:00\" \/>\n<meta property=\"og:image\" content=\"https:\/\/static.africa-press.net\/gabon\/sites\/54\/2022\/11\/postQueueImg_1669566464.12.jpg\" \/>\n\t<meta property=\"og:image:width\" content=\"1080\" \/>\n\t<meta property=\"og:image:height\" content=\"608\" \/>\n\t<meta property=\"og:image:type\" content=\"image\/jpeg\" \/>\n<meta name=\"author\" content=\"cfeditorfr\" \/>\n<meta name=\"twitter:card\" content=\"summary_large_image\" \/>\n<meta name=\"twitter:label1\" content=\"\u00c9crit par\" \/>\n\t<meta name=\"twitter:data1\" content=\"cfeditorfr\" \/>\n\t<meta name=\"twitter:label2\" content=\"Dur\u00e9e de lecture estim\u00e9e\" \/>\n\t<meta name=\"twitter:data2\" content=\"10 minutes\" \/>\n<script type=\"application\/ld+json\" class=\"yoast-schema-graph\">{\"@context\":\"https:\/\/schema.org\",\"@graph\":[{\"@type\":\"Article\",\"@id\":\"https:\/\/www.africa-press.net\/gabon\/politique\/paulette-missambo-appelle-au-rassemblement-de-lopposition-pour-ecarter-le-pdg-du-pouvoir#article\",\"isPartOf\":{\"@id\":\"https:\/\/www.africa-press.net\/gabon\/politique\/paulette-missambo-appelle-au-rassemblement-de-lopposition-pour-ecarter-le-pdg-du-pouvoir\"},\"author\":{\"name\":\"cfeditorfr\",\"@id\":\"https:\/\/www.africa-press.net\/gabon\/#\/schema\/person\/2b1cf3cd81a31e3cd26889ca66d677f1\"},\"headline\":\"Paulette Missambo appelle au rassemblement de l\u2019opposition pour \u00e9carter le PDG du pouvoir\",\"datePublished\":\"2022-11-27T19:57:27+00:00\",\"dateModified\":\"2022-11-27T20:46:01+00:00\",\"mainEntityOfPage\":{\"@id\":\"https:\/\/www.africa-press.net\/gabon\/politique\/paulette-missambo-appelle-au-rassemblement-de-lopposition-pour-ecarter-le-pdg-du-pouvoir\"},\"wordCount\":2240,\"commentCount\":0,\"image\":{\"@id\":\"https:\/\/www.africa-press.net\/gabon\/politique\/paulette-missambo-appelle-au-rassemblement-de-lopposition-pour-ecarter-le-pdg-du-pouvoir#primaryimage\"},\"thumbnailUrl\":\"https:\/\/static.africa-press.net\/gabon\/sites\/54\/2022\/11\/postQueueImg_1669566464.12.jpg\",\"keywords\":[\"Africa Press\",\"Africa Press-Gabon\",\"Gabon\"],\"articleSection\":[\"Politique\",\"Toutes les actualit\u00e9s\"],\"inLanguage\":\"fr-FR\",\"potentialAction\":[{\"@type\":\"CommentAction\",\"name\":\"Comment\",\"target\":[\"https:\/\/www.africa-press.net\/gabon\/politique\/paulette-missambo-appelle-au-rassemblement-de-lopposition-pour-ecarter-le-pdg-du-pouvoir#respond\"]}]},{\"@type\":\"WebPage\",\"@id\":\"https:\/\/www.africa-press.net\/gabon\/politique\/paulette-missambo-appelle-au-rassemblement-de-lopposition-pour-ecarter-le-pdg-du-pouvoir\",\"url\":\"https:\/\/www.africa-press.net\/gabon\/politique\/paulette-missambo-appelle-au-rassemblement-de-lopposition-pour-ecarter-le-pdg-du-pouvoir\",\"name\":\"Paulette Missambo appelle au rassemblement de l\u2019opposition pour \u00e9carter le PDG du pouvoir - Gabon\",\"isPartOf\":{\"@id\":\"https:\/\/www.africa-press.net\/gabon\/#website\"},\"primaryImageOfPage\":{\"@id\":\"https:\/\/www.africa-press.net\/gabon\/politique\/paulette-missambo-appelle-au-rassemblement-de-lopposition-pour-ecarter-le-pdg-du-pouvoir#primaryimage\"},\"image\":{\"@id\":\"https:\/\/www.africa-press.net\/gabon\/politique\/paulette-missambo-appelle-au-rassemblement-de-lopposition-pour-ecarter-le-pdg-du-pouvoir#primaryimage\"},\"thumbnailUrl\":\"https:\/\/static.africa-press.net\/gabon\/sites\/54\/2022\/11\/postQueueImg_1669566464.12.jpg\",\"datePublished\":\"2022-11-27T19:57:27+00:00\",\"dateModified\":\"2022-11-27T20:46:01+00:00\",\"author\":{\"@id\":\"https:\/\/www.africa-press.net\/gabon\/#\/schema\/person\/2b1cf3cd81a31e3cd26889ca66d677f1\"},\"description\":\"Dans son discours de rentre\u0301e politique a\u0300 la Chambre de commerce ce dimanche, la pre\u0301sidente de l\u2019Union nationale (U ...\",\"breadcrumb\":{\"@id\":\"https:\/\/www.africa-press.net\/gabon\/politique\/paulette-missambo-appelle-au-rassemblement-de-lopposition-pour-ecarter-le-pdg-du-pouvoir#breadcrumb\"},\"inLanguage\":\"fr-FR\",\"potentialAction\":[{\"@type\":\"ReadAction\",\"target\":[\"https:\/\/www.africa-press.net\/gabon\/politique\/paulette-missambo-appelle-au-rassemblement-de-lopposition-pour-ecarter-le-pdg-du-pouvoir\"]}]},{\"@type\":\"ImageObject\",\"inLanguage\":\"fr-FR\",\"@id\":\"https:\/\/www.africa-press.net\/gabon\/politique\/paulette-missambo-appelle-au-rassemblement-de-lopposition-pour-ecarter-le-pdg-du-pouvoir#primaryimage\",\"url\":\"https:\/\/static.africa-press.net\/gabon\/sites\/54\/2022\/11\/postQueueImg_1669566464.12.jpg\",\"contentUrl\":\"https:\/\/static.africa-press.net\/gabon\/sites\/54\/2022\/11\/postQueueImg_1669566464.12.jpg\",\"width\":1080,\"height\":608,\"caption\":\"Paulette Missambo appelle au rassemblement de l\u2019opposition pour \u00e9carter le PDG du pouvoir\"},{\"@type\":\"BreadcrumbList\",\"@id\":\"https:\/\/www.africa-press.net\/gabon\/politique\/paulette-missambo-appelle-au-rassemblement-de-lopposition-pour-ecarter-le-pdg-du-pouvoir#breadcrumb\",\"itemListElement\":[{\"@type\":\"ListItem\",\"position\":1,\"name\":\"Accueil\",\"item\":\"https:\/\/www.africa-press.net\/gabon\/\"},{\"@type\":\"ListItem\",\"position\":2,\"name\":\"Paulette Missambo appelle au rassemblement de l\u2019opposition pour \u00e9carter le PDG du pouvoir\"}]},{\"@type\":\"WebSite\",\"@id\":\"https:\/\/www.africa-press.net\/gabon\/#website\",\"url\":\"https:\/\/www.africa-press.net\/gabon\/\",\"name\":\"Gabon\",\"description\":\"Just another Africa News Agency Sites site\",\"potentialAction\":[{\"@type\":\"SearchAction\",\"target\":{\"@type\":\"EntryPoint\",\"urlTemplate\":\"https:\/\/www.africa-press.net\/gabon\/?s={search_term_string}\"},\"query-input\":{\"@type\":\"PropertyValueSpecification\",\"valueRequired\":true,\"valueName\":\"search_term_string\"}}],\"inLanguage\":\"fr-FR\"},{\"@type\":\"Person\",\"@id\":\"https:\/\/www.africa-press.net\/gabon\/#\/schema\/person\/2b1cf3cd81a31e3cd26889ca66d677f1\",\"name\":\"cfeditorfr\"}]}<\/script>\n<!-- \/ Yoast SEO Premium plugin. -->","yoast_head_json":{"title":"Paulette Missambo appelle au rassemblement de l\u2019opposition pour \u00e9carter le PDG du pouvoir - Gabon","description":"Dans son discours de rentre\u0301e politique a\u0300 la Chambre de commerce ce dimanche, la pre\u0301sidente de l\u2019Union nationale (U ...","robots":{"index":"index","follow":"follow","max-snippet":"max-snippet:-1","max-image-preview":"max-image-preview:large","max-video-preview":"max-video-preview:-1"},"canonical":"https:\/\/www.africa-press.net\/gabon\/politique\/paulette-missambo-appelle-au-rassemblement-de-lopposition-pour-ecarter-le-pdg-du-pouvoir","og_locale":"fr_FR","og_type":"article","og_title":"Paulette Missambo appelle au rassemblement de l\u2019opposition pour \u00e9carter le PDG du pouvoir","og_description":"Dans son discours de rentre\u0301e politique a\u0300 la Chambre de commerce ce dimanche, la pre\u0301sidente de l\u2019Union nationale (U ...","og_url":"https:\/\/www.africa-press.net\/gabon\/politique\/paulette-missambo-appelle-au-rassemblement-de-lopposition-pour-ecarter-le-pdg-du-pouvoir","og_site_name":"Gabon","article_published_time":"2022-11-27T19:57:27+00:00","article_modified_time":"2022-11-27T20:46:01+00:00","og_image":[{"width":1080,"height":608,"url":"https:\/\/static.africa-press.net\/gabon\/sites\/54\/2022\/11\/postQueueImg_1669566464.12.jpg","type":"image\/jpeg"}],"author":"cfeditorfr","twitter_card":"summary_large_image","twitter_misc":{"\u00c9crit par":"cfeditorfr","Dur\u00e9e de lecture estim\u00e9e":"10 minutes"},"schema":{"@context":"https:\/\/schema.org","@graph":[{"@type":"Article","@id":"https:\/\/www.africa-press.net\/gabon\/politique\/paulette-missambo-appelle-au-rassemblement-de-lopposition-pour-ecarter-le-pdg-du-pouvoir#article","isPartOf":{"@id":"https:\/\/www.africa-press.net\/gabon\/politique\/paulette-missambo-appelle-au-rassemblement-de-lopposition-pour-ecarter-le-pdg-du-pouvoir"},"author":{"name":"cfeditorfr","@id":"https:\/\/www.africa-press.net\/gabon\/#\/schema\/person\/2b1cf3cd81a31e3cd26889ca66d677f1"},"headline":"Paulette Missambo appelle au rassemblement de l\u2019opposition pour \u00e9carter le PDG du pouvoir","datePublished":"2022-11-27T19:57:27+00:00","dateModified":"2022-11-27T20:46:01+00:00","mainEntityOfPage":{"@id":"https:\/\/www.africa-press.net\/gabon\/politique\/paulette-missambo-appelle-au-rassemblement-de-lopposition-pour-ecarter-le-pdg-du-pouvoir"},"wordCount":2240,"commentCount":0,"image":{"@id":"https:\/\/www.africa-press.net\/gabon\/politique\/paulette-missambo-appelle-au-rassemblement-de-lopposition-pour-ecarter-le-pdg-du-pouvoir#primaryimage"},"thumbnailUrl":"https:\/\/static.africa-press.net\/gabon\/sites\/54\/2022\/11\/postQueueImg_1669566464.12.jpg","keywords":["Africa Press","Africa Press-Gabon","Gabon"],"articleSection":["Politique","Toutes les actualit\u00e9s"],"inLanguage":"fr-FR","potentialAction":[{"@type":"CommentAction","name":"Comment","target":["https:\/\/www.africa-press.net\/gabon\/politique\/paulette-missambo-appelle-au-rassemblement-de-lopposition-pour-ecarter-le-pdg-du-pouvoir#respond"]}]},{"@type":"WebPage","@id":"https:\/\/www.africa-press.net\/gabon\/politique\/paulette-missambo-appelle-au-rassemblement-de-lopposition-pour-ecarter-le-pdg-du-pouvoir","url":"https:\/\/www.africa-press.net\/gabon\/politique\/paulette-missambo-appelle-au-rassemblement-de-lopposition-pour-ecarter-le-pdg-du-pouvoir","name":"Paulette Missambo appelle au rassemblement de l\u2019opposition pour \u00e9carter le PDG du pouvoir - Gabon","isPartOf":{"@id":"https:\/\/www.africa-press.net\/gabon\/#website"},"primaryImageOfPage":{"@id":"https:\/\/www.africa-press.net\/gabon\/politique\/paulette-missambo-appelle-au-rassemblement-de-lopposition-pour-ecarter-le-pdg-du-pouvoir#primaryimage"},"image":{"@id":"https:\/\/www.africa-press.net\/gabon\/politique\/paulette-missambo-appelle-au-rassemblement-de-lopposition-pour-ecarter-le-pdg-du-pouvoir#primaryimage"},"thumbnailUrl":"https:\/\/static.africa-press.net\/gabon\/sites\/54\/2022\/11\/postQueueImg_1669566464.12.jpg","datePublished":"2022-11-27T19:57:27+00:00","dateModified":"2022-11-27T20:46:01+00:00","author":{"@id":"https:\/\/www.africa-press.net\/gabon\/#\/schema\/person\/2b1cf3cd81a31e3cd26889ca66d677f1"},"description":"Dans son discours de rentre\u0301e politique a\u0300 la Chambre de commerce ce dimanche, la pre\u0301sidente de l\u2019Union nationale (U ...","breadcrumb":{"@id":"https:\/\/www.africa-press.net\/gabon\/politique\/paulette-missambo-appelle-au-rassemblement-de-lopposition-pour-ecarter-le-pdg-du-pouvoir#breadcrumb"},"inLanguage":"fr-FR","potentialAction":[{"@type":"ReadAction","target":["https:\/\/www.africa-press.net\/gabon\/politique\/paulette-missambo-appelle-au-rassemblement-de-lopposition-pour-ecarter-le-pdg-du-pouvoir"]}]},{"@type":"ImageObject","inLanguage":"fr-FR","@id":"https:\/\/www.africa-press.net\/gabon\/politique\/paulette-missambo-appelle-au-rassemblement-de-lopposition-pour-ecarter-le-pdg-du-pouvoir#primaryimage","url":"https:\/\/static.africa-press.net\/gabon\/sites\/54\/2022\/11\/postQueueImg_1669566464.12.jpg","contentUrl":"https:\/\/static.africa-press.net\/gabon\/sites\/54\/2022\/11\/postQueueImg_1669566464.12.jpg","width":1080,"height":608,"caption":"Paulette Missambo appelle au rassemblement de l\u2019opposition pour \u00e9carter le PDG du pouvoir"},{"@type":"BreadcrumbList","@id":"https:\/\/www.africa-press.net\/gabon\/politique\/paulette-missambo-appelle-au-rassemblement-de-lopposition-pour-ecarter-le-pdg-du-pouvoir#breadcrumb","itemListElement":[{"@type":"ListItem","position":1,"name":"Accueil","item":"https:\/\/www.africa-press.net\/gabon\/"},{"@type":"ListItem","position":2,"name":"Paulette Missambo appelle au rassemblement de l\u2019opposition pour \u00e9carter le PDG du pouvoir"}]},{"@type":"WebSite","@id":"https:\/\/www.africa-press.net\/gabon\/#website","url":"https:\/\/www.africa-press.net\/gabon\/","name":"Gabon","description":"Just another Africa News Agency Sites site","potentialAction":[{"@type":"SearchAction","target":{"@type":"EntryPoint","urlTemplate":"https:\/\/www.africa-press.net\/gabon\/?s={search_term_string}"},"query-input":{"@type":"PropertyValueSpecification","valueRequired":true,"valueName":"search_term_string"}}],"inLanguage":"fr-FR"},{"@type":"Person","@id":"https:\/\/www.africa-press.net\/gabon\/#\/schema\/person\/2b1cf3cd81a31e3cd26889ca66d677f1","name":"cfeditorfr"}]}},"_links":{"self":[{"href":"https:\/\/www.africa-press.net\/gabon\/wp-json\/wp\/v2\/posts\/13209","targetHints":{"allow":["GET"]}}],"collection":[{"href":"https:\/\/www.africa-press.net\/gabon\/wp-json\/wp\/v2\/posts"}],"about":[{"href":"https:\/\/www.africa-press.net\/gabon\/wp-json\/wp\/v2\/types\/post"}],"author":[{"embeddable":true,"href":"https:\/\/www.africa-press.net\/gabon\/wp-json\/wp\/v2\/users\/82"}],"replies":[{"embeddable":true,"href":"https:\/\/www.africa-press.net\/gabon\/wp-json\/wp\/v2\/comments?post=13209"}],"version-history":[{"count":0,"href":"https:\/\/www.africa-press.net\/gabon\/wp-json\/wp\/v2\/posts\/13209\/revisions"}],"wp:featuredmedia":[{"embeddable":true,"href":"https:\/\/www.africa-press.net\/gabon\/wp-json\/wp\/v2\/media\/13208"}],"wp:attachment":[{"href":"https:\/\/www.africa-press.net\/gabon\/wp-json\/wp\/v2\/media?parent=13209"}],"wp:term":[{"taxonomy":"category","embeddable":true,"href":"https:\/\/www.africa-press.net\/gabon\/wp-json\/wp\/v2\/categories?post=13209"},{"taxonomy":"post_tag","embeddable":true,"href":"https:\/\/www.africa-press.net\/gabon\/wp-json\/wp\/v2\/tags?post=13209"}],"curies":[{"name":"wp","href":"https:\/\/api.w.org\/{rel}","templated":true}]}}