{"id":13212,"date":"2022-11-27T19:58:37","date_gmt":"2022-11-27T19:58:37","guid":{"rendered":"https:\/\/www.africa-press.net\/gabon\/politique\/afrique-centrale-le-point-sur-la-mission-dabdou-abarry"},"modified":"2022-11-27T20:46:34","modified_gmt":"2022-11-27T20:46:34","slug":"afrique-centrale-le-point-sur-la-mission-dabdou-abarry","status":"publish","type":"post","link":"https:\/\/www.africa-press.net\/gabon\/politique\/afrique-centrale-le-point-sur-la-mission-dabdou-abarry","title":{"rendered":"Afrique centrale : Le point sur la mission d\u2019Abdou Abarry"},"content":{"rendered":"<p><span style=\"color: #ff6600\"><strong>Africa-Press &#8211; Gabon. <\/strong><\/span><b>Depuis son arrive\u0301e dans la capitale gabonaise le 9 septembre 2022, le Repre\u0301sentant spe\u0301cial du Secre\u0301taire ge\u0301ne\u0301ral de l\u2019Organisation des Nations Unies (Onu) pour l\u2019Afrique centrale, Abdou Abarry, s\u2019est pre\u0301sente\u0301 le 24 novembre. L\u2019occasion pour lui de pre\u0301senter aux me\u0301dias les activite\u0301s du \u2018Bureau\u2019 et expliciter la mise en \u0153uvre du mandat de cette mission.<\/b><\/p>\n<p>Arrive\u0301 au Gabon le 9 septembre 2022, le Repre\u0301sentant spe\u0301cial du Secre\u0301taire ge\u0301ne\u0301ral de l\u2019Organisation des Nations Unies (Onu) pour l\u2019Afrique centrale, Abdou Abarry, a e\u0301change\u0301 pour la premie\u0300re fois avec la presse, le 24 novembre dernier. \u00abAu-dela\u0300 de la ne\u0301cessite\u0301 de me pre\u0301senter officiellement a\u0300 vous, il est de notre devoir de faire le point sur nos activite\u0301s et de re\u0301pondre aux questions que le public se pose sur les sujets en rapport avec la mise en \u0153uvre de notre mandat\u00bb, a-t-il fait savoir d\u2019entre\u0301e de jeu.<\/p>\n<p>Naturellement, M. Abarry n\u2019a pas manque\u0301 de fe\u0301liciter les hommes et les femmes de me\u0301dias pour le travail important qu\u2019ils font pour \u00abcontribuer a\u0300 maintenir un climat de paix et de se\u0301curite\u0301 au Gabon, voire au-dela\u0300\u00bb. Malgre\u0301 les de\u0301fis auxquels ils sont souvent confronte\u0301s, il leur a particulie\u0300rement demande\u0301 de poursuivre leurs engagements en faveur de la pre\u0301vention et la lutte contre les discours de haine dans les supports de communication e\u0301crite, audiovisuelle et nume\u0301rique. A cet e\u0301gard, il a salue\u0301 la participation active des Gabonais au de\u0301veloppement du projet de strate\u0301gie re\u0301gionale y relative \u2013 adopte\u0301 le 24 juin 2022 lors d\u2019un Forum a\u0300 Kinshasa, en Re\u0301publique de\u0301mocratique du Congo (RDC).<\/p>\n<p>Cette question, selon le Repre\u0301sentant spe\u0301cial, occupe une place conside\u0301rable dans le 23e rapport du Secre\u0301taire ge\u0301ne\u0301ral de l\u2019Onu sur la situation en Afrique centrale et sur les activite\u0301s de l\u2019Unoca qu\u2019il pre\u0301sentera le 8 de\u0301cembre 2022 au Conseil de se\u0301curite\u0301.<\/p>\n<p>La se\u0301curite\u0301 maritime dans le golfe Guine\u0301e, le changement climatique, les conflits entre les e\u0301leveurs et les communaute\u0301s locales d\u2019agriculteurs et de pe\u0301cheurs dans le bassin du lac Tchad, les activite\u0301s de Boko Haram dans cette re\u0301gion (bassin du lac Tchad), etc. ont notamment e\u0301te\u0301 aborde\u0301s.<\/p>\n<p>Abdou Abarry s\u2019est de\u0301clare\u0301 pre\u0301occupe\u0301 par l\u2019ampleur et l\u2019impact des attaques de la secte terroriste Boko Haram. \u00abDu 1er juin au 30 septembre 2022, il y a [&#8230;] eu 16 incidents de se\u0301curite\u0301 lie\u0301s a\u0300 Boko Haram signale\u0301s par les Nations Unies au Tchad (avec 11 morts civils), et 47 incidents signale\u0301s par l\u2019ONU au Cameroun, avec 27 morts civils\u00bb, a signale\u0301 le Chef de l\u2019Unoca.<\/p>\n<p>La situation dans les re\u0301gions du Sud-Ouest et du Nord-Ouest Cameroun a aussi e\u0301te\u0301 e\u0301voque\u0301e ainsi que la transition politique au Tchad et les proble\u0301matiques lie\u0301es a\u0300 la gouvernance e\u0301lectorale dans certains pays de la sous-re\u0301gion. Outre l\u2019environnement se\u0301curitaire a\u0300 l\u2019Est de la Re\u0301publique de\u0301mocratique du Congo, il a re\u0301pondu a\u0300 plusieurs questions sur les deux derniers sujets, donnant chaque fois des de\u0301tails sur les actions que me\u0300ne l\u2019Unoca pour pre\u0301venir les conflits et promouvoir la paix dans sa zone d\u2019intervention.<\/p>\n<p><strong>Pour plus d&rsquo;informations et d&rsquo;analyses sur la <a href=\"https:\/\/www.africa-press.net\/gabon\">Gabon<\/a>, suivez <a href=\"https:\/\/www.africa-press.net\/\">Africa-Press<\/a><\/strong><\/p>\n","protected":false},"excerpt":{"rendered":"<p>Africa-Press &#8211; Gabon. Depuis son arrive\u0301e dans la capitale gabonaise le 9 septembre 2022, le Repre\u0301sentant spe\u0301cial du Secre\u0301taire ge\u0301ne\u0301ral de l\u2019Organisation des Nations Unies (Onu) pour l\u2019Afrique centrale, Abdou Abarry, s\u2019est pre\u0301sente\u0301 le 24 novembre. L\u2019occasion pour lui de pre\u0301senter aux me\u0301dias les activite\u0301s du \u2018Bureau\u2019 et expliciter la mise en \u0153uvre du mandat [&hellip;]<\/p>\n","protected":false},"author":82,"featured_media":13211,"comment_status":"open","ping_status":"closed","sticky":false,"template":"","format":"standard","meta":{"footnotes":""},"categories":[2,10],"tags":[36,50,49],"class_list":["post-13212","post","type-post","status-publish","format-standard","has-post-thumbnail","hentry","category-politique","category-toutes-les-actualites","tag-africa-press","tag-africa-press-gabon","tag-gabon"],"yoast_head":"<!-- This site is optimized with the Yoast SEO Premium plugin v26.1 (Yoast SEO v27.0) - https:\/\/yoast.com\/product\/yoast-seo-premium-wordpress\/ -->\n<title>Afrique centrale : Le point sur la mission d\u2019Abdou Abarry - Gabon<\/title>\n<meta name=\"description\" content=\"Depuis son arrive\u0301e dans la capitale gabonaise le 9 septembre 2022, le Repre\u0301sentant spe\u0301cial du Secre\u0301taire ge\u0301ne\u0301ra ...\" \/>\n<meta name=\"robots\" content=\"index, follow, max-snippet:-1, max-image-preview:large, max-video-preview:-1\" \/>\n<link rel=\"canonical\" href=\"https:\/\/www.africa-press.net\/gabon\/politique\/afrique-centrale-le-point-sur-la-mission-dabdou-abarry\" \/>\n<meta property=\"og:locale\" content=\"fr_FR\" \/>\n<meta property=\"og:type\" content=\"article\" \/>\n<meta property=\"og:title\" content=\"Afrique centrale : Le point sur la mission d\u2019Abdou Abarry\" \/>\n<meta property=\"og:description\" content=\"Depuis son arrive\u0301e dans la capitale gabonaise le 9 septembre 2022, le Repre\u0301sentant spe\u0301cial du Secre\u0301taire ge\u0301ne\u0301ra ...\" \/>\n<meta property=\"og:url\" content=\"https:\/\/www.africa-press.net\/gabon\/politique\/afrique-centrale-le-point-sur-la-mission-dabdou-abarry\" \/>\n<meta property=\"og:site_name\" content=\"Gabon\" \/>\n<meta property=\"article:published_time\" content=\"2022-11-27T19:58:37+00:00\" \/>\n<meta property=\"article:modified_time\" content=\"2022-11-27T20:46:34+00:00\" \/>\n<meta property=\"og:image\" content=\"https:\/\/static.africa-press.net\/gabon\/sites\/54\/2022\/11\/postQueueImg_1669566524.16.jpg\" \/>\n\t<meta property=\"og:image:width\" content=\"720\" \/>\n\t<meta property=\"og:image:height\" content=\"417\" \/>\n\t<meta property=\"og:image:type\" content=\"image\/jpeg\" \/>\n<meta name=\"author\" content=\"cfeditorfr\" \/>\n<meta name=\"twitter:card\" content=\"summary_large_image\" \/>\n<meta name=\"twitter:label1\" content=\"\u00c9crit par\" \/>\n\t<meta name=\"twitter:data1\" content=\"cfeditorfr\" \/>\n\t<meta name=\"twitter:label2\" content=\"Dur\u00e9e de lecture estim\u00e9e\" \/>\n\t<meta name=\"twitter:data2\" content=\"3 minutes\" \/>\n<script type=\"application\/ld+json\" class=\"yoast-schema-graph\">{\"@context\":\"https:\/\/schema.org\",\"@graph\":[{\"@type\":\"Article\",\"@id\":\"https:\/\/www.africa-press.net\/gabon\/politique\/afrique-centrale-le-point-sur-la-mission-dabdou-abarry#article\",\"isPartOf\":{\"@id\":\"https:\/\/www.africa-press.net\/gabon\/politique\/afrique-centrale-le-point-sur-la-mission-dabdou-abarry\"},\"author\":{\"name\":\"cfeditorfr\",\"@id\":\"https:\/\/www.africa-press.net\/gabon\/#\/schema\/person\/2b1cf3cd81a31e3cd26889ca66d677f1\"},\"headline\":\"Afrique centrale : Le point sur la mission d\u2019Abdou Abarry\",\"datePublished\":\"2022-11-27T19:58:37+00:00\",\"dateModified\":\"2022-11-27T20:46:34+00:00\",\"mainEntityOfPage\":{\"@id\":\"https:\/\/www.africa-press.net\/gabon\/politique\/afrique-centrale-le-point-sur-la-mission-dabdou-abarry\"},\"wordCount\":596,\"commentCount\":0,\"image\":{\"@id\":\"https:\/\/www.africa-press.net\/gabon\/politique\/afrique-centrale-le-point-sur-la-mission-dabdou-abarry#primaryimage\"},\"thumbnailUrl\":\"https:\/\/static.africa-press.net\/gabon\/sites\/54\/2022\/11\/postQueueImg_1669566524.16.jpg\",\"keywords\":[\"Africa Press\",\"Africa Press-Gabon\",\"Gabon\"],\"articleSection\":[\"Politique\",\"Toutes les actualit\u00e9s\"],\"inLanguage\":\"fr-FR\",\"potentialAction\":[{\"@type\":\"CommentAction\",\"name\":\"Comment\",\"target\":[\"https:\/\/www.africa-press.net\/gabon\/politique\/afrique-centrale-le-point-sur-la-mission-dabdou-abarry#respond\"]}]},{\"@type\":\"WebPage\",\"@id\":\"https:\/\/www.africa-press.net\/gabon\/politique\/afrique-centrale-le-point-sur-la-mission-dabdou-abarry\",\"url\":\"https:\/\/www.africa-press.net\/gabon\/politique\/afrique-centrale-le-point-sur-la-mission-dabdou-abarry\",\"name\":\"Afrique centrale : Le point sur la mission d\u2019Abdou Abarry - Gabon\",\"isPartOf\":{\"@id\":\"https:\/\/www.africa-press.net\/gabon\/#website\"},\"primaryImageOfPage\":{\"@id\":\"https:\/\/www.africa-press.net\/gabon\/politique\/afrique-centrale-le-point-sur-la-mission-dabdou-abarry#primaryimage\"},\"image\":{\"@id\":\"https:\/\/www.africa-press.net\/gabon\/politique\/afrique-centrale-le-point-sur-la-mission-dabdou-abarry#primaryimage\"},\"thumbnailUrl\":\"https:\/\/static.africa-press.net\/gabon\/sites\/54\/2022\/11\/postQueueImg_1669566524.16.jpg\",\"datePublished\":\"2022-11-27T19:58:37+00:00\",\"dateModified\":\"2022-11-27T20:46:34+00:00\",\"author\":{\"@id\":\"https:\/\/www.africa-press.net\/gabon\/#\/schema\/person\/2b1cf3cd81a31e3cd26889ca66d677f1\"},\"description\":\"Depuis son arrive\u0301e dans la capitale gabonaise le 9 septembre 2022, le Repre\u0301sentant spe\u0301cial du Secre\u0301taire ge\u0301ne\u0301ra ...\",\"breadcrumb\":{\"@id\":\"https:\/\/www.africa-press.net\/gabon\/politique\/afrique-centrale-le-point-sur-la-mission-dabdou-abarry#breadcrumb\"},\"inLanguage\":\"fr-FR\",\"potentialAction\":[{\"@type\":\"ReadAction\",\"target\":[\"https:\/\/www.africa-press.net\/gabon\/politique\/afrique-centrale-le-point-sur-la-mission-dabdou-abarry\"]}]},{\"@type\":\"ImageObject\",\"inLanguage\":\"fr-FR\",\"@id\":\"https:\/\/www.africa-press.net\/gabon\/politique\/afrique-centrale-le-point-sur-la-mission-dabdou-abarry#primaryimage\",\"url\":\"https:\/\/static.africa-press.net\/gabon\/sites\/54\/2022\/11\/postQueueImg_1669566524.16.jpg\",\"contentUrl\":\"https:\/\/static.africa-press.net\/gabon\/sites\/54\/2022\/11\/postQueueImg_1669566524.16.jpg\",\"width\":720,\"height\":417,\"caption\":\"Afrique centrale : Le point sur la mission d\u2019Abdou Abarry\"},{\"@type\":\"BreadcrumbList\",\"@id\":\"https:\/\/www.africa-press.net\/gabon\/politique\/afrique-centrale-le-point-sur-la-mission-dabdou-abarry#breadcrumb\",\"itemListElement\":[{\"@type\":\"ListItem\",\"position\":1,\"name\":\"Accueil\",\"item\":\"https:\/\/www.africa-press.net\/gabon\/\"},{\"@type\":\"ListItem\",\"position\":2,\"name\":\"Afrique centrale : Le point sur la mission d\u2019Abdou Abarry\"}]},{\"@type\":\"WebSite\",\"@id\":\"https:\/\/www.africa-press.net\/gabon\/#website\",\"url\":\"https:\/\/www.africa-press.net\/gabon\/\",\"name\":\"Gabon\",\"description\":\"Just another Africa News Agency Sites site\",\"potentialAction\":[{\"@type\":\"SearchAction\",\"target\":{\"@type\":\"EntryPoint\",\"urlTemplate\":\"https:\/\/www.africa-press.net\/gabon\/?s={search_term_string}\"},\"query-input\":{\"@type\":\"PropertyValueSpecification\",\"valueRequired\":true,\"valueName\":\"search_term_string\"}}],\"inLanguage\":\"fr-FR\"},{\"@type\":\"Person\",\"@id\":\"https:\/\/www.africa-press.net\/gabon\/#\/schema\/person\/2b1cf3cd81a31e3cd26889ca66d677f1\",\"name\":\"cfeditorfr\"}]}<\/script>\n<!-- \/ Yoast SEO Premium plugin. -->","yoast_head_json":{"title":"Afrique centrale : Le point sur la mission d\u2019Abdou Abarry - Gabon","description":"Depuis son arrive\u0301e dans la capitale gabonaise le 9 septembre 2022, le Repre\u0301sentant spe\u0301cial du Secre\u0301taire ge\u0301ne\u0301ra ...","robots":{"index":"index","follow":"follow","max-snippet":"max-snippet:-1","max-image-preview":"max-image-preview:large","max-video-preview":"max-video-preview:-1"},"canonical":"https:\/\/www.africa-press.net\/gabon\/politique\/afrique-centrale-le-point-sur-la-mission-dabdou-abarry","og_locale":"fr_FR","og_type":"article","og_title":"Afrique centrale : Le point sur la mission d\u2019Abdou Abarry","og_description":"Depuis son arrive\u0301e dans la capitale gabonaise le 9 septembre 2022, le Repre\u0301sentant spe\u0301cial du Secre\u0301taire ge\u0301ne\u0301ra ...","og_url":"https:\/\/www.africa-press.net\/gabon\/politique\/afrique-centrale-le-point-sur-la-mission-dabdou-abarry","og_site_name":"Gabon","article_published_time":"2022-11-27T19:58:37+00:00","article_modified_time":"2022-11-27T20:46:34+00:00","og_image":[{"width":720,"height":417,"url":"https:\/\/static.africa-press.net\/gabon\/sites\/54\/2022\/11\/postQueueImg_1669566524.16.jpg","type":"image\/jpeg"}],"author":"cfeditorfr","twitter_card":"summary_large_image","twitter_misc":{"\u00c9crit par":"cfeditorfr","Dur\u00e9e de lecture estim\u00e9e":"3 minutes"},"schema":{"@context":"https:\/\/schema.org","@graph":[{"@type":"Article","@id":"https:\/\/www.africa-press.net\/gabon\/politique\/afrique-centrale-le-point-sur-la-mission-dabdou-abarry#article","isPartOf":{"@id":"https:\/\/www.africa-press.net\/gabon\/politique\/afrique-centrale-le-point-sur-la-mission-dabdou-abarry"},"author":{"name":"cfeditorfr","@id":"https:\/\/www.africa-press.net\/gabon\/#\/schema\/person\/2b1cf3cd81a31e3cd26889ca66d677f1"},"headline":"Afrique centrale : Le point sur la mission d\u2019Abdou Abarry","datePublished":"2022-11-27T19:58:37+00:00","dateModified":"2022-11-27T20:46:34+00:00","mainEntityOfPage":{"@id":"https:\/\/www.africa-press.net\/gabon\/politique\/afrique-centrale-le-point-sur-la-mission-dabdou-abarry"},"wordCount":596,"commentCount":0,"image":{"@id":"https:\/\/www.africa-press.net\/gabon\/politique\/afrique-centrale-le-point-sur-la-mission-dabdou-abarry#primaryimage"},"thumbnailUrl":"https:\/\/static.africa-press.net\/gabon\/sites\/54\/2022\/11\/postQueueImg_1669566524.16.jpg","keywords":["Africa Press","Africa Press-Gabon","Gabon"],"articleSection":["Politique","Toutes les actualit\u00e9s"],"inLanguage":"fr-FR","potentialAction":[{"@type":"CommentAction","name":"Comment","target":["https:\/\/www.africa-press.net\/gabon\/politique\/afrique-centrale-le-point-sur-la-mission-dabdou-abarry#respond"]}]},{"@type":"WebPage","@id":"https:\/\/www.africa-press.net\/gabon\/politique\/afrique-centrale-le-point-sur-la-mission-dabdou-abarry","url":"https:\/\/www.africa-press.net\/gabon\/politique\/afrique-centrale-le-point-sur-la-mission-dabdou-abarry","name":"Afrique centrale : Le point sur la mission d\u2019Abdou Abarry - Gabon","isPartOf":{"@id":"https:\/\/www.africa-press.net\/gabon\/#website"},"primaryImageOfPage":{"@id":"https:\/\/www.africa-press.net\/gabon\/politique\/afrique-centrale-le-point-sur-la-mission-dabdou-abarry#primaryimage"},"image":{"@id":"https:\/\/www.africa-press.net\/gabon\/politique\/afrique-centrale-le-point-sur-la-mission-dabdou-abarry#primaryimage"},"thumbnailUrl":"https:\/\/static.africa-press.net\/gabon\/sites\/54\/2022\/11\/postQueueImg_1669566524.16.jpg","datePublished":"2022-11-27T19:58:37+00:00","dateModified":"2022-11-27T20:46:34+00:00","author":{"@id":"https:\/\/www.africa-press.net\/gabon\/#\/schema\/person\/2b1cf3cd81a31e3cd26889ca66d677f1"},"description":"Depuis son arrive\u0301e dans la capitale gabonaise le 9 septembre 2022, le Repre\u0301sentant spe\u0301cial du Secre\u0301taire ge\u0301ne\u0301ra ...","breadcrumb":{"@id":"https:\/\/www.africa-press.net\/gabon\/politique\/afrique-centrale-le-point-sur-la-mission-dabdou-abarry#breadcrumb"},"inLanguage":"fr-FR","potentialAction":[{"@type":"ReadAction","target":["https:\/\/www.africa-press.net\/gabon\/politique\/afrique-centrale-le-point-sur-la-mission-dabdou-abarry"]}]},{"@type":"ImageObject","inLanguage":"fr-FR","@id":"https:\/\/www.africa-press.net\/gabon\/politique\/afrique-centrale-le-point-sur-la-mission-dabdou-abarry#primaryimage","url":"https:\/\/static.africa-press.net\/gabon\/sites\/54\/2022\/11\/postQueueImg_1669566524.16.jpg","contentUrl":"https:\/\/static.africa-press.net\/gabon\/sites\/54\/2022\/11\/postQueueImg_1669566524.16.jpg","width":720,"height":417,"caption":"Afrique centrale : Le point sur la mission d\u2019Abdou Abarry"},{"@type":"BreadcrumbList","@id":"https:\/\/www.africa-press.net\/gabon\/politique\/afrique-centrale-le-point-sur-la-mission-dabdou-abarry#breadcrumb","itemListElement":[{"@type":"ListItem","position":1,"name":"Accueil","item":"https:\/\/www.africa-press.net\/gabon\/"},{"@type":"ListItem","position":2,"name":"Afrique centrale : Le point sur la mission d\u2019Abdou Abarry"}]},{"@type":"WebSite","@id":"https:\/\/www.africa-press.net\/gabon\/#website","url":"https:\/\/www.africa-press.net\/gabon\/","name":"Gabon","description":"Just another Africa News Agency Sites site","potentialAction":[{"@type":"SearchAction","target":{"@type":"EntryPoint","urlTemplate":"https:\/\/www.africa-press.net\/gabon\/?s={search_term_string}"},"query-input":{"@type":"PropertyValueSpecification","valueRequired":true,"valueName":"search_term_string"}}],"inLanguage":"fr-FR"},{"@type":"Person","@id":"https:\/\/www.africa-press.net\/gabon\/#\/schema\/person\/2b1cf3cd81a31e3cd26889ca66d677f1","name":"cfeditorfr"}]}},"_links":{"self":[{"href":"https:\/\/www.africa-press.net\/gabon\/wp-json\/wp\/v2\/posts\/13212","targetHints":{"allow":["GET"]}}],"collection":[{"href":"https:\/\/www.africa-press.net\/gabon\/wp-json\/wp\/v2\/posts"}],"about":[{"href":"https:\/\/www.africa-press.net\/gabon\/wp-json\/wp\/v2\/types\/post"}],"author":[{"embeddable":true,"href":"https:\/\/www.africa-press.net\/gabon\/wp-json\/wp\/v2\/users\/82"}],"replies":[{"embeddable":true,"href":"https:\/\/www.africa-press.net\/gabon\/wp-json\/wp\/v2\/comments?post=13212"}],"version-history":[{"count":0,"href":"https:\/\/www.africa-press.net\/gabon\/wp-json\/wp\/v2\/posts\/13212\/revisions"}],"wp:featuredmedia":[{"embeddable":true,"href":"https:\/\/www.africa-press.net\/gabon\/wp-json\/wp\/v2\/media\/13211"}],"wp:attachment":[{"href":"https:\/\/www.africa-press.net\/gabon\/wp-json\/wp\/v2\/media?parent=13212"}],"wp:term":[{"taxonomy":"category","embeddable":true,"href":"https:\/\/www.africa-press.net\/gabon\/wp-json\/wp\/v2\/categories?post=13212"},{"taxonomy":"post_tag","embeddable":true,"href":"https:\/\/www.africa-press.net\/gabon\/wp-json\/wp\/v2\/tags?post=13212"}],"curies":[{"name":"wp","href":"https:\/\/api.w.org\/{rel}","templated":true}]}}