{"id":13230,"date":"2022-11-27T20:00:51","date_gmt":"2022-11-27T20:00:51","guid":{"rendered":"https:\/\/www.africa-press.net\/gabon\/politique\/1er-congres-du-rpm-les-patriotes-en-quete-de-la-bonne-formule-pour-2023"},"modified":"2022-11-27T20:50:15","modified_gmt":"2022-11-27T20:50:15","slug":"1er-congres-du-rpm-les-patriotes-en-quete-de-la-bonne-formule-pour-2023","status":"publish","type":"post","link":"https:\/\/www.africa-press.net\/gabon\/politique\/1er-congres-du-rpm-les-patriotes-en-quete-de-la-bonne-formule-pour-2023","title":{"rendered":"1er Congr\u00e8s du RPM : Les \u2018Patriotes\u2019 en qu\u00eate de la bonne formule pour 2023"},"content":{"rendered":"<p><span style=\"color: #ff6600\"><strong>Africa-Press &#8211; Gabon. <\/strong><\/span><b>Le premier congre\u0300s ordinaire du Rassemblement pour la patrie et la modernite\u0301 (RPM) se tiendra du 2 au 4 de\u0301cembre prochain, a\u0300 Libreville. Place\u0301es sous le the\u0300me : \u00ab Renforcer les acquis pour affronter les de\u0301fis a\u0300 venir \u00bb, ces assises ont pour but de pre\u0301parer ce parti de l\u2019opposition a\u0300 faire face aux importantes e\u0301che\u0301ances e\u0301lectorales pre\u0301vues en 2023.<\/b><\/p>\n<p>Apre\u0300s avoir construit les bases du parti durant cinq anne\u0301es, et s\u2019e\u0301tant approprie\u0301 les conditions de vie des Gabonais, le Rassemblement pour la patrie et la modernite\u0301 (RPM) annonce la tenue d\u2019un congre\u0300s ordinaire, du 2 au 4 de\u0301cembre 2022, a\u0300 Libreville. Les militants de toutes les provinces du pays se retrouveront donc durant ces trois jours, pour tabler ensemble sur un the\u0300me : \u00ab Renforcer les acquis pour affronter les de\u0301fis a\u0300 venir \u00bb. Il sera e\u0301galement question, pour la formation politique cornaque\u0301e par Alexandre Barro Chambrier de pre\u0301parer aux importantes e\u0301che\u0301ances e\u0301lectorales pre\u0301vues en 2023.<\/p>\n<p>Convoque\u0301 en application des dispositions de l\u2019article 21 des statuts et 15 du re\u0300glement inte\u0301rieur du RPM, selon le secre\u0301tariat exe\u0301cutif, ces travaux devront permettre de proce\u0301der \u00aba\u0300 la lumie\u0300re d\u2019une part, d\u2019une analyse objective de la situation de notre pays, et d\u2019autre part, des forces et des faiblesses du parti, a\u0300 un approfondissement de sa ligne politique et organisationnelle ainsi qu\u2019au renouvellement de ses organes dirigeants\u00bb.<\/p>\n<p>Ce congre\u0300s pourrait aussi e\u0302tre l\u2019occasion pour les nombreux militants attendus, de renforcer leur unite\u0301, d\u2019accroi\u0302tre leur cohe\u0301sion et de re\u0301affirmer leur de\u0301termination a\u0300 poursuivre la lutte pour l\u2019alternance et le changement. Mais e\u0301galement, un moment pour les partis et personnalite\u0301s amis d\u2019exprimer l\u2019e\u0301troitesse de leurs liens d\u2019amitie\u0301 et de solidarite\u0301 avec le RPM ainsi que leur engagement a\u0300 continuer ensemble le combat pour un autre Gabon.<\/p>\n<p><strong>Pour plus d&rsquo;informations et d&rsquo;analyses sur la <a href=\"https:\/\/www.africa-press.net\/gabon\">Gabon<\/a>, suivez <a href=\"https:\/\/www.africa-press.net\/\">Africa-Press<\/a><\/strong><\/p>\n","protected":false},"excerpt":{"rendered":"<p>Africa-Press &#8211; Gabon. Le premier congre\u0300s ordinaire du Rassemblement pour la patrie et la modernite\u0301 (RPM) se tiendra du 2 au 4 de\u0301cembre prochain, a\u0300 Libreville. Place\u0301es sous le the\u0300me : \u00ab Renforcer les acquis pour affronter les de\u0301fis a\u0300 venir \u00bb, ces assises ont pour but de pre\u0301parer ce parti de l\u2019opposition a\u0300 faire [&hellip;]<\/p>\n","protected":false},"author":82,"featured_media":13229,"comment_status":"open","ping_status":"closed","sticky":false,"template":"","format":"standard","meta":{"footnotes":""},"categories":[2,10],"tags":[36,50,49],"class_list":["post-13230","post","type-post","status-publish","format-standard","has-post-thumbnail","hentry","category-politique","category-toutes-les-actualites","tag-africa-press","tag-africa-press-gabon","tag-gabon"],"yoast_head":"<!-- This site is optimized with the Yoast SEO Premium plugin v26.1 (Yoast SEO v27.0) - https:\/\/yoast.com\/product\/yoast-seo-premium-wordpress\/ -->\n<title>1er Congr\u00e8s du RPM : Les \u2018Patriotes\u2019 en qu\u00eate de la bonne formule pour 2023 - Gabon<\/title>\n<meta name=\"description\" content=\"Le premier congre\u0300s ordinaire du Rassemblement pour la patrie et la modernite\u0301 (RPM) se tiendra du 2 au 4 de\u0301cembre p ...\" \/>\n<meta name=\"robots\" content=\"index, follow, max-snippet:-1, max-image-preview:large, max-video-preview:-1\" \/>\n<link rel=\"canonical\" href=\"https:\/\/www.africa-press.net\/gabon\/politique\/1er-congres-du-rpm-les-patriotes-en-quete-de-la-bonne-formule-pour-2023\" \/>\n<meta property=\"og:locale\" content=\"fr_FR\" \/>\n<meta property=\"og:type\" content=\"article\" \/>\n<meta property=\"og:title\" content=\"1er Congr\u00e8s du RPM : Les \u2018Patriotes\u2019 en qu\u00eate de la bonne formule pour 2023\" \/>\n<meta property=\"og:description\" content=\"Le premier congre\u0300s ordinaire du Rassemblement pour la patrie et la modernite\u0301 (RPM) se tiendra du 2 au 4 de\u0301cembre p ...\" \/>\n<meta property=\"og:url\" content=\"https:\/\/www.africa-press.net\/gabon\/politique\/1er-congres-du-rpm-les-patriotes-en-quete-de-la-bonne-formule-pour-2023\" \/>\n<meta property=\"og:site_name\" content=\"Gabon\" \/>\n<meta property=\"article:published_time\" content=\"2022-11-27T20:00:51+00:00\" \/>\n<meta property=\"article:modified_time\" content=\"2022-11-27T20:50:15+00:00\" \/>\n<meta property=\"og:image\" content=\"https:\/\/static.africa-press.net\/gabon\/sites\/54\/2022\/11\/postQueueImg_1669566656.14.jpg\" \/>\n\t<meta property=\"og:image:width\" content=\"720\" \/>\n\t<meta property=\"og:image:height\" content=\"461\" \/>\n\t<meta property=\"og:image:type\" content=\"image\/jpeg\" \/>\n<meta name=\"author\" content=\"cfeditorfr\" \/>\n<meta name=\"twitter:card\" content=\"summary_large_image\" \/>\n<meta name=\"twitter:label1\" content=\"\u00c9crit par\" \/>\n\t<meta name=\"twitter:data1\" content=\"cfeditorfr\" \/>\n\t<meta name=\"twitter:label2\" content=\"Dur\u00e9e de lecture estim\u00e9e\" \/>\n\t<meta name=\"twitter:data2\" content=\"2 minutes\" \/>\n<script type=\"application\/ld+json\" class=\"yoast-schema-graph\">{\"@context\":\"https:\/\/schema.org\",\"@graph\":[{\"@type\":\"Article\",\"@id\":\"https:\/\/www.africa-press.net\/gabon\/politique\/1er-congres-du-rpm-les-patriotes-en-quete-de-la-bonne-formule-pour-2023#article\",\"isPartOf\":{\"@id\":\"https:\/\/www.africa-press.net\/gabon\/politique\/1er-congres-du-rpm-les-patriotes-en-quete-de-la-bonne-formule-pour-2023\"},\"author\":{\"name\":\"cfeditorfr\",\"@id\":\"https:\/\/www.africa-press.net\/gabon\/#\/schema\/person\/2b1cf3cd81a31e3cd26889ca66d677f1\"},\"headline\":\"1er Congr\u00e8s du RPM : Les \u2018Patriotes\u2019 en qu\u00eate de la bonne formule pour 2023\",\"datePublished\":\"2022-11-27T20:00:51+00:00\",\"dateModified\":\"2022-11-27T20:50:15+00:00\",\"mainEntityOfPage\":{\"@id\":\"https:\/\/www.africa-press.net\/gabon\/politique\/1er-congres-du-rpm-les-patriotes-en-quete-de-la-bonne-formule-pour-2023\"},\"wordCount\":359,\"commentCount\":0,\"image\":{\"@id\":\"https:\/\/www.africa-press.net\/gabon\/politique\/1er-congres-du-rpm-les-patriotes-en-quete-de-la-bonne-formule-pour-2023#primaryimage\"},\"thumbnailUrl\":\"https:\/\/static.africa-press.net\/gabon\/sites\/54\/2022\/11\/postQueueImg_1669566656.14.jpg\",\"keywords\":[\"Africa Press\",\"Africa Press-Gabon\",\"Gabon\"],\"articleSection\":[\"Politique\",\"Toutes les actualit\u00e9s\"],\"inLanguage\":\"fr-FR\",\"potentialAction\":[{\"@type\":\"CommentAction\",\"name\":\"Comment\",\"target\":[\"https:\/\/www.africa-press.net\/gabon\/politique\/1er-congres-du-rpm-les-patriotes-en-quete-de-la-bonne-formule-pour-2023#respond\"]}]},{\"@type\":\"WebPage\",\"@id\":\"https:\/\/www.africa-press.net\/gabon\/politique\/1er-congres-du-rpm-les-patriotes-en-quete-de-la-bonne-formule-pour-2023\",\"url\":\"https:\/\/www.africa-press.net\/gabon\/politique\/1er-congres-du-rpm-les-patriotes-en-quete-de-la-bonne-formule-pour-2023\",\"name\":\"1er Congr\u00e8s du RPM : Les \u2018Patriotes\u2019 en qu\u00eate de la bonne formule pour 2023 - Gabon\",\"isPartOf\":{\"@id\":\"https:\/\/www.africa-press.net\/gabon\/#website\"},\"primaryImageOfPage\":{\"@id\":\"https:\/\/www.africa-press.net\/gabon\/politique\/1er-congres-du-rpm-les-patriotes-en-quete-de-la-bonne-formule-pour-2023#primaryimage\"},\"image\":{\"@id\":\"https:\/\/www.africa-press.net\/gabon\/politique\/1er-congres-du-rpm-les-patriotes-en-quete-de-la-bonne-formule-pour-2023#primaryimage\"},\"thumbnailUrl\":\"https:\/\/static.africa-press.net\/gabon\/sites\/54\/2022\/11\/postQueueImg_1669566656.14.jpg\",\"datePublished\":\"2022-11-27T20:00:51+00:00\",\"dateModified\":\"2022-11-27T20:50:15+00:00\",\"author\":{\"@id\":\"https:\/\/www.africa-press.net\/gabon\/#\/schema\/person\/2b1cf3cd81a31e3cd26889ca66d677f1\"},\"description\":\"Le premier congre\u0300s ordinaire du Rassemblement pour la patrie et la modernite\u0301 (RPM) se tiendra du 2 au 4 de\u0301cembre p ...\",\"breadcrumb\":{\"@id\":\"https:\/\/www.africa-press.net\/gabon\/politique\/1er-congres-du-rpm-les-patriotes-en-quete-de-la-bonne-formule-pour-2023#breadcrumb\"},\"inLanguage\":\"fr-FR\",\"potentialAction\":[{\"@type\":\"ReadAction\",\"target\":[\"https:\/\/www.africa-press.net\/gabon\/politique\/1er-congres-du-rpm-les-patriotes-en-quete-de-la-bonne-formule-pour-2023\"]}]},{\"@type\":\"ImageObject\",\"inLanguage\":\"fr-FR\",\"@id\":\"https:\/\/www.africa-press.net\/gabon\/politique\/1er-congres-du-rpm-les-patriotes-en-quete-de-la-bonne-formule-pour-2023#primaryimage\",\"url\":\"https:\/\/static.africa-press.net\/gabon\/sites\/54\/2022\/11\/postQueueImg_1669566656.14.jpg\",\"contentUrl\":\"https:\/\/static.africa-press.net\/gabon\/sites\/54\/2022\/11\/postQueueImg_1669566656.14.jpg\",\"width\":720,\"height\":461,\"caption\":\"1er Congr\u00e8s du RPM : Les \u2018Patriotes\u2019 en qu\u00eate de la bonne formule pour 2023\"},{\"@type\":\"BreadcrumbList\",\"@id\":\"https:\/\/www.africa-press.net\/gabon\/politique\/1er-congres-du-rpm-les-patriotes-en-quete-de-la-bonne-formule-pour-2023#breadcrumb\",\"itemListElement\":[{\"@type\":\"ListItem\",\"position\":1,\"name\":\"Accueil\",\"item\":\"https:\/\/www.africa-press.net\/gabon\/\"},{\"@type\":\"ListItem\",\"position\":2,\"name\":\"1er Congr\u00e8s du RPM : Les \u2018Patriotes\u2019 en qu\u00eate de la bonne formule pour 2023\"}]},{\"@type\":\"WebSite\",\"@id\":\"https:\/\/www.africa-press.net\/gabon\/#website\",\"url\":\"https:\/\/www.africa-press.net\/gabon\/\",\"name\":\"Gabon\",\"description\":\"Just another Africa News Agency Sites site\",\"potentialAction\":[{\"@type\":\"SearchAction\",\"target\":{\"@type\":\"EntryPoint\",\"urlTemplate\":\"https:\/\/www.africa-press.net\/gabon\/?s={search_term_string}\"},\"query-input\":{\"@type\":\"PropertyValueSpecification\",\"valueRequired\":true,\"valueName\":\"search_term_string\"}}],\"inLanguage\":\"fr-FR\"},{\"@type\":\"Person\",\"@id\":\"https:\/\/www.africa-press.net\/gabon\/#\/schema\/person\/2b1cf3cd81a31e3cd26889ca66d677f1\",\"name\":\"cfeditorfr\"}]}<\/script>\n<!-- \/ Yoast SEO Premium plugin. -->","yoast_head_json":{"title":"1er Congr\u00e8s du RPM : Les \u2018Patriotes\u2019 en qu\u00eate de la bonne formule pour 2023 - Gabon","description":"Le premier congre\u0300s ordinaire du Rassemblement pour la patrie et la modernite\u0301 (RPM) se tiendra du 2 au 4 de\u0301cembre p ...","robots":{"index":"index","follow":"follow","max-snippet":"max-snippet:-1","max-image-preview":"max-image-preview:large","max-video-preview":"max-video-preview:-1"},"canonical":"https:\/\/www.africa-press.net\/gabon\/politique\/1er-congres-du-rpm-les-patriotes-en-quete-de-la-bonne-formule-pour-2023","og_locale":"fr_FR","og_type":"article","og_title":"1er Congr\u00e8s du RPM : Les \u2018Patriotes\u2019 en qu\u00eate de la bonne formule pour 2023","og_description":"Le premier congre\u0300s ordinaire du Rassemblement pour la patrie et la modernite\u0301 (RPM) se tiendra du 2 au 4 de\u0301cembre p ...","og_url":"https:\/\/www.africa-press.net\/gabon\/politique\/1er-congres-du-rpm-les-patriotes-en-quete-de-la-bonne-formule-pour-2023","og_site_name":"Gabon","article_published_time":"2022-11-27T20:00:51+00:00","article_modified_time":"2022-11-27T20:50:15+00:00","og_image":[{"width":720,"height":461,"url":"https:\/\/static.africa-press.net\/gabon\/sites\/54\/2022\/11\/postQueueImg_1669566656.14.jpg","type":"image\/jpeg"}],"author":"cfeditorfr","twitter_card":"summary_large_image","twitter_misc":{"\u00c9crit par":"cfeditorfr","Dur\u00e9e de lecture estim\u00e9e":"2 minutes"},"schema":{"@context":"https:\/\/schema.org","@graph":[{"@type":"Article","@id":"https:\/\/www.africa-press.net\/gabon\/politique\/1er-congres-du-rpm-les-patriotes-en-quete-de-la-bonne-formule-pour-2023#article","isPartOf":{"@id":"https:\/\/www.africa-press.net\/gabon\/politique\/1er-congres-du-rpm-les-patriotes-en-quete-de-la-bonne-formule-pour-2023"},"author":{"name":"cfeditorfr","@id":"https:\/\/www.africa-press.net\/gabon\/#\/schema\/person\/2b1cf3cd81a31e3cd26889ca66d677f1"},"headline":"1er Congr\u00e8s du RPM : Les \u2018Patriotes\u2019 en qu\u00eate de la bonne formule pour 2023","datePublished":"2022-11-27T20:00:51+00:00","dateModified":"2022-11-27T20:50:15+00:00","mainEntityOfPage":{"@id":"https:\/\/www.africa-press.net\/gabon\/politique\/1er-congres-du-rpm-les-patriotes-en-quete-de-la-bonne-formule-pour-2023"},"wordCount":359,"commentCount":0,"image":{"@id":"https:\/\/www.africa-press.net\/gabon\/politique\/1er-congres-du-rpm-les-patriotes-en-quete-de-la-bonne-formule-pour-2023#primaryimage"},"thumbnailUrl":"https:\/\/static.africa-press.net\/gabon\/sites\/54\/2022\/11\/postQueueImg_1669566656.14.jpg","keywords":["Africa Press","Africa Press-Gabon","Gabon"],"articleSection":["Politique","Toutes les actualit\u00e9s"],"inLanguage":"fr-FR","potentialAction":[{"@type":"CommentAction","name":"Comment","target":["https:\/\/www.africa-press.net\/gabon\/politique\/1er-congres-du-rpm-les-patriotes-en-quete-de-la-bonne-formule-pour-2023#respond"]}]},{"@type":"WebPage","@id":"https:\/\/www.africa-press.net\/gabon\/politique\/1er-congres-du-rpm-les-patriotes-en-quete-de-la-bonne-formule-pour-2023","url":"https:\/\/www.africa-press.net\/gabon\/politique\/1er-congres-du-rpm-les-patriotes-en-quete-de-la-bonne-formule-pour-2023","name":"1er Congr\u00e8s du RPM : Les \u2018Patriotes\u2019 en qu\u00eate de la bonne formule pour 2023 - Gabon","isPartOf":{"@id":"https:\/\/www.africa-press.net\/gabon\/#website"},"primaryImageOfPage":{"@id":"https:\/\/www.africa-press.net\/gabon\/politique\/1er-congres-du-rpm-les-patriotes-en-quete-de-la-bonne-formule-pour-2023#primaryimage"},"image":{"@id":"https:\/\/www.africa-press.net\/gabon\/politique\/1er-congres-du-rpm-les-patriotes-en-quete-de-la-bonne-formule-pour-2023#primaryimage"},"thumbnailUrl":"https:\/\/static.africa-press.net\/gabon\/sites\/54\/2022\/11\/postQueueImg_1669566656.14.jpg","datePublished":"2022-11-27T20:00:51+00:00","dateModified":"2022-11-27T20:50:15+00:00","author":{"@id":"https:\/\/www.africa-press.net\/gabon\/#\/schema\/person\/2b1cf3cd81a31e3cd26889ca66d677f1"},"description":"Le premier congre\u0300s ordinaire du Rassemblement pour la patrie et la modernite\u0301 (RPM) se tiendra du 2 au 4 de\u0301cembre p ...","breadcrumb":{"@id":"https:\/\/www.africa-press.net\/gabon\/politique\/1er-congres-du-rpm-les-patriotes-en-quete-de-la-bonne-formule-pour-2023#breadcrumb"},"inLanguage":"fr-FR","potentialAction":[{"@type":"ReadAction","target":["https:\/\/www.africa-press.net\/gabon\/politique\/1er-congres-du-rpm-les-patriotes-en-quete-de-la-bonne-formule-pour-2023"]}]},{"@type":"ImageObject","inLanguage":"fr-FR","@id":"https:\/\/www.africa-press.net\/gabon\/politique\/1er-congres-du-rpm-les-patriotes-en-quete-de-la-bonne-formule-pour-2023#primaryimage","url":"https:\/\/static.africa-press.net\/gabon\/sites\/54\/2022\/11\/postQueueImg_1669566656.14.jpg","contentUrl":"https:\/\/static.africa-press.net\/gabon\/sites\/54\/2022\/11\/postQueueImg_1669566656.14.jpg","width":720,"height":461,"caption":"1er Congr\u00e8s du RPM : Les \u2018Patriotes\u2019 en qu\u00eate de la bonne formule pour 2023"},{"@type":"BreadcrumbList","@id":"https:\/\/www.africa-press.net\/gabon\/politique\/1er-congres-du-rpm-les-patriotes-en-quete-de-la-bonne-formule-pour-2023#breadcrumb","itemListElement":[{"@type":"ListItem","position":1,"name":"Accueil","item":"https:\/\/www.africa-press.net\/gabon\/"},{"@type":"ListItem","position":2,"name":"1er Congr\u00e8s du RPM : Les \u2018Patriotes\u2019 en qu\u00eate de la bonne formule pour 2023"}]},{"@type":"WebSite","@id":"https:\/\/www.africa-press.net\/gabon\/#website","url":"https:\/\/www.africa-press.net\/gabon\/","name":"Gabon","description":"Just another Africa News Agency Sites site","potentialAction":[{"@type":"SearchAction","target":{"@type":"EntryPoint","urlTemplate":"https:\/\/www.africa-press.net\/gabon\/?s={search_term_string}"},"query-input":{"@type":"PropertyValueSpecification","valueRequired":true,"valueName":"search_term_string"}}],"inLanguage":"fr-FR"},{"@type":"Person","@id":"https:\/\/www.africa-press.net\/gabon\/#\/schema\/person\/2b1cf3cd81a31e3cd26889ca66d677f1","name":"cfeditorfr"}]}},"_links":{"self":[{"href":"https:\/\/www.africa-press.net\/gabon\/wp-json\/wp\/v2\/posts\/13230","targetHints":{"allow":["GET"]}}],"collection":[{"href":"https:\/\/www.africa-press.net\/gabon\/wp-json\/wp\/v2\/posts"}],"about":[{"href":"https:\/\/www.africa-press.net\/gabon\/wp-json\/wp\/v2\/types\/post"}],"author":[{"embeddable":true,"href":"https:\/\/www.africa-press.net\/gabon\/wp-json\/wp\/v2\/users\/82"}],"replies":[{"embeddable":true,"href":"https:\/\/www.africa-press.net\/gabon\/wp-json\/wp\/v2\/comments?post=13230"}],"version-history":[{"count":0,"href":"https:\/\/www.africa-press.net\/gabon\/wp-json\/wp\/v2\/posts\/13230\/revisions"}],"wp:featuredmedia":[{"embeddable":true,"href":"https:\/\/www.africa-press.net\/gabon\/wp-json\/wp\/v2\/media\/13229"}],"wp:attachment":[{"href":"https:\/\/www.africa-press.net\/gabon\/wp-json\/wp\/v2\/media?parent=13230"}],"wp:term":[{"taxonomy":"category","embeddable":true,"href":"https:\/\/www.africa-press.net\/gabon\/wp-json\/wp\/v2\/categories?post=13230"},{"taxonomy":"post_tag","embeddable":true,"href":"https:\/\/www.africa-press.net\/gabon\/wp-json\/wp\/v2\/tags?post=13230"}],"curies":[{"name":"wp","href":"https:\/\/api.w.org\/{rel}","templated":true}]}}