{"id":13233,"date":"2022-11-27T20:01:06","date_gmt":"2022-11-27T20:01:06","guid":{"rendered":"https:\/\/www.africa-press.net\/gabon\/politique\/nuit-du-talent-une-premiere-edition-au-dela-des-attentes"},"modified":"2022-11-27T20:50:56","modified_gmt":"2022-11-27T20:50:56","slug":"nuit-du-talent-une-premiere-edition-au-dela-des-attentes","status":"publish","type":"post","link":"https:\/\/www.africa-press.net\/gabon\/culture-et-art\/nuit-du-talent-une-premiere-edition-au-dela-des-attentes","title":{"rendered":"Nuit du talent : Une premi\u00e8re \u00e9dition \u00abau-del\u00e0 des attentes !\u00bb"},"content":{"rendered":"<p><span style=\"color: #ff6600\"><strong>Africa-Press &#8211; Gabon. <\/strong><\/span><b>E\u0301ve\u0300nement culturel porte\u0301 par le ministe\u0300re de la Culture et des Arts, la premie\u0300re e\u0301dition de \u00abLa Nuit du talent\u00bb a livre\u0301 sa cuve\u0301e de laure\u0301ats, le 25 novembre a\u0300 Libreville. Rehausse\u0301 par la pre\u0301sence du pre\u0301sident de la Re\u0301publique, Ali Bongo Ondimba, l\u2019e\u0301ve\u0301nement a e\u0301te\u0301 au-dela\u0300 des attentes des participants. Des trophe\u0301es et des sommes mirobolantes ont e\u0301te\u0301 distribue\u0301s aux acteurs culturels se\u0301lectionne\u0301s parmi lesquels les \u00abmastodontes\u00bb tels que Pierre Claver Akendengue\u0301, Omar Defundzu, Pape\u0301 Nziengui, Vyckos Ekondo ou encore Hilarion Nguema.<\/b><\/p>\n<p>Organise\u0301e pour ce\u0301le\u0301brer et promouvoir le ge\u0301nie cre\u0301atif des acteurs culturels nationaux et susciter l\u2019e\u0301mulation chez les artistes en herbe, la premie\u0300re e\u0301dition de \u00abLa Nuit du talent\u00bb a tenu toutes ses promesses, le 25 novembre a\u0300 Libreville. Loin d\u2019e\u0302tre une simple ce\u0301re\u0301monie de remise des prix, l\u2019e\u0301ve\u0301nement a e\u0301te\u0301 rehausse\u0301 par la pre\u0301sence du pre\u0301sident Ali Bongo Ondimba. Le raout aura, en tout cas, e\u0301te\u0301 une excellente \u00abmarque de reconnaissance\u00bb, un sacre des artistes, acteurs culturels gabonais, toutes cate\u0301gories confondues.<\/p>\n<p>Annonce\u0301 le 13 octobre dernier lors du Conseil des ministres, la \u00abNuit du talent\u00bb vient de re\u0301compenser, un mois plus tard, l\u2019inge\u0301niosite\u0301 gabonaise, particulie\u0300rement celle des artistes gabonais qui se sont distingue\u0301s pendant et apre\u0300s la pande\u0301mie de Covid-19. Mais au-dela\u0300, il s\u2019agissait d\u2019un bel hommage et d\u2019une marque de reconnaissance, par le Gabon, de ses femmes et hommes de lettres, arts et culture.<\/p>\n<p>Avant le de\u0301roule\u0301 de la ce\u0301re\u0301monie, le ministre en charge de la Culture et des Arts a, en effet, rappele\u0301 que \u00abLa Nuit du talent\u00bb a e\u0301te\u0301 acte\u0301 pour re\u0301compenser la cre\u0301ativite\u0301, la densite\u0301 et l\u2019originalite\u0301 du travail des artistes, des hommes de lettres, de cultures et des arts\u00bb. Et le Pr Patrick Mouguiama-Daouda, d\u2019ajouter : \u00abcette initiative, Monsieur le pre\u0301sident de la Re\u0301publique, votre initiative, est une haute marque de votre inclinaison pour la culture et les arts. Mais, c\u2019est aussi la mate\u0301rialisation de votre engagement en tant que pre\u0301sident de la Re\u0301publique a\u0300 de\u0301velopper tous les secteurs porteurs et novateurs de notre e\u0301conomie, ici et pre\u0301cise\u0301ment celui de notre patrimoine des industries culturelles et cre\u0301atives\u00bb.<\/p>\n<p>Des artistes hautement confirme\u0301s, mondialement reconnus (Pierre Claver Akendengue\u0301, Omar Defundzu, Pape\u0301 Nziengui, Vyckos Ekondo et Hilarion Nguema, notamment) en passant par les de\u0301butants, tout le monde a e\u0301te\u0301 pris en compte dans le casting de cette premie\u0300re e\u0301dition. En clair, la manifestation a re\u0301uni plusieurs e\u0301ve\u0301nements organise\u0301s en un. \u00abNous avons re\u0301uni ici, musiciens, come\u0301diens, cine\u0301astes, humoristes, e\u0301crivains, re\u0301alisateurs etc. C\u2019est notre manie\u0300re de ce\u0301le\u0301brer la culture, patrimoine mate\u0301riel ou immate\u0301riel\u00bb, a fait savoir le Pr Mouguiama-Daouda.<\/p>\n<p>78 candidats ont e\u0301te\u0301 nomine\u0301s pour plus d\u2019une quarantaine de prix de\u0301cerne\u0301s aux diffe\u0301rents laure\u0301ats, re\u0301partis-en 8 cate\u0301gories. Au final, des prix allant de 500.000 a\u0300 20 millions de francs CFA ont e\u0301te\u0301 attribue\u0301s. Les vainqueurs, a\u0300 l\u2019exemple de L\u2019oiseau Rare, meilleur artiste toutes cate\u0301gories confondues, ou NG Bling, meilleur artiste Hip hop, empochent la somme de 2 millions de francs CFA.<\/p>\n<p>Les prix spe\u0301ciaux, offerts par le chef de l\u2019E\u0301tat en reconnaissance du travail abattu et accompli, dans leur domaine, par les musiciens, come\u0301diens, cine\u0301astes, humoristes, e\u0301crivains, re\u0301alisateurs etc. allaient de 2,5 millions 20 millions de CFA. Pour ce dernier montant, trois grands noms du monde de la culture gabonaise ont e\u0301te\u0301 distingue\u0301s : Pierre Claver Akendengue\u0301, Omar Defundzu et Serges Abessolo. Ils recevront e\u0301galement un terrain de 500 m2 assortis de titres fonciers.<\/p>\n<p>Avant leurs prix rec\u0327us des mains d\u2019Ali Bongo, Hilarion Nguema, Vyckos Ekondo et Pape\u0301 Nziengui ont e\u0301te\u0301 revalorise\u0301s par le Premier ministre, Rose Christiane Ossouka Raponda, via d\u2019autres prix spe\u0301ciaux, d\u2019une enveloppe de 10 millions pour chacun, e\u0301galement offerts par le chef de l\u2019E\u0301tat. Si cette e\u0301dition s\u2019est de\u0301roule\u0301e dans un ho\u0302tel de la place, le ministre de la Culture et des Arts a laisse\u0301 entendre qu\u2019ils s\u2019activent \u00abpour la mise a\u0300 disposition des salles de spectacles, d\u2019exposition et de confe\u0301rence\u00bb. Vivement que la deuxie\u0300me e\u0301dition se de\u0301roule dans une salle de spectacle nationale et qu\u2019un centre culturel national soit construit.<\/p>\n<p><strong>Pour plus d&rsquo;informations et d&rsquo;analyses sur la <a href=\"https:\/\/www.africa-press.net\/gabon\">Gabon<\/a>, suivez <a href=\"https:\/\/www.africa-press.net\/\">Africa-Press<\/a><\/strong><\/p>\n","protected":false},"excerpt":{"rendered":"<p>Africa-Press &#8211; Gabon. E\u0301ve\u0300nement culturel porte\u0301 par le ministe\u0300re de la Culture et des Arts, la premie\u0300re e\u0301dition de \u00abLa Nuit du talent\u00bb a livre\u0301 sa cuve\u0301e de laure\u0301ats, le 25 novembre a\u0300 Libreville. Rehausse\u0301 par la pre\u0301sence du pre\u0301sident de la Re\u0301publique, Ali Bongo Ondimba, l\u2019e\u0301ve\u0301nement a e\u0301te\u0301 au-dela\u0300 des attentes des participants. Des [&hellip;]<\/p>\n","protected":false},"author":82,"featured_media":13232,"comment_status":"open","ping_status":"closed","sticky":false,"template":"","format":"standard","meta":{"footnotes":""},"categories":[5,10],"tags":[36,50,49],"class_list":["post-13233","post","type-post","status-publish","format-standard","has-post-thumbnail","hentry","category-culture-et-art","category-toutes-les-actualites","tag-africa-press","tag-africa-press-gabon","tag-gabon"],"yoast_head":"<!-- This site is optimized with the Yoast SEO Premium plugin v26.1 (Yoast SEO v27.0) - https:\/\/yoast.com\/product\/yoast-seo-premium-wordpress\/ -->\n<title>Nuit du talent : Une premi\u00e8re \u00e9dition \u00abau-del\u00e0 des attentes !\u00bb - Gabon<\/title>\n<meta name=\"description\" content=\"E\u0301ve\u0300nement culturel porte\u0301 par le ministe\u0300re de la Culture et des Arts, la premie\u0300re e\u0301dition de \u00abLa Nuit du talent\u00bb ...\" \/>\n<meta name=\"robots\" content=\"index, follow, max-snippet:-1, max-image-preview:large, max-video-preview:-1\" \/>\n<link rel=\"canonical\" href=\"https:\/\/www.africa-press.net\/gabon\/culture-et-art\/nuit-du-talent-une-premiere-edition-au-dela-des-attentes\" \/>\n<meta property=\"og:locale\" content=\"fr_FR\" \/>\n<meta property=\"og:type\" content=\"article\" \/>\n<meta property=\"og:title\" content=\"Nuit du talent : Une premi\u00e8re \u00e9dition \u00abau-del\u00e0 des attentes !\u00bb\" \/>\n<meta property=\"og:description\" content=\"E\u0301ve\u0300nement culturel porte\u0301 par le ministe\u0300re de la Culture et des Arts, la premie\u0300re e\u0301dition de \u00abLa Nuit du talent\u00bb ...\" \/>\n<meta property=\"og:url\" content=\"https:\/\/www.africa-press.net\/gabon\/culture-et-art\/nuit-du-talent-une-premiere-edition-au-dela-des-attentes\" \/>\n<meta property=\"og:site_name\" content=\"Gabon\" \/>\n<meta property=\"article:published_time\" content=\"2022-11-27T20:01:06+00:00\" \/>\n<meta property=\"article:modified_time\" content=\"2022-11-27T20:50:56+00:00\" \/>\n<meta property=\"og:image\" content=\"https:\/\/static.africa-press.net\/gabon\/sites\/54\/2022\/11\/postQueueImg_1669566674.73.jpg\" \/>\n\t<meta property=\"og:image:width\" content=\"720\" \/>\n\t<meta property=\"og:image:height\" content=\"387\" \/>\n\t<meta property=\"og:image:type\" content=\"image\/jpeg\" \/>\n<meta name=\"author\" content=\"cfeditorfr\" \/>\n<meta name=\"twitter:card\" content=\"summary_large_image\" \/>\n<meta name=\"twitter:label1\" content=\"\u00c9crit par\" \/>\n\t<meta name=\"twitter:data1\" content=\"cfeditorfr\" \/>\n\t<meta name=\"twitter:label2\" content=\"Dur\u00e9e de lecture estim\u00e9e\" \/>\n\t<meta name=\"twitter:data2\" content=\"4 minutes\" \/>\n<script type=\"application\/ld+json\" class=\"yoast-schema-graph\">{\"@context\":\"https:\/\/schema.org\",\"@graph\":[{\"@type\":\"Article\",\"@id\":\"https:\/\/www.africa-press.net\/gabon\/culture-et-art\/nuit-du-talent-une-premiere-edition-au-dela-des-attentes#article\",\"isPartOf\":{\"@id\":\"https:\/\/www.africa-press.net\/gabon\/culture-et-art\/nuit-du-talent-une-premiere-edition-au-dela-des-attentes\"},\"author\":{\"name\":\"cfeditorfr\",\"@id\":\"https:\/\/www.africa-press.net\/gabon\/#\/schema\/person\/2b1cf3cd81a31e3cd26889ca66d677f1\"},\"headline\":\"Nuit du talent : Une premi\u00e8re \u00e9dition \u00abau-del\u00e0 des attentes !\u00bb\",\"datePublished\":\"2022-11-27T20:01:06+00:00\",\"dateModified\":\"2022-11-27T20:50:56+00:00\",\"mainEntityOfPage\":{\"@id\":\"https:\/\/www.africa-press.net\/gabon\/culture-et-art\/nuit-du-talent-une-premiere-edition-au-dela-des-attentes\"},\"wordCount\":806,\"commentCount\":0,\"image\":{\"@id\":\"https:\/\/www.africa-press.net\/gabon\/culture-et-art\/nuit-du-talent-une-premiere-edition-au-dela-des-attentes#primaryimage\"},\"thumbnailUrl\":\"https:\/\/static.africa-press.net\/gabon\/sites\/54\/2022\/11\/postQueueImg_1669566674.73.jpg\",\"keywords\":[\"Africa Press\",\"Africa Press-Gabon\",\"Gabon\"],\"articleSection\":[\"Culture et Art\",\"Toutes les actualit\u00e9s\"],\"inLanguage\":\"fr-FR\",\"potentialAction\":[{\"@type\":\"CommentAction\",\"name\":\"Comment\",\"target\":[\"https:\/\/www.africa-press.net\/gabon\/culture-et-art\/nuit-du-talent-une-premiere-edition-au-dela-des-attentes#respond\"]}]},{\"@type\":\"WebPage\",\"@id\":\"https:\/\/www.africa-press.net\/gabon\/culture-et-art\/nuit-du-talent-une-premiere-edition-au-dela-des-attentes\",\"url\":\"https:\/\/www.africa-press.net\/gabon\/culture-et-art\/nuit-du-talent-une-premiere-edition-au-dela-des-attentes\",\"name\":\"Nuit du talent : Une premi\u00e8re \u00e9dition \u00abau-del\u00e0 des attentes !\u00bb - Gabon\",\"isPartOf\":{\"@id\":\"https:\/\/www.africa-press.net\/gabon\/#website\"},\"primaryImageOfPage\":{\"@id\":\"https:\/\/www.africa-press.net\/gabon\/culture-et-art\/nuit-du-talent-une-premiere-edition-au-dela-des-attentes#primaryimage\"},\"image\":{\"@id\":\"https:\/\/www.africa-press.net\/gabon\/culture-et-art\/nuit-du-talent-une-premiere-edition-au-dela-des-attentes#primaryimage\"},\"thumbnailUrl\":\"https:\/\/static.africa-press.net\/gabon\/sites\/54\/2022\/11\/postQueueImg_1669566674.73.jpg\",\"datePublished\":\"2022-11-27T20:01:06+00:00\",\"dateModified\":\"2022-11-27T20:50:56+00:00\",\"author\":{\"@id\":\"https:\/\/www.africa-press.net\/gabon\/#\/schema\/person\/2b1cf3cd81a31e3cd26889ca66d677f1\"},\"description\":\"E\u0301ve\u0300nement culturel porte\u0301 par le ministe\u0300re de la Culture et des Arts, la premie\u0300re e\u0301dition de \u00abLa Nuit du talent\u00bb ...\",\"breadcrumb\":{\"@id\":\"https:\/\/www.africa-press.net\/gabon\/culture-et-art\/nuit-du-talent-une-premiere-edition-au-dela-des-attentes#breadcrumb\"},\"inLanguage\":\"fr-FR\",\"potentialAction\":[{\"@type\":\"ReadAction\",\"target\":[\"https:\/\/www.africa-press.net\/gabon\/culture-et-art\/nuit-du-talent-une-premiere-edition-au-dela-des-attentes\"]}]},{\"@type\":\"ImageObject\",\"inLanguage\":\"fr-FR\",\"@id\":\"https:\/\/www.africa-press.net\/gabon\/culture-et-art\/nuit-du-talent-une-premiere-edition-au-dela-des-attentes#primaryimage\",\"url\":\"https:\/\/static.africa-press.net\/gabon\/sites\/54\/2022\/11\/postQueueImg_1669566674.73.jpg\",\"contentUrl\":\"https:\/\/static.africa-press.net\/gabon\/sites\/54\/2022\/11\/postQueueImg_1669566674.73.jpg\",\"width\":720,\"height\":387,\"caption\":\"Nuit du talent : Une premi\u00e8re \u00e9dition \u00abau-del\u00e0 des attentes !\u00bb\"},{\"@type\":\"BreadcrumbList\",\"@id\":\"https:\/\/www.africa-press.net\/gabon\/culture-et-art\/nuit-du-talent-une-premiere-edition-au-dela-des-attentes#breadcrumb\",\"itemListElement\":[{\"@type\":\"ListItem\",\"position\":1,\"name\":\"Accueil\",\"item\":\"https:\/\/www.africa-press.net\/gabon\/\"},{\"@type\":\"ListItem\",\"position\":2,\"name\":\"Nuit du talent : Une premi\u00e8re \u00e9dition \u00abau-del\u00e0 des attentes !\u00bb\"}]},{\"@type\":\"WebSite\",\"@id\":\"https:\/\/www.africa-press.net\/gabon\/#website\",\"url\":\"https:\/\/www.africa-press.net\/gabon\/\",\"name\":\"Gabon\",\"description\":\"Just another Africa News Agency Sites site\",\"potentialAction\":[{\"@type\":\"SearchAction\",\"target\":{\"@type\":\"EntryPoint\",\"urlTemplate\":\"https:\/\/www.africa-press.net\/gabon\/?s={search_term_string}\"},\"query-input\":{\"@type\":\"PropertyValueSpecification\",\"valueRequired\":true,\"valueName\":\"search_term_string\"}}],\"inLanguage\":\"fr-FR\"},{\"@type\":\"Person\",\"@id\":\"https:\/\/www.africa-press.net\/gabon\/#\/schema\/person\/2b1cf3cd81a31e3cd26889ca66d677f1\",\"name\":\"cfeditorfr\"}]}<\/script>\n<!-- \/ Yoast SEO Premium plugin. -->","yoast_head_json":{"title":"Nuit du talent : Une premi\u00e8re \u00e9dition \u00abau-del\u00e0 des attentes !\u00bb - Gabon","description":"E\u0301ve\u0300nement culturel porte\u0301 par le ministe\u0300re de la Culture et des Arts, la premie\u0300re e\u0301dition de \u00abLa Nuit du talent\u00bb ...","robots":{"index":"index","follow":"follow","max-snippet":"max-snippet:-1","max-image-preview":"max-image-preview:large","max-video-preview":"max-video-preview:-1"},"canonical":"https:\/\/www.africa-press.net\/gabon\/culture-et-art\/nuit-du-talent-une-premiere-edition-au-dela-des-attentes","og_locale":"fr_FR","og_type":"article","og_title":"Nuit du talent : Une premi\u00e8re \u00e9dition \u00abau-del\u00e0 des attentes !\u00bb","og_description":"E\u0301ve\u0300nement culturel porte\u0301 par le ministe\u0300re de la Culture et des Arts, la premie\u0300re e\u0301dition de \u00abLa Nuit du talent\u00bb ...","og_url":"https:\/\/www.africa-press.net\/gabon\/culture-et-art\/nuit-du-talent-une-premiere-edition-au-dela-des-attentes","og_site_name":"Gabon","article_published_time":"2022-11-27T20:01:06+00:00","article_modified_time":"2022-11-27T20:50:56+00:00","og_image":[{"width":720,"height":387,"url":"https:\/\/static.africa-press.net\/gabon\/sites\/54\/2022\/11\/postQueueImg_1669566674.73.jpg","type":"image\/jpeg"}],"author":"cfeditorfr","twitter_card":"summary_large_image","twitter_misc":{"\u00c9crit par":"cfeditorfr","Dur\u00e9e de lecture estim\u00e9e":"4 minutes"},"schema":{"@context":"https:\/\/schema.org","@graph":[{"@type":"Article","@id":"https:\/\/www.africa-press.net\/gabon\/culture-et-art\/nuit-du-talent-une-premiere-edition-au-dela-des-attentes#article","isPartOf":{"@id":"https:\/\/www.africa-press.net\/gabon\/culture-et-art\/nuit-du-talent-une-premiere-edition-au-dela-des-attentes"},"author":{"name":"cfeditorfr","@id":"https:\/\/www.africa-press.net\/gabon\/#\/schema\/person\/2b1cf3cd81a31e3cd26889ca66d677f1"},"headline":"Nuit du talent : Une premi\u00e8re \u00e9dition \u00abau-del\u00e0 des attentes !\u00bb","datePublished":"2022-11-27T20:01:06+00:00","dateModified":"2022-11-27T20:50:56+00:00","mainEntityOfPage":{"@id":"https:\/\/www.africa-press.net\/gabon\/culture-et-art\/nuit-du-talent-une-premiere-edition-au-dela-des-attentes"},"wordCount":806,"commentCount":0,"image":{"@id":"https:\/\/www.africa-press.net\/gabon\/culture-et-art\/nuit-du-talent-une-premiere-edition-au-dela-des-attentes#primaryimage"},"thumbnailUrl":"https:\/\/static.africa-press.net\/gabon\/sites\/54\/2022\/11\/postQueueImg_1669566674.73.jpg","keywords":["Africa Press","Africa Press-Gabon","Gabon"],"articleSection":["Culture et Art","Toutes les actualit\u00e9s"],"inLanguage":"fr-FR","potentialAction":[{"@type":"CommentAction","name":"Comment","target":["https:\/\/www.africa-press.net\/gabon\/culture-et-art\/nuit-du-talent-une-premiere-edition-au-dela-des-attentes#respond"]}]},{"@type":"WebPage","@id":"https:\/\/www.africa-press.net\/gabon\/culture-et-art\/nuit-du-talent-une-premiere-edition-au-dela-des-attentes","url":"https:\/\/www.africa-press.net\/gabon\/culture-et-art\/nuit-du-talent-une-premiere-edition-au-dela-des-attentes","name":"Nuit du talent : Une premi\u00e8re \u00e9dition \u00abau-del\u00e0 des attentes !\u00bb - Gabon","isPartOf":{"@id":"https:\/\/www.africa-press.net\/gabon\/#website"},"primaryImageOfPage":{"@id":"https:\/\/www.africa-press.net\/gabon\/culture-et-art\/nuit-du-talent-une-premiere-edition-au-dela-des-attentes#primaryimage"},"image":{"@id":"https:\/\/www.africa-press.net\/gabon\/culture-et-art\/nuit-du-talent-une-premiere-edition-au-dela-des-attentes#primaryimage"},"thumbnailUrl":"https:\/\/static.africa-press.net\/gabon\/sites\/54\/2022\/11\/postQueueImg_1669566674.73.jpg","datePublished":"2022-11-27T20:01:06+00:00","dateModified":"2022-11-27T20:50:56+00:00","author":{"@id":"https:\/\/www.africa-press.net\/gabon\/#\/schema\/person\/2b1cf3cd81a31e3cd26889ca66d677f1"},"description":"E\u0301ve\u0300nement culturel porte\u0301 par le ministe\u0300re de la Culture et des Arts, la premie\u0300re e\u0301dition de \u00abLa Nuit du talent\u00bb ...","breadcrumb":{"@id":"https:\/\/www.africa-press.net\/gabon\/culture-et-art\/nuit-du-talent-une-premiere-edition-au-dela-des-attentes#breadcrumb"},"inLanguage":"fr-FR","potentialAction":[{"@type":"ReadAction","target":["https:\/\/www.africa-press.net\/gabon\/culture-et-art\/nuit-du-talent-une-premiere-edition-au-dela-des-attentes"]}]},{"@type":"ImageObject","inLanguage":"fr-FR","@id":"https:\/\/www.africa-press.net\/gabon\/culture-et-art\/nuit-du-talent-une-premiere-edition-au-dela-des-attentes#primaryimage","url":"https:\/\/static.africa-press.net\/gabon\/sites\/54\/2022\/11\/postQueueImg_1669566674.73.jpg","contentUrl":"https:\/\/static.africa-press.net\/gabon\/sites\/54\/2022\/11\/postQueueImg_1669566674.73.jpg","width":720,"height":387,"caption":"Nuit du talent : Une premi\u00e8re \u00e9dition \u00abau-del\u00e0 des attentes !\u00bb"},{"@type":"BreadcrumbList","@id":"https:\/\/www.africa-press.net\/gabon\/culture-et-art\/nuit-du-talent-une-premiere-edition-au-dela-des-attentes#breadcrumb","itemListElement":[{"@type":"ListItem","position":1,"name":"Accueil","item":"https:\/\/www.africa-press.net\/gabon\/"},{"@type":"ListItem","position":2,"name":"Nuit du talent : Une premi\u00e8re \u00e9dition \u00abau-del\u00e0 des attentes !\u00bb"}]},{"@type":"WebSite","@id":"https:\/\/www.africa-press.net\/gabon\/#website","url":"https:\/\/www.africa-press.net\/gabon\/","name":"Gabon","description":"Just another Africa News Agency Sites site","potentialAction":[{"@type":"SearchAction","target":{"@type":"EntryPoint","urlTemplate":"https:\/\/www.africa-press.net\/gabon\/?s={search_term_string}"},"query-input":{"@type":"PropertyValueSpecification","valueRequired":true,"valueName":"search_term_string"}}],"inLanguage":"fr-FR"},{"@type":"Person","@id":"https:\/\/www.africa-press.net\/gabon\/#\/schema\/person\/2b1cf3cd81a31e3cd26889ca66d677f1","name":"cfeditorfr"}]}},"_links":{"self":[{"href":"https:\/\/www.africa-press.net\/gabon\/wp-json\/wp\/v2\/posts\/13233","targetHints":{"allow":["GET"]}}],"collection":[{"href":"https:\/\/www.africa-press.net\/gabon\/wp-json\/wp\/v2\/posts"}],"about":[{"href":"https:\/\/www.africa-press.net\/gabon\/wp-json\/wp\/v2\/types\/post"}],"author":[{"embeddable":true,"href":"https:\/\/www.africa-press.net\/gabon\/wp-json\/wp\/v2\/users\/82"}],"replies":[{"embeddable":true,"href":"https:\/\/www.africa-press.net\/gabon\/wp-json\/wp\/v2\/comments?post=13233"}],"version-history":[{"count":0,"href":"https:\/\/www.africa-press.net\/gabon\/wp-json\/wp\/v2\/posts\/13233\/revisions"}],"wp:featuredmedia":[{"embeddable":true,"href":"https:\/\/www.africa-press.net\/gabon\/wp-json\/wp\/v2\/media\/13232"}],"wp:attachment":[{"href":"https:\/\/www.africa-press.net\/gabon\/wp-json\/wp\/v2\/media?parent=13233"}],"wp:term":[{"taxonomy":"category","embeddable":true,"href":"https:\/\/www.africa-press.net\/gabon\/wp-json\/wp\/v2\/categories?post=13233"},{"taxonomy":"post_tag","embeddable":true,"href":"https:\/\/www.africa-press.net\/gabon\/wp-json\/wp\/v2\/tags?post=13233"}],"curies":[{"name":"wp","href":"https:\/\/api.w.org\/{rel}","templated":true}]}}