{"id":13257,"date":"2022-11-28T17:31:48","date_gmt":"2022-11-28T17:31:48","guid":{"rendered":"https:\/\/www.africa-press.net\/gabon\/politique\/la-nuit-du-talent-canal-se-felicite-de-voir-certains-de-ses-partenaires-primes"},"modified":"2022-11-28T18:41:48","modified_gmt":"2022-11-28T18:41:48","slug":"la-nuit-du-talent-canal-se-felicite-de-voir-certains-de-ses-partenaires-primes","status":"publish","type":"post","link":"https:\/\/www.africa-press.net\/gabon\/culture-et-art\/la-nuit-du-talent-canal-se-felicite-de-voir-certains-de-ses-partenaires-primes","title":{"rendered":"\u00ab\u00a0La Nuit du Talent\u00a0\u00bb\u00a0: Canal+ se f\u00e9licite de voir certains de ses partenaires prim\u00e9s"},"content":{"rendered":"<p><span style=\"color: #ff6600\"><strong>Africa-Press &#8211; Gabon. <\/strong><\/span><b>La premie\u0300re e\u0301dition de \u00ab La Nuit des Talents \u00bb organise\u0301e le vendredi 25 novembre 2022 par le Ministe\u0300re de la Culture et des Arts, reve\u0302t un caracte\u0300re particulier pour CANAL+ car elle a permis de re\u0301compenser plusieurs de nos partenaires talentueux.<\/b><\/p>\n<p>C\u2019est donc une fierte\u0301 de voir :<\/p>\n<p>\u27a1\ufe0f Serge Abessolo prime\u0301 meilleur acteur !<\/p>\n<p>Acteur vedette des chai\u0302nes CANAL+ avec sa participation au premier rang, dans les se\u0301ries CANAL+ Original (CACAO, MAMI WATA, EKI et le FUTUR EST A NOUS).<\/p>\n<p>\u27a1\ufe0f Nelly Belval, meilleure actrice !<\/p>\n<p>Premie\u0300re et brillante expe\u0301rience a\u0300 l\u2019e\u0301cran avec la se\u0301rie CANAL+ Original EKI dont elle est aussi la productrice.<\/p>\n<p>\u27a1\ufe0f Steve Anderson meilleur animateur Tv !<\/p>\n<p>Pre\u0301sentateur vedette a\u0300 Gabon Te\u0301le\u0301vision, Steve a aussi fait ses preuves sur l\u2019e\u0301mission Tenue de Soire\u0301e de la chai\u0302ne CANAL+ POP.<\/p>\n<p>\u27a1\ufe0f Omar Defunzu meilleur humoriste !<\/p>\n<p>Grand humoriste africain, Omar fait exploser le public de l\u2019e\u0301mission Le Parlement Du Rire a\u0300 chacun de ses passages. Il est e\u0301galement Co pre\u0301sentateur de l\u2019e\u0301mission Burger Quiz sur CANAL+ POP.<\/p>\n<p>\u27a1\ufe0f Samantha Biffot, meilleure re\u0301alisatrice !<\/p>\n<p>Grande re\u0301alisatrice des se\u0301ries CANAL+ Original Mami Wata et Le Futur Est A\u0300 Nous, Samantha participe aussi activement a\u0300 la production de plusieurs e\u0301missions et magazines des chai\u0302nes CANAL+ dont Le Choeur des Femmes, Burger Quizz, Quatre Mariages pour une Lune de Miel Afrique, The Bachelor \u2013 Afrique&#8230;<\/p>\n<p>Bonne continuation a\u0300 tous les nomine\u0301s.<\/p>\n<p>Bravo a\u0300 tous les laure\u0301ats a\u0300 qui nous avons offert 1\ufe0f\u20e32\ufe0f\u20e3 mois d\u2019abonnement a\u0300 la formule TOUT CANAL\u2795 !!!<\/p>\n<p>Fe\u0301licitations au Ministe\u0300re de la Culture et des Arts pour la re\u0301ussite de cette premie\u0300re e\u0301dition.<\/p>\n<p><strong>Pour plus d&rsquo;informations et d&rsquo;analyses sur la <a href=\"https:\/\/www.africa-press.net\/gabon\">Gabon<\/a>, suivez <a href=\"https:\/\/www.africa-press.net\/\">Africa-Press<\/a><\/strong><\/p>\n","protected":false},"excerpt":{"rendered":"<p>Africa-Press &#8211; Gabon. La premie\u0300re e\u0301dition de \u00ab La Nuit des Talents \u00bb organise\u0301e le vendredi 25 novembre 2022 par le Ministe\u0300re de la Culture et des Arts, reve\u0302t un caracte\u0300re particulier pour CANAL+ car elle a permis de re\u0301compenser plusieurs de nos partenaires talentueux. C\u2019est donc une fierte\u0301 de voir : \u27a1\ufe0f Serge Abessolo [&hellip;]<\/p>\n","protected":false},"author":82,"featured_media":13256,"comment_status":"open","ping_status":"closed","sticky":false,"template":"","format":"standard","meta":{"footnotes":""},"categories":[5,10],"tags":[36,50,49],"class_list":["post-13257","post","type-post","status-publish","format-standard","has-post-thumbnail","hentry","category-culture-et-art","category-toutes-les-actualites","tag-africa-press","tag-africa-press-gabon","tag-gabon"],"yoast_head":"<!-- This site is optimized with the Yoast SEO Premium plugin v26.1 (Yoast SEO v27.0) - https:\/\/yoast.com\/product\/yoast-seo-premium-wordpress\/ -->\n<title>\u00ab\u00a0La Nuit du Talent\u00a0\u00bb\u00a0: Canal+ se f\u00e9licite de voir certains de ses partenaires prim\u00e9s - Gabon<\/title>\n<meta name=\"description\" content=\"La premie\u0300re e\u0301dition de \u00ab La Nuit des Talents \u00bb organise\u0301e le vendredi 25 novembre 2022 par le Ministe\u0300re de la Cult ...\" \/>\n<meta name=\"robots\" content=\"index, follow, max-snippet:-1, max-image-preview:large, max-video-preview:-1\" \/>\n<link rel=\"canonical\" href=\"https:\/\/www.africa-press.net\/gabon\/culture-et-art\/la-nuit-du-talent-canal-se-felicite-de-voir-certains-de-ses-partenaires-primes\" \/>\n<meta property=\"og:locale\" content=\"fr_FR\" \/>\n<meta property=\"og:type\" content=\"article\" \/>\n<meta property=\"og:title\" content=\"\u00ab\u00a0La Nuit du Talent\u00a0\u00bb\u00a0: Canal+ se f\u00e9licite de voir certains de ses partenaires prim\u00e9s\" \/>\n<meta property=\"og:description\" content=\"La premie\u0300re e\u0301dition de \u00ab La Nuit des Talents \u00bb organise\u0301e le vendredi 25 novembre 2022 par le Ministe\u0300re de la Cult ...\" \/>\n<meta property=\"og:url\" content=\"https:\/\/www.africa-press.net\/gabon\/culture-et-art\/la-nuit-du-talent-canal-se-felicite-de-voir-certains-de-ses-partenaires-primes\" \/>\n<meta property=\"og:site_name\" content=\"Gabon\" \/>\n<meta property=\"article:published_time\" content=\"2022-11-28T17:31:48+00:00\" \/>\n<meta property=\"article:modified_time\" content=\"2022-11-28T18:41:48+00:00\" \/>\n<meta property=\"og:image\" content=\"https:\/\/static.africa-press.net\/gabon\/sites\/54\/2022\/11\/postQueueImg_1669644122.02.jpg\" \/>\n\t<meta property=\"og:image:width\" content=\"1280\" \/>\n\t<meta property=\"og:image:height\" content=\"720\" \/>\n\t<meta property=\"og:image:type\" content=\"image\/jpeg\" \/>\n<meta name=\"author\" content=\"cfeditorfr\" \/>\n<meta name=\"twitter:card\" content=\"summary_large_image\" \/>\n<meta name=\"twitter:label1\" content=\"\u00c9crit par\" \/>\n\t<meta name=\"twitter:data1\" content=\"cfeditorfr\" \/>\n\t<meta name=\"twitter:label2\" content=\"Dur\u00e9e de lecture estim\u00e9e\" \/>\n\t<meta name=\"twitter:data2\" content=\"2 minutes\" \/>\n<script type=\"application\/ld+json\" class=\"yoast-schema-graph\">{\"@context\":\"https:\/\/schema.org\",\"@graph\":[{\"@type\":\"Article\",\"@id\":\"https:\/\/www.africa-press.net\/gabon\/culture-et-art\/la-nuit-du-talent-canal-se-felicite-de-voir-certains-de-ses-partenaires-primes#article\",\"isPartOf\":{\"@id\":\"https:\/\/www.africa-press.net\/gabon\/culture-et-art\/la-nuit-du-talent-canal-se-felicite-de-voir-certains-de-ses-partenaires-primes\"},\"author\":{\"name\":\"cfeditorfr\",\"@id\":\"https:\/\/www.africa-press.net\/gabon\/#\/schema\/person\/2b1cf3cd81a31e3cd26889ca66d677f1\"},\"headline\":\"\u00ab\u00a0La Nuit du Talent\u00a0\u00bb\u00a0: Canal+ se f\u00e9licite de voir certains de ses partenaires prim\u00e9s\",\"datePublished\":\"2022-11-28T17:31:48+00:00\",\"dateModified\":\"2022-11-28T18:41:48+00:00\",\"mainEntityOfPage\":{\"@id\":\"https:\/\/www.africa-press.net\/gabon\/culture-et-art\/la-nuit-du-talent-canal-se-felicite-de-voir-certains-de-ses-partenaires-primes\"},\"wordCount\":320,\"commentCount\":0,\"image\":{\"@id\":\"https:\/\/www.africa-press.net\/gabon\/culture-et-art\/la-nuit-du-talent-canal-se-felicite-de-voir-certains-de-ses-partenaires-primes#primaryimage\"},\"thumbnailUrl\":\"https:\/\/static.africa-press.net\/gabon\/sites\/54\/2022\/11\/postQueueImg_1669644122.02.jpg\",\"keywords\":[\"Africa Press\",\"Africa Press-Gabon\",\"Gabon\"],\"articleSection\":[\"Culture et Art\",\"Toutes les actualit\u00e9s\"],\"inLanguage\":\"fr-FR\",\"potentialAction\":[{\"@type\":\"CommentAction\",\"name\":\"Comment\",\"target\":[\"https:\/\/www.africa-press.net\/gabon\/culture-et-art\/la-nuit-du-talent-canal-se-felicite-de-voir-certains-de-ses-partenaires-primes#respond\"]}]},{\"@type\":\"WebPage\",\"@id\":\"https:\/\/www.africa-press.net\/gabon\/culture-et-art\/la-nuit-du-talent-canal-se-felicite-de-voir-certains-de-ses-partenaires-primes\",\"url\":\"https:\/\/www.africa-press.net\/gabon\/culture-et-art\/la-nuit-du-talent-canal-se-felicite-de-voir-certains-de-ses-partenaires-primes\",\"name\":\"\u00ab\u00a0La Nuit du Talent\u00a0\u00bb\u00a0: Canal+ se f\u00e9licite de voir certains de ses partenaires prim\u00e9s - Gabon\",\"isPartOf\":{\"@id\":\"https:\/\/www.africa-press.net\/gabon\/#website\"},\"primaryImageOfPage\":{\"@id\":\"https:\/\/www.africa-press.net\/gabon\/culture-et-art\/la-nuit-du-talent-canal-se-felicite-de-voir-certains-de-ses-partenaires-primes#primaryimage\"},\"image\":{\"@id\":\"https:\/\/www.africa-press.net\/gabon\/culture-et-art\/la-nuit-du-talent-canal-se-felicite-de-voir-certains-de-ses-partenaires-primes#primaryimage\"},\"thumbnailUrl\":\"https:\/\/static.africa-press.net\/gabon\/sites\/54\/2022\/11\/postQueueImg_1669644122.02.jpg\",\"datePublished\":\"2022-11-28T17:31:48+00:00\",\"dateModified\":\"2022-11-28T18:41:48+00:00\",\"author\":{\"@id\":\"https:\/\/www.africa-press.net\/gabon\/#\/schema\/person\/2b1cf3cd81a31e3cd26889ca66d677f1\"},\"description\":\"La premie\u0300re e\u0301dition de \u00ab La Nuit des Talents \u00bb organise\u0301e le vendredi 25 novembre 2022 par le Ministe\u0300re de la Cult ...\",\"breadcrumb\":{\"@id\":\"https:\/\/www.africa-press.net\/gabon\/culture-et-art\/la-nuit-du-talent-canal-se-felicite-de-voir-certains-de-ses-partenaires-primes#breadcrumb\"},\"inLanguage\":\"fr-FR\",\"potentialAction\":[{\"@type\":\"ReadAction\",\"target\":[\"https:\/\/www.africa-press.net\/gabon\/culture-et-art\/la-nuit-du-talent-canal-se-felicite-de-voir-certains-de-ses-partenaires-primes\"]}]},{\"@type\":\"ImageObject\",\"inLanguage\":\"fr-FR\",\"@id\":\"https:\/\/www.africa-press.net\/gabon\/culture-et-art\/la-nuit-du-talent-canal-se-felicite-de-voir-certains-de-ses-partenaires-primes#primaryimage\",\"url\":\"https:\/\/static.africa-press.net\/gabon\/sites\/54\/2022\/11\/postQueueImg_1669644122.02.jpg\",\"contentUrl\":\"https:\/\/static.africa-press.net\/gabon\/sites\/54\/2022\/11\/postQueueImg_1669644122.02.jpg\",\"width\":1280,\"height\":720,\"caption\":\"\u00ab\u00a0La Nuit du Talent\u00a0\u00bb\u00a0: Canal+ se f\u00e9licite de voir certains de ses partenaires prim\u00e9s\"},{\"@type\":\"BreadcrumbList\",\"@id\":\"https:\/\/www.africa-press.net\/gabon\/culture-et-art\/la-nuit-du-talent-canal-se-felicite-de-voir-certains-de-ses-partenaires-primes#breadcrumb\",\"itemListElement\":[{\"@type\":\"ListItem\",\"position\":1,\"name\":\"Accueil\",\"item\":\"https:\/\/www.africa-press.net\/gabon\/\"},{\"@type\":\"ListItem\",\"position\":2,\"name\":\"\u00ab\u00a0La Nuit du Talent\u00a0\u00bb\u00a0: Canal+ se f\u00e9licite de voir certains de ses partenaires prim\u00e9s\"}]},{\"@type\":\"WebSite\",\"@id\":\"https:\/\/www.africa-press.net\/gabon\/#website\",\"url\":\"https:\/\/www.africa-press.net\/gabon\/\",\"name\":\"Gabon\",\"description\":\"Just another Africa News Agency Sites site\",\"potentialAction\":[{\"@type\":\"SearchAction\",\"target\":{\"@type\":\"EntryPoint\",\"urlTemplate\":\"https:\/\/www.africa-press.net\/gabon\/?s={search_term_string}\"},\"query-input\":{\"@type\":\"PropertyValueSpecification\",\"valueRequired\":true,\"valueName\":\"search_term_string\"}}],\"inLanguage\":\"fr-FR\"},{\"@type\":\"Person\",\"@id\":\"https:\/\/www.africa-press.net\/gabon\/#\/schema\/person\/2b1cf3cd81a31e3cd26889ca66d677f1\",\"name\":\"cfeditorfr\"}]}<\/script>\n<!-- \/ Yoast SEO Premium plugin. -->","yoast_head_json":{"title":"\u00ab\u00a0La Nuit du Talent\u00a0\u00bb\u00a0: Canal+ se f\u00e9licite de voir certains de ses partenaires prim\u00e9s - Gabon","description":"La premie\u0300re e\u0301dition de \u00ab La Nuit des Talents \u00bb organise\u0301e le vendredi 25 novembre 2022 par le Ministe\u0300re de la Cult ...","robots":{"index":"index","follow":"follow","max-snippet":"max-snippet:-1","max-image-preview":"max-image-preview:large","max-video-preview":"max-video-preview:-1"},"canonical":"https:\/\/www.africa-press.net\/gabon\/culture-et-art\/la-nuit-du-talent-canal-se-felicite-de-voir-certains-de-ses-partenaires-primes","og_locale":"fr_FR","og_type":"article","og_title":"\u00ab\u00a0La Nuit du Talent\u00a0\u00bb\u00a0: Canal+ se f\u00e9licite de voir certains de ses partenaires prim\u00e9s","og_description":"La premie\u0300re e\u0301dition de \u00ab La Nuit des Talents \u00bb organise\u0301e le vendredi 25 novembre 2022 par le Ministe\u0300re de la Cult ...","og_url":"https:\/\/www.africa-press.net\/gabon\/culture-et-art\/la-nuit-du-talent-canal-se-felicite-de-voir-certains-de-ses-partenaires-primes","og_site_name":"Gabon","article_published_time":"2022-11-28T17:31:48+00:00","article_modified_time":"2022-11-28T18:41:48+00:00","og_image":[{"width":1280,"height":720,"url":"https:\/\/static.africa-press.net\/gabon\/sites\/54\/2022\/11\/postQueueImg_1669644122.02.jpg","type":"image\/jpeg"}],"author":"cfeditorfr","twitter_card":"summary_large_image","twitter_misc":{"\u00c9crit par":"cfeditorfr","Dur\u00e9e de lecture estim\u00e9e":"2 minutes"},"schema":{"@context":"https:\/\/schema.org","@graph":[{"@type":"Article","@id":"https:\/\/www.africa-press.net\/gabon\/culture-et-art\/la-nuit-du-talent-canal-se-felicite-de-voir-certains-de-ses-partenaires-primes#article","isPartOf":{"@id":"https:\/\/www.africa-press.net\/gabon\/culture-et-art\/la-nuit-du-talent-canal-se-felicite-de-voir-certains-de-ses-partenaires-primes"},"author":{"name":"cfeditorfr","@id":"https:\/\/www.africa-press.net\/gabon\/#\/schema\/person\/2b1cf3cd81a31e3cd26889ca66d677f1"},"headline":"\u00ab\u00a0La Nuit du Talent\u00a0\u00bb\u00a0: Canal+ se f\u00e9licite de voir certains de ses partenaires prim\u00e9s","datePublished":"2022-11-28T17:31:48+00:00","dateModified":"2022-11-28T18:41:48+00:00","mainEntityOfPage":{"@id":"https:\/\/www.africa-press.net\/gabon\/culture-et-art\/la-nuit-du-talent-canal-se-felicite-de-voir-certains-de-ses-partenaires-primes"},"wordCount":320,"commentCount":0,"image":{"@id":"https:\/\/www.africa-press.net\/gabon\/culture-et-art\/la-nuit-du-talent-canal-se-felicite-de-voir-certains-de-ses-partenaires-primes#primaryimage"},"thumbnailUrl":"https:\/\/static.africa-press.net\/gabon\/sites\/54\/2022\/11\/postQueueImg_1669644122.02.jpg","keywords":["Africa Press","Africa Press-Gabon","Gabon"],"articleSection":["Culture et Art","Toutes les actualit\u00e9s"],"inLanguage":"fr-FR","potentialAction":[{"@type":"CommentAction","name":"Comment","target":["https:\/\/www.africa-press.net\/gabon\/culture-et-art\/la-nuit-du-talent-canal-se-felicite-de-voir-certains-de-ses-partenaires-primes#respond"]}]},{"@type":"WebPage","@id":"https:\/\/www.africa-press.net\/gabon\/culture-et-art\/la-nuit-du-talent-canal-se-felicite-de-voir-certains-de-ses-partenaires-primes","url":"https:\/\/www.africa-press.net\/gabon\/culture-et-art\/la-nuit-du-talent-canal-se-felicite-de-voir-certains-de-ses-partenaires-primes","name":"\u00ab\u00a0La Nuit du Talent\u00a0\u00bb\u00a0: Canal+ se f\u00e9licite de voir certains de ses partenaires prim\u00e9s - Gabon","isPartOf":{"@id":"https:\/\/www.africa-press.net\/gabon\/#website"},"primaryImageOfPage":{"@id":"https:\/\/www.africa-press.net\/gabon\/culture-et-art\/la-nuit-du-talent-canal-se-felicite-de-voir-certains-de-ses-partenaires-primes#primaryimage"},"image":{"@id":"https:\/\/www.africa-press.net\/gabon\/culture-et-art\/la-nuit-du-talent-canal-se-felicite-de-voir-certains-de-ses-partenaires-primes#primaryimage"},"thumbnailUrl":"https:\/\/static.africa-press.net\/gabon\/sites\/54\/2022\/11\/postQueueImg_1669644122.02.jpg","datePublished":"2022-11-28T17:31:48+00:00","dateModified":"2022-11-28T18:41:48+00:00","author":{"@id":"https:\/\/www.africa-press.net\/gabon\/#\/schema\/person\/2b1cf3cd81a31e3cd26889ca66d677f1"},"description":"La premie\u0300re e\u0301dition de \u00ab La Nuit des Talents \u00bb organise\u0301e le vendredi 25 novembre 2022 par le Ministe\u0300re de la Cult ...","breadcrumb":{"@id":"https:\/\/www.africa-press.net\/gabon\/culture-et-art\/la-nuit-du-talent-canal-se-felicite-de-voir-certains-de-ses-partenaires-primes#breadcrumb"},"inLanguage":"fr-FR","potentialAction":[{"@type":"ReadAction","target":["https:\/\/www.africa-press.net\/gabon\/culture-et-art\/la-nuit-du-talent-canal-se-felicite-de-voir-certains-de-ses-partenaires-primes"]}]},{"@type":"ImageObject","inLanguage":"fr-FR","@id":"https:\/\/www.africa-press.net\/gabon\/culture-et-art\/la-nuit-du-talent-canal-se-felicite-de-voir-certains-de-ses-partenaires-primes#primaryimage","url":"https:\/\/static.africa-press.net\/gabon\/sites\/54\/2022\/11\/postQueueImg_1669644122.02.jpg","contentUrl":"https:\/\/static.africa-press.net\/gabon\/sites\/54\/2022\/11\/postQueueImg_1669644122.02.jpg","width":1280,"height":720,"caption":"\u00ab\u00a0La Nuit du Talent\u00a0\u00bb\u00a0: Canal+ se f\u00e9licite de voir certains de ses partenaires prim\u00e9s"},{"@type":"BreadcrumbList","@id":"https:\/\/www.africa-press.net\/gabon\/culture-et-art\/la-nuit-du-talent-canal-se-felicite-de-voir-certains-de-ses-partenaires-primes#breadcrumb","itemListElement":[{"@type":"ListItem","position":1,"name":"Accueil","item":"https:\/\/www.africa-press.net\/gabon\/"},{"@type":"ListItem","position":2,"name":"\u00ab\u00a0La Nuit du Talent\u00a0\u00bb\u00a0: Canal+ se f\u00e9licite de voir certains de ses partenaires prim\u00e9s"}]},{"@type":"WebSite","@id":"https:\/\/www.africa-press.net\/gabon\/#website","url":"https:\/\/www.africa-press.net\/gabon\/","name":"Gabon","description":"Just another Africa News Agency Sites site","potentialAction":[{"@type":"SearchAction","target":{"@type":"EntryPoint","urlTemplate":"https:\/\/www.africa-press.net\/gabon\/?s={search_term_string}"},"query-input":{"@type":"PropertyValueSpecification","valueRequired":true,"valueName":"search_term_string"}}],"inLanguage":"fr-FR"},{"@type":"Person","@id":"https:\/\/www.africa-press.net\/gabon\/#\/schema\/person\/2b1cf3cd81a31e3cd26889ca66d677f1","name":"cfeditorfr"}]}},"_links":{"self":[{"href":"https:\/\/www.africa-press.net\/gabon\/wp-json\/wp\/v2\/posts\/13257","targetHints":{"allow":["GET"]}}],"collection":[{"href":"https:\/\/www.africa-press.net\/gabon\/wp-json\/wp\/v2\/posts"}],"about":[{"href":"https:\/\/www.africa-press.net\/gabon\/wp-json\/wp\/v2\/types\/post"}],"author":[{"embeddable":true,"href":"https:\/\/www.africa-press.net\/gabon\/wp-json\/wp\/v2\/users\/82"}],"replies":[{"embeddable":true,"href":"https:\/\/www.africa-press.net\/gabon\/wp-json\/wp\/v2\/comments?post=13257"}],"version-history":[{"count":0,"href":"https:\/\/www.africa-press.net\/gabon\/wp-json\/wp\/v2\/posts\/13257\/revisions"}],"wp:featuredmedia":[{"embeddable":true,"href":"https:\/\/www.africa-press.net\/gabon\/wp-json\/wp\/v2\/media\/13256"}],"wp:attachment":[{"href":"https:\/\/www.africa-press.net\/gabon\/wp-json\/wp\/v2\/media?parent=13257"}],"wp:term":[{"taxonomy":"category","embeddable":true,"href":"https:\/\/www.africa-press.net\/gabon\/wp-json\/wp\/v2\/categories?post=13257"},{"taxonomy":"post_tag","embeddable":true,"href":"https:\/\/www.africa-press.net\/gabon\/wp-json\/wp\/v2\/tags?post=13257"}],"curies":[{"name":"wp","href":"https:\/\/api.w.org\/{rel}","templated":true}]}}