{"id":13269,"date":"2022-11-28T17:36:44","date_gmt":"2022-11-28T17:36:44","guid":{"rendered":"https:\/\/www.africa-press.net\/gabon\/politique\/port-gentil-les-eleves-des-bleuets-du-littoral-sensibilises-sur-leurs-droits-et-devoirs"},"modified":"2022-11-28T18:46:17","modified_gmt":"2022-11-28T18:46:17","slug":"port-gentil-les-eleves-des-bleuets-du-littoral-sensibilises-sur-leurs-droits-et-devoirs","status":"publish","type":"post","link":"https:\/\/www.africa-press.net\/gabon\/toutes-les-actualites\/port-gentil-les-eleves-des-bleuets-du-littoral-sensibilises-sur-leurs-droits-et-devoirs","title":{"rendered":"Port-Gentil : Les \u00e9l\u00e8ves des \u00abBleuets du littoral\u00bb sensibilis\u00e9s sur leurs droits et devoirs"},"content":{"rendered":"<p><span style=\"color: #ff6600\"><strong>Africa-Press &#8211; Gabon. <\/strong><\/span>Les e\u0301le\u0300ves de l\u2019e\u0301cole prive\u0301e \u00abLes bleuets du littoral\u00bb a\u0300 Port-Gentil, ont ce\u0301le\u0301bre\u0301, le 24 novembre dernier, en diffe\u0301re\u0301, la Journe\u0301e mondiale de l\u2019enfant et des droits de l\u2019enfant. Autour des productions e\u0301crites, dessine\u0301es et orales, ils ont pu s\u2019exprimer et e\u0302tre e\u0301coute\u0301s. Une journe\u0301e riche en sensibilisation et en enseignements.<\/p>\n<p>\u00abNe la\u0302chons pas nos droits\u00bb. Tel est le slogan retenu par les e\u0301le\u0300ves du complexe scolaire prive\u0301 \u00abLes bleuets du littoral\u00bb situe\u0301 dans le 3e arrondissement de Port-Gentil pour ce\u0301le\u0301brer la Journe\u0301e mondiale de l\u2019enfant et des droits de l\u2019enfant. Un e\u0301ve\u0301nement ce\u0301le\u0301bre\u0301 en diffe\u0301re\u0301, le 24 novembre, a\u0300 travers lequel les responsables de cet e\u0301tablissement ont souhaite\u0301 renforcer les connaissances de leurs apprenants concernant leurs droits afin d\u2019en faire des \u00abcitoyens e\u0301veille\u0301s\u00bb.<\/p>\n<p>Pour aboutir a\u0300 cette manifestation, les enfants ont re\u0301fle\u0301chi et conc\u0327u des productions e\u0301crites, orales et dessine\u0301es. Le bien-fonde\u0301 de cette ce\u0301re\u0301monie e\u0301tait d\u2019ouvrir la voie aux apprenants pour qu\u2019ils puissent s\u2019exprimer librement devant leurs parents et encadreurs a\u0300 travers des textes et des chants. Des prestations a\u0300 travers lesquelles les e\u0301le\u0300ves re\u0301clament le droit a\u0300 l\u2019e\u0301ducation, a\u0300 la sante\u0301, a\u0300 la protection, au divertissement, etc.<\/p>\n<p>\u00abNous ce\u0301le\u0301brons aujourd\u2019hui la Journe\u0301e mondiale de l\u2019enfant. Et \u00abLes bleuets du littoral\u00bb ont juge\u0301 important de mettre en exergue celle-ci par de belles \u0153uvres faites par nos e\u0301le\u0300ves. C\u2019e\u0301tait aussi l\u2019occasion de leur faire savoir qu\u2019ils ont des droits\u00bb, a laisse\u0301 entendre l\u2019enseignante, Mbina Djazia.<\/p>\n<p>Gra\u0302ce aux diffe\u0301rentes activite\u0301s, les parents et les e\u0301le\u0300ves ont pu e\u0302tre sensibilise\u0301s sur les diffe\u0301rents droits et devoirs qui leur incombent. Pour un parent d\u2019e\u0301le\u0300ve assistant a\u0300 cet e\u0301ve\u0301nement, \u00abcette sensibilisation vaut son pesant d\u2019or dans la mesure ou\u0300, pour e\u0302tre un citoyen, on a besoin de connai\u0302tre ses droits\u00bb. \u00abEn tant que parent, c\u2019est une responsabilite\u0301 de les respecter\u00bb, a-t-il ajoute\u0301, tandis qu\u2019une e\u0301le\u0300ve du CE2 indiquait qu\u2019elle a retenu, lors de cette manifestation, que \u00abl\u2019enfant a des droits et qu\u2019il doit e\u0301galement e\u0302tre prote\u0301ge\u0301 contre l\u2019exploitation et e\u0302tre heureux avec une famille\u00bb.<\/p>\n<p>Les parents espe\u0300rent que ce type d\u2019initiatives sera perpe\u0301tue\u0301 sous d\u2019autres angles a\u0300 travers des confe\u0301rences ou des portes ouvertes. Ce sera l\u2019occasion de s\u2019adapter aux diffe\u0301rentes the\u0301matiques en fonction du niveau scolaire des enfants pour une e\u0301cole meilleure. C\u2019est dans ce sens que l\u2019e\u0301cole s\u2019est engage\u0301e, depuis plusieurs anne\u0301es, a\u0300 faire respecter les droits e\u0301nonce\u0301s et a\u0300 les garantir a\u0300 tout enfant sans distinction aucune inde\u0301pendamment de toute conside\u0301ration de race, de couleur, de sexe, de langue, de religion, etc.<\/p>\n<p><strong>Pour plus d&rsquo;informations et d&rsquo;analyses sur la <a href=\"https:\/\/www.africa-press.net\/gabon\">Gabon<\/a>, suivez <a href=\"https:\/\/www.africa-press.net\/\">Africa-Press<\/a><\/strong><\/p>\n","protected":false},"excerpt":{"rendered":"<p>Africa-Press &#8211; Gabon. Les e\u0301le\u0300ves de l\u2019e\u0301cole prive\u0301e \u00abLes bleuets du littoral\u00bb a\u0300 Port-Gentil, ont ce\u0301le\u0301bre\u0301, le 24 novembre dernier, en diffe\u0301re\u0301, la Journe\u0301e mondiale de l\u2019enfant et des droits de l\u2019enfant. Autour des productions e\u0301crites, dessine\u0301es et orales, ils ont pu s\u2019exprimer et e\u0302tre e\u0301coute\u0301s. Une journe\u0301e riche en sensibilisation et en enseignements. \u00abNe [&hellip;]<\/p>\n","protected":false},"author":82,"featured_media":13268,"comment_status":"open","ping_status":"closed","sticky":false,"template":"","format":"standard","meta":{"footnotes":""},"categories":[21,10],"tags":[36,50,49],"class_list":["post-13269","post","type-post","status-publish","format-standard","has-post-thumbnail","hentry","category-communaute","category-toutes-les-actualites","tag-africa-press","tag-africa-press-gabon","tag-gabon"],"yoast_head":"<!-- This site is optimized with the Yoast SEO Premium plugin v26.1 (Yoast SEO v27.0) - https:\/\/yoast.com\/product\/yoast-seo-premium-wordpress\/ -->\n<title>Port-Gentil : Les \u00e9l\u00e8ves des \u00abBleuets du littoral\u00bb sensibilis\u00e9s sur leurs droits et devoirs - Gabon<\/title>\n<meta name=\"description\" content=\"Les e\u0301le\u0300ves de l\u2019e\u0301cole prive\u0301e \u00abLes bleuets du littoral\u00bb a\u0300 Port-Gentil, ont ce\u0301le\u0301bre\u0301, le 24 novembre dernier, en di ...\" \/>\n<meta name=\"robots\" content=\"index, follow, max-snippet:-1, max-image-preview:large, max-video-preview:-1\" \/>\n<link rel=\"canonical\" href=\"https:\/\/www.africa-press.net\/gabon\/toutes-les-actualites\/port-gentil-les-eleves-des-bleuets-du-littoral-sensibilises-sur-leurs-droits-et-devoirs\" \/>\n<meta property=\"og:locale\" content=\"fr_FR\" \/>\n<meta property=\"og:type\" content=\"article\" \/>\n<meta property=\"og:title\" content=\"Port-Gentil : Les \u00e9l\u00e8ves des \u00abBleuets du littoral\u00bb sensibilis\u00e9s sur leurs droits et devoirs\" \/>\n<meta property=\"og:description\" content=\"Les e\u0301le\u0300ves de l\u2019e\u0301cole prive\u0301e \u00abLes bleuets du littoral\u00bb a\u0300 Port-Gentil, ont ce\u0301le\u0301bre\u0301, le 24 novembre dernier, en di ...\" \/>\n<meta property=\"og:url\" content=\"https:\/\/www.africa-press.net\/gabon\/toutes-les-actualites\/port-gentil-les-eleves-des-bleuets-du-littoral-sensibilises-sur-leurs-droits-et-devoirs\" \/>\n<meta property=\"og:site_name\" content=\"Gabon\" \/>\n<meta property=\"article:published_time\" content=\"2022-11-28T17:36:44+00:00\" \/>\n<meta property=\"article:modified_time\" content=\"2022-11-28T18:46:17+00:00\" \/>\n<meta property=\"og:image\" content=\"https:\/\/static.africa-press.net\/gabon\/sites\/54\/2022\/11\/postQueueImg_1669644411.25.jpg\" \/>\n\t<meta property=\"og:image:width\" content=\"720\" \/>\n\t<meta property=\"og:image:height\" content=\"540\" \/>\n\t<meta property=\"og:image:type\" content=\"image\/jpeg\" \/>\n<meta name=\"author\" content=\"cfeditorfr\" \/>\n<meta name=\"twitter:card\" content=\"summary_large_image\" \/>\n<meta name=\"twitter:label1\" content=\"\u00c9crit par\" \/>\n\t<meta name=\"twitter:data1\" content=\"cfeditorfr\" \/>\n\t<meta name=\"twitter:label2\" content=\"Dur\u00e9e de lecture estim\u00e9e\" \/>\n\t<meta name=\"twitter:data2\" content=\"3 minutes\" \/>\n<script type=\"application\/ld+json\" class=\"yoast-schema-graph\">{\"@context\":\"https:\/\/schema.org\",\"@graph\":[{\"@type\":\"Article\",\"@id\":\"https:\/\/www.africa-press.net\/gabon\/toutes-les-actualites\/port-gentil-les-eleves-des-bleuets-du-littoral-sensibilises-sur-leurs-droits-et-devoirs#article\",\"isPartOf\":{\"@id\":\"https:\/\/www.africa-press.net\/gabon\/toutes-les-actualites\/port-gentil-les-eleves-des-bleuets-du-littoral-sensibilises-sur-leurs-droits-et-devoirs\"},\"author\":{\"name\":\"cfeditorfr\",\"@id\":\"https:\/\/www.africa-press.net\/gabon\/#\/schema\/person\/2b1cf3cd81a31e3cd26889ca66d677f1\"},\"headline\":\"Port-Gentil : Les \u00e9l\u00e8ves des \u00abBleuets du littoral\u00bb sensibilis\u00e9s sur leurs droits et devoirs\",\"datePublished\":\"2022-11-28T17:36:44+00:00\",\"dateModified\":\"2022-11-28T18:46:17+00:00\",\"mainEntityOfPage\":{\"@id\":\"https:\/\/www.africa-press.net\/gabon\/toutes-les-actualites\/port-gentil-les-eleves-des-bleuets-du-littoral-sensibilises-sur-leurs-droits-et-devoirs\"},\"wordCount\":551,\"commentCount\":0,\"image\":{\"@id\":\"https:\/\/www.africa-press.net\/gabon\/toutes-les-actualites\/port-gentil-les-eleves-des-bleuets-du-littoral-sensibilises-sur-leurs-droits-et-devoirs#primaryimage\"},\"thumbnailUrl\":\"https:\/\/static.africa-press.net\/gabon\/sites\/54\/2022\/11\/postQueueImg_1669644411.25.jpg\",\"keywords\":[\"Africa Press\",\"Africa Press-Gabon\",\"Gabon\"],\"articleSection\":[\"Communaut\u00e9\",\"Toutes les actualit\u00e9s\"],\"inLanguage\":\"fr-FR\",\"potentialAction\":[{\"@type\":\"CommentAction\",\"name\":\"Comment\",\"target\":[\"https:\/\/www.africa-press.net\/gabon\/toutes-les-actualites\/port-gentil-les-eleves-des-bleuets-du-littoral-sensibilises-sur-leurs-droits-et-devoirs#respond\"]}]},{\"@type\":\"WebPage\",\"@id\":\"https:\/\/www.africa-press.net\/gabon\/toutes-les-actualites\/port-gentil-les-eleves-des-bleuets-du-littoral-sensibilises-sur-leurs-droits-et-devoirs\",\"url\":\"https:\/\/www.africa-press.net\/gabon\/toutes-les-actualites\/port-gentil-les-eleves-des-bleuets-du-littoral-sensibilises-sur-leurs-droits-et-devoirs\",\"name\":\"Port-Gentil : Les \u00e9l\u00e8ves des \u00abBleuets du littoral\u00bb sensibilis\u00e9s sur leurs droits et devoirs - Gabon\",\"isPartOf\":{\"@id\":\"https:\/\/www.africa-press.net\/gabon\/#website\"},\"primaryImageOfPage\":{\"@id\":\"https:\/\/www.africa-press.net\/gabon\/toutes-les-actualites\/port-gentil-les-eleves-des-bleuets-du-littoral-sensibilises-sur-leurs-droits-et-devoirs#primaryimage\"},\"image\":{\"@id\":\"https:\/\/www.africa-press.net\/gabon\/toutes-les-actualites\/port-gentil-les-eleves-des-bleuets-du-littoral-sensibilises-sur-leurs-droits-et-devoirs#primaryimage\"},\"thumbnailUrl\":\"https:\/\/static.africa-press.net\/gabon\/sites\/54\/2022\/11\/postQueueImg_1669644411.25.jpg\",\"datePublished\":\"2022-11-28T17:36:44+00:00\",\"dateModified\":\"2022-11-28T18:46:17+00:00\",\"author\":{\"@id\":\"https:\/\/www.africa-press.net\/gabon\/#\/schema\/person\/2b1cf3cd81a31e3cd26889ca66d677f1\"},\"description\":\"Les e\u0301le\u0300ves de l\u2019e\u0301cole prive\u0301e \u00abLes bleuets du littoral\u00bb a\u0300 Port-Gentil, ont ce\u0301le\u0301bre\u0301, le 24 novembre dernier, en di ...\",\"breadcrumb\":{\"@id\":\"https:\/\/www.africa-press.net\/gabon\/toutes-les-actualites\/port-gentil-les-eleves-des-bleuets-du-littoral-sensibilises-sur-leurs-droits-et-devoirs#breadcrumb\"},\"inLanguage\":\"fr-FR\",\"potentialAction\":[{\"@type\":\"ReadAction\",\"target\":[\"https:\/\/www.africa-press.net\/gabon\/toutes-les-actualites\/port-gentil-les-eleves-des-bleuets-du-littoral-sensibilises-sur-leurs-droits-et-devoirs\"]}]},{\"@type\":\"ImageObject\",\"inLanguage\":\"fr-FR\",\"@id\":\"https:\/\/www.africa-press.net\/gabon\/toutes-les-actualites\/port-gentil-les-eleves-des-bleuets-du-littoral-sensibilises-sur-leurs-droits-et-devoirs#primaryimage\",\"url\":\"https:\/\/static.africa-press.net\/gabon\/sites\/54\/2022\/11\/postQueueImg_1669644411.25.jpg\",\"contentUrl\":\"https:\/\/static.africa-press.net\/gabon\/sites\/54\/2022\/11\/postQueueImg_1669644411.25.jpg\",\"width\":720,\"height\":540,\"caption\":\"Port-Gentil : Les \u00e9l\u00e8ves des \u00abBleuets du littoral\u00bb sensibilis\u00e9s sur leurs droits et devoirs\"},{\"@type\":\"BreadcrumbList\",\"@id\":\"https:\/\/www.africa-press.net\/gabon\/toutes-les-actualites\/port-gentil-les-eleves-des-bleuets-du-littoral-sensibilises-sur-leurs-droits-et-devoirs#breadcrumb\",\"itemListElement\":[{\"@type\":\"ListItem\",\"position\":1,\"name\":\"Accueil\",\"item\":\"https:\/\/www.africa-press.net\/gabon\/\"},{\"@type\":\"ListItem\",\"position\":2,\"name\":\"Port-Gentil : Les \u00e9l\u00e8ves des \u00abBleuets du littoral\u00bb sensibilis\u00e9s sur leurs droits et devoirs\"}]},{\"@type\":\"WebSite\",\"@id\":\"https:\/\/www.africa-press.net\/gabon\/#website\",\"url\":\"https:\/\/www.africa-press.net\/gabon\/\",\"name\":\"Gabon\",\"description\":\"Just another Africa News Agency Sites site\",\"potentialAction\":[{\"@type\":\"SearchAction\",\"target\":{\"@type\":\"EntryPoint\",\"urlTemplate\":\"https:\/\/www.africa-press.net\/gabon\/?s={search_term_string}\"},\"query-input\":{\"@type\":\"PropertyValueSpecification\",\"valueRequired\":true,\"valueName\":\"search_term_string\"}}],\"inLanguage\":\"fr-FR\"},{\"@type\":\"Person\",\"@id\":\"https:\/\/www.africa-press.net\/gabon\/#\/schema\/person\/2b1cf3cd81a31e3cd26889ca66d677f1\",\"name\":\"cfeditorfr\"}]}<\/script>\n<!-- \/ Yoast SEO Premium plugin. -->","yoast_head_json":{"title":"Port-Gentil : Les \u00e9l\u00e8ves des \u00abBleuets du littoral\u00bb sensibilis\u00e9s sur leurs droits et devoirs - Gabon","description":"Les e\u0301le\u0300ves de l\u2019e\u0301cole prive\u0301e \u00abLes bleuets du littoral\u00bb a\u0300 Port-Gentil, ont ce\u0301le\u0301bre\u0301, le 24 novembre dernier, en di ...","robots":{"index":"index","follow":"follow","max-snippet":"max-snippet:-1","max-image-preview":"max-image-preview:large","max-video-preview":"max-video-preview:-1"},"canonical":"https:\/\/www.africa-press.net\/gabon\/toutes-les-actualites\/port-gentil-les-eleves-des-bleuets-du-littoral-sensibilises-sur-leurs-droits-et-devoirs","og_locale":"fr_FR","og_type":"article","og_title":"Port-Gentil : Les \u00e9l\u00e8ves des \u00abBleuets du littoral\u00bb sensibilis\u00e9s sur leurs droits et devoirs","og_description":"Les e\u0301le\u0300ves de l\u2019e\u0301cole prive\u0301e \u00abLes bleuets du littoral\u00bb a\u0300 Port-Gentil, ont ce\u0301le\u0301bre\u0301, le 24 novembre dernier, en di ...","og_url":"https:\/\/www.africa-press.net\/gabon\/toutes-les-actualites\/port-gentil-les-eleves-des-bleuets-du-littoral-sensibilises-sur-leurs-droits-et-devoirs","og_site_name":"Gabon","article_published_time":"2022-11-28T17:36:44+00:00","article_modified_time":"2022-11-28T18:46:17+00:00","og_image":[{"width":720,"height":540,"url":"https:\/\/static.africa-press.net\/gabon\/sites\/54\/2022\/11\/postQueueImg_1669644411.25.jpg","type":"image\/jpeg"}],"author":"cfeditorfr","twitter_card":"summary_large_image","twitter_misc":{"\u00c9crit par":"cfeditorfr","Dur\u00e9e de lecture estim\u00e9e":"3 minutes"},"schema":{"@context":"https:\/\/schema.org","@graph":[{"@type":"Article","@id":"https:\/\/www.africa-press.net\/gabon\/toutes-les-actualites\/port-gentil-les-eleves-des-bleuets-du-littoral-sensibilises-sur-leurs-droits-et-devoirs#article","isPartOf":{"@id":"https:\/\/www.africa-press.net\/gabon\/toutes-les-actualites\/port-gentil-les-eleves-des-bleuets-du-littoral-sensibilises-sur-leurs-droits-et-devoirs"},"author":{"name":"cfeditorfr","@id":"https:\/\/www.africa-press.net\/gabon\/#\/schema\/person\/2b1cf3cd81a31e3cd26889ca66d677f1"},"headline":"Port-Gentil : Les \u00e9l\u00e8ves des \u00abBleuets du littoral\u00bb sensibilis\u00e9s sur leurs droits et devoirs","datePublished":"2022-11-28T17:36:44+00:00","dateModified":"2022-11-28T18:46:17+00:00","mainEntityOfPage":{"@id":"https:\/\/www.africa-press.net\/gabon\/toutes-les-actualites\/port-gentil-les-eleves-des-bleuets-du-littoral-sensibilises-sur-leurs-droits-et-devoirs"},"wordCount":551,"commentCount":0,"image":{"@id":"https:\/\/www.africa-press.net\/gabon\/toutes-les-actualites\/port-gentil-les-eleves-des-bleuets-du-littoral-sensibilises-sur-leurs-droits-et-devoirs#primaryimage"},"thumbnailUrl":"https:\/\/static.africa-press.net\/gabon\/sites\/54\/2022\/11\/postQueueImg_1669644411.25.jpg","keywords":["Africa Press","Africa Press-Gabon","Gabon"],"articleSection":["Communaut\u00e9","Toutes les actualit\u00e9s"],"inLanguage":"fr-FR","potentialAction":[{"@type":"CommentAction","name":"Comment","target":["https:\/\/www.africa-press.net\/gabon\/toutes-les-actualites\/port-gentil-les-eleves-des-bleuets-du-littoral-sensibilises-sur-leurs-droits-et-devoirs#respond"]}]},{"@type":"WebPage","@id":"https:\/\/www.africa-press.net\/gabon\/toutes-les-actualites\/port-gentil-les-eleves-des-bleuets-du-littoral-sensibilises-sur-leurs-droits-et-devoirs","url":"https:\/\/www.africa-press.net\/gabon\/toutes-les-actualites\/port-gentil-les-eleves-des-bleuets-du-littoral-sensibilises-sur-leurs-droits-et-devoirs","name":"Port-Gentil : Les \u00e9l\u00e8ves des \u00abBleuets du littoral\u00bb sensibilis\u00e9s sur leurs droits et devoirs - Gabon","isPartOf":{"@id":"https:\/\/www.africa-press.net\/gabon\/#website"},"primaryImageOfPage":{"@id":"https:\/\/www.africa-press.net\/gabon\/toutes-les-actualites\/port-gentil-les-eleves-des-bleuets-du-littoral-sensibilises-sur-leurs-droits-et-devoirs#primaryimage"},"image":{"@id":"https:\/\/www.africa-press.net\/gabon\/toutes-les-actualites\/port-gentil-les-eleves-des-bleuets-du-littoral-sensibilises-sur-leurs-droits-et-devoirs#primaryimage"},"thumbnailUrl":"https:\/\/static.africa-press.net\/gabon\/sites\/54\/2022\/11\/postQueueImg_1669644411.25.jpg","datePublished":"2022-11-28T17:36:44+00:00","dateModified":"2022-11-28T18:46:17+00:00","author":{"@id":"https:\/\/www.africa-press.net\/gabon\/#\/schema\/person\/2b1cf3cd81a31e3cd26889ca66d677f1"},"description":"Les e\u0301le\u0300ves de l\u2019e\u0301cole prive\u0301e \u00abLes bleuets du littoral\u00bb a\u0300 Port-Gentil, ont ce\u0301le\u0301bre\u0301, le 24 novembre dernier, en di ...","breadcrumb":{"@id":"https:\/\/www.africa-press.net\/gabon\/toutes-les-actualites\/port-gentil-les-eleves-des-bleuets-du-littoral-sensibilises-sur-leurs-droits-et-devoirs#breadcrumb"},"inLanguage":"fr-FR","potentialAction":[{"@type":"ReadAction","target":["https:\/\/www.africa-press.net\/gabon\/toutes-les-actualites\/port-gentil-les-eleves-des-bleuets-du-littoral-sensibilises-sur-leurs-droits-et-devoirs"]}]},{"@type":"ImageObject","inLanguage":"fr-FR","@id":"https:\/\/www.africa-press.net\/gabon\/toutes-les-actualites\/port-gentil-les-eleves-des-bleuets-du-littoral-sensibilises-sur-leurs-droits-et-devoirs#primaryimage","url":"https:\/\/static.africa-press.net\/gabon\/sites\/54\/2022\/11\/postQueueImg_1669644411.25.jpg","contentUrl":"https:\/\/static.africa-press.net\/gabon\/sites\/54\/2022\/11\/postQueueImg_1669644411.25.jpg","width":720,"height":540,"caption":"Port-Gentil : Les \u00e9l\u00e8ves des \u00abBleuets du littoral\u00bb sensibilis\u00e9s sur leurs droits et devoirs"},{"@type":"BreadcrumbList","@id":"https:\/\/www.africa-press.net\/gabon\/toutes-les-actualites\/port-gentil-les-eleves-des-bleuets-du-littoral-sensibilises-sur-leurs-droits-et-devoirs#breadcrumb","itemListElement":[{"@type":"ListItem","position":1,"name":"Accueil","item":"https:\/\/www.africa-press.net\/gabon\/"},{"@type":"ListItem","position":2,"name":"Port-Gentil : Les \u00e9l\u00e8ves des \u00abBleuets du littoral\u00bb sensibilis\u00e9s sur leurs droits et devoirs"}]},{"@type":"WebSite","@id":"https:\/\/www.africa-press.net\/gabon\/#website","url":"https:\/\/www.africa-press.net\/gabon\/","name":"Gabon","description":"Just another Africa News Agency Sites site","potentialAction":[{"@type":"SearchAction","target":{"@type":"EntryPoint","urlTemplate":"https:\/\/www.africa-press.net\/gabon\/?s={search_term_string}"},"query-input":{"@type":"PropertyValueSpecification","valueRequired":true,"valueName":"search_term_string"}}],"inLanguage":"fr-FR"},{"@type":"Person","@id":"https:\/\/www.africa-press.net\/gabon\/#\/schema\/person\/2b1cf3cd81a31e3cd26889ca66d677f1","name":"cfeditorfr"}]}},"_links":{"self":[{"href":"https:\/\/www.africa-press.net\/gabon\/wp-json\/wp\/v2\/posts\/13269","targetHints":{"allow":["GET"]}}],"collection":[{"href":"https:\/\/www.africa-press.net\/gabon\/wp-json\/wp\/v2\/posts"}],"about":[{"href":"https:\/\/www.africa-press.net\/gabon\/wp-json\/wp\/v2\/types\/post"}],"author":[{"embeddable":true,"href":"https:\/\/www.africa-press.net\/gabon\/wp-json\/wp\/v2\/users\/82"}],"replies":[{"embeddable":true,"href":"https:\/\/www.africa-press.net\/gabon\/wp-json\/wp\/v2\/comments?post=13269"}],"version-history":[{"count":0,"href":"https:\/\/www.africa-press.net\/gabon\/wp-json\/wp\/v2\/posts\/13269\/revisions"}],"wp:featuredmedia":[{"embeddable":true,"href":"https:\/\/www.africa-press.net\/gabon\/wp-json\/wp\/v2\/media\/13268"}],"wp:attachment":[{"href":"https:\/\/www.africa-press.net\/gabon\/wp-json\/wp\/v2\/media?parent=13269"}],"wp:term":[{"taxonomy":"category","embeddable":true,"href":"https:\/\/www.africa-press.net\/gabon\/wp-json\/wp\/v2\/categories?post=13269"},{"taxonomy":"post_tag","embeddable":true,"href":"https:\/\/www.africa-press.net\/gabon\/wp-json\/wp\/v2\/tags?post=13269"}],"curies":[{"name":"wp","href":"https:\/\/api.w.org\/{rel}","templated":true}]}}