{"id":13281,"date":"2022-11-28T17:38:24","date_gmt":"2022-11-28T17:38:24","guid":{"rendered":"https:\/\/www.africa-press.net\/gabon\/politique\/gabon-le-comite-de-soutien-a-la-reelection-dali-bongo-prend-ses-quartiers-a-oyem"},"modified":"2022-11-28T18:50:55","modified_gmt":"2022-11-28T18:50:55","slug":"gabon-le-comite-de-soutien-a-la-reelection-dali-bongo-prend-ses-quartiers-a-oyem","status":"publish","type":"post","link":"https:\/\/www.africa-press.net\/gabon\/politique\/gabon-le-comite-de-soutien-a-la-reelection-dali-bongo-prend-ses-quartiers-a-oyem","title":{"rendered":"Gabon\u00a0: Le Comit\u00e9 de soutien \u00e0 la r\u00e9\u00e9lection d\u2019Ali Bongo prend ses quartiers \u00e0 Oyem"},"content":{"rendered":"<p><span style=\"color: #ff6600\"><strong>Africa-Press &#8211; Gabon. <\/strong><\/span>Apre\u0300s sa sortie officielle le 14 aou\u0302t dernier a\u0300 Akanda, le Comite\u0301 de soutien a\u0300 la re\u0301e\u0301lection d\u2019Ali Bongo, lance\u0301 par l\u2019actuel ministre de la Jeunesse et des Sports, Franck Nguema, a pose\u0301 ses valises a\u0300 Oyem. Les activite\u0301s de ce mouvement dont l\u2019ambition est de garantir a\u0300 Ali Bongo \u00abune victoire franche, nette, indiscutable, de\u0300s le premier tour de l\u2019e\u0301lection pre\u0301sidentielle de 2023\u00bb ont e\u0301te\u0301 lance\u0301es, le 26 novembre dans cette ville du nord.<\/p>\n<p>Promoteur de la plateforme de\u0301nomme\u0301 \u00abComite\u0301 de soutien a\u0300 la re\u0301e\u0301lection d\u2019Ali Bongo\u00bb, le ministre de la Jeunesse et des Sports, de\u0301pute\u0301 du 2e arrondissement d\u2019Akanda, Franck Nguema, a se\u0301journe\u0301 du 26 au 27 novembre a\u0300 Oyem. Dans cette capitale, il a pre\u0301sente\u0301 a\u0300 la population du cru cette structure mise en branle pour la re\u0301e\u0301lection du pre\u0301sident de la Re\u0301publique, au cas ou\u0300 il est candidat a\u0300 la prochaine e\u0301lection pre\u0301sidentielle.<\/p>\n<p>Dans une effervescence partisane et militante, en compagnie du maire d\u2019Oyem, Christian Abessolo Menguey, le de\u0301pute\u0301 du 2e arrondissement d\u2019Akanda a devise\u0301 avec les cadres locaux, les jeunes, les femmes, les notables et les auxiliaires de commandement des 32 quartiers de la commune et des cinq cantons. Il fallait leur pre\u0301senter et leur expliquer l\u2019inte\u0301re\u0302t qu\u2019il y a a\u0300 soutenir l\u2019actuel chef de l\u2019E\u0301tat, mais aussi les enjeux pour le de\u0301partement du Woleu et la commune d\u2019Oyem, lie\u0301s a\u0300 la pre\u0301sidentielle de 2023, \u00abune e\u0301lection capitale\u00bb.<\/p>\n<p>Franck Nguema a appele\u0301 les habitants d\u2019Oyem a\u0300 \u00abl\u2019unite\u0301 since\u0300re et objective\u00bb autour du chef de l\u2019E\u0301tat pour favoriser le de\u0301veloppement du Woleu-Ntem en proie a\u0300 des divisions et inclinations claniques. L\u2019autre message repose sur la pre\u0301servation des acquis et l\u2019espoir pour un Gabon en marche vers un meilleur avenir. Aux jeunes de cette localite\u0301, Franck Nguema a demande\u0301 de \u00abne plus rester en marge\u00bb, mais de \u00abpenser au devenir des jeunes ge\u0301ne\u0301rations\u00bb.<\/p>\n<p>Comme il l\u2019affirmait lors de la premie\u0300re sortie officielle, le \u00abComite\u0301 a e\u0301te\u0301 mis en place pour accueillir tout citoyen gabonais sans distinction ; pour rassembler bien au-dela\u0300 des sensibilite\u0301s politiques, sociales, religieuses ; les filles et fils de notre pays, toutes ge\u0301ne\u0301rations confondues\u00bb. Dans cette optique cette organisation citoyenne vise a\u0300 faire re\u0301e\u0301lire Ali Bongo en 2023. Car, il est \u00abincontestablement\u00bb, pour ses supporters, le seul a\u0300 me\u0302me de de\u0301fendre les inte\u0301re\u0302ts du Gabon et de ses populations.<\/p>\n<p>\u00abDes avance\u0301es e\u0301conomiques et sociales ont e\u0301te\u0301 re\u0301alise\u0301es par le pre\u0301sident de la Re\u0301publique, mais beaucoup reste encore a\u0300 faire, car le chantier du Gabon est sans fin. C\u2019est pour poursuivre ce travail au service du Gabon et des Gabonaises et des Gabonais qu\u2019il faut donner en 2023 un mandat nouveau au pre\u0301sident Ali Bongo\u00bb, laissait entendre Franck Nguema.<\/p>\n<p>A\u0300 noter que lors du passage du ministre a\u0300 Oyem, 3000 kits de fournitures scolaires complets ont e\u0301te\u0301 distribue\u0301s a\u0300 la population.<\/p>\n<p><strong>Pour plus d&rsquo;informations et d&rsquo;analyses sur la <a href=\"https:\/\/www.africa-press.net\/gabon\">Gabon<\/a>, suivez <a href=\"https:\/\/www.africa-press.net\/\">Africa-Press<\/a><\/strong><\/p>\n","protected":false},"excerpt":{"rendered":"<p>Africa-Press &#8211; Gabon. Apre\u0300s sa sortie officielle le 14 aou\u0302t dernier a\u0300 Akanda, le Comite\u0301 de soutien a\u0300 la re\u0301e\u0301lection d\u2019Ali Bongo, lance\u0301 par l\u2019actuel ministre de la Jeunesse et des Sports, Franck Nguema, a pose\u0301 ses valises a\u0300 Oyem. Les activite\u0301s de ce mouvement dont l\u2019ambition est de garantir a\u0300 Ali Bongo \u00abune victoire [&hellip;]<\/p>\n","protected":false},"author":82,"featured_media":13280,"comment_status":"open","ping_status":"closed","sticky":false,"template":"","format":"standard","meta":{"footnotes":""},"categories":[2,10],"tags":[36,50,49],"class_list":["post-13281","post","type-post","status-publish","format-standard","has-post-thumbnail","hentry","category-politique","category-toutes-les-actualites","tag-africa-press","tag-africa-press-gabon","tag-gabon"],"yoast_head":"<!-- This site is optimized with the Yoast SEO Premium plugin v26.1 (Yoast SEO v27.0) - https:\/\/yoast.com\/product\/yoast-seo-premium-wordpress\/ -->\n<title>Gabon\u00a0: Le Comit\u00e9 de soutien \u00e0 la r\u00e9\u00e9lection d\u2019Ali Bongo prend ses quartiers \u00e0 Oyem - Gabon<\/title>\n<meta name=\"description\" content=\"Apre\u0300s sa sortie officielle le 14 aou\u0302t dernier a\u0300 Akanda, le Comite\u0301 de soutien a\u0300 la re\u0301e\u0301lection d\u2019Ali Bongo, lance\u0301 ...\" \/>\n<meta name=\"robots\" content=\"index, follow, max-snippet:-1, max-image-preview:large, max-video-preview:-1\" \/>\n<link rel=\"canonical\" href=\"https:\/\/www.africa-press.net\/gabon\/politique\/gabon-le-comite-de-soutien-a-la-reelection-dali-bongo-prend-ses-quartiers-a-oyem\" \/>\n<meta property=\"og:locale\" content=\"fr_FR\" \/>\n<meta property=\"og:type\" content=\"article\" \/>\n<meta property=\"og:title\" content=\"Gabon\u00a0: Le Comit\u00e9 de soutien \u00e0 la r\u00e9\u00e9lection d\u2019Ali Bongo prend ses quartiers \u00e0 Oyem\" \/>\n<meta property=\"og:description\" content=\"Apre\u0300s sa sortie officielle le 14 aou\u0302t dernier a\u0300 Akanda, le Comite\u0301 de soutien a\u0300 la re\u0301e\u0301lection d\u2019Ali Bongo, lance\u0301 ...\" \/>\n<meta property=\"og:url\" content=\"https:\/\/www.africa-press.net\/gabon\/politique\/gabon-le-comite-de-soutien-a-la-reelection-dali-bongo-prend-ses-quartiers-a-oyem\" \/>\n<meta property=\"og:site_name\" content=\"Gabon\" \/>\n<meta property=\"article:published_time\" content=\"2022-11-28T17:38:24+00:00\" \/>\n<meta property=\"article:modified_time\" content=\"2022-11-28T18:50:55+00:00\" \/>\n<meta property=\"og:image\" content=\"https:\/\/static.africa-press.net\/gabon\/sites\/54\/2022\/11\/postQueueImg_1669644510.58.jpg\" \/>\n\t<meta property=\"og:image:width\" content=\"1008\" \/>\n\t<meta property=\"og:image:height\" content=\"465\" \/>\n\t<meta property=\"og:image:type\" content=\"image\/jpeg\" \/>\n<meta name=\"author\" content=\"cfeditorfr\" \/>\n<meta name=\"twitter:card\" content=\"summary_large_image\" \/>\n<meta name=\"twitter:label1\" content=\"\u00c9crit par\" \/>\n\t<meta name=\"twitter:data1\" content=\"cfeditorfr\" \/>\n\t<meta name=\"twitter:label2\" content=\"Dur\u00e9e de lecture estim\u00e9e\" \/>\n\t<meta name=\"twitter:data2\" content=\"3 minutes\" \/>\n<script type=\"application\/ld+json\" class=\"yoast-schema-graph\">{\"@context\":\"https:\/\/schema.org\",\"@graph\":[{\"@type\":\"Article\",\"@id\":\"https:\/\/www.africa-press.net\/gabon\/politique\/gabon-le-comite-de-soutien-a-la-reelection-dali-bongo-prend-ses-quartiers-a-oyem#article\",\"isPartOf\":{\"@id\":\"https:\/\/www.africa-press.net\/gabon\/politique\/gabon-le-comite-de-soutien-a-la-reelection-dali-bongo-prend-ses-quartiers-a-oyem\"},\"author\":{\"name\":\"cfeditorfr\",\"@id\":\"https:\/\/www.africa-press.net\/gabon\/#\/schema\/person\/2b1cf3cd81a31e3cd26889ca66d677f1\"},\"headline\":\"Gabon\u00a0: Le Comit\u00e9 de soutien \u00e0 la r\u00e9\u00e9lection d\u2019Ali Bongo prend ses quartiers \u00e0 Oyem\",\"datePublished\":\"2022-11-28T17:38:24+00:00\",\"dateModified\":\"2022-11-28T18:50:55+00:00\",\"mainEntityOfPage\":{\"@id\":\"https:\/\/www.africa-press.net\/gabon\/politique\/gabon-le-comite-de-soutien-a-la-reelection-dali-bongo-prend-ses-quartiers-a-oyem\"},\"wordCount\":563,\"commentCount\":0,\"image\":{\"@id\":\"https:\/\/www.africa-press.net\/gabon\/politique\/gabon-le-comite-de-soutien-a-la-reelection-dali-bongo-prend-ses-quartiers-a-oyem#primaryimage\"},\"thumbnailUrl\":\"https:\/\/static.africa-press.net\/gabon\/sites\/54\/2022\/11\/postQueueImg_1669644510.58.jpg\",\"keywords\":[\"Africa Press\",\"Africa Press-Gabon\",\"Gabon\"],\"articleSection\":[\"Politique\",\"Toutes les actualit\u00e9s\"],\"inLanguage\":\"fr-FR\",\"potentialAction\":[{\"@type\":\"CommentAction\",\"name\":\"Comment\",\"target\":[\"https:\/\/www.africa-press.net\/gabon\/politique\/gabon-le-comite-de-soutien-a-la-reelection-dali-bongo-prend-ses-quartiers-a-oyem#respond\"]}]},{\"@type\":\"WebPage\",\"@id\":\"https:\/\/www.africa-press.net\/gabon\/politique\/gabon-le-comite-de-soutien-a-la-reelection-dali-bongo-prend-ses-quartiers-a-oyem\",\"url\":\"https:\/\/www.africa-press.net\/gabon\/politique\/gabon-le-comite-de-soutien-a-la-reelection-dali-bongo-prend-ses-quartiers-a-oyem\",\"name\":\"Gabon\u00a0: Le Comit\u00e9 de soutien \u00e0 la r\u00e9\u00e9lection d\u2019Ali Bongo prend ses quartiers \u00e0 Oyem - Gabon\",\"isPartOf\":{\"@id\":\"https:\/\/www.africa-press.net\/gabon\/#website\"},\"primaryImageOfPage\":{\"@id\":\"https:\/\/www.africa-press.net\/gabon\/politique\/gabon-le-comite-de-soutien-a-la-reelection-dali-bongo-prend-ses-quartiers-a-oyem#primaryimage\"},\"image\":{\"@id\":\"https:\/\/www.africa-press.net\/gabon\/politique\/gabon-le-comite-de-soutien-a-la-reelection-dali-bongo-prend-ses-quartiers-a-oyem#primaryimage\"},\"thumbnailUrl\":\"https:\/\/static.africa-press.net\/gabon\/sites\/54\/2022\/11\/postQueueImg_1669644510.58.jpg\",\"datePublished\":\"2022-11-28T17:38:24+00:00\",\"dateModified\":\"2022-11-28T18:50:55+00:00\",\"author\":{\"@id\":\"https:\/\/www.africa-press.net\/gabon\/#\/schema\/person\/2b1cf3cd81a31e3cd26889ca66d677f1\"},\"description\":\"Apre\u0300s sa sortie officielle le 14 aou\u0302t dernier a\u0300 Akanda, le Comite\u0301 de soutien a\u0300 la re\u0301e\u0301lection d\u2019Ali Bongo, lance\u0301 ...\",\"breadcrumb\":{\"@id\":\"https:\/\/www.africa-press.net\/gabon\/politique\/gabon-le-comite-de-soutien-a-la-reelection-dali-bongo-prend-ses-quartiers-a-oyem#breadcrumb\"},\"inLanguage\":\"fr-FR\",\"potentialAction\":[{\"@type\":\"ReadAction\",\"target\":[\"https:\/\/www.africa-press.net\/gabon\/politique\/gabon-le-comite-de-soutien-a-la-reelection-dali-bongo-prend-ses-quartiers-a-oyem\"]}]},{\"@type\":\"ImageObject\",\"inLanguage\":\"fr-FR\",\"@id\":\"https:\/\/www.africa-press.net\/gabon\/politique\/gabon-le-comite-de-soutien-a-la-reelection-dali-bongo-prend-ses-quartiers-a-oyem#primaryimage\",\"url\":\"https:\/\/static.africa-press.net\/gabon\/sites\/54\/2022\/11\/postQueueImg_1669644510.58.jpg\",\"contentUrl\":\"https:\/\/static.africa-press.net\/gabon\/sites\/54\/2022\/11\/postQueueImg_1669644510.58.jpg\",\"width\":1008,\"height\":465,\"caption\":\"Gabon\u00a0: Le Comit\u00e9 de soutien \u00e0 la r\u00e9\u00e9lection d\u2019Ali Bongo prend ses quartiers \u00e0 Oyem\"},{\"@type\":\"BreadcrumbList\",\"@id\":\"https:\/\/www.africa-press.net\/gabon\/politique\/gabon-le-comite-de-soutien-a-la-reelection-dali-bongo-prend-ses-quartiers-a-oyem#breadcrumb\",\"itemListElement\":[{\"@type\":\"ListItem\",\"position\":1,\"name\":\"Accueil\",\"item\":\"https:\/\/www.africa-press.net\/gabon\/\"},{\"@type\":\"ListItem\",\"position\":2,\"name\":\"Gabon\u00a0: Le Comit\u00e9 de soutien \u00e0 la r\u00e9\u00e9lection d\u2019Ali Bongo prend ses quartiers \u00e0 Oyem\"}]},{\"@type\":\"WebSite\",\"@id\":\"https:\/\/www.africa-press.net\/gabon\/#website\",\"url\":\"https:\/\/www.africa-press.net\/gabon\/\",\"name\":\"Gabon\",\"description\":\"Just another Africa News Agency Sites site\",\"potentialAction\":[{\"@type\":\"SearchAction\",\"target\":{\"@type\":\"EntryPoint\",\"urlTemplate\":\"https:\/\/www.africa-press.net\/gabon\/?s={search_term_string}\"},\"query-input\":{\"@type\":\"PropertyValueSpecification\",\"valueRequired\":true,\"valueName\":\"search_term_string\"}}],\"inLanguage\":\"fr-FR\"},{\"@type\":\"Person\",\"@id\":\"https:\/\/www.africa-press.net\/gabon\/#\/schema\/person\/2b1cf3cd81a31e3cd26889ca66d677f1\",\"name\":\"cfeditorfr\"}]}<\/script>\n<!-- \/ Yoast SEO Premium plugin. -->","yoast_head_json":{"title":"Gabon\u00a0: Le Comit\u00e9 de soutien \u00e0 la r\u00e9\u00e9lection d\u2019Ali Bongo prend ses quartiers \u00e0 Oyem - Gabon","description":"Apre\u0300s sa sortie officielle le 14 aou\u0302t dernier a\u0300 Akanda, le Comite\u0301 de soutien a\u0300 la re\u0301e\u0301lection d\u2019Ali Bongo, lance\u0301 ...","robots":{"index":"index","follow":"follow","max-snippet":"max-snippet:-1","max-image-preview":"max-image-preview:large","max-video-preview":"max-video-preview:-1"},"canonical":"https:\/\/www.africa-press.net\/gabon\/politique\/gabon-le-comite-de-soutien-a-la-reelection-dali-bongo-prend-ses-quartiers-a-oyem","og_locale":"fr_FR","og_type":"article","og_title":"Gabon\u00a0: Le Comit\u00e9 de soutien \u00e0 la r\u00e9\u00e9lection d\u2019Ali Bongo prend ses quartiers \u00e0 Oyem","og_description":"Apre\u0300s sa sortie officielle le 14 aou\u0302t dernier a\u0300 Akanda, le Comite\u0301 de soutien a\u0300 la re\u0301e\u0301lection d\u2019Ali Bongo, lance\u0301 ...","og_url":"https:\/\/www.africa-press.net\/gabon\/politique\/gabon-le-comite-de-soutien-a-la-reelection-dali-bongo-prend-ses-quartiers-a-oyem","og_site_name":"Gabon","article_published_time":"2022-11-28T17:38:24+00:00","article_modified_time":"2022-11-28T18:50:55+00:00","og_image":[{"width":1008,"height":465,"url":"https:\/\/static.africa-press.net\/gabon\/sites\/54\/2022\/11\/postQueueImg_1669644510.58.jpg","type":"image\/jpeg"}],"author":"cfeditorfr","twitter_card":"summary_large_image","twitter_misc":{"\u00c9crit par":"cfeditorfr","Dur\u00e9e de lecture estim\u00e9e":"3 minutes"},"schema":{"@context":"https:\/\/schema.org","@graph":[{"@type":"Article","@id":"https:\/\/www.africa-press.net\/gabon\/politique\/gabon-le-comite-de-soutien-a-la-reelection-dali-bongo-prend-ses-quartiers-a-oyem#article","isPartOf":{"@id":"https:\/\/www.africa-press.net\/gabon\/politique\/gabon-le-comite-de-soutien-a-la-reelection-dali-bongo-prend-ses-quartiers-a-oyem"},"author":{"name":"cfeditorfr","@id":"https:\/\/www.africa-press.net\/gabon\/#\/schema\/person\/2b1cf3cd81a31e3cd26889ca66d677f1"},"headline":"Gabon\u00a0: Le Comit\u00e9 de soutien \u00e0 la r\u00e9\u00e9lection d\u2019Ali Bongo prend ses quartiers \u00e0 Oyem","datePublished":"2022-11-28T17:38:24+00:00","dateModified":"2022-11-28T18:50:55+00:00","mainEntityOfPage":{"@id":"https:\/\/www.africa-press.net\/gabon\/politique\/gabon-le-comite-de-soutien-a-la-reelection-dali-bongo-prend-ses-quartiers-a-oyem"},"wordCount":563,"commentCount":0,"image":{"@id":"https:\/\/www.africa-press.net\/gabon\/politique\/gabon-le-comite-de-soutien-a-la-reelection-dali-bongo-prend-ses-quartiers-a-oyem#primaryimage"},"thumbnailUrl":"https:\/\/static.africa-press.net\/gabon\/sites\/54\/2022\/11\/postQueueImg_1669644510.58.jpg","keywords":["Africa Press","Africa Press-Gabon","Gabon"],"articleSection":["Politique","Toutes les actualit\u00e9s"],"inLanguage":"fr-FR","potentialAction":[{"@type":"CommentAction","name":"Comment","target":["https:\/\/www.africa-press.net\/gabon\/politique\/gabon-le-comite-de-soutien-a-la-reelection-dali-bongo-prend-ses-quartiers-a-oyem#respond"]}]},{"@type":"WebPage","@id":"https:\/\/www.africa-press.net\/gabon\/politique\/gabon-le-comite-de-soutien-a-la-reelection-dali-bongo-prend-ses-quartiers-a-oyem","url":"https:\/\/www.africa-press.net\/gabon\/politique\/gabon-le-comite-de-soutien-a-la-reelection-dali-bongo-prend-ses-quartiers-a-oyem","name":"Gabon\u00a0: Le Comit\u00e9 de soutien \u00e0 la r\u00e9\u00e9lection d\u2019Ali Bongo prend ses quartiers \u00e0 Oyem - Gabon","isPartOf":{"@id":"https:\/\/www.africa-press.net\/gabon\/#website"},"primaryImageOfPage":{"@id":"https:\/\/www.africa-press.net\/gabon\/politique\/gabon-le-comite-de-soutien-a-la-reelection-dali-bongo-prend-ses-quartiers-a-oyem#primaryimage"},"image":{"@id":"https:\/\/www.africa-press.net\/gabon\/politique\/gabon-le-comite-de-soutien-a-la-reelection-dali-bongo-prend-ses-quartiers-a-oyem#primaryimage"},"thumbnailUrl":"https:\/\/static.africa-press.net\/gabon\/sites\/54\/2022\/11\/postQueueImg_1669644510.58.jpg","datePublished":"2022-11-28T17:38:24+00:00","dateModified":"2022-11-28T18:50:55+00:00","author":{"@id":"https:\/\/www.africa-press.net\/gabon\/#\/schema\/person\/2b1cf3cd81a31e3cd26889ca66d677f1"},"description":"Apre\u0300s sa sortie officielle le 14 aou\u0302t dernier a\u0300 Akanda, le Comite\u0301 de soutien a\u0300 la re\u0301e\u0301lection d\u2019Ali Bongo, lance\u0301 ...","breadcrumb":{"@id":"https:\/\/www.africa-press.net\/gabon\/politique\/gabon-le-comite-de-soutien-a-la-reelection-dali-bongo-prend-ses-quartiers-a-oyem#breadcrumb"},"inLanguage":"fr-FR","potentialAction":[{"@type":"ReadAction","target":["https:\/\/www.africa-press.net\/gabon\/politique\/gabon-le-comite-de-soutien-a-la-reelection-dali-bongo-prend-ses-quartiers-a-oyem"]}]},{"@type":"ImageObject","inLanguage":"fr-FR","@id":"https:\/\/www.africa-press.net\/gabon\/politique\/gabon-le-comite-de-soutien-a-la-reelection-dali-bongo-prend-ses-quartiers-a-oyem#primaryimage","url":"https:\/\/static.africa-press.net\/gabon\/sites\/54\/2022\/11\/postQueueImg_1669644510.58.jpg","contentUrl":"https:\/\/static.africa-press.net\/gabon\/sites\/54\/2022\/11\/postQueueImg_1669644510.58.jpg","width":1008,"height":465,"caption":"Gabon\u00a0: Le Comit\u00e9 de soutien \u00e0 la r\u00e9\u00e9lection d\u2019Ali Bongo prend ses quartiers \u00e0 Oyem"},{"@type":"BreadcrumbList","@id":"https:\/\/www.africa-press.net\/gabon\/politique\/gabon-le-comite-de-soutien-a-la-reelection-dali-bongo-prend-ses-quartiers-a-oyem#breadcrumb","itemListElement":[{"@type":"ListItem","position":1,"name":"Accueil","item":"https:\/\/www.africa-press.net\/gabon\/"},{"@type":"ListItem","position":2,"name":"Gabon\u00a0: Le Comit\u00e9 de soutien \u00e0 la r\u00e9\u00e9lection d\u2019Ali Bongo prend ses quartiers \u00e0 Oyem"}]},{"@type":"WebSite","@id":"https:\/\/www.africa-press.net\/gabon\/#website","url":"https:\/\/www.africa-press.net\/gabon\/","name":"Gabon","description":"Just another Africa News Agency Sites site","potentialAction":[{"@type":"SearchAction","target":{"@type":"EntryPoint","urlTemplate":"https:\/\/www.africa-press.net\/gabon\/?s={search_term_string}"},"query-input":{"@type":"PropertyValueSpecification","valueRequired":true,"valueName":"search_term_string"}}],"inLanguage":"fr-FR"},{"@type":"Person","@id":"https:\/\/www.africa-press.net\/gabon\/#\/schema\/person\/2b1cf3cd81a31e3cd26889ca66d677f1","name":"cfeditorfr"}]}},"_links":{"self":[{"href":"https:\/\/www.africa-press.net\/gabon\/wp-json\/wp\/v2\/posts\/13281","targetHints":{"allow":["GET"]}}],"collection":[{"href":"https:\/\/www.africa-press.net\/gabon\/wp-json\/wp\/v2\/posts"}],"about":[{"href":"https:\/\/www.africa-press.net\/gabon\/wp-json\/wp\/v2\/types\/post"}],"author":[{"embeddable":true,"href":"https:\/\/www.africa-press.net\/gabon\/wp-json\/wp\/v2\/users\/82"}],"replies":[{"embeddable":true,"href":"https:\/\/www.africa-press.net\/gabon\/wp-json\/wp\/v2\/comments?post=13281"}],"version-history":[{"count":0,"href":"https:\/\/www.africa-press.net\/gabon\/wp-json\/wp\/v2\/posts\/13281\/revisions"}],"wp:featuredmedia":[{"embeddable":true,"href":"https:\/\/www.africa-press.net\/gabon\/wp-json\/wp\/v2\/media\/13280"}],"wp:attachment":[{"href":"https:\/\/www.africa-press.net\/gabon\/wp-json\/wp\/v2\/media?parent=13281"}],"wp:term":[{"taxonomy":"category","embeddable":true,"href":"https:\/\/www.africa-press.net\/gabon\/wp-json\/wp\/v2\/categories?post=13281"},{"taxonomy":"post_tag","embeddable":true,"href":"https:\/\/www.africa-press.net\/gabon\/wp-json\/wp\/v2\/tags?post=13281"}],"curies":[{"name":"wp","href":"https:\/\/api.w.org\/{rel}","templated":true}]}}