{"id":13323,"date":"2022-11-29T16:54:36","date_gmt":"2022-11-29T16:54:36","guid":{"rendered":"https:\/\/www.africa-press.net\/gabon\/politique\/2-milliards-par-capitale-provinciale-a-franceville-le-2e-arrondissement-veut-gros"},"modified":"2022-11-29T17:57:55","modified_gmt":"2022-11-29T17:57:55","slug":"2-milliards-par-capitale-provinciale-a-franceville-le-2e-arrondissement-veut-gros","status":"publish","type":"post","link":"https:\/\/www.africa-press.net\/gabon\/politique\/2-milliards-par-capitale-provinciale-a-franceville-le-2e-arrondissement-veut-gros","title":{"rendered":"2 milliards par capitale provinciale : \u00e0 Franceville, le 2e arrondissement veut gros"},"content":{"rendered":"<p><span style=\"color: #ff6600\"><strong>Africa-Press &#8211; Gabon. <\/strong><\/span>Deux mois apre\u0300s l\u2019annonce du gouvernement d\u2019un fonds de 2 milliards de FCFA pour chaque capitale provinciale, la mairie du 2e arrondissement, la plus grande de la commune de Franceville, a de\u0301ja\u0300 identifie\u0301 les projets qu\u2019elle souhaite voir financer. Ceux-ci concernent les secteurs de l\u2019eau, de l\u2019e\u0301clairage public et des voiries.<\/p>\n<p>Annonce\u0301 par la Premie\u0300re ministre Rose Christiane Ossouka Raponda en septembre dernier, le fonds d\u2019aide spe\u0301cial qu\u2019Ali Bongo entend mettre a\u0300 la disposition des capitales provinciales fait de\u0301ja\u0300 saliver a\u0300 Franceville, particulie\u0300rement au 2e arrondissement du chef-lieu de la province du Haut-Ogooue\u0301. Les e\u0301lus de cette circonscription ont re\u0301cemment tenu une session de leur conseil. Objectif : identifier et arre\u0302ter la liste des projets a\u0300 financer avec l\u2019argent promis par le chef de l\u2019E\u0301tat.<\/p>\n<p>Son maire, Louis Lem\u2019s Etimantsouo, espe\u0300re de\u0301ja\u0300 tirer la plus grande partie de cette manne. Il fait valoir que, compare\u0301 aux deux autres arrondissements, \u00able 2e arrondissement, le plus grand de la commune de Franceville, aussi bien en superficie qu\u2019en de\u0301mographie, rencontre le plus de proble\u0300mes, que ce soit en termes d\u2019adduction d\u2019eau, d\u2019e\u0301clairage public, de voiries, d\u2019environnement et d\u2019infrastructures\u00bb.<\/p>\n<p>Aussi, espe\u0300re-t-il que \u00ables conclusions qui ont e\u0301te\u0301 prises en termes de de\u0301libe\u0301ration seront prises en compte et que finalement le geste symbolique du pre\u0301sident de la Re\u0301publique va pouvoir impacter l\u2019ensemble des populations\u00bb de la circonscription dont il a la charge. Parmi les sujets qui pre\u0301occupent les e\u0301lus du 2e arrondissement de Franceville vont des e\u0301boulements de terrain dus aux pluies, les constructions anachroniques, l\u2019e\u0301tat des routes secondaires.<\/p>\n<p><strong>Pour plus d&rsquo;informations et d&rsquo;analyses sur la <a href=\"https:\/\/www.africa-press.net\/gabon\">Gabon<\/a>, suivez <a href=\"https:\/\/www.africa-press.net\/\">Africa-Press<\/a><\/strong><\/p>\n","protected":false},"excerpt":{"rendered":"<p>Africa-Press &#8211; Gabon. Deux mois apre\u0300s l\u2019annonce du gouvernement d\u2019un fonds de 2 milliards de FCFA pour chaque capitale provinciale, la mairie du 2e arrondissement, la plus grande de la commune de Franceville, a de\u0301ja\u0300 identifie\u0301 les projets qu\u2019elle souhaite voir financer. Ceux-ci concernent les secteurs de l\u2019eau, de l\u2019e\u0301clairage public et des voiries. Annonce\u0301 [&hellip;]<\/p>\n","protected":false},"author":82,"featured_media":13322,"comment_status":"open","ping_status":"closed","sticky":false,"template":"","format":"standard","meta":{"footnotes":""},"categories":[2,10],"tags":[36,50,49],"class_list":["post-13323","post","type-post","status-publish","format-standard","has-post-thumbnail","hentry","category-politique","category-toutes-les-actualites","tag-africa-press","tag-africa-press-gabon","tag-gabon"],"yoast_head":"<!-- This site is optimized with the Yoast SEO Premium plugin v26.1 (Yoast SEO v27.0) - https:\/\/yoast.com\/product\/yoast-seo-premium-wordpress\/ -->\n<title>2 milliards par capitale provinciale : \u00e0 Franceville, le 2e arrondissement veut gros - Gabon<\/title>\n<meta name=\"description\" content=\"Deux mois apre\u0300s l\u2019annonce du gouvernement d\u2019un fonds de 2 milliards de FCFA pour chaque capitale provinciale, la mairie ...\" \/>\n<meta name=\"robots\" content=\"index, follow, max-snippet:-1, max-image-preview:large, max-video-preview:-1\" \/>\n<link rel=\"canonical\" href=\"https:\/\/www.africa-press.net\/gabon\/politique\/2-milliards-par-capitale-provinciale-a-franceville-le-2e-arrondissement-veut-gros\" \/>\n<meta property=\"og:locale\" content=\"fr_FR\" \/>\n<meta property=\"og:type\" content=\"article\" \/>\n<meta property=\"og:title\" content=\"2 milliards par capitale provinciale : \u00e0 Franceville, le 2e arrondissement veut gros\" \/>\n<meta property=\"og:description\" content=\"Deux mois apre\u0300s l\u2019annonce du gouvernement d\u2019un fonds de 2 milliards de FCFA pour chaque capitale provinciale, la mairie ...\" \/>\n<meta property=\"og:url\" content=\"https:\/\/www.africa-press.net\/gabon\/politique\/2-milliards-par-capitale-provinciale-a-franceville-le-2e-arrondissement-veut-gros\" \/>\n<meta property=\"og:site_name\" content=\"Gabon\" \/>\n<meta property=\"article:published_time\" content=\"2022-11-29T16:54:36+00:00\" \/>\n<meta property=\"article:modified_time\" content=\"2022-11-29T17:57:55+00:00\" \/>\n<meta property=\"og:image\" content=\"https:\/\/static.africa-press.net\/gabon\/sites\/54\/2022\/11\/postQueueImg_1669728281.91.jpg\" \/>\n\t<meta property=\"og:image:width\" content=\"720\" \/>\n\t<meta property=\"og:image:height\" content=\"321\" \/>\n\t<meta property=\"og:image:type\" content=\"image\/jpeg\" \/>\n<meta name=\"author\" content=\"cfeditorfr\" \/>\n<meta name=\"twitter:card\" content=\"summary_large_image\" \/>\n<meta name=\"twitter:label1\" content=\"\u00c9crit par\" \/>\n\t<meta name=\"twitter:data1\" content=\"cfeditorfr\" \/>\n\t<meta name=\"twitter:label2\" content=\"Dur\u00e9e de lecture estim\u00e9e\" \/>\n\t<meta name=\"twitter:data2\" content=\"2 minutes\" \/>\n<script type=\"application\/ld+json\" class=\"yoast-schema-graph\">{\"@context\":\"https:\/\/schema.org\",\"@graph\":[{\"@type\":\"Article\",\"@id\":\"https:\/\/www.africa-press.net\/gabon\/politique\/2-milliards-par-capitale-provinciale-a-franceville-le-2e-arrondissement-veut-gros#article\",\"isPartOf\":{\"@id\":\"https:\/\/www.africa-press.net\/gabon\/politique\/2-milliards-par-capitale-provinciale-a-franceville-le-2e-arrondissement-veut-gros\"},\"author\":{\"name\":\"cfeditorfr\",\"@id\":\"https:\/\/www.africa-press.net\/gabon\/#\/schema\/person\/2b1cf3cd81a31e3cd26889ca66d677f1\"},\"headline\":\"2 milliards par capitale provinciale : \u00e0 Franceville, le 2e arrondissement veut gros\",\"datePublished\":\"2022-11-29T16:54:36+00:00\",\"dateModified\":\"2022-11-29T17:57:55+00:00\",\"mainEntityOfPage\":{\"@id\":\"https:\/\/www.africa-press.net\/gabon\/politique\/2-milliards-par-capitale-provinciale-a-franceville-le-2e-arrondissement-veut-gros\"},\"wordCount\":321,\"commentCount\":0,\"image\":{\"@id\":\"https:\/\/www.africa-press.net\/gabon\/politique\/2-milliards-par-capitale-provinciale-a-franceville-le-2e-arrondissement-veut-gros#primaryimage\"},\"thumbnailUrl\":\"https:\/\/static.africa-press.net\/gabon\/sites\/54\/2022\/11\/postQueueImg_1669728281.91.jpg\",\"keywords\":[\"Africa Press\",\"Africa Press-Gabon\",\"Gabon\"],\"articleSection\":[\"Politique\",\"Toutes les actualit\u00e9s\"],\"inLanguage\":\"fr-FR\",\"potentialAction\":[{\"@type\":\"CommentAction\",\"name\":\"Comment\",\"target\":[\"https:\/\/www.africa-press.net\/gabon\/politique\/2-milliards-par-capitale-provinciale-a-franceville-le-2e-arrondissement-veut-gros#respond\"]}]},{\"@type\":\"WebPage\",\"@id\":\"https:\/\/www.africa-press.net\/gabon\/politique\/2-milliards-par-capitale-provinciale-a-franceville-le-2e-arrondissement-veut-gros\",\"url\":\"https:\/\/www.africa-press.net\/gabon\/politique\/2-milliards-par-capitale-provinciale-a-franceville-le-2e-arrondissement-veut-gros\",\"name\":\"2 milliards par capitale provinciale : \u00e0 Franceville, le 2e arrondissement veut gros - Gabon\",\"isPartOf\":{\"@id\":\"https:\/\/www.africa-press.net\/gabon\/#website\"},\"primaryImageOfPage\":{\"@id\":\"https:\/\/www.africa-press.net\/gabon\/politique\/2-milliards-par-capitale-provinciale-a-franceville-le-2e-arrondissement-veut-gros#primaryimage\"},\"image\":{\"@id\":\"https:\/\/www.africa-press.net\/gabon\/politique\/2-milliards-par-capitale-provinciale-a-franceville-le-2e-arrondissement-veut-gros#primaryimage\"},\"thumbnailUrl\":\"https:\/\/static.africa-press.net\/gabon\/sites\/54\/2022\/11\/postQueueImg_1669728281.91.jpg\",\"datePublished\":\"2022-11-29T16:54:36+00:00\",\"dateModified\":\"2022-11-29T17:57:55+00:00\",\"author\":{\"@id\":\"https:\/\/www.africa-press.net\/gabon\/#\/schema\/person\/2b1cf3cd81a31e3cd26889ca66d677f1\"},\"description\":\"Deux mois apre\u0300s l\u2019annonce du gouvernement d\u2019un fonds de 2 milliards de FCFA pour chaque capitale provinciale, la mairie ...\",\"breadcrumb\":{\"@id\":\"https:\/\/www.africa-press.net\/gabon\/politique\/2-milliards-par-capitale-provinciale-a-franceville-le-2e-arrondissement-veut-gros#breadcrumb\"},\"inLanguage\":\"fr-FR\",\"potentialAction\":[{\"@type\":\"ReadAction\",\"target\":[\"https:\/\/www.africa-press.net\/gabon\/politique\/2-milliards-par-capitale-provinciale-a-franceville-le-2e-arrondissement-veut-gros\"]}]},{\"@type\":\"ImageObject\",\"inLanguage\":\"fr-FR\",\"@id\":\"https:\/\/www.africa-press.net\/gabon\/politique\/2-milliards-par-capitale-provinciale-a-franceville-le-2e-arrondissement-veut-gros#primaryimage\",\"url\":\"https:\/\/static.africa-press.net\/gabon\/sites\/54\/2022\/11\/postQueueImg_1669728281.91.jpg\",\"contentUrl\":\"https:\/\/static.africa-press.net\/gabon\/sites\/54\/2022\/11\/postQueueImg_1669728281.91.jpg\",\"width\":720,\"height\":321,\"caption\":\"2 milliards par capitale provinciale : \u00e0 Franceville, le 2e arrondissement veut gros\"},{\"@type\":\"BreadcrumbList\",\"@id\":\"https:\/\/www.africa-press.net\/gabon\/politique\/2-milliards-par-capitale-provinciale-a-franceville-le-2e-arrondissement-veut-gros#breadcrumb\",\"itemListElement\":[{\"@type\":\"ListItem\",\"position\":1,\"name\":\"Accueil\",\"item\":\"https:\/\/www.africa-press.net\/gabon\/\"},{\"@type\":\"ListItem\",\"position\":2,\"name\":\"2 milliards par capitale provinciale : \u00e0 Franceville, le 2e arrondissement veut gros\"}]},{\"@type\":\"WebSite\",\"@id\":\"https:\/\/www.africa-press.net\/gabon\/#website\",\"url\":\"https:\/\/www.africa-press.net\/gabon\/\",\"name\":\"Gabon\",\"description\":\"Just another Africa News Agency Sites site\",\"potentialAction\":[{\"@type\":\"SearchAction\",\"target\":{\"@type\":\"EntryPoint\",\"urlTemplate\":\"https:\/\/www.africa-press.net\/gabon\/?s={search_term_string}\"},\"query-input\":{\"@type\":\"PropertyValueSpecification\",\"valueRequired\":true,\"valueName\":\"search_term_string\"}}],\"inLanguage\":\"fr-FR\"},{\"@type\":\"Person\",\"@id\":\"https:\/\/www.africa-press.net\/gabon\/#\/schema\/person\/2b1cf3cd81a31e3cd26889ca66d677f1\",\"name\":\"cfeditorfr\"}]}<\/script>\n<!-- \/ Yoast SEO Premium plugin. -->","yoast_head_json":{"title":"2 milliards par capitale provinciale : \u00e0 Franceville, le 2e arrondissement veut gros - Gabon","description":"Deux mois apre\u0300s l\u2019annonce du gouvernement d\u2019un fonds de 2 milliards de FCFA pour chaque capitale provinciale, la mairie ...","robots":{"index":"index","follow":"follow","max-snippet":"max-snippet:-1","max-image-preview":"max-image-preview:large","max-video-preview":"max-video-preview:-1"},"canonical":"https:\/\/www.africa-press.net\/gabon\/politique\/2-milliards-par-capitale-provinciale-a-franceville-le-2e-arrondissement-veut-gros","og_locale":"fr_FR","og_type":"article","og_title":"2 milliards par capitale provinciale : \u00e0 Franceville, le 2e arrondissement veut gros","og_description":"Deux mois apre\u0300s l\u2019annonce du gouvernement d\u2019un fonds de 2 milliards de FCFA pour chaque capitale provinciale, la mairie ...","og_url":"https:\/\/www.africa-press.net\/gabon\/politique\/2-milliards-par-capitale-provinciale-a-franceville-le-2e-arrondissement-veut-gros","og_site_name":"Gabon","article_published_time":"2022-11-29T16:54:36+00:00","article_modified_time":"2022-11-29T17:57:55+00:00","og_image":[{"width":720,"height":321,"url":"https:\/\/static.africa-press.net\/gabon\/sites\/54\/2022\/11\/postQueueImg_1669728281.91.jpg","type":"image\/jpeg"}],"author":"cfeditorfr","twitter_card":"summary_large_image","twitter_misc":{"\u00c9crit par":"cfeditorfr","Dur\u00e9e de lecture estim\u00e9e":"2 minutes"},"schema":{"@context":"https:\/\/schema.org","@graph":[{"@type":"Article","@id":"https:\/\/www.africa-press.net\/gabon\/politique\/2-milliards-par-capitale-provinciale-a-franceville-le-2e-arrondissement-veut-gros#article","isPartOf":{"@id":"https:\/\/www.africa-press.net\/gabon\/politique\/2-milliards-par-capitale-provinciale-a-franceville-le-2e-arrondissement-veut-gros"},"author":{"name":"cfeditorfr","@id":"https:\/\/www.africa-press.net\/gabon\/#\/schema\/person\/2b1cf3cd81a31e3cd26889ca66d677f1"},"headline":"2 milliards par capitale provinciale : \u00e0 Franceville, le 2e arrondissement veut gros","datePublished":"2022-11-29T16:54:36+00:00","dateModified":"2022-11-29T17:57:55+00:00","mainEntityOfPage":{"@id":"https:\/\/www.africa-press.net\/gabon\/politique\/2-milliards-par-capitale-provinciale-a-franceville-le-2e-arrondissement-veut-gros"},"wordCount":321,"commentCount":0,"image":{"@id":"https:\/\/www.africa-press.net\/gabon\/politique\/2-milliards-par-capitale-provinciale-a-franceville-le-2e-arrondissement-veut-gros#primaryimage"},"thumbnailUrl":"https:\/\/static.africa-press.net\/gabon\/sites\/54\/2022\/11\/postQueueImg_1669728281.91.jpg","keywords":["Africa Press","Africa Press-Gabon","Gabon"],"articleSection":["Politique","Toutes les actualit\u00e9s"],"inLanguage":"fr-FR","potentialAction":[{"@type":"CommentAction","name":"Comment","target":["https:\/\/www.africa-press.net\/gabon\/politique\/2-milliards-par-capitale-provinciale-a-franceville-le-2e-arrondissement-veut-gros#respond"]}]},{"@type":"WebPage","@id":"https:\/\/www.africa-press.net\/gabon\/politique\/2-milliards-par-capitale-provinciale-a-franceville-le-2e-arrondissement-veut-gros","url":"https:\/\/www.africa-press.net\/gabon\/politique\/2-milliards-par-capitale-provinciale-a-franceville-le-2e-arrondissement-veut-gros","name":"2 milliards par capitale provinciale : \u00e0 Franceville, le 2e arrondissement veut gros - Gabon","isPartOf":{"@id":"https:\/\/www.africa-press.net\/gabon\/#website"},"primaryImageOfPage":{"@id":"https:\/\/www.africa-press.net\/gabon\/politique\/2-milliards-par-capitale-provinciale-a-franceville-le-2e-arrondissement-veut-gros#primaryimage"},"image":{"@id":"https:\/\/www.africa-press.net\/gabon\/politique\/2-milliards-par-capitale-provinciale-a-franceville-le-2e-arrondissement-veut-gros#primaryimage"},"thumbnailUrl":"https:\/\/static.africa-press.net\/gabon\/sites\/54\/2022\/11\/postQueueImg_1669728281.91.jpg","datePublished":"2022-11-29T16:54:36+00:00","dateModified":"2022-11-29T17:57:55+00:00","author":{"@id":"https:\/\/www.africa-press.net\/gabon\/#\/schema\/person\/2b1cf3cd81a31e3cd26889ca66d677f1"},"description":"Deux mois apre\u0300s l\u2019annonce du gouvernement d\u2019un fonds de 2 milliards de FCFA pour chaque capitale provinciale, la mairie ...","breadcrumb":{"@id":"https:\/\/www.africa-press.net\/gabon\/politique\/2-milliards-par-capitale-provinciale-a-franceville-le-2e-arrondissement-veut-gros#breadcrumb"},"inLanguage":"fr-FR","potentialAction":[{"@type":"ReadAction","target":["https:\/\/www.africa-press.net\/gabon\/politique\/2-milliards-par-capitale-provinciale-a-franceville-le-2e-arrondissement-veut-gros"]}]},{"@type":"ImageObject","inLanguage":"fr-FR","@id":"https:\/\/www.africa-press.net\/gabon\/politique\/2-milliards-par-capitale-provinciale-a-franceville-le-2e-arrondissement-veut-gros#primaryimage","url":"https:\/\/static.africa-press.net\/gabon\/sites\/54\/2022\/11\/postQueueImg_1669728281.91.jpg","contentUrl":"https:\/\/static.africa-press.net\/gabon\/sites\/54\/2022\/11\/postQueueImg_1669728281.91.jpg","width":720,"height":321,"caption":"2 milliards par capitale provinciale : \u00e0 Franceville, le 2e arrondissement veut gros"},{"@type":"BreadcrumbList","@id":"https:\/\/www.africa-press.net\/gabon\/politique\/2-milliards-par-capitale-provinciale-a-franceville-le-2e-arrondissement-veut-gros#breadcrumb","itemListElement":[{"@type":"ListItem","position":1,"name":"Accueil","item":"https:\/\/www.africa-press.net\/gabon\/"},{"@type":"ListItem","position":2,"name":"2 milliards par capitale provinciale : \u00e0 Franceville, le 2e arrondissement veut gros"}]},{"@type":"WebSite","@id":"https:\/\/www.africa-press.net\/gabon\/#website","url":"https:\/\/www.africa-press.net\/gabon\/","name":"Gabon","description":"Just another Africa News Agency Sites site","potentialAction":[{"@type":"SearchAction","target":{"@type":"EntryPoint","urlTemplate":"https:\/\/www.africa-press.net\/gabon\/?s={search_term_string}"},"query-input":{"@type":"PropertyValueSpecification","valueRequired":true,"valueName":"search_term_string"}}],"inLanguage":"fr-FR"},{"@type":"Person","@id":"https:\/\/www.africa-press.net\/gabon\/#\/schema\/person\/2b1cf3cd81a31e3cd26889ca66d677f1","name":"cfeditorfr"}]}},"_links":{"self":[{"href":"https:\/\/www.africa-press.net\/gabon\/wp-json\/wp\/v2\/posts\/13323","targetHints":{"allow":["GET"]}}],"collection":[{"href":"https:\/\/www.africa-press.net\/gabon\/wp-json\/wp\/v2\/posts"}],"about":[{"href":"https:\/\/www.africa-press.net\/gabon\/wp-json\/wp\/v2\/types\/post"}],"author":[{"embeddable":true,"href":"https:\/\/www.africa-press.net\/gabon\/wp-json\/wp\/v2\/users\/82"}],"replies":[{"embeddable":true,"href":"https:\/\/www.africa-press.net\/gabon\/wp-json\/wp\/v2\/comments?post=13323"}],"version-history":[{"count":0,"href":"https:\/\/www.africa-press.net\/gabon\/wp-json\/wp\/v2\/posts\/13323\/revisions"}],"wp:featuredmedia":[{"embeddable":true,"href":"https:\/\/www.africa-press.net\/gabon\/wp-json\/wp\/v2\/media\/13322"}],"wp:attachment":[{"href":"https:\/\/www.africa-press.net\/gabon\/wp-json\/wp\/v2\/media?parent=13323"}],"wp:term":[{"taxonomy":"category","embeddable":true,"href":"https:\/\/www.africa-press.net\/gabon\/wp-json\/wp\/v2\/categories?post=13323"},{"taxonomy":"post_tag","embeddable":true,"href":"https:\/\/www.africa-press.net\/gabon\/wp-json\/wp\/v2\/tags?post=13323"}],"curies":[{"name":"wp","href":"https:\/\/api.w.org\/{rel}","templated":true}]}}