{"id":1334,"date":"2021-08-10T17:05:31","date_gmt":"2021-08-10T17:05:31","guid":{"rendered":"https:\/\/www.africa-press.net\/gabon\/?p=1334"},"modified":"2021-08-10T17:04:08","modified_gmt":"2021-08-10T17:04:08","slug":"importante-declaration-de-jean-eyeghe-ndong-ce-mercredi-a-libreville","status":"publish","type":"post","link":"https:\/\/www.africa-press.net\/gabon\/politique\/importante-declaration-de-jean-eyeghe-ndong-ce-mercredi-a-libreville","title":{"rendered":"Importante d\u00e9claration de Jean Eyeghe Ndong ce mercredi \u00e0 Libreville"},"content":{"rendered":"<p><span style=\"color: #ff6600\"><strong><a href=\"https:\/\/www.africa-press.net\/\">Africa-Press<\/a> &#8211; <a href=\"https:\/\/www.africa-press.net\/gabon\">Gabon<\/a>. <\/strong><\/span>L\u2019ancien Premier Ministre, Jean Eyeghe Ndong fera une importante d\u00e9claration ce mercredi 11 ao\u00fbt \u00e0 Libreville, a appris Gabonactu.com aupr\u00e8s de son entourage.<br \/>\nLe contenu de la d\u00e9claration n\u2019est pas connu. Mais depuis quelques jours circule une information selon laquelle, il aurait d\u00e9j\u00e0 accept\u00e9 d\u2019\u00eatre Vice-Pr\u00e9sident de la r\u00e9publique<br \/>\nLe 9 juin 2021, Jean Eyeghe Ndong avait \u00e9t\u00e9 re\u00e7u par le Pr\u00e9sident Ali Bongo. L\u2019opposant avait refus\u00e9 de r\u00e9v\u00e9ler le contenu de leur entretien. Mais la presse proche du pouvoir l\u2019avait d\u00e9j\u00e0 vu proche du palais pr\u00e9sidentiel.<br \/>\nJean Eyeghe Ndong, Premier Ministre du 20 janvier 2006 au 17 juillet 2009 sous Omar Bongo, est un proche de Jean Ping, candidat malheureux \u00e0 l\u2019\u00e9lection pr\u00e9sidentielle d\u2019ao\u00fbt 2016.<br \/>\nCamille Boussoughou<\/p>\n","protected":false},"excerpt":{"rendered":"<p>Africa-Press &#8211; Gabon. L\u2019ancien Premier Ministre, Jean Eyeghe Ndong fera une importante d\u00e9claration ce mercredi 11 ao\u00fbt \u00e0 Libreville, a appris Gabonactu.com aupr\u00e8s de son entourage. Le contenu de la d\u00e9claration n\u2019est pas connu. Mais depuis quelques jours circule une information selon laquelle, il aurait d\u00e9j\u00e0 accept\u00e9 d\u2019\u00eatre Vice-Pr\u00e9sident de la r\u00e9publique Le 9 juin [&hellip;]<\/p>\n","protected":false},"author":82,"featured_media":1333,"comment_status":"open","ping_status":"closed","sticky":false,"template":"","format":"standard","meta":{"footnotes":""},"categories":[11,2,10],"tags":[36,50,49,352,353,97],"class_list":["post-1334","post","type-post","status-publish","format-standard","has-post-thumbnail","hentry","category-homepage-french","category-politique","category-toutes-les-actualites","tag-africa-press","tag-africa-press-gabon","tag-gabon","tag-jean-eyeghe-ndong","tag-lancien-premier-ministre","tag-libreville"],"yoast_head":"<!-- This site is optimized with the Yoast SEO Premium plugin v26.1 (Yoast SEO v27.0) - https:\/\/yoast.com\/product\/yoast-seo-premium-wordpress\/ -->\n<title>Importante d\u00e9claration de Jean Eyeghe Ndong ce mercredi \u00e0 Libreville - Gabon<\/title>\n<meta name=\"description\" content=\"L\u2019ancien Premier Ministre, Jean Eyeghe Ndong fera une importante d\u00e9claration ce mercredi 11 ao\u00fbt \u00e0 Libreville, a appris ...\" \/>\n<meta name=\"robots\" content=\"index, follow, max-snippet:-1, max-image-preview:large, max-video-preview:-1\" \/>\n<link rel=\"canonical\" href=\"https:\/\/www.africa-press.net\/gabon\/politique\/importante-declaration-de-jean-eyeghe-ndong-ce-mercredi-a-libreville\" \/>\n<meta property=\"og:locale\" content=\"fr_FR\" \/>\n<meta property=\"og:type\" content=\"article\" \/>\n<meta property=\"og:title\" content=\"Importante d\u00e9claration de Jean Eyeghe Ndong ce mercredi \u00e0 Libreville\" \/>\n<meta property=\"og:description\" content=\"L\u2019ancien Premier Ministre, Jean Eyeghe Ndong fera une importante d\u00e9claration ce mercredi 11 ao\u00fbt \u00e0 Libreville, a appris ...\" \/>\n<meta property=\"og:url\" content=\"https:\/\/www.africa-press.net\/gabon\/politique\/importante-declaration-de-jean-eyeghe-ndong-ce-mercredi-a-libreville\" \/>\n<meta property=\"og:site_name\" content=\"Gabon\" \/>\n<meta property=\"article:published_time\" content=\"2021-08-10T17:05:31+00:00\" \/>\n<meta property=\"og:image\" content=\"https:\/\/static.africa-press.net\/centrafricaine\/sites\/54\/2021\/08\/img.png\" \/>\n\t<meta property=\"og:image:width\" content=\"844\" \/>\n\t<meta property=\"og:image:height\" content=\"506\" \/>\n\t<meta property=\"og:image:type\" content=\"image\/png\" \/>\n<meta name=\"author\" content=\"cfeditorfr\" \/>\n<meta name=\"twitter:card\" content=\"summary_large_image\" \/>\n<meta name=\"twitter:label1\" content=\"\u00c9crit par\" \/>\n\t<meta name=\"twitter:data1\" content=\"cfeditorfr\" \/>\n\t<meta name=\"twitter:label2\" content=\"Dur\u00e9e de lecture estim\u00e9e\" \/>\n\t<meta name=\"twitter:data2\" content=\"1 minute\" \/>\n<script type=\"application\/ld+json\" class=\"yoast-schema-graph\">{\"@context\":\"https:\/\/schema.org\",\"@graph\":[{\"@type\":\"Article\",\"@id\":\"https:\/\/www.africa-press.net\/gabon\/politique\/importante-declaration-de-jean-eyeghe-ndong-ce-mercredi-a-libreville#article\",\"isPartOf\":{\"@id\":\"https:\/\/www.africa-press.net\/gabon\/politique\/importante-declaration-de-jean-eyeghe-ndong-ce-mercredi-a-libreville\"},\"author\":{\"name\":\"cfeditorfr\",\"@id\":\"https:\/\/www.africa-press.net\/gabon\/#\/schema\/person\/2b1cf3cd81a31e3cd26889ca66d677f1\"},\"headline\":\"Importante d\u00e9claration de Jean Eyeghe Ndong ce mercredi \u00e0 Libreville\",\"datePublished\":\"2021-08-10T17:05:31+00:00\",\"mainEntityOfPage\":{\"@id\":\"https:\/\/www.africa-press.net\/gabon\/politique\/importante-declaration-de-jean-eyeghe-ndong-ce-mercredi-a-libreville\"},\"wordCount\":144,\"commentCount\":0,\"image\":{\"@id\":\"https:\/\/www.africa-press.net\/gabon\/politique\/importante-declaration-de-jean-eyeghe-ndong-ce-mercredi-a-libreville#primaryimage\"},\"thumbnailUrl\":\"https:\/\/static.africa-press.net\/centrafricaine\/sites\/54\/2021\/08\/img.png\",\"keywords\":[\"Africa Press\",\"Africa Press-Gabon\",\"Gabon\",\"Jean Eyeghe Ndong\",\"L\u2019ancien Premier Ministre\",\"Libreville\"],\"articleSection\":[\"homepage-french\",\"Politique\",\"Toutes les actualit\u00e9s\"],\"inLanguage\":\"fr-FR\",\"potentialAction\":[{\"@type\":\"CommentAction\",\"name\":\"Comment\",\"target\":[\"https:\/\/www.africa-press.net\/gabon\/politique\/importante-declaration-de-jean-eyeghe-ndong-ce-mercredi-a-libreville#respond\"]}]},{\"@type\":\"WebPage\",\"@id\":\"https:\/\/www.africa-press.net\/gabon\/politique\/importante-declaration-de-jean-eyeghe-ndong-ce-mercredi-a-libreville\",\"url\":\"https:\/\/www.africa-press.net\/gabon\/politique\/importante-declaration-de-jean-eyeghe-ndong-ce-mercredi-a-libreville\",\"name\":\"Importante d\u00e9claration de Jean Eyeghe Ndong ce mercredi \u00e0 Libreville - Gabon\",\"isPartOf\":{\"@id\":\"https:\/\/www.africa-press.net\/gabon\/#website\"},\"primaryImageOfPage\":{\"@id\":\"https:\/\/www.africa-press.net\/gabon\/politique\/importante-declaration-de-jean-eyeghe-ndong-ce-mercredi-a-libreville#primaryimage\"},\"image\":{\"@id\":\"https:\/\/www.africa-press.net\/gabon\/politique\/importante-declaration-de-jean-eyeghe-ndong-ce-mercredi-a-libreville#primaryimage\"},\"thumbnailUrl\":\"https:\/\/static.africa-press.net\/centrafricaine\/sites\/54\/2021\/08\/img.png\",\"datePublished\":\"2021-08-10T17:05:31+00:00\",\"author\":{\"@id\":\"https:\/\/www.africa-press.net\/gabon\/#\/schema\/person\/2b1cf3cd81a31e3cd26889ca66d677f1\"},\"description\":\"L\u2019ancien Premier Ministre, Jean Eyeghe Ndong fera une importante d\u00e9claration ce mercredi 11 ao\u00fbt \u00e0 Libreville, a appris ...\",\"breadcrumb\":{\"@id\":\"https:\/\/www.africa-press.net\/gabon\/politique\/importante-declaration-de-jean-eyeghe-ndong-ce-mercredi-a-libreville#breadcrumb\"},\"inLanguage\":\"fr-FR\",\"potentialAction\":[{\"@type\":\"ReadAction\",\"target\":[\"https:\/\/www.africa-press.net\/gabon\/politique\/importante-declaration-de-jean-eyeghe-ndong-ce-mercredi-a-libreville\"]}]},{\"@type\":\"ImageObject\",\"inLanguage\":\"fr-FR\",\"@id\":\"https:\/\/www.africa-press.net\/gabon\/politique\/importante-declaration-de-jean-eyeghe-ndong-ce-mercredi-a-libreville#primaryimage\",\"url\":\"https:\/\/static.africa-press.net\/centrafricaine\/sites\/54\/2021\/08\/img.png\",\"contentUrl\":\"https:\/\/static.africa-press.net\/centrafricaine\/sites\/54\/2021\/08\/img.png\",\"width\":844,\"height\":506,\"caption\":\"Importante d\u00e9claration de Jean Eyeghe Ndong ce mercredi \u00e0 Libreville\"},{\"@type\":\"BreadcrumbList\",\"@id\":\"https:\/\/www.africa-press.net\/gabon\/politique\/importante-declaration-de-jean-eyeghe-ndong-ce-mercredi-a-libreville#breadcrumb\",\"itemListElement\":[{\"@type\":\"ListItem\",\"position\":1,\"name\":\"Accueil\",\"item\":\"https:\/\/www.africa-press.net\/gabon\/\"},{\"@type\":\"ListItem\",\"position\":2,\"name\":\"Importante d\u00e9claration de Jean Eyeghe Ndong ce mercredi \u00e0 Libreville\"}]},{\"@type\":\"WebSite\",\"@id\":\"https:\/\/www.africa-press.net\/gabon\/#website\",\"url\":\"https:\/\/www.africa-press.net\/gabon\/\",\"name\":\"Gabon\",\"description\":\"Just another Africa News Agency Sites site\",\"potentialAction\":[{\"@type\":\"SearchAction\",\"target\":{\"@type\":\"EntryPoint\",\"urlTemplate\":\"https:\/\/www.africa-press.net\/gabon\/?s={search_term_string}\"},\"query-input\":{\"@type\":\"PropertyValueSpecification\",\"valueRequired\":true,\"valueName\":\"search_term_string\"}}],\"inLanguage\":\"fr-FR\"},{\"@type\":\"Person\",\"@id\":\"https:\/\/www.africa-press.net\/gabon\/#\/schema\/person\/2b1cf3cd81a31e3cd26889ca66d677f1\",\"name\":\"cfeditorfr\"}]}<\/script>\n<!-- \/ Yoast SEO Premium plugin. -->","yoast_head_json":{"title":"Importante d\u00e9claration de Jean Eyeghe Ndong ce mercredi \u00e0 Libreville - Gabon","description":"L\u2019ancien Premier Ministre, Jean Eyeghe Ndong fera une importante d\u00e9claration ce mercredi 11 ao\u00fbt \u00e0 Libreville, a appris ...","robots":{"index":"index","follow":"follow","max-snippet":"max-snippet:-1","max-image-preview":"max-image-preview:large","max-video-preview":"max-video-preview:-1"},"canonical":"https:\/\/www.africa-press.net\/gabon\/politique\/importante-declaration-de-jean-eyeghe-ndong-ce-mercredi-a-libreville","og_locale":"fr_FR","og_type":"article","og_title":"Importante d\u00e9claration de Jean Eyeghe Ndong ce mercredi \u00e0 Libreville","og_description":"L\u2019ancien Premier Ministre, Jean Eyeghe Ndong fera une importante d\u00e9claration ce mercredi 11 ao\u00fbt \u00e0 Libreville, a appris ...","og_url":"https:\/\/www.africa-press.net\/gabon\/politique\/importante-declaration-de-jean-eyeghe-ndong-ce-mercredi-a-libreville","og_site_name":"Gabon","article_published_time":"2021-08-10T17:05:31+00:00","og_image":[{"width":844,"height":506,"url":"https:\/\/static.africa-press.net\/centrafricaine\/sites\/54\/2021\/08\/img.png","type":"image\/png"}],"author":"cfeditorfr","twitter_card":"summary_large_image","twitter_misc":{"\u00c9crit par":"cfeditorfr","Dur\u00e9e de lecture estim\u00e9e":"1 minute"},"schema":{"@context":"https:\/\/schema.org","@graph":[{"@type":"Article","@id":"https:\/\/www.africa-press.net\/gabon\/politique\/importante-declaration-de-jean-eyeghe-ndong-ce-mercredi-a-libreville#article","isPartOf":{"@id":"https:\/\/www.africa-press.net\/gabon\/politique\/importante-declaration-de-jean-eyeghe-ndong-ce-mercredi-a-libreville"},"author":{"name":"cfeditorfr","@id":"https:\/\/www.africa-press.net\/gabon\/#\/schema\/person\/2b1cf3cd81a31e3cd26889ca66d677f1"},"headline":"Importante d\u00e9claration de Jean Eyeghe Ndong ce mercredi \u00e0 Libreville","datePublished":"2021-08-10T17:05:31+00:00","mainEntityOfPage":{"@id":"https:\/\/www.africa-press.net\/gabon\/politique\/importante-declaration-de-jean-eyeghe-ndong-ce-mercredi-a-libreville"},"wordCount":144,"commentCount":0,"image":{"@id":"https:\/\/www.africa-press.net\/gabon\/politique\/importante-declaration-de-jean-eyeghe-ndong-ce-mercredi-a-libreville#primaryimage"},"thumbnailUrl":"https:\/\/static.africa-press.net\/centrafricaine\/sites\/54\/2021\/08\/img.png","keywords":["Africa Press","Africa Press-Gabon","Gabon","Jean Eyeghe Ndong","L\u2019ancien Premier Ministre","Libreville"],"articleSection":["homepage-french","Politique","Toutes les actualit\u00e9s"],"inLanguage":"fr-FR","potentialAction":[{"@type":"CommentAction","name":"Comment","target":["https:\/\/www.africa-press.net\/gabon\/politique\/importante-declaration-de-jean-eyeghe-ndong-ce-mercredi-a-libreville#respond"]}]},{"@type":"WebPage","@id":"https:\/\/www.africa-press.net\/gabon\/politique\/importante-declaration-de-jean-eyeghe-ndong-ce-mercredi-a-libreville","url":"https:\/\/www.africa-press.net\/gabon\/politique\/importante-declaration-de-jean-eyeghe-ndong-ce-mercredi-a-libreville","name":"Importante d\u00e9claration de Jean Eyeghe Ndong ce mercredi \u00e0 Libreville - Gabon","isPartOf":{"@id":"https:\/\/www.africa-press.net\/gabon\/#website"},"primaryImageOfPage":{"@id":"https:\/\/www.africa-press.net\/gabon\/politique\/importante-declaration-de-jean-eyeghe-ndong-ce-mercredi-a-libreville#primaryimage"},"image":{"@id":"https:\/\/www.africa-press.net\/gabon\/politique\/importante-declaration-de-jean-eyeghe-ndong-ce-mercredi-a-libreville#primaryimage"},"thumbnailUrl":"https:\/\/static.africa-press.net\/centrafricaine\/sites\/54\/2021\/08\/img.png","datePublished":"2021-08-10T17:05:31+00:00","author":{"@id":"https:\/\/www.africa-press.net\/gabon\/#\/schema\/person\/2b1cf3cd81a31e3cd26889ca66d677f1"},"description":"L\u2019ancien Premier Ministre, Jean Eyeghe Ndong fera une importante d\u00e9claration ce mercredi 11 ao\u00fbt \u00e0 Libreville, a appris ...","breadcrumb":{"@id":"https:\/\/www.africa-press.net\/gabon\/politique\/importante-declaration-de-jean-eyeghe-ndong-ce-mercredi-a-libreville#breadcrumb"},"inLanguage":"fr-FR","potentialAction":[{"@type":"ReadAction","target":["https:\/\/www.africa-press.net\/gabon\/politique\/importante-declaration-de-jean-eyeghe-ndong-ce-mercredi-a-libreville"]}]},{"@type":"ImageObject","inLanguage":"fr-FR","@id":"https:\/\/www.africa-press.net\/gabon\/politique\/importante-declaration-de-jean-eyeghe-ndong-ce-mercredi-a-libreville#primaryimage","url":"https:\/\/static.africa-press.net\/centrafricaine\/sites\/54\/2021\/08\/img.png","contentUrl":"https:\/\/static.africa-press.net\/centrafricaine\/sites\/54\/2021\/08\/img.png","width":844,"height":506,"caption":"Importante d\u00e9claration de Jean Eyeghe Ndong ce mercredi \u00e0 Libreville"},{"@type":"BreadcrumbList","@id":"https:\/\/www.africa-press.net\/gabon\/politique\/importante-declaration-de-jean-eyeghe-ndong-ce-mercredi-a-libreville#breadcrumb","itemListElement":[{"@type":"ListItem","position":1,"name":"Accueil","item":"https:\/\/www.africa-press.net\/gabon\/"},{"@type":"ListItem","position":2,"name":"Importante d\u00e9claration de Jean Eyeghe Ndong ce mercredi \u00e0 Libreville"}]},{"@type":"WebSite","@id":"https:\/\/www.africa-press.net\/gabon\/#website","url":"https:\/\/www.africa-press.net\/gabon\/","name":"Gabon","description":"Just another Africa News Agency Sites site","potentialAction":[{"@type":"SearchAction","target":{"@type":"EntryPoint","urlTemplate":"https:\/\/www.africa-press.net\/gabon\/?s={search_term_string}"},"query-input":{"@type":"PropertyValueSpecification","valueRequired":true,"valueName":"search_term_string"}}],"inLanguage":"fr-FR"},{"@type":"Person","@id":"https:\/\/www.africa-press.net\/gabon\/#\/schema\/person\/2b1cf3cd81a31e3cd26889ca66d677f1","name":"cfeditorfr"}]}},"_links":{"self":[{"href":"https:\/\/www.africa-press.net\/gabon\/wp-json\/wp\/v2\/posts\/1334","targetHints":{"allow":["GET"]}}],"collection":[{"href":"https:\/\/www.africa-press.net\/gabon\/wp-json\/wp\/v2\/posts"}],"about":[{"href":"https:\/\/www.africa-press.net\/gabon\/wp-json\/wp\/v2\/types\/post"}],"author":[{"embeddable":true,"href":"https:\/\/www.africa-press.net\/gabon\/wp-json\/wp\/v2\/users\/82"}],"replies":[{"embeddable":true,"href":"https:\/\/www.africa-press.net\/gabon\/wp-json\/wp\/v2\/comments?post=1334"}],"version-history":[{"count":0,"href":"https:\/\/www.africa-press.net\/gabon\/wp-json\/wp\/v2\/posts\/1334\/revisions"}],"wp:featuredmedia":[{"embeddable":true,"href":"https:\/\/www.africa-press.net\/gabon\/wp-json\/wp\/v2\/media\/1333"}],"wp:attachment":[{"href":"https:\/\/www.africa-press.net\/gabon\/wp-json\/wp\/v2\/media?parent=1334"}],"wp:term":[{"taxonomy":"category","embeddable":true,"href":"https:\/\/www.africa-press.net\/gabon\/wp-json\/wp\/v2\/categories?post=1334"},{"taxonomy":"post_tag","embeddable":true,"href":"https:\/\/www.africa-press.net\/gabon\/wp-json\/wp\/v2\/tags?post=1334"}],"curies":[{"name":"wp","href":"https:\/\/api.w.org\/{rel}","templated":true}]}}