{"id":13362,"date":"2022-11-30T18:05:16","date_gmt":"2022-11-30T18:05:16","guid":{"rendered":"https:\/\/www.africa-press.net\/gabon\/politique\/gabon-agriculture-elevage-plusieurs-agriculteurs-recoivent-leurs-parchemins-de-la-fao-pnud"},"modified":"2022-11-30T19:18:16","modified_gmt":"2022-11-30T19:18:16","slug":"gabon-agriculture-elevage-plusieurs-agriculteurs-recoivent-leurs-parchemins-de-la-fao-pnud","status":"publish","type":"post","link":"https:\/\/www.africa-press.net\/gabon\/economie\/gabon-agriculture-elevage-plusieurs-agriculteurs-recoivent-leurs-parchemins-de-la-fao-pnud","title":{"rendered":"Gabon\/Agriculture-\u00c9levage: plusieurs agriculteurs re\u00e7oivent leurs parchemins de la FAO-PNUD"},"content":{"rendered":"<p><span style=\"color: #ff6600\"><strong>Africa-Press &#8211; Gabon. <\/strong><\/span>Le coordonnateur par inte\u0301rim du Bureau sous-re\u0301gional de la FAO pour l\u2019Afrique centrale, Arslen Bounemra remettant les parchemins aux laure\u0301ats \u00a9 Gabonactu.com<\/p>\n<p><b>Quelques 50 agriculteurs de la province de l\u2019Ogooue\u0301-Maritime ont rec\u0327u apre\u0300s 4 mois de formation intensive, mardi 29 novembre 2022, des mains du gouverneur de la province de l\u2019Ogooue\u0301-Maritime, du repre\u0301sentant de la FAO-PNUD, du Sous-pre\u0301fet de Mpaga et du directeur provincial de l\u2019agriculture, leurs attestations de fin de formation en \u00ab techniques de fabrication d\u2019aliments be\u0301tail et prophylaxie \u00bb mais e\u0301galement, en \u00ab techniques de gestion d\u2019un pe\u0301rime\u0300tre marai\u0302cher \u00bb dans le cadre du projet \u2039\u2039 renforcement de la se\u0301curite\u0301 alimentaire et de l\u2019emploi des femmes et des jeunes via la promotion des chai\u0302nes de valeurs verte inclusive dans le cadre de la relance post Codiv19\u203a\u203a.<\/b><br \/>\n<b>Quelques 50 agriculteurs de la province de l\u2019Ogooue\u0301-Maritime ont rec\u0327u apre\u0300s 4 mois de formation intensive, mardi 29 novembre 2022, des mains du gouverneur de la province de l\u2019Ogooue\u0301-Maritime, du repre\u0301sentant de la FAO-PNUD, du Sous-pre\u0301fet de Mpaga et du directeur provincial de l\u2019agriculture, leurs attestations de fin de formation en \u00ab techniques de fabrication d\u2019aliments be\u0301tail et prophylaxie \u00bb mais e\u0301galement, en \u00ab techniques de gestion d\u2019un pe\u0301rime\u0300tre marai\u0302cher \u00bb dans le cadre du projet \u2039\u2039 renforcement de la se\u0301curite\u0301 alimentaire et de l\u2019emploi des femmes et des jeunes via la promotion des chai\u0302nes de valeurs verte inclusive dans le cadre de la relance post Codiv19\u203a\u203a.<\/b><\/p>\n<p>Au cours de cette ce\u0301re\u0301monie solennelle, ils ont aussi rec\u0327u un important don leur permettant d\u2019intensifier leur activite\u0301. Composait ce mate\u0301riel ; une motopompe et un atomiseur. Ces e\u0301quipements a\u0300 l\u2019appui technique ont e\u0301te\u0301 remis dans le cadre du partenariat FAO-PNUD visant a\u0300 renforcer leurs capacite\u0301s de production ainsi que leur rendement.<\/p>\n<p>\u00ab Je suis particulie\u0300rement e\u0301mue pour cette nouvelle culture du soja introduite au sein du pe\u0301rime\u0300tre marai\u0302che\u0300re, on devrait re\u0301fle\u0301chir pour voir dans quelle mesure ont pourrait la mettre a\u0300 l\u2019e\u0301chelle puisqu\u2019il pousse bien ici\u203a\u203a, a de\u0301clare\u0301 Huguette Biloho Essono, charge\u0301e du programme FAO Gabon.<\/p>\n<p>Paul Ngome Ayong, gouverneur de la province de l\u2019Ogooue\u0301-Maritime dans son intervention n\u2019a pas manque\u0301 de remercier l\u2019Organisation des Nations-Unies pour l\u2019Alimentation et l\u2019Agriculture, qui a organise\u0301 cette formation de 4 mois a\u0300 l\u2019endroit des agriculteurs et e\u0301leveurs de l\u2019Ogooue\u0301-Maritime en particulier. En effet, ce domaine est perc\u0327u comme e\u0301tant un secteur sous-de\u0301veloppe\u0301 de l\u2019e\u0301conomie gabonaise.<\/p>\n<p>Gra\u0302ce a\u0300 cette \u00ab action salvatrice \u00bb, il y a eu la participation forte des populations, plus pre\u0301cise\u0301ment la gente fe\u0301minine et masculine mais e\u0301galement des jeunes. Fort de ce qui pre\u0301ce\u0300de, l\u2019e\u0301le\u0301ment catalyseur de l\u2019auto-emploi serait la participation collective des ope\u0301rateurs e\u0301conomiques. \u2039\u2039 C\u2019est une exigence afin qu\u2019ils aient un appui des entreprises visant a\u0300 passer de mode artisanal au mode industriel. Mais aussi et surtout, il s\u2019agira de donner un coup de main pour que leurs activite\u0301s soient de plus en plus rayonnantes\u203a\u203a, a souhaite\u0301 Paul Ngome Ayong gouverneur de l\u2019Ogooue\u0301-Maritime.<\/p>\n<p>Pour sa part, Arslen Bounemra, coordonnateur par inte\u0301rim du bureau sous-re\u0301gional de la FAO pour l\u2019Afrique Centrale, a te\u0301moigne\u0301 sa volonte\u0301 a\u0300 promouvoir l\u2019emploi des femmes en ge\u0301ne\u0301ral dans la mesure ou\u0300, la valorisation du travail des femmes au sein de la FAO a atteint son paroxysme dans le circuit e\u0301conomique gra\u0302ce a\u0300 sa capacite\u0301 a\u0300 cre\u0301er des emplois et de la richesse.<\/p>\n<p>\u00ab J\u2019espe\u0300re que ces formations vous aideront a\u0300 de\u0301velopper vos connaissances en terme de capacite\u0301 de transformation des produits agricoles afin d\u2019avoir des produits commercialisables. J\u2019ai eu des e\u0301chos tre\u0300s favorables et je vous promets qu\u2019avec notre expertise, nous sommes a\u0300 votre disposition pour vous accompagner \u00bb, a promis le repre\u0301sentant de la FAO Gabon.<\/p>\n<p><b>Vincent Ranozinault<\/b><\/p>\n<p><strong>Pour plus d&rsquo;informations et d&rsquo;analyses sur la <a href=\"https:\/\/www.africa-press.net\/gabon\">Gabon<\/a>, suivez <a href=\"https:\/\/www.africa-press.net\/\">Africa-Press<\/a><\/strong><\/p>\n","protected":false},"excerpt":{"rendered":"<p>Africa-Press &#8211; Gabon. Le coordonnateur par inte\u0301rim du Bureau sous-re\u0301gional de la FAO pour l\u2019Afrique centrale, Arslen Bounemra remettant les parchemins aux laure\u0301ats \u00a9 Gabonactu.com Quelques 50 agriculteurs de la province de l\u2019Ogooue\u0301-Maritime ont rec\u0327u apre\u0300s 4 mois de formation intensive, mardi 29 novembre 2022, des mains du gouverneur de la province de l\u2019Ogooue\u0301-Maritime, du [&hellip;]<\/p>\n","protected":false},"author":82,"featured_media":13361,"comment_status":"open","ping_status":"closed","sticky":false,"template":"","format":"standard","meta":{"footnotes":""},"categories":[3,10],"tags":[36,50,49],"class_list":["post-13362","post","type-post","status-publish","format-standard","has-post-thumbnail","hentry","category-economie","category-toutes-les-actualites","tag-africa-press","tag-africa-press-gabon","tag-gabon"],"yoast_head":"<!-- This site is optimized with the Yoast SEO Premium plugin v26.1 (Yoast SEO v27.0) - https:\/\/yoast.com\/product\/yoast-seo-premium-wordpress\/ -->\n<title>Gabon\/Agriculture-\u00c9levage: plusieurs agriculteurs re\u00e7oivent leurs parchemins de la FAO-PNUD - Gabon<\/title>\n<meta name=\"description\" content=\"Le coordonnateur par inte\u0301rim du Bureau sous-re\u0301gional de la FAO pour l\u2019Afrique centrale, Arslen Bounemra remettant les ...\" \/>\n<meta name=\"robots\" content=\"index, follow, max-snippet:-1, max-image-preview:large, max-video-preview:-1\" \/>\n<link rel=\"canonical\" href=\"https:\/\/www.africa-press.net\/gabon\/economie\/gabon-agriculture-elevage-plusieurs-agriculteurs-recoivent-leurs-parchemins-de-la-fao-pnud\" \/>\n<meta property=\"og:locale\" content=\"fr_FR\" \/>\n<meta property=\"og:type\" content=\"article\" \/>\n<meta property=\"og:title\" content=\"Gabon\/Agriculture-\u00c9levage: plusieurs agriculteurs re\u00e7oivent leurs parchemins de la FAO-PNUD\" \/>\n<meta property=\"og:description\" content=\"Le coordonnateur par inte\u0301rim du Bureau sous-re\u0301gional de la FAO pour l\u2019Afrique centrale, Arslen Bounemra remettant les ...\" \/>\n<meta property=\"og:url\" content=\"https:\/\/www.africa-press.net\/gabon\/economie\/gabon-agriculture-elevage-plusieurs-agriculteurs-recoivent-leurs-parchemins-de-la-fao-pnud\" \/>\n<meta property=\"og:site_name\" content=\"Gabon\" \/>\n<meta property=\"article:published_time\" content=\"2022-11-30T18:05:16+00:00\" \/>\n<meta property=\"article:modified_time\" content=\"2022-11-30T19:18:16+00:00\" \/>\n<meta property=\"og:image\" content=\"https:\/\/static.africa-press.net\/gabon\/sites\/54\/2022\/11\/postQueueImg_1669818922.11.jpg\" \/>\n\t<meta property=\"og:image:width\" content=\"1024\" \/>\n\t<meta property=\"og:image:height\" content=\"678\" \/>\n\t<meta property=\"og:image:type\" content=\"image\/jpeg\" \/>\n<meta name=\"author\" content=\"cfeditorfr\" \/>\n<meta name=\"twitter:card\" content=\"summary_large_image\" \/>\n<meta name=\"twitter:label1\" content=\"\u00c9crit par\" \/>\n\t<meta name=\"twitter:data1\" content=\"cfeditorfr\" \/>\n\t<meta name=\"twitter:label2\" content=\"Dur\u00e9e de lecture estim\u00e9e\" \/>\n\t<meta name=\"twitter:data2\" content=\"4 minutes\" \/>\n<script type=\"application\/ld+json\" class=\"yoast-schema-graph\">{\"@context\":\"https:\/\/schema.org\",\"@graph\":[{\"@type\":\"Article\",\"@id\":\"https:\/\/www.africa-press.net\/gabon\/economie\/gabon-agriculture-elevage-plusieurs-agriculteurs-recoivent-leurs-parchemins-de-la-fao-pnud#article\",\"isPartOf\":{\"@id\":\"https:\/\/www.africa-press.net\/gabon\/economie\/gabon-agriculture-elevage-plusieurs-agriculteurs-recoivent-leurs-parchemins-de-la-fao-pnud\"},\"author\":{\"name\":\"cfeditorfr\",\"@id\":\"https:\/\/www.africa-press.net\/gabon\/#\/schema\/person\/2b1cf3cd81a31e3cd26889ca66d677f1\"},\"headline\":\"Gabon\/Agriculture-\u00c9levage: plusieurs agriculteurs re\u00e7oivent leurs parchemins de la FAO-PNUD\",\"datePublished\":\"2022-11-30T18:05:16+00:00\",\"dateModified\":\"2022-11-30T19:18:16+00:00\",\"mainEntityOfPage\":{\"@id\":\"https:\/\/www.africa-press.net\/gabon\/economie\/gabon-agriculture-elevage-plusieurs-agriculteurs-recoivent-leurs-parchemins-de-la-fao-pnud\"},\"wordCount\":720,\"commentCount\":0,\"image\":{\"@id\":\"https:\/\/www.africa-press.net\/gabon\/economie\/gabon-agriculture-elevage-plusieurs-agriculteurs-recoivent-leurs-parchemins-de-la-fao-pnud#primaryimage\"},\"thumbnailUrl\":\"https:\/\/static.africa-press.net\/gabon\/sites\/54\/2022\/11\/postQueueImg_1669818922.11.jpg\",\"keywords\":[\"Africa Press\",\"Africa Press-Gabon\",\"Gabon\"],\"articleSection\":[\"\u00c9conomie\",\"Toutes les actualit\u00e9s\"],\"inLanguage\":\"fr-FR\",\"potentialAction\":[{\"@type\":\"CommentAction\",\"name\":\"Comment\",\"target\":[\"https:\/\/www.africa-press.net\/gabon\/economie\/gabon-agriculture-elevage-plusieurs-agriculteurs-recoivent-leurs-parchemins-de-la-fao-pnud#respond\"]}]},{\"@type\":\"WebPage\",\"@id\":\"https:\/\/www.africa-press.net\/gabon\/economie\/gabon-agriculture-elevage-plusieurs-agriculteurs-recoivent-leurs-parchemins-de-la-fao-pnud\",\"url\":\"https:\/\/www.africa-press.net\/gabon\/economie\/gabon-agriculture-elevage-plusieurs-agriculteurs-recoivent-leurs-parchemins-de-la-fao-pnud\",\"name\":\"Gabon\/Agriculture-\u00c9levage: plusieurs agriculteurs re\u00e7oivent leurs parchemins de la FAO-PNUD - Gabon\",\"isPartOf\":{\"@id\":\"https:\/\/www.africa-press.net\/gabon\/#website\"},\"primaryImageOfPage\":{\"@id\":\"https:\/\/www.africa-press.net\/gabon\/economie\/gabon-agriculture-elevage-plusieurs-agriculteurs-recoivent-leurs-parchemins-de-la-fao-pnud#primaryimage\"},\"image\":{\"@id\":\"https:\/\/www.africa-press.net\/gabon\/economie\/gabon-agriculture-elevage-plusieurs-agriculteurs-recoivent-leurs-parchemins-de-la-fao-pnud#primaryimage\"},\"thumbnailUrl\":\"https:\/\/static.africa-press.net\/gabon\/sites\/54\/2022\/11\/postQueueImg_1669818922.11.jpg\",\"datePublished\":\"2022-11-30T18:05:16+00:00\",\"dateModified\":\"2022-11-30T19:18:16+00:00\",\"author\":{\"@id\":\"https:\/\/www.africa-press.net\/gabon\/#\/schema\/person\/2b1cf3cd81a31e3cd26889ca66d677f1\"},\"description\":\"Le coordonnateur par inte\u0301rim du Bureau sous-re\u0301gional de la FAO pour l\u2019Afrique centrale, Arslen Bounemra remettant les ...\",\"breadcrumb\":{\"@id\":\"https:\/\/www.africa-press.net\/gabon\/economie\/gabon-agriculture-elevage-plusieurs-agriculteurs-recoivent-leurs-parchemins-de-la-fao-pnud#breadcrumb\"},\"inLanguage\":\"fr-FR\",\"potentialAction\":[{\"@type\":\"ReadAction\",\"target\":[\"https:\/\/www.africa-press.net\/gabon\/economie\/gabon-agriculture-elevage-plusieurs-agriculteurs-recoivent-leurs-parchemins-de-la-fao-pnud\"]}]},{\"@type\":\"ImageObject\",\"inLanguage\":\"fr-FR\",\"@id\":\"https:\/\/www.africa-press.net\/gabon\/economie\/gabon-agriculture-elevage-plusieurs-agriculteurs-recoivent-leurs-parchemins-de-la-fao-pnud#primaryimage\",\"url\":\"https:\/\/static.africa-press.net\/gabon\/sites\/54\/2022\/11\/postQueueImg_1669818922.11.jpg\",\"contentUrl\":\"https:\/\/static.africa-press.net\/gabon\/sites\/54\/2022\/11\/postQueueImg_1669818922.11.jpg\",\"width\":1024,\"height\":678,\"caption\":\"Gabon\/Agriculture-\u00c9levage: plusieurs agriculteurs re\u00e7oivent leurs parchemins de la FAO-PNUD\"},{\"@type\":\"BreadcrumbList\",\"@id\":\"https:\/\/www.africa-press.net\/gabon\/economie\/gabon-agriculture-elevage-plusieurs-agriculteurs-recoivent-leurs-parchemins-de-la-fao-pnud#breadcrumb\",\"itemListElement\":[{\"@type\":\"ListItem\",\"position\":1,\"name\":\"Accueil\",\"item\":\"https:\/\/www.africa-press.net\/gabon\/\"},{\"@type\":\"ListItem\",\"position\":2,\"name\":\"Gabon\/Agriculture-\u00c9levage: plusieurs agriculteurs re\u00e7oivent leurs parchemins de la FAO-PNUD\"}]},{\"@type\":\"WebSite\",\"@id\":\"https:\/\/www.africa-press.net\/gabon\/#website\",\"url\":\"https:\/\/www.africa-press.net\/gabon\/\",\"name\":\"Gabon\",\"description\":\"Just another Africa News Agency Sites site\",\"potentialAction\":[{\"@type\":\"SearchAction\",\"target\":{\"@type\":\"EntryPoint\",\"urlTemplate\":\"https:\/\/www.africa-press.net\/gabon\/?s={search_term_string}\"},\"query-input\":{\"@type\":\"PropertyValueSpecification\",\"valueRequired\":true,\"valueName\":\"search_term_string\"}}],\"inLanguage\":\"fr-FR\"},{\"@type\":\"Person\",\"@id\":\"https:\/\/www.africa-press.net\/gabon\/#\/schema\/person\/2b1cf3cd81a31e3cd26889ca66d677f1\",\"name\":\"cfeditorfr\"}]}<\/script>\n<!-- \/ Yoast SEO Premium plugin. -->","yoast_head_json":{"title":"Gabon\/Agriculture-\u00c9levage: plusieurs agriculteurs re\u00e7oivent leurs parchemins de la FAO-PNUD - Gabon","description":"Le coordonnateur par inte\u0301rim du Bureau sous-re\u0301gional de la FAO pour l\u2019Afrique centrale, Arslen Bounemra remettant les ...","robots":{"index":"index","follow":"follow","max-snippet":"max-snippet:-1","max-image-preview":"max-image-preview:large","max-video-preview":"max-video-preview:-1"},"canonical":"https:\/\/www.africa-press.net\/gabon\/economie\/gabon-agriculture-elevage-plusieurs-agriculteurs-recoivent-leurs-parchemins-de-la-fao-pnud","og_locale":"fr_FR","og_type":"article","og_title":"Gabon\/Agriculture-\u00c9levage: plusieurs agriculteurs re\u00e7oivent leurs parchemins de la FAO-PNUD","og_description":"Le coordonnateur par inte\u0301rim du Bureau sous-re\u0301gional de la FAO pour l\u2019Afrique centrale, Arslen Bounemra remettant les ...","og_url":"https:\/\/www.africa-press.net\/gabon\/economie\/gabon-agriculture-elevage-plusieurs-agriculteurs-recoivent-leurs-parchemins-de-la-fao-pnud","og_site_name":"Gabon","article_published_time":"2022-11-30T18:05:16+00:00","article_modified_time":"2022-11-30T19:18:16+00:00","og_image":[{"width":1024,"height":678,"url":"https:\/\/static.africa-press.net\/gabon\/sites\/54\/2022\/11\/postQueueImg_1669818922.11.jpg","type":"image\/jpeg"}],"author":"cfeditorfr","twitter_card":"summary_large_image","twitter_misc":{"\u00c9crit par":"cfeditorfr","Dur\u00e9e de lecture estim\u00e9e":"4 minutes"},"schema":{"@context":"https:\/\/schema.org","@graph":[{"@type":"Article","@id":"https:\/\/www.africa-press.net\/gabon\/economie\/gabon-agriculture-elevage-plusieurs-agriculteurs-recoivent-leurs-parchemins-de-la-fao-pnud#article","isPartOf":{"@id":"https:\/\/www.africa-press.net\/gabon\/economie\/gabon-agriculture-elevage-plusieurs-agriculteurs-recoivent-leurs-parchemins-de-la-fao-pnud"},"author":{"name":"cfeditorfr","@id":"https:\/\/www.africa-press.net\/gabon\/#\/schema\/person\/2b1cf3cd81a31e3cd26889ca66d677f1"},"headline":"Gabon\/Agriculture-\u00c9levage: plusieurs agriculteurs re\u00e7oivent leurs parchemins de la FAO-PNUD","datePublished":"2022-11-30T18:05:16+00:00","dateModified":"2022-11-30T19:18:16+00:00","mainEntityOfPage":{"@id":"https:\/\/www.africa-press.net\/gabon\/economie\/gabon-agriculture-elevage-plusieurs-agriculteurs-recoivent-leurs-parchemins-de-la-fao-pnud"},"wordCount":720,"commentCount":0,"image":{"@id":"https:\/\/www.africa-press.net\/gabon\/economie\/gabon-agriculture-elevage-plusieurs-agriculteurs-recoivent-leurs-parchemins-de-la-fao-pnud#primaryimage"},"thumbnailUrl":"https:\/\/static.africa-press.net\/gabon\/sites\/54\/2022\/11\/postQueueImg_1669818922.11.jpg","keywords":["Africa Press","Africa Press-Gabon","Gabon"],"articleSection":["\u00c9conomie","Toutes les actualit\u00e9s"],"inLanguage":"fr-FR","potentialAction":[{"@type":"CommentAction","name":"Comment","target":["https:\/\/www.africa-press.net\/gabon\/economie\/gabon-agriculture-elevage-plusieurs-agriculteurs-recoivent-leurs-parchemins-de-la-fao-pnud#respond"]}]},{"@type":"WebPage","@id":"https:\/\/www.africa-press.net\/gabon\/economie\/gabon-agriculture-elevage-plusieurs-agriculteurs-recoivent-leurs-parchemins-de-la-fao-pnud","url":"https:\/\/www.africa-press.net\/gabon\/economie\/gabon-agriculture-elevage-plusieurs-agriculteurs-recoivent-leurs-parchemins-de-la-fao-pnud","name":"Gabon\/Agriculture-\u00c9levage: plusieurs agriculteurs re\u00e7oivent leurs parchemins de la FAO-PNUD - Gabon","isPartOf":{"@id":"https:\/\/www.africa-press.net\/gabon\/#website"},"primaryImageOfPage":{"@id":"https:\/\/www.africa-press.net\/gabon\/economie\/gabon-agriculture-elevage-plusieurs-agriculteurs-recoivent-leurs-parchemins-de-la-fao-pnud#primaryimage"},"image":{"@id":"https:\/\/www.africa-press.net\/gabon\/economie\/gabon-agriculture-elevage-plusieurs-agriculteurs-recoivent-leurs-parchemins-de-la-fao-pnud#primaryimage"},"thumbnailUrl":"https:\/\/static.africa-press.net\/gabon\/sites\/54\/2022\/11\/postQueueImg_1669818922.11.jpg","datePublished":"2022-11-30T18:05:16+00:00","dateModified":"2022-11-30T19:18:16+00:00","author":{"@id":"https:\/\/www.africa-press.net\/gabon\/#\/schema\/person\/2b1cf3cd81a31e3cd26889ca66d677f1"},"description":"Le coordonnateur par inte\u0301rim du Bureau sous-re\u0301gional de la FAO pour l\u2019Afrique centrale, Arslen Bounemra remettant les ...","breadcrumb":{"@id":"https:\/\/www.africa-press.net\/gabon\/economie\/gabon-agriculture-elevage-plusieurs-agriculteurs-recoivent-leurs-parchemins-de-la-fao-pnud#breadcrumb"},"inLanguage":"fr-FR","potentialAction":[{"@type":"ReadAction","target":["https:\/\/www.africa-press.net\/gabon\/economie\/gabon-agriculture-elevage-plusieurs-agriculteurs-recoivent-leurs-parchemins-de-la-fao-pnud"]}]},{"@type":"ImageObject","inLanguage":"fr-FR","@id":"https:\/\/www.africa-press.net\/gabon\/economie\/gabon-agriculture-elevage-plusieurs-agriculteurs-recoivent-leurs-parchemins-de-la-fao-pnud#primaryimage","url":"https:\/\/static.africa-press.net\/gabon\/sites\/54\/2022\/11\/postQueueImg_1669818922.11.jpg","contentUrl":"https:\/\/static.africa-press.net\/gabon\/sites\/54\/2022\/11\/postQueueImg_1669818922.11.jpg","width":1024,"height":678,"caption":"Gabon\/Agriculture-\u00c9levage: plusieurs agriculteurs re\u00e7oivent leurs parchemins de la FAO-PNUD"},{"@type":"BreadcrumbList","@id":"https:\/\/www.africa-press.net\/gabon\/economie\/gabon-agriculture-elevage-plusieurs-agriculteurs-recoivent-leurs-parchemins-de-la-fao-pnud#breadcrumb","itemListElement":[{"@type":"ListItem","position":1,"name":"Accueil","item":"https:\/\/www.africa-press.net\/gabon\/"},{"@type":"ListItem","position":2,"name":"Gabon\/Agriculture-\u00c9levage: plusieurs agriculteurs re\u00e7oivent leurs parchemins de la FAO-PNUD"}]},{"@type":"WebSite","@id":"https:\/\/www.africa-press.net\/gabon\/#website","url":"https:\/\/www.africa-press.net\/gabon\/","name":"Gabon","description":"Just another Africa News Agency Sites site","potentialAction":[{"@type":"SearchAction","target":{"@type":"EntryPoint","urlTemplate":"https:\/\/www.africa-press.net\/gabon\/?s={search_term_string}"},"query-input":{"@type":"PropertyValueSpecification","valueRequired":true,"valueName":"search_term_string"}}],"inLanguage":"fr-FR"},{"@type":"Person","@id":"https:\/\/www.africa-press.net\/gabon\/#\/schema\/person\/2b1cf3cd81a31e3cd26889ca66d677f1","name":"cfeditorfr"}]}},"_links":{"self":[{"href":"https:\/\/www.africa-press.net\/gabon\/wp-json\/wp\/v2\/posts\/13362","targetHints":{"allow":["GET"]}}],"collection":[{"href":"https:\/\/www.africa-press.net\/gabon\/wp-json\/wp\/v2\/posts"}],"about":[{"href":"https:\/\/www.africa-press.net\/gabon\/wp-json\/wp\/v2\/types\/post"}],"author":[{"embeddable":true,"href":"https:\/\/www.africa-press.net\/gabon\/wp-json\/wp\/v2\/users\/82"}],"replies":[{"embeddable":true,"href":"https:\/\/www.africa-press.net\/gabon\/wp-json\/wp\/v2\/comments?post=13362"}],"version-history":[{"count":0,"href":"https:\/\/www.africa-press.net\/gabon\/wp-json\/wp\/v2\/posts\/13362\/revisions"}],"wp:featuredmedia":[{"embeddable":true,"href":"https:\/\/www.africa-press.net\/gabon\/wp-json\/wp\/v2\/media\/13361"}],"wp:attachment":[{"href":"https:\/\/www.africa-press.net\/gabon\/wp-json\/wp\/v2\/media?parent=13362"}],"wp:term":[{"taxonomy":"category","embeddable":true,"href":"https:\/\/www.africa-press.net\/gabon\/wp-json\/wp\/v2\/categories?post=13362"},{"taxonomy":"post_tag","embeddable":true,"href":"https:\/\/www.africa-press.net\/gabon\/wp-json\/wp\/v2\/tags?post=13362"}],"curies":[{"name":"wp","href":"https:\/\/api.w.org\/{rel}","templated":true}]}}