{"id":13371,"date":"2022-11-30T18:05:48","date_gmt":"2022-11-30T18:05:48","guid":{"rendered":"https:\/\/www.africa-press.net\/gabon\/politique\/il-nexiste-pas-de-politique-nationale-du-livre-et-de-la-lecture-au-gabon-udeg"},"modified":"2022-11-30T19:19:32","modified_gmt":"2022-11-30T19:19:32","slug":"il-nexiste-pas-de-politique-nationale-du-livre-et-de-la-lecture-au-gabon-udeg","status":"publish","type":"post","link":"https:\/\/www.africa-press.net\/gabon\/culture-et-art\/il-nexiste-pas-de-politique-nationale-du-livre-et-de-la-lecture-au-gabon-udeg","title":{"rendered":"\u00abIl n\u2019existe pas de politique nationale du livre et de la lecture au Gabon\u00a0\u00bb (UDEG)"},"content":{"rendered":"<p><span style=\"color: #ff6600\"><strong>Africa-Press &#8211; Gabon. <\/strong><\/span><b>La pre\u0301sidente de l\u2019Union des e\u0301crivains gabonais (UDEG), Pulche\u0301rie Abeme Nkoghe, a, durant la rentre\u0301e litte\u0301raire le 28 novembre a\u0300 Libreville, de\u0301plore\u0301 l\u2019inexistence d\u2019une politique du livre qui ne favorise pas l\u2019acce\u0300s aux ouvrages a\u0300 des prix de\u0301mocratiques dans le pays.<\/b><\/p>\n<p>\u00abIl n\u2019existe pas de politique nationale du livre et de la lecture au Gabon \u00bb, a fait savoir Mme Abeme Nkoghe, remettant par la suite a\u0300 la marraine de cette rentre\u0301e litte\u0301raire 2022-2023, Lucie Milebou-Aubusson Mboussou, le projet y relatif.<\/p>\n<p>\u00ab Le domaine du livre est l\u2019enfant pauvre de notre syste\u0300me le\u0301gislatif\u00bb, a-t-elle re\u0301ite\u0301re\u0301.<\/p>\n<p>Pour l\u2019UDEG, le papier, l\u2019encre et tous les e\u0301le\u0301ments qui concourent a\u0300 sa fabrication du livre ne sont pas exone\u0301re\u0301s de certains droits de douane. D\u2019ou\u0300 la cherte\u0301 du livre gabonais et les e\u0301crivains sont souvent injustement accuse\u0301s.<\/p>\n<p>Le livre n\u2019est pas un objet pauvre, indique-t-on, son marche\u0301 est bel et bien un outil e\u0301conomique riche et puissant. Dans les pays dote\u0301s d\u2019une politique nationale, le livre occupe une part de marche\u0301 tre\u0300s e\u0301leve\u0301e. La pre\u0301sidente de l\u2019UDEG, a cite\u0301 comme exemple, la France ou\u0300 le secteur repre\u0301sente 80% du chiffre d\u2019affaires du marche\u0301 culturel. Dans la sous re\u0301gion, on \u00ab arrive aise\u0301ment a\u0300 avoir l\u2019e\u0301criture pour seul me\u0301tier et a\u0300 en vivre dignement \u00bb.<\/p>\n<p>La rentre\u0301e litte\u0301raire de l\u2019UDEG s\u2019est faite sous la the\u0301matique \u00ab le ro\u0302le de la litte\u0301rature, dans la re\u0301insertion sociale des de\u0301tenus ! \u00bb. Au nombre d\u2019activite\u0301s, l\u2019inauguration de la bibliothe\u0300que de la prison centrale de Libreville et l\u2019exposition du palais du Senat Omar Bongo Ondimba.<\/p>\n<p>\u00abCela te\u0301moigne de cet engagement citoyen pour permettre un regard diffe\u0301rent sur l\u2019autre, cet autre qui, prive\u0301 de liberte\u0301, pourrait s\u2019e\u0301vader de ses murs d\u2019isolement, de ses murs privatifs de se\u0301re\u0301nite\u0301 a\u0300 travers la lecture, et voler comme un oiseau vers des sommets, dans un ciel plus serein, de\u0301pouille\u0301 de ses chai\u0302nes\u00bb, a appre\u0301cie\u0301e a\u0300 sa juste valeur, Mme Milebou-Aubusson Mboussou,<\/p>\n<p><b>Camille Boussoughou<\/b><\/p>\n<p><strong>Pour plus d&rsquo;informations et d&rsquo;analyses sur la <a href=\"https:\/\/www.africa-press.net\/gabon\">Gabon<\/a>, suivez <a href=\"https:\/\/www.africa-press.net\/\">Africa-Press<\/a><\/strong><\/p>\n","protected":false},"excerpt":{"rendered":"<p>Africa-Press &#8211; Gabon. La pre\u0301sidente de l\u2019Union des e\u0301crivains gabonais (UDEG), Pulche\u0301rie Abeme Nkoghe, a, durant la rentre\u0301e litte\u0301raire le 28 novembre a\u0300 Libreville, de\u0301plore\u0301 l\u2019inexistence d\u2019une politique du livre qui ne favorise pas l\u2019acce\u0300s aux ouvrages a\u0300 des prix de\u0301mocratiques dans le pays. \u00abIl n\u2019existe pas de politique nationale du livre et de la [&hellip;]<\/p>\n","protected":false},"author":82,"featured_media":13370,"comment_status":"open","ping_status":"closed","sticky":false,"template":"","format":"standard","meta":{"footnotes":""},"categories":[5,10],"tags":[36,50,49],"class_list":["post-13371","post","type-post","status-publish","format-standard","has-post-thumbnail","hentry","category-culture-et-art","category-toutes-les-actualites","tag-africa-press","tag-africa-press-gabon","tag-gabon"],"yoast_head":"<!-- This site is optimized with the Yoast SEO Premium plugin v26.1 (Yoast SEO v27.0) - https:\/\/yoast.com\/product\/yoast-seo-premium-wordpress\/ -->\n<title>\u00abIl n\u2019existe pas de politique nationale du livre et de la lecture au Gabon\u00a0\u00bb (UDEG) - Gabon<\/title>\n<meta name=\"description\" content=\"La pre\u0301sidente de l\u2019Union des e\u0301crivains gabonais (UDEG), Pulche\u0301rie Abeme Nkoghe, a, durant la rentre\u0301e litte\u0301raire ...\" \/>\n<meta name=\"robots\" content=\"index, follow, max-snippet:-1, max-image-preview:large, max-video-preview:-1\" \/>\n<link rel=\"canonical\" href=\"https:\/\/www.africa-press.net\/gabon\/culture-et-art\/il-nexiste-pas-de-politique-nationale-du-livre-et-de-la-lecture-au-gabon-udeg\" \/>\n<meta property=\"og:locale\" content=\"fr_FR\" \/>\n<meta property=\"og:type\" content=\"article\" \/>\n<meta property=\"og:title\" content=\"\u00abIl n\u2019existe pas de politique nationale du livre et de la lecture au Gabon\u00a0\u00bb (UDEG)\" \/>\n<meta property=\"og:description\" content=\"La pre\u0301sidente de l\u2019Union des e\u0301crivains gabonais (UDEG), Pulche\u0301rie Abeme Nkoghe, a, durant la rentre\u0301e litte\u0301raire ...\" \/>\n<meta property=\"og:url\" content=\"https:\/\/www.africa-press.net\/gabon\/culture-et-art\/il-nexiste-pas-de-politique-nationale-du-livre-et-de-la-lecture-au-gabon-udeg\" \/>\n<meta property=\"og:site_name\" content=\"Gabon\" \/>\n<meta property=\"article:published_time\" content=\"2022-11-30T18:05:48+00:00\" \/>\n<meta property=\"article:modified_time\" content=\"2022-11-30T19:19:32+00:00\" \/>\n<meta property=\"og:image\" content=\"https:\/\/static.africa-press.net\/gabon\/sites\/54\/2022\/11\/postQueueImg_1669818954.50.jpg\" \/>\n\t<meta property=\"og:image:width\" content=\"887\" \/>\n\t<meta property=\"og:image:height\" content=\"658\" \/>\n\t<meta property=\"og:image:type\" content=\"image\/jpeg\" \/>\n<meta name=\"author\" content=\"cfeditorfr\" \/>\n<meta name=\"twitter:card\" content=\"summary_large_image\" \/>\n<meta name=\"twitter:label1\" content=\"\u00c9crit par\" \/>\n\t<meta name=\"twitter:data1\" content=\"cfeditorfr\" \/>\n\t<meta name=\"twitter:label2\" content=\"Dur\u00e9e de lecture estim\u00e9e\" \/>\n\t<meta name=\"twitter:data2\" content=\"2 minutes\" \/>\n<script type=\"application\/ld+json\" class=\"yoast-schema-graph\">{\"@context\":\"https:\/\/schema.org\",\"@graph\":[{\"@type\":\"Article\",\"@id\":\"https:\/\/www.africa-press.net\/gabon\/culture-et-art\/il-nexiste-pas-de-politique-nationale-du-livre-et-de-la-lecture-au-gabon-udeg#article\",\"isPartOf\":{\"@id\":\"https:\/\/www.africa-press.net\/gabon\/culture-et-art\/il-nexiste-pas-de-politique-nationale-du-livre-et-de-la-lecture-au-gabon-udeg\"},\"author\":{\"name\":\"cfeditorfr\",\"@id\":\"https:\/\/www.africa-press.net\/gabon\/#\/schema\/person\/2b1cf3cd81a31e3cd26889ca66d677f1\"},\"headline\":\"\u00abIl n\u2019existe pas de politique nationale du livre et de la lecture au Gabon\u00a0\u00bb (UDEG)\",\"datePublished\":\"2022-11-30T18:05:48+00:00\",\"dateModified\":\"2022-11-30T19:19:32+00:00\",\"mainEntityOfPage\":{\"@id\":\"https:\/\/www.africa-press.net\/gabon\/culture-et-art\/il-nexiste-pas-de-politique-nationale-du-livre-et-de-la-lecture-au-gabon-udeg\"},\"wordCount\":412,\"commentCount\":0,\"image\":{\"@id\":\"https:\/\/www.africa-press.net\/gabon\/culture-et-art\/il-nexiste-pas-de-politique-nationale-du-livre-et-de-la-lecture-au-gabon-udeg#primaryimage\"},\"thumbnailUrl\":\"https:\/\/static.africa-press.net\/gabon\/sites\/54\/2022\/11\/postQueueImg_1669818954.50.jpg\",\"keywords\":[\"Africa Press\",\"Africa Press-Gabon\",\"Gabon\"],\"articleSection\":[\"Culture et Art\",\"Toutes les actualit\u00e9s\"],\"inLanguage\":\"fr-FR\",\"potentialAction\":[{\"@type\":\"CommentAction\",\"name\":\"Comment\",\"target\":[\"https:\/\/www.africa-press.net\/gabon\/culture-et-art\/il-nexiste-pas-de-politique-nationale-du-livre-et-de-la-lecture-au-gabon-udeg#respond\"]}]},{\"@type\":\"WebPage\",\"@id\":\"https:\/\/www.africa-press.net\/gabon\/culture-et-art\/il-nexiste-pas-de-politique-nationale-du-livre-et-de-la-lecture-au-gabon-udeg\",\"url\":\"https:\/\/www.africa-press.net\/gabon\/culture-et-art\/il-nexiste-pas-de-politique-nationale-du-livre-et-de-la-lecture-au-gabon-udeg\",\"name\":\"\u00abIl n\u2019existe pas de politique nationale du livre et de la lecture au Gabon\u00a0\u00bb (UDEG) - Gabon\",\"isPartOf\":{\"@id\":\"https:\/\/www.africa-press.net\/gabon\/#website\"},\"primaryImageOfPage\":{\"@id\":\"https:\/\/www.africa-press.net\/gabon\/culture-et-art\/il-nexiste-pas-de-politique-nationale-du-livre-et-de-la-lecture-au-gabon-udeg#primaryimage\"},\"image\":{\"@id\":\"https:\/\/www.africa-press.net\/gabon\/culture-et-art\/il-nexiste-pas-de-politique-nationale-du-livre-et-de-la-lecture-au-gabon-udeg#primaryimage\"},\"thumbnailUrl\":\"https:\/\/static.africa-press.net\/gabon\/sites\/54\/2022\/11\/postQueueImg_1669818954.50.jpg\",\"datePublished\":\"2022-11-30T18:05:48+00:00\",\"dateModified\":\"2022-11-30T19:19:32+00:00\",\"author\":{\"@id\":\"https:\/\/www.africa-press.net\/gabon\/#\/schema\/person\/2b1cf3cd81a31e3cd26889ca66d677f1\"},\"description\":\"La pre\u0301sidente de l\u2019Union des e\u0301crivains gabonais (UDEG), Pulche\u0301rie Abeme Nkoghe, a, durant la rentre\u0301e litte\u0301raire ...\",\"breadcrumb\":{\"@id\":\"https:\/\/www.africa-press.net\/gabon\/culture-et-art\/il-nexiste-pas-de-politique-nationale-du-livre-et-de-la-lecture-au-gabon-udeg#breadcrumb\"},\"inLanguage\":\"fr-FR\",\"potentialAction\":[{\"@type\":\"ReadAction\",\"target\":[\"https:\/\/www.africa-press.net\/gabon\/culture-et-art\/il-nexiste-pas-de-politique-nationale-du-livre-et-de-la-lecture-au-gabon-udeg\"]}]},{\"@type\":\"ImageObject\",\"inLanguage\":\"fr-FR\",\"@id\":\"https:\/\/www.africa-press.net\/gabon\/culture-et-art\/il-nexiste-pas-de-politique-nationale-du-livre-et-de-la-lecture-au-gabon-udeg#primaryimage\",\"url\":\"https:\/\/static.africa-press.net\/gabon\/sites\/54\/2022\/11\/postQueueImg_1669818954.50.jpg\",\"contentUrl\":\"https:\/\/static.africa-press.net\/gabon\/sites\/54\/2022\/11\/postQueueImg_1669818954.50.jpg\",\"width\":887,\"height\":658,\"caption\":\"\u00abIl n\u2019existe pas de politique nationale du livre et de la lecture au Gabon\u00a0\u00bb (UDEG)\"},{\"@type\":\"BreadcrumbList\",\"@id\":\"https:\/\/www.africa-press.net\/gabon\/culture-et-art\/il-nexiste-pas-de-politique-nationale-du-livre-et-de-la-lecture-au-gabon-udeg#breadcrumb\",\"itemListElement\":[{\"@type\":\"ListItem\",\"position\":1,\"name\":\"Accueil\",\"item\":\"https:\/\/www.africa-press.net\/gabon\/\"},{\"@type\":\"ListItem\",\"position\":2,\"name\":\"\u00abIl n\u2019existe pas de politique nationale du livre et de la lecture au Gabon\u00a0\u00bb (UDEG)\"}]},{\"@type\":\"WebSite\",\"@id\":\"https:\/\/www.africa-press.net\/gabon\/#website\",\"url\":\"https:\/\/www.africa-press.net\/gabon\/\",\"name\":\"Gabon\",\"description\":\"Just another Africa News Agency Sites site\",\"potentialAction\":[{\"@type\":\"SearchAction\",\"target\":{\"@type\":\"EntryPoint\",\"urlTemplate\":\"https:\/\/www.africa-press.net\/gabon\/?s={search_term_string}\"},\"query-input\":{\"@type\":\"PropertyValueSpecification\",\"valueRequired\":true,\"valueName\":\"search_term_string\"}}],\"inLanguage\":\"fr-FR\"},{\"@type\":\"Person\",\"@id\":\"https:\/\/www.africa-press.net\/gabon\/#\/schema\/person\/2b1cf3cd81a31e3cd26889ca66d677f1\",\"name\":\"cfeditorfr\"}]}<\/script>\n<!-- \/ Yoast SEO Premium plugin. -->","yoast_head_json":{"title":"\u00abIl n\u2019existe pas de politique nationale du livre et de la lecture au Gabon\u00a0\u00bb (UDEG) - Gabon","description":"La pre\u0301sidente de l\u2019Union des e\u0301crivains gabonais (UDEG), Pulche\u0301rie Abeme Nkoghe, a, durant la rentre\u0301e litte\u0301raire ...","robots":{"index":"index","follow":"follow","max-snippet":"max-snippet:-1","max-image-preview":"max-image-preview:large","max-video-preview":"max-video-preview:-1"},"canonical":"https:\/\/www.africa-press.net\/gabon\/culture-et-art\/il-nexiste-pas-de-politique-nationale-du-livre-et-de-la-lecture-au-gabon-udeg","og_locale":"fr_FR","og_type":"article","og_title":"\u00abIl n\u2019existe pas de politique nationale du livre et de la lecture au Gabon\u00a0\u00bb (UDEG)","og_description":"La pre\u0301sidente de l\u2019Union des e\u0301crivains gabonais (UDEG), Pulche\u0301rie Abeme Nkoghe, a, durant la rentre\u0301e litte\u0301raire ...","og_url":"https:\/\/www.africa-press.net\/gabon\/culture-et-art\/il-nexiste-pas-de-politique-nationale-du-livre-et-de-la-lecture-au-gabon-udeg","og_site_name":"Gabon","article_published_time":"2022-11-30T18:05:48+00:00","article_modified_time":"2022-11-30T19:19:32+00:00","og_image":[{"width":887,"height":658,"url":"https:\/\/static.africa-press.net\/gabon\/sites\/54\/2022\/11\/postQueueImg_1669818954.50.jpg","type":"image\/jpeg"}],"author":"cfeditorfr","twitter_card":"summary_large_image","twitter_misc":{"\u00c9crit par":"cfeditorfr","Dur\u00e9e de lecture estim\u00e9e":"2 minutes"},"schema":{"@context":"https:\/\/schema.org","@graph":[{"@type":"Article","@id":"https:\/\/www.africa-press.net\/gabon\/culture-et-art\/il-nexiste-pas-de-politique-nationale-du-livre-et-de-la-lecture-au-gabon-udeg#article","isPartOf":{"@id":"https:\/\/www.africa-press.net\/gabon\/culture-et-art\/il-nexiste-pas-de-politique-nationale-du-livre-et-de-la-lecture-au-gabon-udeg"},"author":{"name":"cfeditorfr","@id":"https:\/\/www.africa-press.net\/gabon\/#\/schema\/person\/2b1cf3cd81a31e3cd26889ca66d677f1"},"headline":"\u00abIl n\u2019existe pas de politique nationale du livre et de la lecture au Gabon\u00a0\u00bb (UDEG)","datePublished":"2022-11-30T18:05:48+00:00","dateModified":"2022-11-30T19:19:32+00:00","mainEntityOfPage":{"@id":"https:\/\/www.africa-press.net\/gabon\/culture-et-art\/il-nexiste-pas-de-politique-nationale-du-livre-et-de-la-lecture-au-gabon-udeg"},"wordCount":412,"commentCount":0,"image":{"@id":"https:\/\/www.africa-press.net\/gabon\/culture-et-art\/il-nexiste-pas-de-politique-nationale-du-livre-et-de-la-lecture-au-gabon-udeg#primaryimage"},"thumbnailUrl":"https:\/\/static.africa-press.net\/gabon\/sites\/54\/2022\/11\/postQueueImg_1669818954.50.jpg","keywords":["Africa Press","Africa Press-Gabon","Gabon"],"articleSection":["Culture et Art","Toutes les actualit\u00e9s"],"inLanguage":"fr-FR","potentialAction":[{"@type":"CommentAction","name":"Comment","target":["https:\/\/www.africa-press.net\/gabon\/culture-et-art\/il-nexiste-pas-de-politique-nationale-du-livre-et-de-la-lecture-au-gabon-udeg#respond"]}]},{"@type":"WebPage","@id":"https:\/\/www.africa-press.net\/gabon\/culture-et-art\/il-nexiste-pas-de-politique-nationale-du-livre-et-de-la-lecture-au-gabon-udeg","url":"https:\/\/www.africa-press.net\/gabon\/culture-et-art\/il-nexiste-pas-de-politique-nationale-du-livre-et-de-la-lecture-au-gabon-udeg","name":"\u00abIl n\u2019existe pas de politique nationale du livre et de la lecture au Gabon\u00a0\u00bb (UDEG) - Gabon","isPartOf":{"@id":"https:\/\/www.africa-press.net\/gabon\/#website"},"primaryImageOfPage":{"@id":"https:\/\/www.africa-press.net\/gabon\/culture-et-art\/il-nexiste-pas-de-politique-nationale-du-livre-et-de-la-lecture-au-gabon-udeg#primaryimage"},"image":{"@id":"https:\/\/www.africa-press.net\/gabon\/culture-et-art\/il-nexiste-pas-de-politique-nationale-du-livre-et-de-la-lecture-au-gabon-udeg#primaryimage"},"thumbnailUrl":"https:\/\/static.africa-press.net\/gabon\/sites\/54\/2022\/11\/postQueueImg_1669818954.50.jpg","datePublished":"2022-11-30T18:05:48+00:00","dateModified":"2022-11-30T19:19:32+00:00","author":{"@id":"https:\/\/www.africa-press.net\/gabon\/#\/schema\/person\/2b1cf3cd81a31e3cd26889ca66d677f1"},"description":"La pre\u0301sidente de l\u2019Union des e\u0301crivains gabonais (UDEG), Pulche\u0301rie Abeme Nkoghe, a, durant la rentre\u0301e litte\u0301raire ...","breadcrumb":{"@id":"https:\/\/www.africa-press.net\/gabon\/culture-et-art\/il-nexiste-pas-de-politique-nationale-du-livre-et-de-la-lecture-au-gabon-udeg#breadcrumb"},"inLanguage":"fr-FR","potentialAction":[{"@type":"ReadAction","target":["https:\/\/www.africa-press.net\/gabon\/culture-et-art\/il-nexiste-pas-de-politique-nationale-du-livre-et-de-la-lecture-au-gabon-udeg"]}]},{"@type":"ImageObject","inLanguage":"fr-FR","@id":"https:\/\/www.africa-press.net\/gabon\/culture-et-art\/il-nexiste-pas-de-politique-nationale-du-livre-et-de-la-lecture-au-gabon-udeg#primaryimage","url":"https:\/\/static.africa-press.net\/gabon\/sites\/54\/2022\/11\/postQueueImg_1669818954.50.jpg","contentUrl":"https:\/\/static.africa-press.net\/gabon\/sites\/54\/2022\/11\/postQueueImg_1669818954.50.jpg","width":887,"height":658,"caption":"\u00abIl n\u2019existe pas de politique nationale du livre et de la lecture au Gabon\u00a0\u00bb (UDEG)"},{"@type":"BreadcrumbList","@id":"https:\/\/www.africa-press.net\/gabon\/culture-et-art\/il-nexiste-pas-de-politique-nationale-du-livre-et-de-la-lecture-au-gabon-udeg#breadcrumb","itemListElement":[{"@type":"ListItem","position":1,"name":"Accueil","item":"https:\/\/www.africa-press.net\/gabon\/"},{"@type":"ListItem","position":2,"name":"\u00abIl n\u2019existe pas de politique nationale du livre et de la lecture au Gabon\u00a0\u00bb (UDEG)"}]},{"@type":"WebSite","@id":"https:\/\/www.africa-press.net\/gabon\/#website","url":"https:\/\/www.africa-press.net\/gabon\/","name":"Gabon","description":"Just another Africa News Agency Sites site","potentialAction":[{"@type":"SearchAction","target":{"@type":"EntryPoint","urlTemplate":"https:\/\/www.africa-press.net\/gabon\/?s={search_term_string}"},"query-input":{"@type":"PropertyValueSpecification","valueRequired":true,"valueName":"search_term_string"}}],"inLanguage":"fr-FR"},{"@type":"Person","@id":"https:\/\/www.africa-press.net\/gabon\/#\/schema\/person\/2b1cf3cd81a31e3cd26889ca66d677f1","name":"cfeditorfr"}]}},"_links":{"self":[{"href":"https:\/\/www.africa-press.net\/gabon\/wp-json\/wp\/v2\/posts\/13371","targetHints":{"allow":["GET"]}}],"collection":[{"href":"https:\/\/www.africa-press.net\/gabon\/wp-json\/wp\/v2\/posts"}],"about":[{"href":"https:\/\/www.africa-press.net\/gabon\/wp-json\/wp\/v2\/types\/post"}],"author":[{"embeddable":true,"href":"https:\/\/www.africa-press.net\/gabon\/wp-json\/wp\/v2\/users\/82"}],"replies":[{"embeddable":true,"href":"https:\/\/www.africa-press.net\/gabon\/wp-json\/wp\/v2\/comments?post=13371"}],"version-history":[{"count":0,"href":"https:\/\/www.africa-press.net\/gabon\/wp-json\/wp\/v2\/posts\/13371\/revisions"}],"wp:featuredmedia":[{"embeddable":true,"href":"https:\/\/www.africa-press.net\/gabon\/wp-json\/wp\/v2\/media\/13370"}],"wp:attachment":[{"href":"https:\/\/www.africa-press.net\/gabon\/wp-json\/wp\/v2\/media?parent=13371"}],"wp:term":[{"taxonomy":"category","embeddable":true,"href":"https:\/\/www.africa-press.net\/gabon\/wp-json\/wp\/v2\/categories?post=13371"},{"taxonomy":"post_tag","embeddable":true,"href":"https:\/\/www.africa-press.net\/gabon\/wp-json\/wp\/v2\/tags?post=13371"}],"curies":[{"name":"wp","href":"https:\/\/api.w.org\/{rel}","templated":true}]}}