{"id":13374,"date":"2022-11-30T18:05:58","date_gmt":"2022-11-30T18:05:58","guid":{"rendered":"https:\/\/www.africa-press.net\/gabon\/politique\/laffaire-du-detenu-victime-torture-par-deux-penitenciers-a-la-prison-centrale-de-libreville"},"modified":"2022-11-30T19:20:23","modified_gmt":"2022-11-30T19:20:23","slug":"laffaire-du-detenu-victime-torture-par-deux-penitenciers-a-la-prison-centrale-de-libreville","status":"publish","type":"post","link":"https:\/\/www.africa-press.net\/gabon\/toutes-les-actualites\/laffaire-du-detenu-victime-torture-par-deux-penitenciers-a-la-prison-centrale-de-libreville","title":{"rendered":"L\u2019Affaire du d\u00e9tenu victime tortur\u00e9\u00a0 par deux p\u00e9nitenciers \u00e0 la prison centrale de Libreville"},"content":{"rendered":"<p><span style=\"color: #ff6600\"><strong>Africa-Press &#8211; Gabon. <\/strong><\/span><b>SOS Prisonnier Gabon, livre l\u2019e\u0301conomie du compte rendu proce\u0300s \u00ab sans doute historique et ine\u0301dit \u00bb d\u2019un de\u0301tenu victime de torture exerce\u0301e par deux pe\u0301nitenciers a\u0300 prison centrale de Libreville. Lecture.<\/b><\/p>\n<p>\u00ab Affaire du prisonnier victime de violences physiques : Compte-rendu d\u2019audience du prisonnier Nguindjoi Obame Thomas contre le caporal chef Nzamba Moanda Yvon et le Sergent Chef Major Bougondji Nicolas Freddy, poursuivis pour Coups et Blessures Volontaires et vol.<\/p>\n<p>Ce lundi 28 novembre 2022, s\u2019est tenu au Palais de Justice de Libreville, un proce\u0300s sans doute historique et ine\u0301dit pour tous les de\u0301fenseurs des droits humains, car deux agents de la Se\u0301curite\u0301 Pe\u0301nitentiaire sont juge\u0301s pour avoir porte\u0301 atteinte a\u0300 l\u2019inte\u0301grite\u0301 physique d\u2019un prisonnier.<\/p>\n<p>C\u2019est donc un signal tre\u0300s fort lance\u0301 a\u0300 l\u2019endroit des tortionnaires et leurs instigateurs tapis dans l\u2019ombre, PLUS RIEN NE SERA COMME AVANT.<\/p>\n<p>SOS Prisonniers GABON (SPG) vous livre le compte rendu de l\u2019Audience Correctionnelle de Flagrant de\u0301lit opposant le de\u0301tenu Nguindjoi Obame Thomas contre deux agents de la se\u0301curite\u0301 pe\u0301nitentiaire, Bougondji Nicolas Freddy et Nzamba Moanda Yvon.<\/p>\n<p>De\u0300s l\u2019appel du ro\u0302le a\u0300 11h45 , L\u2019avocate Eyue Bekale\u0301 Gise\u0300le, Docteur en Droit Pe\u0301nal, s\u2019est constitue\u0301e pour les inte\u0301re\u0302ts de la partie civile, c\u2019est-a\u0300-dire du prisonnier Nguindjoi Obame Thomas. Puis elle a sollicite\u0301 un renvoi pour prendre connaissance du dossier et mieux assurer la de\u0301fense de son client.<\/p>\n<p>Mais la Pre\u0301sidente du Tribunal de ce\u0301ans explique a\u0300 l\u2019avocate que toutes les parties (le plaignant et les pre\u0301venus) sont pre\u0301sentes et que nous sommes en matie\u0300re de flagrance, qu\u2019il faut respecter les de\u0301lais conforme\u0301ment a\u0300 la loi. Et qu\u2019elle ne trouve pas ne\u0301cessaire de renvoyer ladite affaire.<\/p>\n<p>Me Eyue re\u0301plique en disant au Tribunal que \u00ab l\u2019affaire vient pour la premie\u0300re fois et que me\u0302me si on renvoie a\u0300 la prochaine audience de flagrant de\u0301lit, le Tribunal sera toujours dans les de\u0301lais&#8230; \u00bb<\/p>\n<p>La Procureure repre\u0301sentant le Ministe\u0300re Public va re\u0301agir en disant que les 2 pre\u0301venus sont en liberte\u0301 provisoire et qu\u2019ils sont pre\u0301sents a\u0300 l\u2019audience. Si l\u2019affaire est renvoye\u0301e, rien ne garantit la pre\u0301sence des pre\u0301venus.<\/p>\n<p>La Pre\u0301sidente de\u0301cide alors de retenir le dossier malgre\u0301 la demande de renvoi de la partie civile.<\/p>\n<p>D\u2019autres affaires inscrites au ro\u0302le sont donc appele\u0301es. Pendant ce temps, Me Eyue rec\u0327oit le dossier se\u0301ance tenante et commence a\u0300 le lire.<\/p>\n<p>A\u0300 13h08, les parties sont appele\u0301es a\u0300 la barre afin que le Tribunal Correctionnel commence enfin l\u2019examen de l\u2019affaire.<\/p>\n<p>Mais avant l\u2019instruction a\u0300 la barre, Me Zassi Mikala Davy Hermann, un jeune avocat pe\u0301tri de talent, va e\u0301galement se constituer au co\u0302te\u0301 de son ai\u0302ne\u0301e cons\u0153ur Me Eyue pour la de\u0301fense de Nguindjoi Obame Thomas.<\/p>\n<p>Le Tribunal donne la parole au plaignant pour donner sa version des faits.<\/p>\n<p>Selon la version de Nguindjoi Thomas, tout a commence\u0301 le mardi 8 novembre 2022, vers 13h alors qu\u2019il e\u0301tait dans son quartier en Pre\u0301vention A. Il en a e\u0301te\u0301 extrait avec un autre de\u0301tenu du nom d\u2019Armand Nzengue, sous pre\u0301texte qu\u2019ils ont dissimule\u0301 des te\u0301le\u0301phones portables.<\/p>\n<p>C\u2019est ainsi que le cauchemar de Thomas a commence\u0301.<\/p>\n<p>Il a e\u0301te\u0301 menotte\u0301 par le dos, suivi d\u2019une fouille. Selon Thomas, les 65.000 Fcfa qu\u2019il avait dans sa poche ont e\u0301te\u0301 de\u0301robe\u0301s par les agents. Puis, il a e\u0301te\u0301 conduit au couloir du parloir.<\/p>\n<p>Il va alors e\u0302tre passe\u0301 a\u0300 tabac par les deux agents, a\u0300 coups de ca\u0302bles e\u0301lectriques, ceinturons. Il est mis au sol. Coups de rangers a\u0300 la te\u0302te, au cou, au dos. Son corps se transforme en un sac d\u2019entrai\u0302nement de boxeurs.<\/p>\n<p>Thomas ajoute que, pendant que son co-de\u0301tenu Armand Nzengue et lui e\u0301taient en train de subir ces violences, il a interpelle\u0301 un lieutenant en disant \u00ab mon lieutenant, comment vous pouvez voir comment vos subalternes nous torturent sans intervenir ? \u00bb<\/p>\n<p>Mais le lieutenant n\u2019avait que ses yeux pour regarder il n\u2019a me\u0302me pas bouge\u0301 son petit doigt.<\/p>\n<p>Thomas Nguindjoi poursuit son re\u0301cit en disant que c\u2019est quelques heures apre\u0300s que le surveillant ge\u0301ne\u0301ral adjoint, le lieutenant Mbanga, est arrive\u0301 et il a demande\u0301 aux de\u0301tenus de restituer les te\u0301le\u0301phones. Mais Thomas a explique\u0301 au surveillant ge\u0301ne\u0301ral qu\u2019il avait un te\u0301le\u0301phone \u00bb allo allo \u00bb et qu\u2019il a remis ce te\u0301le\u0301phone depuis plusieurs mois a\u0300 son fre\u0300re, et il a me\u0302me donne\u0301 le nume\u0301ro de te\u0301le\u0301phone pour que les agents puissent te\u0301le\u0301phoner a\u0300 son fre\u0300re. C\u2019est ainsi que le surveillant ge\u0301ne\u0301ral adjoint Mbanga va demander aux agents d\u2019arre\u0302ter de frapper les de\u0301tenus.<\/p>\n<p>Thomas Nguindjoi a donc e\u0301te\u0301 reconduit dans son quartier.<\/p>\n<p>Le Tribunal pose la question a\u0300 Thomas: \u00ab mais qu\u2019est-ce qui s\u2019est passe\u0301 mercredi 9 novembre ? \u00bb<\/p>\n<p>Thomas reprend la parole en relatant que mercredi 9 novembre vers 6h30, il a e\u0301te\u0301 surpris en e\u0301tant extrait encore de son quartier pour la me\u0302me affaire, alors qu\u2019il pensait que c\u2019e\u0301tait de\u0301ja\u0300 finie.<\/p>\n<p>Les me\u0302mes agents, Bougondji Nicolas et Nzamba Moanda sont revenus a\u0300 la charge, \u00ab Donnes-nous le te\u0301le\u0301phone que tu caches sinon tu vas encore subir \u00bb Mais Thomas re\u0301plique : \u00ab je n\u2019ai pas de te\u0301le\u0301phone laissez-moi tranquille ! \u00bb<\/p>\n<p>Puis s\u2019enchai\u0302ne \u00ab un deal. \u00bb Tu veux qu\u2019on te laisse, tu nous donnes quoi ? \u00bb<\/p>\n<p>Thomas propose alors 50.000 fcfa qu\u2019il va demander en aide a\u0300 un co-de\u0301tenu. Mais les deux agents diront qu\u2019ils veulent 100.000 fcfa et non 50.000 fcfa. Un autre de\u0301tenu est donc appele\u0301. Thomas lui demande un pre\u0302t de 100.000fcfa pour donner aux agents. Mais le co-de\u0301tenu dit \u00ab qu\u2019il est bad. \u00bb<\/p>\n<p>Une voisine murmure a\u0300 l\u2019oreille de SPG : \u00ab Koh les prisonniers ont l\u2019argent, donc le gars qui avait fait la vide\u0301o pour parler du trafic en de\u0301tention d\u2019un ancien prisonnier avait raison ! \u00bb<\/p>\n<p>SPG est concentre\u0301 sur le re\u0301cit de Thomas. Il ajoute que c\u2019est ainsi que les deux agents ont continue\u0301 a\u0300 le torturer comme a\u0300 la veille, toujours menotte\u0301 par le dos, il subit une violence inoui\u0308e.<\/p>\n<p>Nguindjoi Obame Thomas rappelle e\u0301galement au tribunal qu\u2019il est incarce\u0301re\u0301 a\u0300 la prison centrale de Libreville parce qu\u2019il purge une peine de 30 ans de prison ferme, Il n\u2019avait que 25 ans lors de sa condamnation. il a de\u0301ja\u0300 fait 18 ans de prison sans sanction disciplinaire , raison pour laquelle il a be\u0301ne\u0301ficie\u0301 d\u2019une remise de peine de 3 ans . Qu\u2019il a toujours e\u0301te\u0301 un prisonnier exemplaire.<\/p>\n<p>Sous les coups de la torture, Thomas dit alors aux deux agents : \u00ab j\u2019ai le te\u0301le\u0301phone dans mon bloc, allons-y je vais vous montrer. \u00bb Mais une fois au bloc de Thomas, les agents vont encore fouiller, aucun te\u0301le\u0301phone n\u2019est trouve\u0301.<\/p>\n<p>Pris de cole\u0300re, les agents de\u0301cident de ramener Thomas a\u0300 \u00ab l\u2019abattoir. \u00bb<\/p>\n<p>\u00ab Par instinct de survie, je me suis mis a\u0300 courir vers la maison du Directeur, mais un agent m\u2019a mis un balayage, je suis tombe\u0301 les menottes se sont me\u0302mes brise\u0301es. \u00bb Et, l\u2019agent a dit \u00ab On va dire que tu as tente\u0301 de t\u2019e\u0301vader. \u00bb Tout ceci s\u2019est passe\u0301 en pre\u0301sence de plusieurs agents et des de\u0301tenus qui avaient de\u0301ja\u0300 commence\u0301 la corve\u0301e.<\/p>\n<p>Quelques temps apre\u0300s, Thomas a e\u0301te\u0301 reconduit dans son quartier. Mais quand le Directeur de la prison est arrive\u0301 Thomas a e\u0301te\u0301 encore extrait. \u00bb Quand le Directeur m\u2019a vu, il a e\u0301te\u0301 choque\u0301. J\u2019avais le sang partout. Il m\u2019a pris en photo et il a suspendu les deux agents se\u0301ance tenante, \u00bb conclut Nguindjoi Obame Thomas.<\/p>\n<p>Le Tribunal pose la question a\u0300 Thomas : \u00ab ou\u0300 avez-vous eu cet argent ? \u00bb Thomas explique que les 65.000 fcfa sont issus des frais de son travail en de\u0301tention, qu\u2019il fait dans la restauration.<\/p>\n<p>La parole est donne\u0301e aux pre\u0301venus.<\/p>\n<p>Le Caporal Chef Nzamba Moanda n\u2019est pas audible, personne n\u2019arrive a\u0300 e\u0301couter ce qu\u2019il dit.<\/p>\n<p>La Pre\u0301sidente du Tribunal \u00ab Parlez a\u0300 haute voix, la greffie\u0300re prend des notes. \u00bb<\/p>\n<p>Mais elle continue en s\u2019interrogeant : \u00ab qu\u2019elle est la raison qui peut pousser a\u0300 agir ainsi, comment peut-on e\u0302tre autant violent ? \u00bb<\/p>\n<p>Quelques temps apre\u0300s le de\u0301but de l\u2019audience, Me Abena est venu se constituer au compte des deux agents.<\/p>\n<p>Le Caporal Chef Nzamba reprend la parole en disant qu\u2019il avait e\u0301te\u0301 informe\u0301 que plusieurs de\u0301tenus posse\u0300dent des te\u0301le\u0301phones portables en de\u0301tention A. Le nom de Thomas a e\u0301te\u0301 cite\u0301, parmi les de\u0301tenteurs.<\/p>\n<p>Mais quand on a demande\u0301 a\u0300 Thomas le te\u0301le\u0301phone portable, il a commence\u0301 a\u0300 dire qu\u2019il n\u2019a pas de te\u0301le\u0301phone et que c\u2019est un ancien prisonnier. Puis le lieutenant Mbanga est venu dire a\u0300 Thomas de restituer le te\u0301le\u0301phone. Mais il a dit qu\u2019il n\u2019a pas de te\u0301le\u0301phone. Mais comme il se faisait de\u0301ja\u0300 tard, le lieutenant Mbanga nous a demande\u0301 de le laisser et de le reprendre le lendemain matin, parce qu\u2019il ne dit pas la ve\u0301rite\u0301, c\u2019est un vieux prisonnier.<\/p>\n<p>Mais la Pre\u0301sidente, demande au Caporal chef de venir directement aux faits de violences.<\/p>\n<p>\u00ab Qu\u2019est-ce que vous avez fait a\u0300 Thomas, je veux les de\u0301tails, vous l\u2019avez frappe\u0301 avec quoi ? \u00bb<\/p>\n<p>Nzamba re\u0301pond en disant \u00ab j\u2019avais un ceinturon sur moi, j\u2019ai enleve\u0301 puis je l\u2019ai frappe\u0301 avec. \u00bb<\/p>\n<p>Il n\u2019en fallait pas moins. La Pre\u0301sidente du Tribunal tape les mains sur table : \u00ab Vous auriez pu le tuer ! \u00bb<\/p>\n<p>Elle poursuit \u00ab a\u0300 cause d\u2019un te\u0301le\u0301phone que vous allez de\u0301chirer la peau d\u2019un de\u0301tenu? Combien de prisonniers ont des te\u0301le\u0301phones portables cache\u0301s sans que vous n\u2019agissiez ? Pourquoi vous e\u0302tes pris seulement a\u0300 Thomas ? \u00bb<\/p>\n<p>Elle ajoute que \u00ab si vous e\u0302tes assez fort pourquoi vous n\u2019allez pas vous inscrire a\u0300 la ligue de boxe ? \u00bb<\/p>\n<p>Une jeune fille souffle a\u0300 l\u2019oreille de SPG \u00ab ils vont aller affronter Taylor Mabika ! \u00bb<\/p>\n<p>La Pre\u0301sidente fe\u0301licite e\u0301galement la hie\u0301rarchie de la se\u0301curite\u0301 pe\u0301nitentiaire d\u2019avoir transmis le dossier au Parquet de la Re\u0301publique.<\/p>\n<p>Le Sergent Chef Major Bougondji Nicolas Freddy est appele\u0301 pour donner sa version des faits.<\/p>\n<p>Comme s\u2019il avait un chat au travers de la gorge, personne n\u2019arrive a\u0300 l\u2019e\u0301couter.<\/p>\n<p>La Pre\u0301sidente l\u2019invite e\u0301galement a\u0300 parler a\u0300 haute voix.<\/p>\n<p>Il hausse un peu le ton et commence a\u0300 expliquer que c\u2019est un prisonnier, notamment le chef de quartier de la Pre\u0301vention A, qui a confirme\u0301 que Thomas avait un te\u0301le\u0301phone. Aussito\u0302t, la Pre\u0301sidente va l\u2019interrompre en lui disant de venir directement aux faits de violences.<\/p>\n<p>L\u2019agent dira qu\u2019il reconnai\u0302t que c\u2019est lui qui a menotte\u0301 Thomas.<\/p>\n<p>Puis le Tribunal pose la question de savoir \u00ab avec quoi avez vous frappe\u0301 Thomas ? \u00bb<\/p>\n<p>Re\u0301ponse: \u00ab ceinturons et tuyaux. \u00bb<\/p>\n<p>La Pre\u0301sidente re\u0301plique : \u00ab c\u0327a c\u2019est de la torture, la barbarie c\u2019est tre\u0300s grave. \u00bb<\/p>\n<p>Vous e\u0302tes a\u0300 la se\u0301curite\u0301 pe\u0301nitentiaire pour assurer la se\u0301curite\u0301 des de\u0301tenus.<\/p>\n<p>Question du Tribunal : Qui a pris les 65.000 mille ?<\/p>\n<p>Thomas re\u0301pond en disant que c\u2019est Bougondji Nicolas qui a pris l\u2019argent dans sa poche.<\/p>\n<p>Me Zassi Mikala Davy, l\u2019un des avocats de la partie civile, pose la question aux pre\u0301venus : \u00ab savez-vous ce que le re\u0300glement inte\u0301rieur de la prison pre\u0301voit quand un de\u0301tenu se comporte mal ? \u00bb Les deux disent qu\u2019ils ne savent pas. Cependant, ils reconnaissent que c\u2019est interdit de prendre l\u2019argent des de\u0301tenus et de les frapper.<\/p>\n<p>Le Ministe\u0300re Public, n\u2019ayant pas de question, place aux plaidoiries.<\/p>\n<p>Me Zassi Mikala Davy Hermann commence a\u0300 rappeler au Tribunal qu\u2019il s\u2019agit de faits graves qui sont juge\u0301s. Il s\u2019agit des agents publics de la se\u0301curite\u0301 pe\u0301nitentiaire, et qu\u2019il a e\u0301te\u0301 surpris de constater que les agents de la se\u0301curite\u0301 pe\u0301nitentiaire ne connaissent pas le re\u0300glement inte\u0301rieur. Il poursuit en disant que me\u0302me si on est prisonnier, on a toujours des droits. Les agents de la se\u0301curite\u0301 pe\u0301nitentiaire n\u2019ont pas pour ro\u0302le de frapper sur les de\u0301tenus.<\/p>\n<p>\u00ab Mon client a subi des actes ignobles, \u00bb marte\u0300le l\u2019avocat.<\/p>\n<p>Il invite e\u0301galement les pouvoirs publics a\u0300 re\u0301former le syste\u0300me de prison au Gabon. Selon l\u2019avocat, les mauvaises conditions des prisons ne sont pas propices a\u0300 y travailler. Il reconnai\u0302t e\u0301galement que ce n\u2019est pas le proce\u0300s de la se\u0301curite\u0301 pe\u0301nitentiaire qui est en train d\u2019e\u0302tre fait et que parmi les agents, certains font convenablement leur travail.<\/p>\n<p>Sur la constitution de partie civile, l\u2019avocat sollicite le remboursement de la somme de 65.000fcfa et les dommages inte\u0301re\u0302ts de 1.000.000 fcfa.<\/p>\n<p>Quant a\u0300 Me Eyue Bekale\u0301 Gise\u0300le : \u00bb j\u2019assiste mon client qui a saisi le Tribunal pour les traitements inhumains et de\u0301gradants qu\u2019il a subis. Je loue le courage de mon client qui a eu le courage de de\u0301noncer ce qu\u2019il a subi. \u00bb C\u2019est ainsi qu\u2019elle a commence\u0301 sa plaidoirie.<\/p>\n<p>Elle poursuit en disant : \u00bb Moi-me\u0302me j\u2019ai de\u0301ja\u0300 assiste\u0301 a\u0300 comment les agents de la Se\u0301curite\u0301 Pe\u0301nitentiaire frappent les de\u0301tenus, je suis me\u0302me intervenue a\u0300 plusieurs reprises. Je parle sous le serment que j\u2019ai pre\u0302te\u0301, \u00bb marte\u0300le Me Eyue.<\/p>\n<p>Elle continue : \u00ab Pourquoi autant de violences pour un te\u0301le\u0301phone portable ? Pourquoi autant de haine et de me\u0301chancete\u0301 ? Nous savons tous que ce sont les agents de la se\u0301curite\u0301 pe\u0301nitentiaire qui donnent les te\u0301le\u0301phones aux prisonniers. \u00bb<\/p>\n<p>Pendant ce temps, les autres prisonniers assis au banc des accuse\u0301s, bougent la te\u0302te comme une fac\u0327on d\u2019acquiescer les propos de l\u2019avocate.<\/p>\n<p>L\u2019avocate rappelle au tribunal que le Gabon a ratifie\u0301 la Convention des Nations Unies contre la torture et autres peines ou traitements cruels, inhumains ou de\u0301gradants (UNCAT). A\u0300 ce titre, on doit respecter les droits humains, sinon notre pays sera encore indexe\u0301 a\u0300 l\u2019international.<\/p>\n<p>\u00ab Madame la Pre\u0301sidente, on ne peut pas laisser passer c\u0327a. Quand on regarde les photos nous avons l\u2019impression qu\u2019il a e\u0301te\u0301 de\u0301coupe\u0301 avec un couteau. \u00bb<\/p>\n<p>Me Eyue conclut en disant \u00ab j\u2019ai accepte\u0301 de plaider ce dossier parce que je suis contre les personnes qui profitent de leur statut social pour faire du mal aux autres. J\u2019interpelle donc le Ministe\u0300re Public afin de rendre un re\u0301quisitoire exemplaire. Mon client a subi des graves pre\u0301judices, il aurait me\u0302me laisse\u0301 sa vie. \u00bb<\/p>\n<p>Les re\u0301quisitions du Ministe\u0300re Public.<\/p>\n<p>\u00ab Le Ministe\u0300re Public est choque\u0301 du comportement de ces agents qui sont sense\u0301s repre\u0301senter la loi, \u00bb affirme la magistrate repre\u0301sentant le Procureur de la Re\u0301publique.<\/p>\n<p>Le Parquet de la Re\u0301publique ajoute que me\u0302me si on est prive\u0301 de liberte\u0301, il n\u2019en demeure pas moins que nous avons des droits. Un certificat me\u0301dical et des photos ont e\u0301te\u0301 verse\u0301s au dossier.<\/p>\n<p>Toutefois, le Ministe\u0300re Public va reconnai\u0302tre que parfois ce sont les mauvaises conditions de travail, telles que la surpopulation carce\u0301rale et le comportement des de\u0301tenus, qui exce\u0301dent parfois les agents. Mais cela n\u2019a pas une raison d\u2019e\u0302tre violent a\u0300 l\u2019e\u0301gard des prisonniers. \u00ab C\u2019est inadmissible que les agents torturent les de\u0301tenus, \u00bb pre\u0301cise le Ministe\u0300re Public.<\/p>\n<p>Le Ministe\u0300re Public a e\u0301galement dit au Tribunal qu\u2019il faut construire des nouvelles prisons et ame\u0301liorer les conditions de de\u0301tention des prisonniers.<\/p>\n<p>Le Ministe\u0300re Public n\u2019a pas formule\u0301 une proposition de peine, il a dit s\u2019en remettre \u00ab a\u0300 la sagesse du Tribunal \u00bb pour rendre la de\u0301cision.<\/p>\n<p>Plaidoirie de la de\u0301fense.<\/p>\n<p>Me Abena, qui sera tre\u0300s bref, va dire au Tribunal de ne pas retenir le motif de vol, Pour lui, cette infraction n\u2019est pas constitue\u0301e. Car, selon l\u2019avocat des pre\u0301venus, Nguindjoi Obame Thomas ne peut pas avoir une somme de 65.000 Fcfa en de\u0301tention parce qu\u2019il y a la fouille re\u0301gulie\u0300rement des agents.<\/p>\n<p>Sur les violences, l\u2019avocat a demande\u0301 au Tribunal de suivre le Parquet qui a reconnu que les conditions de travail des agents peuvent les amener a\u0300 e\u0302tre exce\u0301de\u0301s, et qu\u2019il y a lieu que la de\u0301cision du tribunal soit marque\u0301e du sceau de la sagesse comme a dit le Parquet de la Re\u0301publique.<\/p>\n<p>La Pre\u0301sidente du Tribunal de ce\u0301ans, a encore donne\u0301 la parole aux deux agents avant la fin de l\u2019audience. Les deux agents ont donc fait amende honorable en demandant pardon au de\u0301tenu Nguindjoi Obame Thomas.<\/p>\n<p>L\u2019affaire a donc e\u0301te\u0301 mise en de\u0301libe\u0301re\u0301 pour le 19 de\u0301cembre 2022.<\/p>\n<p>SOS Prisonniers Gabon pour l\u2019Inde\u0301pendance de la Justice<\/p>\n<p>HUMANISONS LES PRISONS \u00bb.<\/p>\n<p><strong>Pour plus d&rsquo;informations et d&rsquo;analyses sur la <a href=\"https:\/\/www.africa-press.net\/gabon\">Gabon<\/a>, suivez <a href=\"https:\/\/www.africa-press.net\/\">Africa-Press<\/a><\/strong><\/p>\n","protected":false},"excerpt":{"rendered":"<p>Africa-Press &#8211; Gabon. SOS Prisonnier Gabon, livre l\u2019e\u0301conomie du compte rendu proce\u0300s \u00ab sans doute historique et ine\u0301dit \u00bb d\u2019un de\u0301tenu victime de torture exerce\u0301e par deux pe\u0301nitenciers a\u0300 prison centrale de Libreville. Lecture. \u00ab Affaire du prisonnier victime de violences physiques : Compte-rendu d\u2019audience du prisonnier Nguindjoi Obame Thomas contre le caporal chef Nzamba [&hellip;]<\/p>\n","protected":false},"author":82,"featured_media":13373,"comment_status":"open","ping_status":"closed","sticky":false,"template":"","format":"standard","meta":{"footnotes":""},"categories":[21,10],"tags":[36,50,49],"class_list":["post-13374","post","type-post","status-publish","format-standard","has-post-thumbnail","hentry","category-communaute","category-toutes-les-actualites","tag-africa-press","tag-africa-press-gabon","tag-gabon"],"yoast_head":"<!-- This site is optimized with the Yoast SEO Premium plugin v26.1 (Yoast SEO v27.0) - https:\/\/yoast.com\/product\/yoast-seo-premium-wordpress\/ -->\n<title>L\u2019Affaire du d\u00e9tenu victime tortur\u00e9\u00a0 par deux p\u00e9nitenciers \u00e0 la prison centrale de Libreville - Gabon<\/title>\n<meta name=\"description\" content=\"SOS Prisonnier Gabon, livre l\u2019e\u0301conomie du compte rendu proce\u0300s \u00ab sans doute historique et ine\u0301dit \u00bb d\u2019un de\u0301tenu vic ...\" \/>\n<meta name=\"robots\" content=\"index, follow, max-snippet:-1, max-image-preview:large, max-video-preview:-1\" \/>\n<link rel=\"canonical\" href=\"https:\/\/www.africa-press.net\/gabon\/toutes-les-actualites\/laffaire-du-detenu-victime-torture-par-deux-penitenciers-a-la-prison-centrale-de-libreville\" \/>\n<meta property=\"og:locale\" content=\"fr_FR\" \/>\n<meta property=\"og:type\" content=\"article\" \/>\n<meta property=\"og:title\" content=\"L\u2019Affaire du d\u00e9tenu victime tortur\u00e9\u00a0 par deux p\u00e9nitenciers \u00e0 la prison centrale de Libreville\" \/>\n<meta property=\"og:description\" content=\"SOS Prisonnier Gabon, livre l\u2019e\u0301conomie du compte rendu proce\u0300s \u00ab sans doute historique et ine\u0301dit \u00bb d\u2019un de\u0301tenu vic ...\" \/>\n<meta property=\"og:url\" content=\"https:\/\/www.africa-press.net\/gabon\/toutes-les-actualites\/laffaire-du-detenu-victime-torture-par-deux-penitenciers-a-la-prison-centrale-de-libreville\" \/>\n<meta property=\"og:site_name\" content=\"Gabon\" \/>\n<meta property=\"article:published_time\" content=\"2022-11-30T18:05:58+00:00\" \/>\n<meta property=\"article:modified_time\" content=\"2022-11-30T19:20:23+00:00\" \/>\n<meta property=\"og:image\" content=\"https:\/\/static.africa-press.net\/gabon\/sites\/54\/2022\/11\/postQueueImg_1669818969.29.jpg\" \/>\n\t<meta property=\"og:image:width\" content=\"905\" \/>\n\t<meta property=\"og:image:height\" content=\"613\" \/>\n\t<meta property=\"og:image:type\" content=\"image\/jpeg\" \/>\n<meta name=\"author\" content=\"cfeditorfr\" \/>\n<meta name=\"twitter:card\" content=\"summary_large_image\" \/>\n<meta name=\"twitter:label1\" content=\"\u00c9crit par\" \/>\n\t<meta name=\"twitter:data1\" content=\"cfeditorfr\" \/>\n\t<meta name=\"twitter:label2\" content=\"Dur\u00e9e de lecture estim\u00e9e\" \/>\n\t<meta name=\"twitter:data2\" content=\"15 minutes\" \/>\n<script type=\"application\/ld+json\" class=\"yoast-schema-graph\">{\"@context\":\"https:\/\/schema.org\",\"@graph\":[{\"@type\":\"Article\",\"@id\":\"https:\/\/www.africa-press.net\/gabon\/toutes-les-actualites\/laffaire-du-detenu-victime-torture-par-deux-penitenciers-a-la-prison-centrale-de-libreville#article\",\"isPartOf\":{\"@id\":\"https:\/\/www.africa-press.net\/gabon\/toutes-les-actualites\/laffaire-du-detenu-victime-torture-par-deux-penitenciers-a-la-prison-centrale-de-libreville\"},\"author\":{\"name\":\"cfeditorfr\",\"@id\":\"https:\/\/www.africa-press.net\/gabon\/#\/schema\/person\/2b1cf3cd81a31e3cd26889ca66d677f1\"},\"headline\":\"L\u2019Affaire du d\u00e9tenu victime tortur\u00e9\u00a0 par deux p\u00e9nitenciers \u00e0 la prison centrale de Libreville\",\"datePublished\":\"2022-11-30T18:05:58+00:00\",\"dateModified\":\"2022-11-30T19:20:23+00:00\",\"mainEntityOfPage\":{\"@id\":\"https:\/\/www.africa-press.net\/gabon\/toutes-les-actualites\/laffaire-du-detenu-victime-torture-par-deux-penitenciers-a-la-prison-centrale-de-libreville\"},\"wordCount\":3029,\"commentCount\":0,\"image\":{\"@id\":\"https:\/\/www.africa-press.net\/gabon\/toutes-les-actualites\/laffaire-du-detenu-victime-torture-par-deux-penitenciers-a-la-prison-centrale-de-libreville#primaryimage\"},\"thumbnailUrl\":\"https:\/\/static.africa-press.net\/gabon\/sites\/54\/2022\/11\/postQueueImg_1669818969.29.jpg\",\"keywords\":[\"Africa Press\",\"Africa Press-Gabon\",\"Gabon\"],\"articleSection\":[\"Communaut\u00e9\",\"Toutes les actualit\u00e9s\"],\"inLanguage\":\"fr-FR\",\"potentialAction\":[{\"@type\":\"CommentAction\",\"name\":\"Comment\",\"target\":[\"https:\/\/www.africa-press.net\/gabon\/toutes-les-actualites\/laffaire-du-detenu-victime-torture-par-deux-penitenciers-a-la-prison-centrale-de-libreville#respond\"]}]},{\"@type\":\"WebPage\",\"@id\":\"https:\/\/www.africa-press.net\/gabon\/toutes-les-actualites\/laffaire-du-detenu-victime-torture-par-deux-penitenciers-a-la-prison-centrale-de-libreville\",\"url\":\"https:\/\/www.africa-press.net\/gabon\/toutes-les-actualites\/laffaire-du-detenu-victime-torture-par-deux-penitenciers-a-la-prison-centrale-de-libreville\",\"name\":\"L\u2019Affaire du d\u00e9tenu victime tortur\u00e9\u00a0 par deux p\u00e9nitenciers \u00e0 la prison centrale de Libreville - Gabon\",\"isPartOf\":{\"@id\":\"https:\/\/www.africa-press.net\/gabon\/#website\"},\"primaryImageOfPage\":{\"@id\":\"https:\/\/www.africa-press.net\/gabon\/toutes-les-actualites\/laffaire-du-detenu-victime-torture-par-deux-penitenciers-a-la-prison-centrale-de-libreville#primaryimage\"},\"image\":{\"@id\":\"https:\/\/www.africa-press.net\/gabon\/toutes-les-actualites\/laffaire-du-detenu-victime-torture-par-deux-penitenciers-a-la-prison-centrale-de-libreville#primaryimage\"},\"thumbnailUrl\":\"https:\/\/static.africa-press.net\/gabon\/sites\/54\/2022\/11\/postQueueImg_1669818969.29.jpg\",\"datePublished\":\"2022-11-30T18:05:58+00:00\",\"dateModified\":\"2022-11-30T19:20:23+00:00\",\"author\":{\"@id\":\"https:\/\/www.africa-press.net\/gabon\/#\/schema\/person\/2b1cf3cd81a31e3cd26889ca66d677f1\"},\"description\":\"SOS Prisonnier Gabon, livre l\u2019e\u0301conomie du compte rendu proce\u0300s \u00ab sans doute historique et ine\u0301dit \u00bb d\u2019un de\u0301tenu vic ...\",\"breadcrumb\":{\"@id\":\"https:\/\/www.africa-press.net\/gabon\/toutes-les-actualites\/laffaire-du-detenu-victime-torture-par-deux-penitenciers-a-la-prison-centrale-de-libreville#breadcrumb\"},\"inLanguage\":\"fr-FR\",\"potentialAction\":[{\"@type\":\"ReadAction\",\"target\":[\"https:\/\/www.africa-press.net\/gabon\/toutes-les-actualites\/laffaire-du-detenu-victime-torture-par-deux-penitenciers-a-la-prison-centrale-de-libreville\"]}]},{\"@type\":\"ImageObject\",\"inLanguage\":\"fr-FR\",\"@id\":\"https:\/\/www.africa-press.net\/gabon\/toutes-les-actualites\/laffaire-du-detenu-victime-torture-par-deux-penitenciers-a-la-prison-centrale-de-libreville#primaryimage\",\"url\":\"https:\/\/static.africa-press.net\/gabon\/sites\/54\/2022\/11\/postQueueImg_1669818969.29.jpg\",\"contentUrl\":\"https:\/\/static.africa-press.net\/gabon\/sites\/54\/2022\/11\/postQueueImg_1669818969.29.jpg\",\"width\":905,\"height\":613,\"caption\":\"L\u2019Affaire du d\u00e9tenu victime tortur\u00e9\u00a0 par deux p\u00e9nitenciers \u00e0 la prison centrale de Libreville\"},{\"@type\":\"BreadcrumbList\",\"@id\":\"https:\/\/www.africa-press.net\/gabon\/toutes-les-actualites\/laffaire-du-detenu-victime-torture-par-deux-penitenciers-a-la-prison-centrale-de-libreville#breadcrumb\",\"itemListElement\":[{\"@type\":\"ListItem\",\"position\":1,\"name\":\"Accueil\",\"item\":\"https:\/\/www.africa-press.net\/gabon\/\"},{\"@type\":\"ListItem\",\"position\":2,\"name\":\"L\u2019Affaire du d\u00e9tenu victime tortur\u00e9\u00a0 par deux p\u00e9nitenciers \u00e0 la prison centrale de Libreville\"}]},{\"@type\":\"WebSite\",\"@id\":\"https:\/\/www.africa-press.net\/gabon\/#website\",\"url\":\"https:\/\/www.africa-press.net\/gabon\/\",\"name\":\"Gabon\",\"description\":\"Just another Africa News Agency Sites site\",\"potentialAction\":[{\"@type\":\"SearchAction\",\"target\":{\"@type\":\"EntryPoint\",\"urlTemplate\":\"https:\/\/www.africa-press.net\/gabon\/?s={search_term_string}\"},\"query-input\":{\"@type\":\"PropertyValueSpecification\",\"valueRequired\":true,\"valueName\":\"search_term_string\"}}],\"inLanguage\":\"fr-FR\"},{\"@type\":\"Person\",\"@id\":\"https:\/\/www.africa-press.net\/gabon\/#\/schema\/person\/2b1cf3cd81a31e3cd26889ca66d677f1\",\"name\":\"cfeditorfr\"}]}<\/script>\n<!-- \/ Yoast SEO Premium plugin. -->","yoast_head_json":{"title":"L\u2019Affaire du d\u00e9tenu victime tortur\u00e9\u00a0 par deux p\u00e9nitenciers \u00e0 la prison centrale de Libreville - Gabon","description":"SOS Prisonnier Gabon, livre l\u2019e\u0301conomie du compte rendu proce\u0300s \u00ab sans doute historique et ine\u0301dit \u00bb d\u2019un de\u0301tenu vic ...","robots":{"index":"index","follow":"follow","max-snippet":"max-snippet:-1","max-image-preview":"max-image-preview:large","max-video-preview":"max-video-preview:-1"},"canonical":"https:\/\/www.africa-press.net\/gabon\/toutes-les-actualites\/laffaire-du-detenu-victime-torture-par-deux-penitenciers-a-la-prison-centrale-de-libreville","og_locale":"fr_FR","og_type":"article","og_title":"L\u2019Affaire du d\u00e9tenu victime tortur\u00e9\u00a0 par deux p\u00e9nitenciers \u00e0 la prison centrale de Libreville","og_description":"SOS Prisonnier Gabon, livre l\u2019e\u0301conomie du compte rendu proce\u0300s \u00ab sans doute historique et ine\u0301dit \u00bb d\u2019un de\u0301tenu vic ...","og_url":"https:\/\/www.africa-press.net\/gabon\/toutes-les-actualites\/laffaire-du-detenu-victime-torture-par-deux-penitenciers-a-la-prison-centrale-de-libreville","og_site_name":"Gabon","article_published_time":"2022-11-30T18:05:58+00:00","article_modified_time":"2022-11-30T19:20:23+00:00","og_image":[{"width":905,"height":613,"url":"https:\/\/static.africa-press.net\/gabon\/sites\/54\/2022\/11\/postQueueImg_1669818969.29.jpg","type":"image\/jpeg"}],"author":"cfeditorfr","twitter_card":"summary_large_image","twitter_misc":{"\u00c9crit par":"cfeditorfr","Dur\u00e9e de lecture estim\u00e9e":"15 minutes"},"schema":{"@context":"https:\/\/schema.org","@graph":[{"@type":"Article","@id":"https:\/\/www.africa-press.net\/gabon\/toutes-les-actualites\/laffaire-du-detenu-victime-torture-par-deux-penitenciers-a-la-prison-centrale-de-libreville#article","isPartOf":{"@id":"https:\/\/www.africa-press.net\/gabon\/toutes-les-actualites\/laffaire-du-detenu-victime-torture-par-deux-penitenciers-a-la-prison-centrale-de-libreville"},"author":{"name":"cfeditorfr","@id":"https:\/\/www.africa-press.net\/gabon\/#\/schema\/person\/2b1cf3cd81a31e3cd26889ca66d677f1"},"headline":"L\u2019Affaire du d\u00e9tenu victime tortur\u00e9\u00a0 par deux p\u00e9nitenciers \u00e0 la prison centrale de Libreville","datePublished":"2022-11-30T18:05:58+00:00","dateModified":"2022-11-30T19:20:23+00:00","mainEntityOfPage":{"@id":"https:\/\/www.africa-press.net\/gabon\/toutes-les-actualites\/laffaire-du-detenu-victime-torture-par-deux-penitenciers-a-la-prison-centrale-de-libreville"},"wordCount":3029,"commentCount":0,"image":{"@id":"https:\/\/www.africa-press.net\/gabon\/toutes-les-actualites\/laffaire-du-detenu-victime-torture-par-deux-penitenciers-a-la-prison-centrale-de-libreville#primaryimage"},"thumbnailUrl":"https:\/\/static.africa-press.net\/gabon\/sites\/54\/2022\/11\/postQueueImg_1669818969.29.jpg","keywords":["Africa Press","Africa Press-Gabon","Gabon"],"articleSection":["Communaut\u00e9","Toutes les actualit\u00e9s"],"inLanguage":"fr-FR","potentialAction":[{"@type":"CommentAction","name":"Comment","target":["https:\/\/www.africa-press.net\/gabon\/toutes-les-actualites\/laffaire-du-detenu-victime-torture-par-deux-penitenciers-a-la-prison-centrale-de-libreville#respond"]}]},{"@type":"WebPage","@id":"https:\/\/www.africa-press.net\/gabon\/toutes-les-actualites\/laffaire-du-detenu-victime-torture-par-deux-penitenciers-a-la-prison-centrale-de-libreville","url":"https:\/\/www.africa-press.net\/gabon\/toutes-les-actualites\/laffaire-du-detenu-victime-torture-par-deux-penitenciers-a-la-prison-centrale-de-libreville","name":"L\u2019Affaire du d\u00e9tenu victime tortur\u00e9\u00a0 par deux p\u00e9nitenciers \u00e0 la prison centrale de Libreville - Gabon","isPartOf":{"@id":"https:\/\/www.africa-press.net\/gabon\/#website"},"primaryImageOfPage":{"@id":"https:\/\/www.africa-press.net\/gabon\/toutes-les-actualites\/laffaire-du-detenu-victime-torture-par-deux-penitenciers-a-la-prison-centrale-de-libreville#primaryimage"},"image":{"@id":"https:\/\/www.africa-press.net\/gabon\/toutes-les-actualites\/laffaire-du-detenu-victime-torture-par-deux-penitenciers-a-la-prison-centrale-de-libreville#primaryimage"},"thumbnailUrl":"https:\/\/static.africa-press.net\/gabon\/sites\/54\/2022\/11\/postQueueImg_1669818969.29.jpg","datePublished":"2022-11-30T18:05:58+00:00","dateModified":"2022-11-30T19:20:23+00:00","author":{"@id":"https:\/\/www.africa-press.net\/gabon\/#\/schema\/person\/2b1cf3cd81a31e3cd26889ca66d677f1"},"description":"SOS Prisonnier Gabon, livre l\u2019e\u0301conomie du compte rendu proce\u0300s \u00ab sans doute historique et ine\u0301dit \u00bb d\u2019un de\u0301tenu vic ...","breadcrumb":{"@id":"https:\/\/www.africa-press.net\/gabon\/toutes-les-actualites\/laffaire-du-detenu-victime-torture-par-deux-penitenciers-a-la-prison-centrale-de-libreville#breadcrumb"},"inLanguage":"fr-FR","potentialAction":[{"@type":"ReadAction","target":["https:\/\/www.africa-press.net\/gabon\/toutes-les-actualites\/laffaire-du-detenu-victime-torture-par-deux-penitenciers-a-la-prison-centrale-de-libreville"]}]},{"@type":"ImageObject","inLanguage":"fr-FR","@id":"https:\/\/www.africa-press.net\/gabon\/toutes-les-actualites\/laffaire-du-detenu-victime-torture-par-deux-penitenciers-a-la-prison-centrale-de-libreville#primaryimage","url":"https:\/\/static.africa-press.net\/gabon\/sites\/54\/2022\/11\/postQueueImg_1669818969.29.jpg","contentUrl":"https:\/\/static.africa-press.net\/gabon\/sites\/54\/2022\/11\/postQueueImg_1669818969.29.jpg","width":905,"height":613,"caption":"L\u2019Affaire du d\u00e9tenu victime tortur\u00e9\u00a0 par deux p\u00e9nitenciers \u00e0 la prison centrale de Libreville"},{"@type":"BreadcrumbList","@id":"https:\/\/www.africa-press.net\/gabon\/toutes-les-actualites\/laffaire-du-detenu-victime-torture-par-deux-penitenciers-a-la-prison-centrale-de-libreville#breadcrumb","itemListElement":[{"@type":"ListItem","position":1,"name":"Accueil","item":"https:\/\/www.africa-press.net\/gabon\/"},{"@type":"ListItem","position":2,"name":"L\u2019Affaire du d\u00e9tenu victime tortur\u00e9\u00a0 par deux p\u00e9nitenciers \u00e0 la prison centrale de Libreville"}]},{"@type":"WebSite","@id":"https:\/\/www.africa-press.net\/gabon\/#website","url":"https:\/\/www.africa-press.net\/gabon\/","name":"Gabon","description":"Just another Africa News Agency Sites site","potentialAction":[{"@type":"SearchAction","target":{"@type":"EntryPoint","urlTemplate":"https:\/\/www.africa-press.net\/gabon\/?s={search_term_string}"},"query-input":{"@type":"PropertyValueSpecification","valueRequired":true,"valueName":"search_term_string"}}],"inLanguage":"fr-FR"},{"@type":"Person","@id":"https:\/\/www.africa-press.net\/gabon\/#\/schema\/person\/2b1cf3cd81a31e3cd26889ca66d677f1","name":"cfeditorfr"}]}},"_links":{"self":[{"href":"https:\/\/www.africa-press.net\/gabon\/wp-json\/wp\/v2\/posts\/13374","targetHints":{"allow":["GET"]}}],"collection":[{"href":"https:\/\/www.africa-press.net\/gabon\/wp-json\/wp\/v2\/posts"}],"about":[{"href":"https:\/\/www.africa-press.net\/gabon\/wp-json\/wp\/v2\/types\/post"}],"author":[{"embeddable":true,"href":"https:\/\/www.africa-press.net\/gabon\/wp-json\/wp\/v2\/users\/82"}],"replies":[{"embeddable":true,"href":"https:\/\/www.africa-press.net\/gabon\/wp-json\/wp\/v2\/comments?post=13374"}],"version-history":[{"count":0,"href":"https:\/\/www.africa-press.net\/gabon\/wp-json\/wp\/v2\/posts\/13374\/revisions"}],"wp:featuredmedia":[{"embeddable":true,"href":"https:\/\/www.africa-press.net\/gabon\/wp-json\/wp\/v2\/media\/13373"}],"wp:attachment":[{"href":"https:\/\/www.africa-press.net\/gabon\/wp-json\/wp\/v2\/media?parent=13374"}],"wp:term":[{"taxonomy":"category","embeddable":true,"href":"https:\/\/www.africa-press.net\/gabon\/wp-json\/wp\/v2\/categories?post=13374"},{"taxonomy":"post_tag","embeddable":true,"href":"https:\/\/www.africa-press.net\/gabon\/wp-json\/wp\/v2\/tags?post=13374"}],"curies":[{"name":"wp","href":"https:\/\/api.w.org\/{rel}","templated":true}]}}